{"id":2758,"date":"2026-01-22T15:22:36","date_gmt":"2026-01-22T14:22:36","guid":{"rendered":"https:\/\/blogdiario.info\/magazine\/?p=2758"},"modified":"2026-01-22T15:22:38","modified_gmt":"2026-01-22T14:22:38","slug":"leurope-se-scie-elle-meme","status":"publish","type":"post","link":"https:\/\/blogdiario.info\/magazine\/2026\/01\/22\/leurope-se-scie-elle-meme\/","title":{"rendered":"L\u2019Europe se scie elle-m\u00eame"},"content":{"rendered":"\n<figure class=\"wp-block-image size-full\"><img loading=\"lazy\" decoding=\"async\" width=\"800\" height=\"533\" src=\"https:\/\/blogdiario.info\/magazine\/images\/2026\/01\/577.jpg\" alt=\"\" class=\"wp-image-2753\" srcset=\"https:\/\/blogdiario.info\/magazine\/images\/2026\/01\/577.jpg 800w, https:\/\/blogdiario.info\/magazine\/images\/2026\/01\/577-300x200.jpg 300w, https:\/\/blogdiario.info\/magazine\/images\/2026\/01\/577-768x512.jpg 768w\" sizes=\"auto, (max-width: 800px) 100vw, 800px\" \/><\/figure>\n\n\n\n<p>Le Parlement europ\u00e9en a encore fait ce qu\u2019il fait le mieux face \u00e0 une d\u00e9cision strat\u00e9gique : renvoyer le dossier \u00e0 Luxembourg et se laver les mains. Apr\u00e8s un quart de si\u00e8cle de n\u00e9gociations, de sommets et de sourires diplomatiques, l\u2019accord UE\u2013Mercosur a \u00e9t\u00e9 exp\u00e9di\u00e9 \u00e0 la Cour comme un probl\u00e8me mis sous scell\u00e9s.<\/p>\n\n\n\n<p>Ursula von der Leyen venait de signer le texte avec enthousiasme protocolaire, mais l\u2019h\u00e9micycle a d\u00e9cid\u00e9 que les petits caract\u00e8res comptent davantage quand les tracteurs sont dans la rue. Dix voix ont suffi pour geler le processus et infliger une gifle publique \u00e0 la Commission.<\/p>\n\n\n\n<p>\u00c0 Strasbourg, pas de silence solennel mais des klaxons. Les agriculteurs ont c\u00e9l\u00e9br\u00e9 comme une victoire historique, rappelant qu\u2019en Europe le veto rural reste plus rapide que n\u2019importe quel trait\u00e9 commercial. La souverainet\u00e9 alimentaire, concept extensible, a encore servi de paravent au protectionnisme classique.<\/p>\n\n\n\n<p>Bruxelles appelait \u00e0 l\u2019unit\u00e9 face aux menaces ext\u00e9rieures \u2014 comprendre Washington \u2014 mais le Parlement a choisi la fragmentation interne. Mieux vaut diviser l\u2019Europe que d\u00e9fendre un accord impopulaire en p\u00e9riode \u00e9lectorale.<\/p>\n\n\n\n<p>Le vote n\u2019a pas suivi des lignes id\u00e9ologiques mais des peurs nationales bien identifi\u00e9es. La France, la Pologne, la Roumanie et la Gr\u00e8ce ont frein\u00e9 ; l\u2019Allemagne, l\u2019Espagne et l\u2019Italie ont h\u00e9sit\u00e9. Les grands groupes politiques se sont fissur\u00e9s, confirmant que la discipline europ\u00e9enne est surtout rh\u00e9torique.<\/p>\n\n\n\n<p>La gauche et les souverainistes, adversaires sur presque tout, se sont retrouv\u00e9s autour du Mercosur. Non par solidarit\u00e9 internationale, mais par opportunisme \u00e9lectoral. L\u2019internationalisme c\u00e8de vite face au vote rural.<\/p>\n\n\n\n<p>Le d\u00e9bat se r\u00e9fugie d\u00e9sormais derri\u00e8re des subtilit\u00e9s juridiques. L\u2019application provisoire est brandie comme une issue de secours. En r\u00e9alit\u00e9, c\u2019est l\u2019aveu d\u2019une Europe incapable de d\u00e9cider sans ajournement.<\/p>\n\n\n\n<p>Pendant ce temps, l\u2019Am\u00e9rique latine observe avec patience. Le message est limpide : l\u2019UE signe, promet, puis doute. Et quand elle doute, elle judiciarise.<\/p>\n\n\n\n<p>L\u2019accord UE\u2013Mercosur reste donc suspendu dans le purgatoire europ\u00e9en. Ni mort, ni vivant. Simplement class\u00e9.<\/p>\n\n\n\n<p>\u270d\ufe0f \u00a9 2026 Le Cartographe du d\u00e9sordre\u2014 All rights reserved<\/p>\n\n\n\n<p><\/p>\n\n\n<hr style=\"border: none; height: 1px; background-color: #ccc; margin: 2em 0;\" \/>\n<p><small>\u00a9 2025 SalaStampa.eu, world press service &#8211; All Rights Reserved &#8211;\u00a0 Guzzo Photos &amp; Graphic\u00a0 Publications \u2013 Registro Editori e Stampatori n. 1441 Turin, Italy<\/small><\/p>\n\n\n<p><\/p>\n","protected":false},"excerpt":{"rendered":"<p>Le Parlement europ\u00e9en g\u00e8le l\u2019accord UE\u2013Mercosur, l\u2019envoie \u00e0 la Cour de justice et transforme 25 ans de n\u00e9gociations en proc\u00e9dure judiciaire parfum\u00e9e \u00e0 la peur rurale et \u00e0 la paralysie politique.<\/p>\n","protected":false},"author":1,"featured_media":2753,"comment_status":"closed","ping_status":"closed","sticky":false,"template":"","format":"standard","meta":{"footnotes":"","_links_to":"","_links_to_target":""},"categories":[97,109,65,181,46,29],"tags":[180],"class_list":["post-2758","post","type-post","status-publish","format-standard","has-post-thumbnail","hentry","category-elcanillita","category-dc24","category-actualite","category-amerique-du-sud","category-europa","category-politique","tag-argentine","entry","rows"],"yoast_head":"<!-- This site is optimized with the Yoast SEO plugin v27.4 - https:\/\/yoast.com\/product\/yoast-seo-wordpress\/ -->\n<title>L\u2019Europe se scie elle-m\u00eame - BlogDiario Magazine<\/title>\n<meta name=\"robots\" content=\"index, follow, max-snippet:-1, max-image-preview:large, max-video-preview:-1\" \/>\n<link rel=\"canonical\" href=\"https:\/\/blogdiario.info\/magazine\/2026\/01\/22\/leurope-se-scie-elle-meme\/\" \/>\n<meta property=\"og:locale\" content=\"es_ES\" \/>\n<meta property=\"og:type\" content=\"article\" \/>\n<meta property=\"og:title\" content=\"L\u2019Europe se scie elle-m\u00eame - BlogDiario Magazine\" \/>\n<meta property=\"og:description\" content=\"Le Parlement europ\u00e9en g\u00e8le l\u2019accord UE\u2013Mercosur, l\u2019envoie \u00e0 la Cour de justice et transforme 25 ans de n\u00e9gociations en proc\u00e9dure judiciaire parfum\u00e9e \u00e0 la peur rurale et \u00e0 la paralysie politique.\" \/>\n<meta property=\"og:url\" content=\"https:\/\/blogdiario.info\/magazine\/2026\/01\/22\/leurope-se-scie-elle-meme\/\" \/>\n<meta property=\"og:site_name\" content=\"BlogDiario Magazine\" \/>\n<meta property=\"article:published_time\" content=\"2026-01-22T14:22:36+00:00\" \/>\n<meta property=\"article:modified_time\" content=\"2026-01-22T14:22:38+00:00\" \/>\n<meta property=\"og:image\" content=\"https:\/\/blogdiario.info\/magazine\/images\/2026\/01\/577.jpg\" \/>\n\t<meta property=\"og:image:width\" content=\"800\" \/>\n\t<meta property=\"og:image:height\" content=\"533\" \/>\n\t<meta property=\"og:image:type\" content=\"image\/jpeg\" \/>\n<meta name=\"author\" content=\"World Press Service | Servicio de Prensa Mundial\" \/>\n<meta name=\"twitter:card\" content=\"summary_large_image\" \/>\n<meta name=\"twitter:label1\" content=\"Escrito por\" \/>\n\t<meta name=\"twitter:data1\" content=\"World Press Service | Servicio de Prensa Mundial\" \/>\n\t<meta name=\"twitter:label2\" content=\"Tiempo de lectura\" \/>\n\t<meta name=\"twitter:data2\" content=\"2 minutos\" \/>\n<script type=\"application\/ld+json\" class=\"yoast-schema-graph\">{\"@context\":\"https:\\\/\\\/schema.org\",\"@graph\":[{\"@type\":\"Article\",\"@id\":\"https:\\\/\\\/blogdiario.info\\\/magazine\\\/2026\\\/01\\\/22\\\/leurope-se-scie-elle-meme\\\/#article\",\"isPartOf\":{\"@id\":\"https:\\\/\\\/blogdiario.info\\\/magazine\\\/2026\\\/01\\\/22\\\/leurope-se-scie-elle-meme\\\/\"},\"author\":{\"name\":\"World Press Service | Servicio de Prensa Mundial\",\"@id\":\"https:\\\/\\\/blogdiario.info\\\/magazine\\\/#\\\/schema\\\/person\\\/b2422fe85574d945bad55513bb0c7354\"},\"headline\":\"L\u2019Europe se scie elle-m\u00eame\",\"datePublished\":\"2026-01-22T14:22:36+00:00\",\"dateModified\":\"2026-01-22T14:22:38+00:00\",\"mainEntityOfPage\":{\"@id\":\"https:\\\/\\\/blogdiario.info\\\/magazine\\\/2026\\\/01\\\/22\\\/leurope-se-scie-elle-meme\\\/\"},\"wordCount\":401,\"publisher\":{\"@id\":\"https:\\\/\\\/blogdiario.info\\\/magazine\\\/#organization\"},\"image\":{\"@id\":\"https:\\\/\\\/blogdiario.info\\\/magazine\\\/2026\\\/01\\\/22\\\/leurope-se-scie-elle-meme\\\/#primaryimage\"},\"thumbnailUrl\":\"https:\\\/\\\/blogdiario.info\\\/magazine\\\/images\\\/2026\\\/01\\\/577.jpg\",\"keywords\":[\"Argentine\"],\"articleSection\":[\".\",\".\",\"Actualit\u00e9\",\"Am\u00e9rique du Sud\",\"Europa\",\"Politique\"],\"inLanguage\":\"es-AR\"},{\"@type\":\"WebPage\",\"@id\":\"https:\\\/\\\/blogdiario.info\\\/magazine\\\/2026\\\/01\\\/22\\\/leurope-se-scie-elle-meme\\\/\",\"url\":\"https:\\\/\\\/blogdiario.info\\\/magazine\\\/2026\\\/01\\\/22\\\/leurope-se-scie-elle-meme\\\/\",\"name\":\"L\u2019Europe se scie elle-m\u00eame - BlogDiario Magazine\",\"isPartOf\":{\"@id\":\"https:\\\/\\\/blogdiario.info\\\/magazine\\\/#website\"},\"primaryImageOfPage\":{\"@id\":\"https:\\\/\\\/blogdiario.info\\\/magazine\\\/2026\\\/01\\\/22\\\/leurope-se-scie-elle-meme\\\/#primaryimage\"},\"image\":{\"@id\":\"https:\\\/\\\/blogdiario.info\\\/magazine\\\/2026\\\/01\\\/22\\\/leurope-se-scie-elle-meme\\\/#primaryimage\"},\"thumbnailUrl\":\"https:\\\/\\\/blogdiario.info\\\/magazine\\\/images\\\/2026\\\/01\\\/577.jpg\",\"datePublished\":\"2026-01-22T14:22:36+00:00\",\"dateModified\":\"2026-01-22T14:22:38+00:00\",\"breadcrumb\":{\"@id\":\"https:\\\/\\\/blogdiario.info\\\/magazine\\\/2026\\\/01\\\/22\\\/leurope-se-scie-elle-meme\\\/#breadcrumb\"},\"inLanguage\":\"es-AR\",\"potentialAction\":[{\"@type\":\"ReadAction\",\"target\":[\"https:\\\/\\\/blogdiario.info\\\/magazine\\\/2026\\\/01\\\/22\\\/leurope-se-scie-elle-meme\\\/\"]}]},{\"@type\":\"ImageObject\",\"inLanguage\":\"es-AR\",\"@id\":\"https:\\\/\\\/blogdiario.info\\\/magazine\\\/2026\\\/01\\\/22\\\/leurope-se-scie-elle-meme\\\/#primaryimage\",\"url\":\"https:\\\/\\\/blogdiario.info\\\/magazine\\\/images\\\/2026\\\/01\\\/577.jpg\",\"contentUrl\":\"https:\\\/\\\/blogdiario.info\\\/magazine\\\/images\\\/2026\\\/01\\\/577.jpg\",\"width\":800,\"height\":533},{\"@type\":\"BreadcrumbList\",\"@id\":\"https:\\\/\\\/blogdiario.info\\\/magazine\\\/2026\\\/01\\\/22\\\/leurope-se-scie-elle-meme\\\/#breadcrumb\",\"itemListElement\":[{\"@type\":\"ListItem\",\"position\":1,\"name\":\"Home\",\"item\":\"https:\\\/\\\/blogdiario.info\\\/magazine\\\/\"},{\"@type\":\"ListItem\",\"position\":2,\"name\":\"L\u2019Europe se scie elle-m\u00eame\"}]},{\"@type\":\"WebSite\",\"@id\":\"https:\\\/\\\/blogdiario.info\\\/magazine\\\/#website\",\"url\":\"https:\\\/\\\/blogdiario.info\\\/magazine\\\/\",\"name\":\"BlogDiario Magazine\",\"description\":\"Suplemento multiling\u00fce de ElCanillita.Info\",\"publisher\":{\"@id\":\"https:\\\/\\\/blogdiario.info\\\/magazine\\\/#organization\"},\"potentialAction\":[{\"@type\":\"SearchAction\",\"target\":{\"@type\":\"EntryPoint\",\"urlTemplate\":\"https:\\\/\\\/blogdiario.info\\\/magazine\\\/?s={search_term_string}\"},\"query-input\":{\"@type\":\"PropertyValueSpecification\",\"valueRequired\":true,\"valueName\":\"search_term_string\"}}],\"inLanguage\":\"es-AR\"},{\"@type\":\"Organization\",\"@id\":\"https:\\\/\\\/blogdiario.info\\\/magazine\\\/#organization\",\"name\":\"Guzzo Photos & Graphic Publications\",\"url\":\"https:\\\/\\\/blogdiario.info\\\/magazine\\\/\",\"logo\":{\"@type\":\"ImageObject\",\"inLanguage\":\"es-AR\",\"@id\":\"https:\\\/\\\/blogdiario.info\\\/magazine\\\/#\\\/schema\\\/logo\\\/image\\\/\",\"url\":\"https:\\\/\\\/blogdiario.info\\\/magazine\\\/images\\\/2020\\\/01\\\/cropped-blogdia_magazine.jpg\",\"contentUrl\":\"https:\\\/\\\/blogdiario.info\\\/magazine\\\/images\\\/2020\\\/01\\\/cropped-blogdia_magazine.jpg\",\"width\":589,\"height\":55,\"caption\":\"Guzzo Photos & Graphic Publications\"},\"image\":{\"@id\":\"https:\\\/\\\/blogdiario.info\\\/magazine\\\/#\\\/schema\\\/logo\\\/image\\\/\"}},{\"@type\":\"Person\",\"@id\":\"https:\\\/\\\/blogdiario.info\\\/magazine\\\/#\\\/schema\\\/person\\\/b2422fe85574d945bad55513bb0c7354\",\"name\":\"World Press Service | Servicio de Prensa Mundial\"}]}<\/script>\n<!-- \/ Yoast SEO plugin. -->","yoast_head_json":{"title":"L\u2019Europe se scie elle-m\u00eame - BlogDiario Magazine","robots":{"index":"index","follow":"follow","max-snippet":"max-snippet:-1","max-image-preview":"max-image-preview:large","max-video-preview":"max-video-preview:-1"},"canonical":"https:\/\/blogdiario.info\/magazine\/2026\/01\/22\/leurope-se-scie-elle-meme\/","og_locale":"es_ES","og_type":"article","og_title":"L\u2019Europe se scie elle-m\u00eame - BlogDiario Magazine","og_description":"Le Parlement europ\u00e9en g\u00e8le l\u2019accord UE\u2013Mercosur, l\u2019envoie \u00e0 la Cour de justice et transforme 25 ans de n\u00e9gociations en proc\u00e9dure judiciaire parfum\u00e9e \u00e0 la peur rurale et \u00e0 la paralysie politique.","og_url":"https:\/\/blogdiario.info\/magazine\/2026\/01\/22\/leurope-se-scie-elle-meme\/","og_site_name":"BlogDiario Magazine","article_published_time":"2026-01-22T14:22:36+00:00","article_modified_time":"2026-01-22T14:22:38+00:00","og_image":[{"width":800,"height":533,"url":"https:\/\/blogdiario.info\/magazine\/images\/2026\/01\/577.jpg","type":"image\/jpeg"}],"author":"World Press Service | Servicio de Prensa Mundial","twitter_card":"summary_large_image","twitter_misc":{"Escrito por":"World Press Service | Servicio de Prensa Mundial","Tiempo de lectura":"2 minutos"},"schema":{"@context":"https:\/\/schema.org","@graph":[{"@type":"Article","@id":"https:\/\/blogdiario.info\/magazine\/2026\/01\/22\/leurope-se-scie-elle-meme\/#article","isPartOf":{"@id":"https:\/\/blogdiario.info\/magazine\/2026\/01\/22\/leurope-se-scie-elle-meme\/"},"author":{"name":"World Press Service | Servicio de Prensa Mundial","@id":"https:\/\/blogdiario.info\/magazine\/#\/schema\/person\/b2422fe85574d945bad55513bb0c7354"},"headline":"L\u2019Europe se scie elle-m\u00eame","datePublished":"2026-01-22T14:22:36+00:00","dateModified":"2026-01-22T14:22:38+00:00","mainEntityOfPage":{"@id":"https:\/\/blogdiario.info\/magazine\/2026\/01\/22\/leurope-se-scie-elle-meme\/"},"wordCount":401,"publisher":{"@id":"https:\/\/blogdiario.info\/magazine\/#organization"},"image":{"@id":"https:\/\/blogdiario.info\/magazine\/2026\/01\/22\/leurope-se-scie-elle-meme\/#primaryimage"},"thumbnailUrl":"https:\/\/blogdiario.info\/magazine\/images\/2026\/01\/577.jpg","keywords":["Argentine"],"articleSection":[".",".","Actualit\u00e9","Am\u00e9rique du Sud","Europa","Politique"],"inLanguage":"es-AR"},{"@type":"WebPage","@id":"https:\/\/blogdiario.info\/magazine\/2026\/01\/22\/leurope-se-scie-elle-meme\/","url":"https:\/\/blogdiario.info\/magazine\/2026\/01\/22\/leurope-se-scie-elle-meme\/","name":"L\u2019Europe se scie elle-m\u00eame - BlogDiario Magazine","isPartOf":{"@id":"https:\/\/blogdiario.info\/magazine\/#website"},"primaryImageOfPage":{"@id":"https:\/\/blogdiario.info\/magazine\/2026\/01\/22\/leurope-se-scie-elle-meme\/#primaryimage"},"image":{"@id":"https:\/\/blogdiario.info\/magazine\/2026\/01\/22\/leurope-se-scie-elle-meme\/#primaryimage"},"thumbnailUrl":"https:\/\/blogdiario.info\/magazine\/images\/2026\/01\/577.jpg","datePublished":"2026-01-22T14:22:36+00:00","dateModified":"2026-01-22T14:22:38+00:00","breadcrumb":{"@id":"https:\/\/blogdiario.info\/magazine\/2026\/01\/22\/leurope-se-scie-elle-meme\/#breadcrumb"},"inLanguage":"es-AR","potentialAction":[{"@type":"ReadAction","target":["https:\/\/blogdiario.info\/magazine\/2026\/01\/22\/leurope-se-scie-elle-meme\/"]}]},{"@type":"ImageObject","inLanguage":"es-AR","@id":"https:\/\/blogdiario.info\/magazine\/2026\/01\/22\/leurope-se-scie-elle-meme\/#primaryimage","url":"https:\/\/blogdiario.info\/magazine\/images\/2026\/01\/577.jpg","contentUrl":"https:\/\/blogdiario.info\/magazine\/images\/2026\/01\/577.jpg","width":800,"height":533},{"@type":"BreadcrumbList","@id":"https:\/\/blogdiario.info\/magazine\/2026\/01\/22\/leurope-se-scie-elle-meme\/#breadcrumb","itemListElement":[{"@type":"ListItem","position":1,"name":"Home","item":"https:\/\/blogdiario.info\/magazine\/"},{"@type":"ListItem","position":2,"name":"L\u2019Europe se scie elle-m\u00eame"}]},{"@type":"WebSite","@id":"https:\/\/blogdiario.info\/magazine\/#website","url":"https:\/\/blogdiario.info\/magazine\/","name":"BlogDiario Magazine","description":"Suplemento multiling\u00fce de ElCanillita.Info","publisher":{"@id":"https:\/\/blogdiario.info\/magazine\/#organization"},"potentialAction":[{"@type":"SearchAction","target":{"@type":"EntryPoint","urlTemplate":"https:\/\/blogdiario.info\/magazine\/?s={search_term_string}"},"query-input":{"@type":"PropertyValueSpecification","valueRequired":true,"valueName":"search_term_string"}}],"inLanguage":"es-AR"},{"@type":"Organization","@id":"https:\/\/blogdiario.info\/magazine\/#organization","name":"Guzzo Photos & Graphic Publications","url":"https:\/\/blogdiario.info\/magazine\/","logo":{"@type":"ImageObject","inLanguage":"es-AR","@id":"https:\/\/blogdiario.info\/magazine\/#\/schema\/logo\/image\/","url":"https:\/\/blogdiario.info\/magazine\/images\/2020\/01\/cropped-blogdia_magazine.jpg","contentUrl":"https:\/\/blogdiario.info\/magazine\/images\/2020\/01\/cropped-blogdia_magazine.jpg","width":589,"height":55,"caption":"Guzzo Photos & Graphic Publications"},"image":{"@id":"https:\/\/blogdiario.info\/magazine\/#\/schema\/logo\/image\/"}},{"@type":"Person","@id":"https:\/\/blogdiario.info\/magazine\/#\/schema\/person\/b2422fe85574d945bad55513bb0c7354","name":"World Press Service | Servicio de Prensa Mundial"}]}},"views":124,"_links":{"self":[{"href":"https:\/\/blogdiario.info\/magazine\/wp-json\/wp\/v2\/posts\/2758","targetHints":{"allow":["GET"]}}],"collection":[{"href":"https:\/\/blogdiario.info\/magazine\/wp-json\/wp\/v2\/posts"}],"about":[{"href":"https:\/\/blogdiario.info\/magazine\/wp-json\/wp\/v2\/types\/post"}],"author":[{"embeddable":true,"href":"https:\/\/blogdiario.info\/magazine\/wp-json\/wp\/v2\/users\/1"}],"replies":[{"embeddable":true,"href":"https:\/\/blogdiario.info\/magazine\/wp-json\/wp\/v2\/comments?post=2758"}],"version-history":[{"count":0,"href":"https:\/\/blogdiario.info\/magazine\/wp-json\/wp\/v2\/posts\/2758\/revisions"}],"wp:featuredmedia":[{"embeddable":true,"href":"https:\/\/blogdiario.info\/magazine\/wp-json\/wp\/v2\/media\/2753"}],"wp:attachment":[{"href":"https:\/\/blogdiario.info\/magazine\/wp-json\/wp\/v2\/media?parent=2758"}],"wp:term":[{"taxonomy":"category","embeddable":true,"href":"https:\/\/blogdiario.info\/magazine\/wp-json\/wp\/v2\/categories?post=2758"},{"taxonomy":"post_tag","embeddable":true,"href":"https:\/\/blogdiario.info\/magazine\/wp-json\/wp\/v2\/tags?post=2758"}],"curies":[{"name":"wp","href":"https:\/\/api.w.org\/{rel}","templated":true}]}}