{"id":2750,"date":"2026-01-22T12:16:03","date_gmt":"2026-01-22T11:16:03","guid":{"rendered":"https:\/\/blogdiario.info\/magazine\/?p=2750"},"modified":"2026-01-22T12:17:01","modified_gmt":"2026-01-22T11:17:01","slug":"europa-se-serrucha-sola","status":"publish","type":"post","link":"https:\/\/blogdiario.info\/magazine\/2026\/01\/22\/europa-se-serrucha-sola\/","title":{"rendered":"Europa se serrucha sola"},"content":{"rendered":"\n<figure class=\"wp-block-image size-full is-style-default\"><img loading=\"lazy\" decoding=\"async\" width=\"800\" height=\"533\" src=\"https:\/\/blogdiario.info\/magazine\/images\/2026\/01\/577.jpg\" alt=\"\" class=\"wp-image-2753\" srcset=\"https:\/\/blogdiario.info\/magazine\/images\/2026\/01\/577.jpg 800w, https:\/\/blogdiario.info\/magazine\/images\/2026\/01\/577-300x200.jpg 300w, https:\/\/blogdiario.info\/magazine\/images\/2026\/01\/577-768x512.jpg 768w\" sizes=\"auto, (max-width: 800px) 100vw, 800px\" \/><\/figure>\n\n\n\n<p>El Parlamento Europeo volvi\u00f3 a hacer lo que mejor sabe hacer cuando se trata de decisiones estrat\u00e9gicas: patear la pelota a Luxemburgo y esconder la mano. El acuerdo UE-Mercosur, despu\u00e9s de un cuarto de siglo de vueltas, idas, cumbres y sonrisas diplom\u00e1ticas, fue enviado al Tribunal de Justicia como quien manda un problema a dep\u00f3sito judicial para no hacerse cargo.<\/p>\n\n\n\n<p>Ursula von der Leyen hab\u00eda firmado el texto con entusiasmo protocolar apenas d\u00edas antes, pero el hemiciclo decidi\u00f3 que la letra chica importa m\u00e1s cuando la presi\u00f3n viene en tractor. Diez votos alcanzaron para congelar el proceso y regalarle a la Comisi\u00f3n Europea una bofetada institucional en p\u00fablico.<\/p>\n\n\n\n<p>En Estrasburgo no hubo silencio solemne sino bocinazos. Miles de agricultores celebraron la votaci\u00f3n como una final ganada, confirmando que en la Uni\u00f3n Europea el veto rural sigue siendo m\u00e1s r\u00e1pido que cualquier tratado comercial. La soberan\u00eda alimentaria, concepto flexible, volvi\u00f3 a servir de escudo para el proteccionismo de siempre.<\/p>\n\n\n\n<p>Bruselas ped\u00eda unidad frente a las amenazas externas \u2014l\u00e9ase Washington\u2014, pero el Parlamento opt\u00f3 por la fragmentaci\u00f3n interna. La consigna fue clara: mejor dividir Europa que explicar un acuerdo impopular en campa\u00f1a. El resultado es una UE que negocia como potencia global y ratifica como asamblea de vecinos.<\/p>\n\n\n\n<p>La votaci\u00f3n no respondi\u00f3 a ideolog\u00edas coherentes sino a miedos nacionales bien localizados. Francia, Polonia, Ruman\u00eda y Grecia empujaron el freno; Alemania, Espa\u00f1a e Italia miraron el reloj. Los grandes grupos pol\u00edticos se astillaron como vidrio barato, confirmando que la disciplina europea es un mito \u00fatil solo en los comunicados.<\/p>\n\n\n\n<p>La izquierda y los soberanistas, enemigos en casi todo, descubrieron que el Mercosur es un excelente punto de encuentro. No por amor al campesino latinoamericano, sino por conveniencia electoral dom\u00e9stica. El internacionalismo muere r\u00e1pido cuando compite con el voto rural.<\/p>\n\n\n\n<p>Ahora la discusi\u00f3n se disfraza de tecnicismo jur\u00eddico. La aplicaci\u00f3n provisional del acuerdo aparece como la salida de emergencia que nadie quiere asumir en voz alta. Para unos es pragmatismo; para otros, un atropello institucional. En realidad, es la confesi\u00f3n de que Europa no sabe decidir sin pedir una pr\u00f3rroga.<\/p>\n\n\n\n<p>Mientras tanto, Am\u00e9rica Latina observa el espect\u00e1culo con la paciencia de quien ya vio esta pel\u00edcula. El mensaje es n\u00edtido: la UE firma, promete y luego duda. Y cuando duda, judicializa. No es comercio exterior; es terapia institucional.<\/p>\n\n\n\n<p>As\u00ed, el acuerdo UE-Mercosur queda suspendido en el limbo europeo: ni muerto ni vivo, apenas archivado. Un monumento m\u00e1s a la incapacidad pol\u00edtica de un bloque que se proclama global, pero se gobierna con miedo local.<\/p>\n\n\n\n<p>\u270d\ufe0f \u00a9\ufe0f2026&nbsp; Cronista del Viejo Mapa &#8211; All Rights Reserved<\/p>\n\n\n\n<p><\/p>\n\n\n<hr style=\"border: none; height: 1px; background-color: #ccc; margin: 2em 0;\" \/>\n<p><small>\u00a9 2025 SalaStampa.eu, world press service &#8211; All Rights Reserved &#8211;\u00a0 Guzzo Photos &amp; Graphic\u00a0 Publications \u2013 Registro Editori e Stampatori n. 1441 Turin, Italy<\/small><\/p>\n\n\n<p><\/p>\n\n\n\n<p><\/p>\n","protected":false},"excerpt":{"rendered":"<p>El Parlamento Europeo congela el acuerdo UE-Mercosur, env\u00eda el texto al Tribunal de Justicia y convierte 25 a\u00f1os de negociaci\u00f3n en un tr\u00e1mite judicial con aroma a miedo rural y par\u00e1lisis pol\u00edtica.<\/p>\n","protected":false},"author":1,"featured_media":2753,"comment_status":"closed","ping_status":"closed","sticky":false,"template":"","format":"standard","meta":{"footnotes":"","_links_to":"","_links_to_target":""},"categories":[97,109,62,51,163,38,46,134],"tags":[],"class_list":["post-2750","post","type-post","status-publish","format-standard","has-post-thumbnail","hentry","category-elcanillita","category-dc24","category-actualidad","category-america-del-sud","category-comercio","category-economia-esp","category-europa","category-politicas-globales","entry","rows"],"yoast_head":"<!-- This site is optimized with the Yoast SEO plugin v27.4 - https:\/\/yoast.com\/product\/yoast-seo-wordpress\/ -->\n<title>Europa se serrucha sola - BlogDiario Magazine<\/title>\n<meta name=\"robots\" content=\"index, follow, max-snippet:-1, max-image-preview:large, max-video-preview:-1\" \/>\n<link rel=\"canonical\" href=\"https:\/\/blogdiario.info\/magazine\/2026\/01\/22\/europa-se-serrucha-sola\/\" \/>\n<meta property=\"og:locale\" content=\"es_ES\" \/>\n<meta property=\"og:type\" content=\"article\" \/>\n<meta property=\"og:title\" content=\"Europa se serrucha sola - BlogDiario Magazine\" \/>\n<meta property=\"og:description\" content=\"El Parlamento Europeo congela el acuerdo UE-Mercosur, env\u00eda el texto al Tribunal de Justicia y convierte 25 a\u00f1os de negociaci\u00f3n en un tr\u00e1mite judicial con aroma a miedo rural y par\u00e1lisis pol\u00edtica.\" \/>\n<meta property=\"og:url\" content=\"https:\/\/blogdiario.info\/magazine\/2026\/01\/22\/europa-se-serrucha-sola\/\" \/>\n<meta property=\"og:site_name\" content=\"BlogDiario Magazine\" \/>\n<meta property=\"article:published_time\" content=\"2026-01-22T11:16:03+00:00\" \/>\n<meta property=\"article:modified_time\" content=\"2026-01-22T11:17:01+00:00\" \/>\n<meta property=\"og:image\" content=\"https:\/\/blogdiario.info\/magazine\/images\/2026\/01\/577.jpg\" \/>\n\t<meta property=\"og:image:width\" content=\"800\" \/>\n\t<meta property=\"og:image:height\" content=\"533\" \/>\n\t<meta property=\"og:image:type\" content=\"image\/jpeg\" \/>\n<meta name=\"author\" content=\"World Press Service | Servicio de Prensa Mundial\" \/>\n<meta name=\"twitter:card\" content=\"summary_large_image\" \/>\n<meta name=\"twitter:label1\" content=\"Escrito por\" \/>\n\t<meta name=\"twitter:data1\" content=\"World Press Service | Servicio de Prensa Mundial\" \/>\n\t<meta name=\"twitter:label2\" content=\"Tiempo de lectura\" \/>\n\t<meta name=\"twitter:data2\" content=\"3 minutos\" \/>\n<script type=\"application\/ld+json\" class=\"yoast-schema-graph\">{\"@context\":\"https:\\\/\\\/schema.org\",\"@graph\":[{\"@type\":\"Article\",\"@id\":\"https:\\\/\\\/blogdiario.info\\\/magazine\\\/2026\\\/01\\\/22\\\/europa-se-serrucha-sola\\\/#article\",\"isPartOf\":{\"@id\":\"https:\\\/\\\/blogdiario.info\\\/magazine\\\/2026\\\/01\\\/22\\\/europa-se-serrucha-sola\\\/\"},\"author\":{\"name\":\"World Press Service | Servicio de Prensa Mundial\",\"@id\":\"https:\\\/\\\/blogdiario.info\\\/magazine\\\/#\\\/schema\\\/person\\\/b2422fe85574d945bad55513bb0c7354\"},\"headline\":\"Europa se serrucha sola\",\"datePublished\":\"2026-01-22T11:16:03+00:00\",\"dateModified\":\"2026-01-22T11:17:01+00:00\",\"mainEntityOfPage\":{\"@id\":\"https:\\\/\\\/blogdiario.info\\\/magazine\\\/2026\\\/01\\\/22\\\/europa-se-serrucha-sola\\\/\"},\"wordCount\":492,\"publisher\":{\"@id\":\"https:\\\/\\\/blogdiario.info\\\/magazine\\\/#organization\"},\"image\":{\"@id\":\"https:\\\/\\\/blogdiario.info\\\/magazine\\\/2026\\\/01\\\/22\\\/europa-se-serrucha-sola\\\/#primaryimage\"},\"thumbnailUrl\":\"https:\\\/\\\/blogdiario.info\\\/magazine\\\/images\\\/2026\\\/01\\\/577.jpg\",\"articleSection\":[\".\",\".\",\"Actualidad\",\"America del Sud\",\"Comercio\",\"Economia\",\"Europa\",\"Pol\u00edticas globales\"],\"inLanguage\":\"es-AR\"},{\"@type\":\"WebPage\",\"@id\":\"https:\\\/\\\/blogdiario.info\\\/magazine\\\/2026\\\/01\\\/22\\\/europa-se-serrucha-sola\\\/\",\"url\":\"https:\\\/\\\/blogdiario.info\\\/magazine\\\/2026\\\/01\\\/22\\\/europa-se-serrucha-sola\\\/\",\"name\":\"Europa se serrucha sola - BlogDiario Magazine\",\"isPartOf\":{\"@id\":\"https:\\\/\\\/blogdiario.info\\\/magazine\\\/#website\"},\"primaryImageOfPage\":{\"@id\":\"https:\\\/\\\/blogdiario.info\\\/magazine\\\/2026\\\/01\\\/22\\\/europa-se-serrucha-sola\\\/#primaryimage\"},\"image\":{\"@id\":\"https:\\\/\\\/blogdiario.info\\\/magazine\\\/2026\\\/01\\\/22\\\/europa-se-serrucha-sola\\\/#primaryimage\"},\"thumbnailUrl\":\"https:\\\/\\\/blogdiario.info\\\/magazine\\\/images\\\/2026\\\/01\\\/577.jpg\",\"datePublished\":\"2026-01-22T11:16:03+00:00\",\"dateModified\":\"2026-01-22T11:17:01+00:00\",\"breadcrumb\":{\"@id\":\"https:\\\/\\\/blogdiario.info\\\/magazine\\\/2026\\\/01\\\/22\\\/europa-se-serrucha-sola\\\/#breadcrumb\"},\"inLanguage\":\"es-AR\",\"potentialAction\":[{\"@type\":\"ReadAction\",\"target\":[\"https:\\\/\\\/blogdiario.info\\\/magazine\\\/2026\\\/01\\\/22\\\/europa-se-serrucha-sola\\\/\"]}]},{\"@type\":\"ImageObject\",\"inLanguage\":\"es-AR\",\"@id\":\"https:\\\/\\\/blogdiario.info\\\/magazine\\\/2026\\\/01\\\/22\\\/europa-se-serrucha-sola\\\/#primaryimage\",\"url\":\"https:\\\/\\\/blogdiario.info\\\/magazine\\\/images\\\/2026\\\/01\\\/577.jpg\",\"contentUrl\":\"https:\\\/\\\/blogdiario.info\\\/magazine\\\/images\\\/2026\\\/01\\\/577.jpg\",\"width\":800,\"height\":533},{\"@type\":\"BreadcrumbList\",\"@id\":\"https:\\\/\\\/blogdiario.info\\\/magazine\\\/2026\\\/01\\\/22\\\/europa-se-serrucha-sola\\\/#breadcrumb\",\"itemListElement\":[{\"@type\":\"ListItem\",\"position\":1,\"name\":\"Home\",\"item\":\"https:\\\/\\\/blogdiario.info\\\/magazine\\\/\"},{\"@type\":\"ListItem\",\"position\":2,\"name\":\"Europa se serrucha sola\"}]},{\"@type\":\"WebSite\",\"@id\":\"https:\\\/\\\/blogdiario.info\\\/magazine\\\/#website\",\"url\":\"https:\\\/\\\/blogdiario.info\\\/magazine\\\/\",\"name\":\"BlogDiario Magazine\",\"description\":\"Suplemento multiling\u00fce de ElCanillita.Info\",\"publisher\":{\"@id\":\"https:\\\/\\\/blogdiario.info\\\/magazine\\\/#organization\"},\"potentialAction\":[{\"@type\":\"SearchAction\",\"target\":{\"@type\":\"EntryPoint\",\"urlTemplate\":\"https:\\\/\\\/blogdiario.info\\\/magazine\\\/?s={search_term_string}\"},\"query-input\":{\"@type\":\"PropertyValueSpecification\",\"valueRequired\":true,\"valueName\":\"search_term_string\"}}],\"inLanguage\":\"es-AR\"},{\"@type\":\"Organization\",\"@id\":\"https:\\\/\\\/blogdiario.info\\\/magazine\\\/#organization\",\"name\":\"Guzzo Photos & Graphic Publications\",\"url\":\"https:\\\/\\\/blogdiario.info\\\/magazine\\\/\",\"logo\":{\"@type\":\"ImageObject\",\"inLanguage\":\"es-AR\",\"@id\":\"https:\\\/\\\/blogdiario.info\\\/magazine\\\/#\\\/schema\\\/logo\\\/image\\\/\",\"url\":\"https:\\\/\\\/blogdiario.info\\\/magazine\\\/images\\\/2020\\\/01\\\/cropped-blogdia_magazine.jpg\",\"contentUrl\":\"https:\\\/\\\/blogdiario.info\\\/magazine\\\/images\\\/2020\\\/01\\\/cropped-blogdia_magazine.jpg\",\"width\":589,\"height\":55,\"caption\":\"Guzzo Photos & Graphic Publications\"},\"image\":{\"@id\":\"https:\\\/\\\/blogdiario.info\\\/magazine\\\/#\\\/schema\\\/logo\\\/image\\\/\"}},{\"@type\":\"Person\",\"@id\":\"https:\\\/\\\/blogdiario.info\\\/magazine\\\/#\\\/schema\\\/person\\\/b2422fe85574d945bad55513bb0c7354\",\"name\":\"World Press Service | Servicio de Prensa Mundial\"}]}<\/script>\n<!-- \/ Yoast SEO plugin. -->","yoast_head_json":{"title":"Europa se serrucha sola - BlogDiario Magazine","robots":{"index":"index","follow":"follow","max-snippet":"max-snippet:-1","max-image-preview":"max-image-preview:large","max-video-preview":"max-video-preview:-1"},"canonical":"https:\/\/blogdiario.info\/magazine\/2026\/01\/22\/europa-se-serrucha-sola\/","og_locale":"es_ES","og_type":"article","og_title":"Europa se serrucha sola - BlogDiario Magazine","og_description":"El Parlamento Europeo congela el acuerdo UE-Mercosur, env\u00eda el texto al Tribunal de Justicia y convierte 25 a\u00f1os de negociaci\u00f3n en un tr\u00e1mite judicial con aroma a miedo rural y par\u00e1lisis pol\u00edtica.","og_url":"https:\/\/blogdiario.info\/magazine\/2026\/01\/22\/europa-se-serrucha-sola\/","og_site_name":"BlogDiario Magazine","article_published_time":"2026-01-22T11:16:03+00:00","article_modified_time":"2026-01-22T11:17:01+00:00","og_image":[{"width":800,"height":533,"url":"https:\/\/blogdiario.info\/magazine\/images\/2026\/01\/577.jpg","type":"image\/jpeg"}],"author":"World Press Service | Servicio de Prensa Mundial","twitter_card":"summary_large_image","twitter_misc":{"Escrito por":"World Press Service | Servicio de Prensa Mundial","Tiempo de lectura":"3 minutos"},"schema":{"@context":"https:\/\/schema.org","@graph":[{"@type":"Article","@id":"https:\/\/blogdiario.info\/magazine\/2026\/01\/22\/europa-se-serrucha-sola\/#article","isPartOf":{"@id":"https:\/\/blogdiario.info\/magazine\/2026\/01\/22\/europa-se-serrucha-sola\/"},"author":{"name":"World Press Service | Servicio de Prensa Mundial","@id":"https:\/\/blogdiario.info\/magazine\/#\/schema\/person\/b2422fe85574d945bad55513bb0c7354"},"headline":"Europa se serrucha sola","datePublished":"2026-01-22T11:16:03+00:00","dateModified":"2026-01-22T11:17:01+00:00","mainEntityOfPage":{"@id":"https:\/\/blogdiario.info\/magazine\/2026\/01\/22\/europa-se-serrucha-sola\/"},"wordCount":492,"publisher":{"@id":"https:\/\/blogdiario.info\/magazine\/#organization"},"image":{"@id":"https:\/\/blogdiario.info\/magazine\/2026\/01\/22\/europa-se-serrucha-sola\/#primaryimage"},"thumbnailUrl":"https:\/\/blogdiario.info\/magazine\/images\/2026\/01\/577.jpg","articleSection":[".",".","Actualidad","America del Sud","Comercio","Economia","Europa","Pol\u00edticas globales"],"inLanguage":"es-AR"},{"@type":"WebPage","@id":"https:\/\/blogdiario.info\/magazine\/2026\/01\/22\/europa-se-serrucha-sola\/","url":"https:\/\/blogdiario.info\/magazine\/2026\/01\/22\/europa-se-serrucha-sola\/","name":"Europa se serrucha sola - BlogDiario Magazine","isPartOf":{"@id":"https:\/\/blogdiario.info\/magazine\/#website"},"primaryImageOfPage":{"@id":"https:\/\/blogdiario.info\/magazine\/2026\/01\/22\/europa-se-serrucha-sola\/#primaryimage"},"image":{"@id":"https:\/\/blogdiario.info\/magazine\/2026\/01\/22\/europa-se-serrucha-sola\/#primaryimage"},"thumbnailUrl":"https:\/\/blogdiario.info\/magazine\/images\/2026\/01\/577.jpg","datePublished":"2026-01-22T11:16:03+00:00","dateModified":"2026-01-22T11:17:01+00:00","breadcrumb":{"@id":"https:\/\/blogdiario.info\/magazine\/2026\/01\/22\/europa-se-serrucha-sola\/#breadcrumb"},"inLanguage":"es-AR","potentialAction":[{"@type":"ReadAction","target":["https:\/\/blogdiario.info\/magazine\/2026\/01\/22\/europa-se-serrucha-sola\/"]}]},{"@type":"ImageObject","inLanguage":"es-AR","@id":"https:\/\/blogdiario.info\/magazine\/2026\/01\/22\/europa-se-serrucha-sola\/#primaryimage","url":"https:\/\/blogdiario.info\/magazine\/images\/2026\/01\/577.jpg","contentUrl":"https:\/\/blogdiario.info\/magazine\/images\/2026\/01\/577.jpg","width":800,"height":533},{"@type":"BreadcrumbList","@id":"https:\/\/blogdiario.info\/magazine\/2026\/01\/22\/europa-se-serrucha-sola\/#breadcrumb","itemListElement":[{"@type":"ListItem","position":1,"name":"Home","item":"https:\/\/blogdiario.info\/magazine\/"},{"@type":"ListItem","position":2,"name":"Europa se serrucha sola"}]},{"@type":"WebSite","@id":"https:\/\/blogdiario.info\/magazine\/#website","url":"https:\/\/blogdiario.info\/magazine\/","name":"BlogDiario Magazine","description":"Suplemento multiling\u00fce de ElCanillita.Info","publisher":{"@id":"https:\/\/blogdiario.info\/magazine\/#organization"},"potentialAction":[{"@type":"SearchAction","target":{"@type":"EntryPoint","urlTemplate":"https:\/\/blogdiario.info\/magazine\/?s={search_term_string}"},"query-input":{"@type":"PropertyValueSpecification","valueRequired":true,"valueName":"search_term_string"}}],"inLanguage":"es-AR"},{"@type":"Organization","@id":"https:\/\/blogdiario.info\/magazine\/#organization","name":"Guzzo Photos & Graphic Publications","url":"https:\/\/blogdiario.info\/magazine\/","logo":{"@type":"ImageObject","inLanguage":"es-AR","@id":"https:\/\/blogdiario.info\/magazine\/#\/schema\/logo\/image\/","url":"https:\/\/blogdiario.info\/magazine\/images\/2020\/01\/cropped-blogdia_magazine.jpg","contentUrl":"https:\/\/blogdiario.info\/magazine\/images\/2020\/01\/cropped-blogdia_magazine.jpg","width":589,"height":55,"caption":"Guzzo Photos & Graphic Publications"},"image":{"@id":"https:\/\/blogdiario.info\/magazine\/#\/schema\/logo\/image\/"}},{"@type":"Person","@id":"https:\/\/blogdiario.info\/magazine\/#\/schema\/person\/b2422fe85574d945bad55513bb0c7354","name":"World Press Service | Servicio de Prensa Mundial"}]}},"views":447,"_links":{"self":[{"href":"https:\/\/blogdiario.info\/magazine\/wp-json\/wp\/v2\/posts\/2750","targetHints":{"allow":["GET"]}}],"collection":[{"href":"https:\/\/blogdiario.info\/magazine\/wp-json\/wp\/v2\/posts"}],"about":[{"href":"https:\/\/blogdiario.info\/magazine\/wp-json\/wp\/v2\/types\/post"}],"author":[{"embeddable":true,"href":"https:\/\/blogdiario.info\/magazine\/wp-json\/wp\/v2\/users\/1"}],"replies":[{"embeddable":true,"href":"https:\/\/blogdiario.info\/magazine\/wp-json\/wp\/v2\/comments?post=2750"}],"version-history":[{"count":0,"href":"https:\/\/blogdiario.info\/magazine\/wp-json\/wp\/v2\/posts\/2750\/revisions"}],"wp:featuredmedia":[{"embeddable":true,"href":"https:\/\/blogdiario.info\/magazine\/wp-json\/wp\/v2\/media\/2753"}],"wp:attachment":[{"href":"https:\/\/blogdiario.info\/magazine\/wp-json\/wp\/v2\/media?parent=2750"}],"wp:term":[{"taxonomy":"category","embeddable":true,"href":"https:\/\/blogdiario.info\/magazine\/wp-json\/wp\/v2\/categories?post=2750"},{"taxonomy":"post_tag","embeddable":true,"href":"https:\/\/blogdiario.info\/magazine\/wp-json\/wp\/v2\/tags?post=2750"}],"curies":[{"name":"wp","href":"https:\/\/api.w.org\/{rel}","templated":true}]}}