{"id":2739,"date":"2026-01-17T07:08:43","date_gmt":"2026-01-17T06:08:43","guid":{"rendered":"https:\/\/blogdiario.info\/magazine\/?p=2739"},"modified":"2026-01-17T07:08:43","modified_gmt":"2026-01-17T06:08:43","slug":"ue-mercosur","status":"publish","type":"post","link":"https:\/\/blogdiario.info\/magazine\/2026\/01\/17\/ue-mercosur\/","title":{"rendered":"UE\u2013Mercosur: el acuerdo de la incertidumbre"},"content":{"rendered":"\n<figure class=\"wp-block-image size-large\"><img loading=\"lazy\" decoding=\"async\" width=\"800\" height=\"534\" src=\"https:\/\/blogdiario.info\/magazine\/images\/2026\/01\/img_1497.jpg\" class=\"wp-image-2740\" srcset=\"https:\/\/blogdiario.info\/magazine\/images\/2026\/01\/img_1497.jpg 800w, https:\/\/blogdiario.info\/magazine\/images\/2026\/01\/img_1497-300x200.jpg 300w, https:\/\/blogdiario.info\/magazine\/images\/2026\/01\/img_1497-768x513.jpg 768w\" sizes=\"auto, (max-width: 800px) 100vw, 800px\" \/><\/figure>\n\n\n\n<p class=\"p1\">Tras m\u00e1s de dos d\u00e9cadas de negociaciones, el tratado reaparece como promesa y como prueba. Promesa de mercados ampliados, inversiones y reglas previsibles; prueba de la capacidad real de los gobiernos para sostener acuerdos en un clima internacional crecientemente proteccionista y fragmentado.<\/p>\n\n\n\n<p class=\"p1\">Para la administraci\u00f3n libertaria, el acuerdo funciona como emblema: abrir la econom\u00eda, competir y dejar atr\u00e1s la ret\u00f3rica defensiva. El mensaje es claro hacia afuera y hacia adentro. Pero la ret\u00f3rica de la libertad comercial no elimina, por s\u00ed sola, las tensiones estructurales que el tratado despierta en sectores productivos sensibles.<\/p>\n\n\n\n<p class=\"p1\">La puesta en escena en Paraguay no es casual. La asunci\u00f3n de la presidencia pro t\u00e9mpore del Mercosur por parte de <a href=\"chatgpt:\/\/generic-entity?number=3\">Santiago Pe\u00f1a<\/a> aporta marco pol\u00edtico y una foto regional que Milei necesita: alineamiento, previsibilidad y socios dispuestos a avanzar.<\/p>\n\n\n\n<p class=\"p1\">Del lado europeo, el viaje de <a href=\"chatgpt:\/\/generic-entity?number=4\">Ursula von der Leyen<\/a> expone la otra cara del acuerdo: una conducci\u00f3n convencida del valor estrat\u00e9gico del pacto, pero acosada por resistencias internas, protestas rurales y un Parlamento que a\u00fan puede frenar el proceso.<\/p>\n\n\n\n<p class=\"p1\">El contraste es elocuente. Mientras Sudam\u00e9rica celebra la firma como un hito hist\u00f3rico, en Europa la discusi\u00f3n reci\u00e9n comienza. All\u00ed se juegan votos, recursos judiciales y hasta la estabilidad pol\u00edtica de la propia Comisi\u00f3n. El acuerdo, lejos de ser un punto de llegada, es apenas un umbral.<\/p>\n\n\n\n<p class=\"p1\">La Argentina, entretanto, suma el gesto y capitaliza el momento. Milei exhibe alineamiento con una agenda de apertura y se proyecta en foros internacionales como Davos, donde buscar\u00e1 reforzar su perfil global. La diplomacia econ\u00f3mica vuelve a ser narrativa central.<\/p>\n\n\n\n<p class=\"p1\">Sin embargo, conviene moderar el entusiasmo. La ratificaci\u00f3n parlamentaria, en ambos bloques, ser\u00e1 el verdadero campo de batalla. La historia reciente demuestra que los tratados no mueren en las cumbres, sino en los recintos legislativos.<\/p>\n\n\n\n<p class=\"p1\">As\u00ed, el acuerdo Mercosur\u2013Uni\u00f3n Europea avanza entre aplausos y advertencias. Elegante en su dise\u00f1o, filoso en sus implicancias. Para la Argentina, la oportunidad es real; el desaf\u00edo, sostenerla cuando la \u00e9pica se diluya y queden solo los costos y las decisiones concretas.<\/p>\n\n\n\n<p><\/p>\n\n\n\n<p>El Cronista del Viejo Mapa<\/p>\n\n\n\n<p><\/p>\n\n\n<hr style=\"\n    border: none;\n    height: 1px;\n    background: linear-gradient(to right, transparent, #ccc, transparent);\n    margin: 0;\n\" \/>\n<\/p>\n<p><small>\u00a9\ufe0f2026  Guzzo Photos  &#038; Graphic Publications \u2013 All Rights Reserved \u2013 Copyright \u00a9\ufe0f 2026 SalaStampa.eu, world press service \u2013 Guzzo Photos &#038; Graphic Publications \u2013 Registro Editori e Stampatori n. 1441 Turin, Italy<\/small><\/p>\n\n\n<p><\/p>\n","protected":false},"excerpt":{"rendered":"<p>El viaje del presidente Javier Milei a Asunci\u00f3n para la firma del acuerdo entre el Mercosur y la Uni\u00f3n Europea condensa una escena largamente postergada: la pol\u00edtica exterior argentina vuelve a ocupar un lugar visible en un tablero global en movimiento, aunque el desenlace todav\u00eda est\u00e9 lejos de ser definitivo.<\/p>\n","protected":false},"author":1,"featured_media":2740,"comment_status":"closed","ping_status":"closed","sticky":false,"template":"","format":"standard","meta":{"footnotes":"","_links_to":"","_links_to_target":""},"categories":[97,109,62,38,134,43],"tags":[201,102],"class_list":["post-2739","post","type-post","status-publish","format-standard","has-post-thumbnail","hentry","category-elcanillita","category-dc24","category-actualidad","category-economia-esp","category-politicas-globales","category-sociedad","tag-latinoamerica","tag-union-europea","entry","rows"],"yoast_head":"<!-- This site is optimized with the Yoast SEO plugin v27.4 - https:\/\/yoast.com\/product\/yoast-seo-wordpress\/ -->\n<title>UE\u2013Mercosur: el acuerdo de la incertidumbre - BlogDiario Magazine<\/title>\n<meta name=\"robots\" content=\"index, follow, max-snippet:-1, max-image-preview:large, max-video-preview:-1\" \/>\n<link rel=\"canonical\" href=\"https:\/\/blogdiario.info\/magazine\/2026\/01\/17\/ue-mercosur\/\" \/>\n<meta property=\"og:locale\" content=\"es_ES\" \/>\n<meta property=\"og:type\" content=\"article\" \/>\n<meta property=\"og:title\" content=\"UE\u2013Mercosur: el acuerdo de la incertidumbre - BlogDiario Magazine\" \/>\n<meta property=\"og:description\" content=\"El viaje del presidente Javier Milei a Asunci\u00f3n para la firma del acuerdo entre el Mercosur y la Uni\u00f3n Europea condensa una escena largamente postergada: la pol\u00edtica exterior argentina vuelve a ocupar un lugar visible en un tablero global en movimiento, aunque el desenlace todav\u00eda est\u00e9 lejos de ser definitivo.\" \/>\n<meta property=\"og:url\" content=\"https:\/\/blogdiario.info\/magazine\/2026\/01\/17\/ue-mercosur\/\" \/>\n<meta property=\"og:site_name\" content=\"BlogDiario Magazine\" \/>\n<meta property=\"article:published_time\" content=\"2026-01-17T06:08:43+00:00\" \/>\n<meta property=\"og:image\" content=\"https:\/\/blogdiario.info\/magazine\/images\/2026\/01\/img_1497.jpg\" \/>\n\t<meta property=\"og:image:width\" content=\"800\" \/>\n\t<meta property=\"og:image:height\" content=\"534\" \/>\n\t<meta property=\"og:image:type\" content=\"image\/jpeg\" \/>\n<meta name=\"author\" content=\"World Press Service | Servicio de Prensa Mundial\" \/>\n<meta name=\"twitter:card\" content=\"summary_large_image\" \/>\n<meta name=\"twitter:label1\" content=\"Escrito por\" \/>\n\t<meta name=\"twitter:data1\" content=\"World Press Service | Servicio de Prensa Mundial\" \/>\n\t<meta name=\"twitter:label2\" content=\"Tiempo de lectura\" \/>\n\t<meta name=\"twitter:data2\" content=\"2 minutos\" \/>\n<script type=\"application\/ld+json\" class=\"yoast-schema-graph\">{\"@context\":\"https:\\\/\\\/schema.org\",\"@graph\":[{\"@type\":\"Article\",\"@id\":\"https:\\\/\\\/blogdiario.info\\\/magazine\\\/2026\\\/01\\\/17\\\/ue-mercosur\\\/#article\",\"isPartOf\":{\"@id\":\"https:\\\/\\\/blogdiario.info\\\/magazine\\\/2026\\\/01\\\/17\\\/ue-mercosur\\\/\"},\"author\":{\"name\":\"World Press Service | Servicio de Prensa Mundial\",\"@id\":\"https:\\\/\\\/blogdiario.info\\\/magazine\\\/#\\\/schema\\\/person\\\/b2422fe85574d945bad55513bb0c7354\"},\"headline\":\"UE\u2013Mercosur: el acuerdo de la incertidumbre\",\"datePublished\":\"2026-01-17T06:08:43+00:00\",\"mainEntityOfPage\":{\"@id\":\"https:\\\/\\\/blogdiario.info\\\/magazine\\\/2026\\\/01\\\/17\\\/ue-mercosur\\\/\"},\"wordCount\":399,\"publisher\":{\"@id\":\"https:\\\/\\\/blogdiario.info\\\/magazine\\\/#organization\"},\"image\":{\"@id\":\"https:\\\/\\\/blogdiario.info\\\/magazine\\\/2026\\\/01\\\/17\\\/ue-mercosur\\\/#primaryimage\"},\"thumbnailUrl\":\"https:\\\/\\\/blogdiario.info\\\/magazine\\\/images\\\/2026\\\/01\\\/img_1497.jpg\",\"keywords\":[\"Latinoam\u00e9rica\",\"Uni\u00f3n Europea\"],\"articleSection\":[\".\",\".\",\"Actualidad\",\"Economia\",\"Pol\u00edticas globales\",\"Sociedad\"],\"inLanguage\":\"es-AR\"},{\"@type\":\"WebPage\",\"@id\":\"https:\\\/\\\/blogdiario.info\\\/magazine\\\/2026\\\/01\\\/17\\\/ue-mercosur\\\/\",\"url\":\"https:\\\/\\\/blogdiario.info\\\/magazine\\\/2026\\\/01\\\/17\\\/ue-mercosur\\\/\",\"name\":\"UE\u2013Mercosur: el acuerdo de la incertidumbre - BlogDiario Magazine\",\"isPartOf\":{\"@id\":\"https:\\\/\\\/blogdiario.info\\\/magazine\\\/#website\"},\"primaryImageOfPage\":{\"@id\":\"https:\\\/\\\/blogdiario.info\\\/magazine\\\/2026\\\/01\\\/17\\\/ue-mercosur\\\/#primaryimage\"},\"image\":{\"@id\":\"https:\\\/\\\/blogdiario.info\\\/magazine\\\/2026\\\/01\\\/17\\\/ue-mercosur\\\/#primaryimage\"},\"thumbnailUrl\":\"https:\\\/\\\/blogdiario.info\\\/magazine\\\/images\\\/2026\\\/01\\\/img_1497.jpg\",\"datePublished\":\"2026-01-17T06:08:43+00:00\",\"breadcrumb\":{\"@id\":\"https:\\\/\\\/blogdiario.info\\\/magazine\\\/2026\\\/01\\\/17\\\/ue-mercosur\\\/#breadcrumb\"},\"inLanguage\":\"es-AR\",\"potentialAction\":[{\"@type\":\"ReadAction\",\"target\":[\"https:\\\/\\\/blogdiario.info\\\/magazine\\\/2026\\\/01\\\/17\\\/ue-mercosur\\\/\"]}]},{\"@type\":\"ImageObject\",\"inLanguage\":\"es-AR\",\"@id\":\"https:\\\/\\\/blogdiario.info\\\/magazine\\\/2026\\\/01\\\/17\\\/ue-mercosur\\\/#primaryimage\",\"url\":\"https:\\\/\\\/blogdiario.info\\\/magazine\\\/images\\\/2026\\\/01\\\/img_1497.jpg\",\"contentUrl\":\"https:\\\/\\\/blogdiario.info\\\/magazine\\\/images\\\/2026\\\/01\\\/img_1497.jpg\",\"width\":800,\"height\":534},{\"@type\":\"BreadcrumbList\",\"@id\":\"https:\\\/\\\/blogdiario.info\\\/magazine\\\/2026\\\/01\\\/17\\\/ue-mercosur\\\/#breadcrumb\",\"itemListElement\":[{\"@type\":\"ListItem\",\"position\":1,\"name\":\"Home\",\"item\":\"https:\\\/\\\/blogdiario.info\\\/magazine\\\/\"},{\"@type\":\"ListItem\",\"position\":2,\"name\":\"UE\u2013Mercosur: el acuerdo de la incertidumbre\"}]},{\"@type\":\"WebSite\",\"@id\":\"https:\\\/\\\/blogdiario.info\\\/magazine\\\/#website\",\"url\":\"https:\\\/\\\/blogdiario.info\\\/magazine\\\/\",\"name\":\"BlogDiario Magazine\",\"description\":\"Suplemento multiling\u00fce de ElCanillita.Info\",\"publisher\":{\"@id\":\"https:\\\/\\\/blogdiario.info\\\/magazine\\\/#organization\"},\"potentialAction\":[{\"@type\":\"SearchAction\",\"target\":{\"@type\":\"EntryPoint\",\"urlTemplate\":\"https:\\\/\\\/blogdiario.info\\\/magazine\\\/?s={search_term_string}\"},\"query-input\":{\"@type\":\"PropertyValueSpecification\",\"valueRequired\":true,\"valueName\":\"search_term_string\"}}],\"inLanguage\":\"es-AR\"},{\"@type\":\"Organization\",\"@id\":\"https:\\\/\\\/blogdiario.info\\\/magazine\\\/#organization\",\"name\":\"Guzzo Photos & Graphic Publications\",\"url\":\"https:\\\/\\\/blogdiario.info\\\/magazine\\\/\",\"logo\":{\"@type\":\"ImageObject\",\"inLanguage\":\"es-AR\",\"@id\":\"https:\\\/\\\/blogdiario.info\\\/magazine\\\/#\\\/schema\\\/logo\\\/image\\\/\",\"url\":\"https:\\\/\\\/blogdiario.info\\\/magazine\\\/images\\\/2020\\\/01\\\/cropped-blogdia_magazine.jpg\",\"contentUrl\":\"https:\\\/\\\/blogdiario.info\\\/magazine\\\/images\\\/2020\\\/01\\\/cropped-blogdia_magazine.jpg\",\"width\":589,\"height\":55,\"caption\":\"Guzzo Photos & Graphic Publications\"},\"image\":{\"@id\":\"https:\\\/\\\/blogdiario.info\\\/magazine\\\/#\\\/schema\\\/logo\\\/image\\\/\"}},{\"@type\":\"Person\",\"@id\":\"https:\\\/\\\/blogdiario.info\\\/magazine\\\/#\\\/schema\\\/person\\\/b2422fe85574d945bad55513bb0c7354\",\"name\":\"World Press Service | Servicio de Prensa Mundial\"}]}<\/script>\n<!-- \/ Yoast SEO plugin. -->","yoast_head_json":{"title":"UE\u2013Mercosur: el acuerdo de la incertidumbre - BlogDiario Magazine","robots":{"index":"index","follow":"follow","max-snippet":"max-snippet:-1","max-image-preview":"max-image-preview:large","max-video-preview":"max-video-preview:-1"},"canonical":"https:\/\/blogdiario.info\/magazine\/2026\/01\/17\/ue-mercosur\/","og_locale":"es_ES","og_type":"article","og_title":"UE\u2013Mercosur: el acuerdo de la incertidumbre - BlogDiario Magazine","og_description":"El viaje del presidente Javier Milei a Asunci\u00f3n para la firma del acuerdo entre el Mercosur y la Uni\u00f3n Europea condensa una escena largamente postergada: la pol\u00edtica exterior argentina vuelve a ocupar un lugar visible en un tablero global en movimiento, aunque el desenlace todav\u00eda est\u00e9 lejos de ser definitivo.","og_url":"https:\/\/blogdiario.info\/magazine\/2026\/01\/17\/ue-mercosur\/","og_site_name":"BlogDiario Magazine","article_published_time":"2026-01-17T06:08:43+00:00","og_image":[{"width":800,"height":534,"url":"https:\/\/blogdiario.info\/magazine\/images\/2026\/01\/img_1497.jpg","type":"image\/jpeg"}],"author":"World Press Service | Servicio de Prensa Mundial","twitter_card":"summary_large_image","twitter_misc":{"Escrito por":"World Press Service | Servicio de Prensa Mundial","Tiempo de lectura":"2 minutos"},"schema":{"@context":"https:\/\/schema.org","@graph":[{"@type":"Article","@id":"https:\/\/blogdiario.info\/magazine\/2026\/01\/17\/ue-mercosur\/#article","isPartOf":{"@id":"https:\/\/blogdiario.info\/magazine\/2026\/01\/17\/ue-mercosur\/"},"author":{"name":"World Press Service | Servicio de Prensa Mundial","@id":"https:\/\/blogdiario.info\/magazine\/#\/schema\/person\/b2422fe85574d945bad55513bb0c7354"},"headline":"UE\u2013Mercosur: el acuerdo de la incertidumbre","datePublished":"2026-01-17T06:08:43+00:00","mainEntityOfPage":{"@id":"https:\/\/blogdiario.info\/magazine\/2026\/01\/17\/ue-mercosur\/"},"wordCount":399,"publisher":{"@id":"https:\/\/blogdiario.info\/magazine\/#organization"},"image":{"@id":"https:\/\/blogdiario.info\/magazine\/2026\/01\/17\/ue-mercosur\/#primaryimage"},"thumbnailUrl":"https:\/\/blogdiario.info\/magazine\/images\/2026\/01\/img_1497.jpg","keywords":["Latinoam\u00e9rica","Uni\u00f3n Europea"],"articleSection":[".",".","Actualidad","Economia","Pol\u00edticas globales","Sociedad"],"inLanguage":"es-AR"},{"@type":"WebPage","@id":"https:\/\/blogdiario.info\/magazine\/2026\/01\/17\/ue-mercosur\/","url":"https:\/\/blogdiario.info\/magazine\/2026\/01\/17\/ue-mercosur\/","name":"UE\u2013Mercosur: el acuerdo de la incertidumbre - BlogDiario Magazine","isPartOf":{"@id":"https:\/\/blogdiario.info\/magazine\/#website"},"primaryImageOfPage":{"@id":"https:\/\/blogdiario.info\/magazine\/2026\/01\/17\/ue-mercosur\/#primaryimage"},"image":{"@id":"https:\/\/blogdiario.info\/magazine\/2026\/01\/17\/ue-mercosur\/#primaryimage"},"thumbnailUrl":"https:\/\/blogdiario.info\/magazine\/images\/2026\/01\/img_1497.jpg","datePublished":"2026-01-17T06:08:43+00:00","breadcrumb":{"@id":"https:\/\/blogdiario.info\/magazine\/2026\/01\/17\/ue-mercosur\/#breadcrumb"},"inLanguage":"es-AR","potentialAction":[{"@type":"ReadAction","target":["https:\/\/blogdiario.info\/magazine\/2026\/01\/17\/ue-mercosur\/"]}]},{"@type":"ImageObject","inLanguage":"es-AR","@id":"https:\/\/blogdiario.info\/magazine\/2026\/01\/17\/ue-mercosur\/#primaryimage","url":"https:\/\/blogdiario.info\/magazine\/images\/2026\/01\/img_1497.jpg","contentUrl":"https:\/\/blogdiario.info\/magazine\/images\/2026\/01\/img_1497.jpg","width":800,"height":534},{"@type":"BreadcrumbList","@id":"https:\/\/blogdiario.info\/magazine\/2026\/01\/17\/ue-mercosur\/#breadcrumb","itemListElement":[{"@type":"ListItem","position":1,"name":"Home","item":"https:\/\/blogdiario.info\/magazine\/"},{"@type":"ListItem","position":2,"name":"UE\u2013Mercosur: el acuerdo de la incertidumbre"}]},{"@type":"WebSite","@id":"https:\/\/blogdiario.info\/magazine\/#website","url":"https:\/\/blogdiario.info\/magazine\/","name":"BlogDiario Magazine","description":"Suplemento multiling\u00fce de ElCanillita.Info","publisher":{"@id":"https:\/\/blogdiario.info\/magazine\/#organization"},"potentialAction":[{"@type":"SearchAction","target":{"@type":"EntryPoint","urlTemplate":"https:\/\/blogdiario.info\/magazine\/?s={search_term_string}"},"query-input":{"@type":"PropertyValueSpecification","valueRequired":true,"valueName":"search_term_string"}}],"inLanguage":"es-AR"},{"@type":"Organization","@id":"https:\/\/blogdiario.info\/magazine\/#organization","name":"Guzzo Photos & Graphic Publications","url":"https:\/\/blogdiario.info\/magazine\/","logo":{"@type":"ImageObject","inLanguage":"es-AR","@id":"https:\/\/blogdiario.info\/magazine\/#\/schema\/logo\/image\/","url":"https:\/\/blogdiario.info\/magazine\/images\/2020\/01\/cropped-blogdia_magazine.jpg","contentUrl":"https:\/\/blogdiario.info\/magazine\/images\/2020\/01\/cropped-blogdia_magazine.jpg","width":589,"height":55,"caption":"Guzzo Photos & Graphic Publications"},"image":{"@id":"https:\/\/blogdiario.info\/magazine\/#\/schema\/logo\/image\/"}},{"@type":"Person","@id":"https:\/\/blogdiario.info\/magazine\/#\/schema\/person\/b2422fe85574d945bad55513bb0c7354","name":"World Press Service | Servicio de Prensa Mundial"}]}},"views":137,"_links":{"self":[{"href":"https:\/\/blogdiario.info\/magazine\/wp-json\/wp\/v2\/posts\/2739","targetHints":{"allow":["GET"]}}],"collection":[{"href":"https:\/\/blogdiario.info\/magazine\/wp-json\/wp\/v2\/posts"}],"about":[{"href":"https:\/\/blogdiario.info\/magazine\/wp-json\/wp\/v2\/types\/post"}],"author":[{"embeddable":true,"href":"https:\/\/blogdiario.info\/magazine\/wp-json\/wp\/v2\/users\/1"}],"replies":[{"embeddable":true,"href":"https:\/\/blogdiario.info\/magazine\/wp-json\/wp\/v2\/comments?post=2739"}],"version-history":[{"count":0,"href":"https:\/\/blogdiario.info\/magazine\/wp-json\/wp\/v2\/posts\/2739\/revisions"}],"wp:featuredmedia":[{"embeddable":true,"href":"https:\/\/blogdiario.info\/magazine\/wp-json\/wp\/v2\/media\/2740"}],"wp:attachment":[{"href":"https:\/\/blogdiario.info\/magazine\/wp-json\/wp\/v2\/media?parent=2739"}],"wp:term":[{"taxonomy":"category","embeddable":true,"href":"https:\/\/blogdiario.info\/magazine\/wp-json\/wp\/v2\/categories?post=2739"},{"taxonomy":"post_tag","embeddable":true,"href":"https:\/\/blogdiario.info\/magazine\/wp-json\/wp\/v2\/tags?post=2739"}],"curies":[{"name":"wp","href":"https:\/\/api.w.org\/{rel}","templated":true}]}}