{"id":2733,"date":"2026-01-13T13:15:26","date_gmt":"2026-01-13T12:15:26","guid":{"rendered":"https:\/\/blogdiario.info\/magazine\/?p=2733"},"modified":"2026-01-13T16:23:12","modified_gmt":"2026-01-13T15:23:12","slug":"largentina-brucia","status":"publish","type":"post","link":"https:\/\/blogdiario.info\/magazine\/2026\/01\/13\/largentina-brucia\/","title":{"rendered":"L\u2019Argentina brucia?"},"content":{"rendered":"\n<figure class=\"wp-block-image size-large\"><img loading=\"lazy\" decoding=\"async\" width=\"567\" height=\"851\" src=\"https:\/\/blogdiario.info\/magazine\/images\/2026\/01\/img_1453.jpg\" alt=\"\" class=\"wp-image-2736\" srcset=\"https:\/\/blogdiario.info\/magazine\/images\/2026\/01\/img_1453.jpg 567w, https:\/\/blogdiario.info\/magazine\/images\/2026\/01\/img_1453-200x300.jpg 200w\" sizes=\"auto, (max-width: 567px) 100vw, 567px\" \/><\/figure>\n\n\n\n<p>Il fuoco avanza nel sud e, come spesso accade, avanza anche la politica. Questa volta non per una legge n\u00e9 per un decreto, ma per un elicottero che la vicepresidente Victoria Villarruel avrebbe chiesto \u2014 o forse no \u2014 per sorvolare la provincia del Chubut.<\/p>\n\n\n\n<p>Secondo fonti ufficiali, la richiesta sarebbe arrivata all\u2019Agenzia Federale per le Emergenze, dipendente dal Ministero della Sicurezza. La risposta \u00e8 stata negativa e l\u2019episodio ha superato la dimensione logistica per diventare un nuovo capitolo della disputa interna al potere libertario.<\/p>\n\n\n\n<p>Dall\u2019entourage di Villarruel la richiesta \u00e8 stata smentita. Dall\u2019Esecutivo, invece, la versione \u00e8 stata lasciata circolare. Tra smentite e indiscrezioni, l\u2019elicottero ha finito per volare senza decollare, carico di significati politici.<\/p>\n\n\n\n<p>Non \u00e8 la prima volta che la vicepresidente resta ai margini del cerchio decisionale. La presidente del Senato sembra muoversi in un\u2019autonomia vigilata: pu\u00f2 viaggiare, pu\u00f2 parlare, ma non sempre pu\u00f2 decollare.<\/p>\n\n\n\n<p>Il paradosso \u00e8 evidente. Mentre il fuoco reale divora migliaia di ettari, l\u2019incendio simbolico consuma il coordinamento politico. Nel governo, la discussione sembra essersi spostata dalla gestione dell\u2019emergenza alla disputa su chi ha chiesto cosa e chi lo ha negato.<\/p>\n\n\n\n<p>Nel frattempo, il presidente Javier Milei ha scelto il registro epico sui social network. Ha ringraziato brigadisti, pompieri e volontari, sottolineando l\u2019eroismo di chi combatte le fiamme in Patagonia. Un messaggio sobrio, una distanza calcolata.<\/p>\n\n\n\n<p>La ministra della Sicurezza, Alejandra Monteoliva, \u00e8 rimasta \u2014 senza volerlo \u2014 al centro dell\u2019episodio. Il suo dicastero amministra le risorse e, in queste ore, anche silenzi scomodi.<\/p>\n\n\n\n<p>Cos\u00ec, tra elicotteri immaginari e incendi molto reali, la politica torna a mostrare il suo lato pi\u00f9 infiammabile. In Argentina, a volte, ci\u00f2 che brucia di pi\u00f9 non \u00e8 il bosco, ma il potere.<\/p>\n\n\n\n<p>\u270d\ufe0f \u00a9 2026 Il Cartografo del Disordine &#8211; Tutti i diritti riservati<\/p>\n\n\n\n<p><\/p>\n\n\n<hr style=\"border: none; height: 1px; background-color: #ccc; margin: 2em 0;\" \/>\n<p><small>\u00a9 2025 SalaStampa.eu, world press service &#8211; All Rights Reserved &#8211;\u00a0 Guzzo Photos &amp; Graphic\u00a0 Publications \u2013 Registro Editori e Stampatori n. 1441 Turin, Italy<\/small><\/p>\n\n\n<p><\/p>\n\n\n\n<p><\/p>\n","protected":false},"excerpt":{"rendered":"<p>Una presunta richiesta di elicottero da parte della vicepresidente per sorvolare le zone incendiate del Chubut riaccende le tensioni interne al fronte libertario ed espone un potere che brucia dall\u2019interno.<\/p>\n","protected":false},"author":1,"featured_media":2736,"comment_status":"closed","ping_status":"closed","sticky":false,"template":"","format":"standard","meta":{"footnotes":"","_links_to":"","_links_to_target":""},"categories":[97,109,186,61,18],"tags":[],"class_list":["post-2733","post","type-post","status-publish","format-standard","has-post-thumbnail","hentry","category-elcanillita","category-dc24","category-america-meridionale","category-attualita","category-politica-ita","entry","rows"],"yoast_head":"<!-- This site is optimized with the Yoast SEO plugin v27.4 - https:\/\/yoast.com\/product\/yoast-seo-wordpress\/ -->\n<title>L\u2019Argentina brucia? - BlogDiario Magazine<\/title>\n<meta name=\"robots\" content=\"index, follow, max-snippet:-1, max-image-preview:large, max-video-preview:-1\" \/>\n<link rel=\"canonical\" href=\"https:\/\/blogdiario.info\/magazine\/2026\/01\/13\/largentina-brucia\/\" \/>\n<meta property=\"og:locale\" content=\"es_ES\" \/>\n<meta property=\"og:type\" content=\"article\" \/>\n<meta property=\"og:title\" content=\"L\u2019Argentina brucia? - BlogDiario Magazine\" \/>\n<meta property=\"og:description\" content=\"Una presunta richiesta di elicottero da parte della vicepresidente per sorvolare le zone incendiate del Chubut riaccende le tensioni interne al fronte libertario ed espone un potere che brucia dall\u2019interno.\" \/>\n<meta property=\"og:url\" content=\"https:\/\/blogdiario.info\/magazine\/2026\/01\/13\/largentina-brucia\/\" \/>\n<meta property=\"og:site_name\" content=\"BlogDiario Magazine\" \/>\n<meta property=\"article:published_time\" content=\"2026-01-13T12:15:26+00:00\" \/>\n<meta property=\"article:modified_time\" content=\"2026-01-13T15:23:12+00:00\" \/>\n<meta property=\"og:image\" content=\"https:\/\/blogdiario.info\/magazine\/images\/2026\/01\/img_1453.jpg\" \/>\n\t<meta property=\"og:image:width\" content=\"567\" \/>\n\t<meta property=\"og:image:height\" content=\"851\" \/>\n\t<meta property=\"og:image:type\" content=\"image\/jpeg\" \/>\n<meta name=\"author\" content=\"World Press Service | Servicio de Prensa Mundial\" \/>\n<meta name=\"twitter:card\" content=\"summary_large_image\" \/>\n<meta name=\"twitter:label1\" content=\"Escrito por\" \/>\n\t<meta name=\"twitter:data1\" content=\"World Press Service | Servicio de Prensa Mundial\" \/>\n\t<meta name=\"twitter:label2\" content=\"Tiempo de lectura\" \/>\n\t<meta name=\"twitter:data2\" content=\"2 minutos\" \/>\n<script type=\"application\/ld+json\" class=\"yoast-schema-graph\">{\"@context\":\"https:\\\/\\\/schema.org\",\"@graph\":[{\"@type\":\"Article\",\"@id\":\"https:\\\/\\\/blogdiario.info\\\/magazine\\\/2026\\\/01\\\/13\\\/largentina-brucia\\\/#article\",\"isPartOf\":{\"@id\":\"https:\\\/\\\/blogdiario.info\\\/magazine\\\/2026\\\/01\\\/13\\\/largentina-brucia\\\/\"},\"author\":{\"name\":\"World Press Service | Servicio de Prensa Mundial\",\"@id\":\"https:\\\/\\\/blogdiario.info\\\/magazine\\\/#\\\/schema\\\/person\\\/b2422fe85574d945bad55513bb0c7354\"},\"headline\":\"L\u2019Argentina brucia?\",\"datePublished\":\"2026-01-13T12:15:26+00:00\",\"dateModified\":\"2026-01-13T15:23:12+00:00\",\"mainEntityOfPage\":{\"@id\":\"https:\\\/\\\/blogdiario.info\\\/magazine\\\/2026\\\/01\\\/13\\\/largentina-brucia\\\/\"},\"wordCount\":318,\"publisher\":{\"@id\":\"https:\\\/\\\/blogdiario.info\\\/magazine\\\/#organization\"},\"image\":{\"@id\":\"https:\\\/\\\/blogdiario.info\\\/magazine\\\/2026\\\/01\\\/13\\\/largentina-brucia\\\/#primaryimage\"},\"thumbnailUrl\":\"https:\\\/\\\/blogdiario.info\\\/magazine\\\/images\\\/2026\\\/01\\\/img_1453.jpg\",\"articleSection\":[\".\",\".\",\"America Meridionale\",\"Attualit\u00e0\",\"Politica\"],\"inLanguage\":\"es-AR\"},{\"@type\":\"WebPage\",\"@id\":\"https:\\\/\\\/blogdiario.info\\\/magazine\\\/2026\\\/01\\\/13\\\/largentina-brucia\\\/\",\"url\":\"https:\\\/\\\/blogdiario.info\\\/magazine\\\/2026\\\/01\\\/13\\\/largentina-brucia\\\/\",\"name\":\"L\u2019Argentina brucia? - BlogDiario Magazine\",\"isPartOf\":{\"@id\":\"https:\\\/\\\/blogdiario.info\\\/magazine\\\/#website\"},\"primaryImageOfPage\":{\"@id\":\"https:\\\/\\\/blogdiario.info\\\/magazine\\\/2026\\\/01\\\/13\\\/largentina-brucia\\\/#primaryimage\"},\"image\":{\"@id\":\"https:\\\/\\\/blogdiario.info\\\/magazine\\\/2026\\\/01\\\/13\\\/largentina-brucia\\\/#primaryimage\"},\"thumbnailUrl\":\"https:\\\/\\\/blogdiario.info\\\/magazine\\\/images\\\/2026\\\/01\\\/img_1453.jpg\",\"datePublished\":\"2026-01-13T12:15:26+00:00\",\"dateModified\":\"2026-01-13T15:23:12+00:00\",\"breadcrumb\":{\"@id\":\"https:\\\/\\\/blogdiario.info\\\/magazine\\\/2026\\\/01\\\/13\\\/largentina-brucia\\\/#breadcrumb\"},\"inLanguage\":\"es-AR\",\"potentialAction\":[{\"@type\":\"ReadAction\",\"target\":[\"https:\\\/\\\/blogdiario.info\\\/magazine\\\/2026\\\/01\\\/13\\\/largentina-brucia\\\/\"]}]},{\"@type\":\"ImageObject\",\"inLanguage\":\"es-AR\",\"@id\":\"https:\\\/\\\/blogdiario.info\\\/magazine\\\/2026\\\/01\\\/13\\\/largentina-brucia\\\/#primaryimage\",\"url\":\"https:\\\/\\\/blogdiario.info\\\/magazine\\\/images\\\/2026\\\/01\\\/img_1453.jpg\",\"contentUrl\":\"https:\\\/\\\/blogdiario.info\\\/magazine\\\/images\\\/2026\\\/01\\\/img_1453.jpg\",\"width\":567,\"height\":851},{\"@type\":\"BreadcrumbList\",\"@id\":\"https:\\\/\\\/blogdiario.info\\\/magazine\\\/2026\\\/01\\\/13\\\/largentina-brucia\\\/#breadcrumb\",\"itemListElement\":[{\"@type\":\"ListItem\",\"position\":1,\"name\":\"Home\",\"item\":\"https:\\\/\\\/blogdiario.info\\\/magazine\\\/\"},{\"@type\":\"ListItem\",\"position\":2,\"name\":\"L\u2019Argentina brucia?\"}]},{\"@type\":\"WebSite\",\"@id\":\"https:\\\/\\\/blogdiario.info\\\/magazine\\\/#website\",\"url\":\"https:\\\/\\\/blogdiario.info\\\/magazine\\\/\",\"name\":\"BlogDiario Magazine\",\"description\":\"Suplemento multiling\u00fce de ElCanillita.Info\",\"publisher\":{\"@id\":\"https:\\\/\\\/blogdiario.info\\\/magazine\\\/#organization\"},\"potentialAction\":[{\"@type\":\"SearchAction\",\"target\":{\"@type\":\"EntryPoint\",\"urlTemplate\":\"https:\\\/\\\/blogdiario.info\\\/magazine\\\/?s={search_term_string}\"},\"query-input\":{\"@type\":\"PropertyValueSpecification\",\"valueRequired\":true,\"valueName\":\"search_term_string\"}}],\"inLanguage\":\"es-AR\"},{\"@type\":\"Organization\",\"@id\":\"https:\\\/\\\/blogdiario.info\\\/magazine\\\/#organization\",\"name\":\"Guzzo Photos & Graphic Publications\",\"url\":\"https:\\\/\\\/blogdiario.info\\\/magazine\\\/\",\"logo\":{\"@type\":\"ImageObject\",\"inLanguage\":\"es-AR\",\"@id\":\"https:\\\/\\\/blogdiario.info\\\/magazine\\\/#\\\/schema\\\/logo\\\/image\\\/\",\"url\":\"https:\\\/\\\/blogdiario.info\\\/magazine\\\/images\\\/2020\\\/01\\\/cropped-blogdia_magazine.jpg\",\"contentUrl\":\"https:\\\/\\\/blogdiario.info\\\/magazine\\\/images\\\/2020\\\/01\\\/cropped-blogdia_magazine.jpg\",\"width\":589,\"height\":55,\"caption\":\"Guzzo Photos & Graphic Publications\"},\"image\":{\"@id\":\"https:\\\/\\\/blogdiario.info\\\/magazine\\\/#\\\/schema\\\/logo\\\/image\\\/\"}},{\"@type\":\"Person\",\"@id\":\"https:\\\/\\\/blogdiario.info\\\/magazine\\\/#\\\/schema\\\/person\\\/b2422fe85574d945bad55513bb0c7354\",\"name\":\"World Press Service | Servicio de Prensa Mundial\"}]}<\/script>\n<!-- \/ Yoast SEO plugin. -->","yoast_head_json":{"title":"L\u2019Argentina brucia? - BlogDiario Magazine","robots":{"index":"index","follow":"follow","max-snippet":"max-snippet:-1","max-image-preview":"max-image-preview:large","max-video-preview":"max-video-preview:-1"},"canonical":"https:\/\/blogdiario.info\/magazine\/2026\/01\/13\/largentina-brucia\/","og_locale":"es_ES","og_type":"article","og_title":"L\u2019Argentina brucia? - BlogDiario Magazine","og_description":"Una presunta richiesta di elicottero da parte della vicepresidente per sorvolare le zone incendiate del Chubut riaccende le tensioni interne al fronte libertario ed espone un potere che brucia dall\u2019interno.","og_url":"https:\/\/blogdiario.info\/magazine\/2026\/01\/13\/largentina-brucia\/","og_site_name":"BlogDiario Magazine","article_published_time":"2026-01-13T12:15:26+00:00","article_modified_time":"2026-01-13T15:23:12+00:00","og_image":[{"width":567,"height":851,"url":"https:\/\/blogdiario.info\/magazine\/images\/2026\/01\/img_1453.jpg","type":"image\/jpeg"}],"author":"World Press Service | Servicio de Prensa Mundial","twitter_card":"summary_large_image","twitter_misc":{"Escrito por":"World Press Service | Servicio de Prensa Mundial","Tiempo de lectura":"2 minutos"},"schema":{"@context":"https:\/\/schema.org","@graph":[{"@type":"Article","@id":"https:\/\/blogdiario.info\/magazine\/2026\/01\/13\/largentina-brucia\/#article","isPartOf":{"@id":"https:\/\/blogdiario.info\/magazine\/2026\/01\/13\/largentina-brucia\/"},"author":{"name":"World Press Service | Servicio de Prensa Mundial","@id":"https:\/\/blogdiario.info\/magazine\/#\/schema\/person\/b2422fe85574d945bad55513bb0c7354"},"headline":"L\u2019Argentina brucia?","datePublished":"2026-01-13T12:15:26+00:00","dateModified":"2026-01-13T15:23:12+00:00","mainEntityOfPage":{"@id":"https:\/\/blogdiario.info\/magazine\/2026\/01\/13\/largentina-brucia\/"},"wordCount":318,"publisher":{"@id":"https:\/\/blogdiario.info\/magazine\/#organization"},"image":{"@id":"https:\/\/blogdiario.info\/magazine\/2026\/01\/13\/largentina-brucia\/#primaryimage"},"thumbnailUrl":"https:\/\/blogdiario.info\/magazine\/images\/2026\/01\/img_1453.jpg","articleSection":[".",".","America Meridionale","Attualit\u00e0","Politica"],"inLanguage":"es-AR"},{"@type":"WebPage","@id":"https:\/\/blogdiario.info\/magazine\/2026\/01\/13\/largentina-brucia\/","url":"https:\/\/blogdiario.info\/magazine\/2026\/01\/13\/largentina-brucia\/","name":"L\u2019Argentina brucia? - BlogDiario Magazine","isPartOf":{"@id":"https:\/\/blogdiario.info\/magazine\/#website"},"primaryImageOfPage":{"@id":"https:\/\/blogdiario.info\/magazine\/2026\/01\/13\/largentina-brucia\/#primaryimage"},"image":{"@id":"https:\/\/blogdiario.info\/magazine\/2026\/01\/13\/largentina-brucia\/#primaryimage"},"thumbnailUrl":"https:\/\/blogdiario.info\/magazine\/images\/2026\/01\/img_1453.jpg","datePublished":"2026-01-13T12:15:26+00:00","dateModified":"2026-01-13T15:23:12+00:00","breadcrumb":{"@id":"https:\/\/blogdiario.info\/magazine\/2026\/01\/13\/largentina-brucia\/#breadcrumb"},"inLanguage":"es-AR","potentialAction":[{"@type":"ReadAction","target":["https:\/\/blogdiario.info\/magazine\/2026\/01\/13\/largentina-brucia\/"]}]},{"@type":"ImageObject","inLanguage":"es-AR","@id":"https:\/\/blogdiario.info\/magazine\/2026\/01\/13\/largentina-brucia\/#primaryimage","url":"https:\/\/blogdiario.info\/magazine\/images\/2026\/01\/img_1453.jpg","contentUrl":"https:\/\/blogdiario.info\/magazine\/images\/2026\/01\/img_1453.jpg","width":567,"height":851},{"@type":"BreadcrumbList","@id":"https:\/\/blogdiario.info\/magazine\/2026\/01\/13\/largentina-brucia\/#breadcrumb","itemListElement":[{"@type":"ListItem","position":1,"name":"Home","item":"https:\/\/blogdiario.info\/magazine\/"},{"@type":"ListItem","position":2,"name":"L\u2019Argentina brucia?"}]},{"@type":"WebSite","@id":"https:\/\/blogdiario.info\/magazine\/#website","url":"https:\/\/blogdiario.info\/magazine\/","name":"BlogDiario Magazine","description":"Suplemento multiling\u00fce de ElCanillita.Info","publisher":{"@id":"https:\/\/blogdiario.info\/magazine\/#organization"},"potentialAction":[{"@type":"SearchAction","target":{"@type":"EntryPoint","urlTemplate":"https:\/\/blogdiario.info\/magazine\/?s={search_term_string}"},"query-input":{"@type":"PropertyValueSpecification","valueRequired":true,"valueName":"search_term_string"}}],"inLanguage":"es-AR"},{"@type":"Organization","@id":"https:\/\/blogdiario.info\/magazine\/#organization","name":"Guzzo Photos & Graphic Publications","url":"https:\/\/blogdiario.info\/magazine\/","logo":{"@type":"ImageObject","inLanguage":"es-AR","@id":"https:\/\/blogdiario.info\/magazine\/#\/schema\/logo\/image\/","url":"https:\/\/blogdiario.info\/magazine\/images\/2020\/01\/cropped-blogdia_magazine.jpg","contentUrl":"https:\/\/blogdiario.info\/magazine\/images\/2020\/01\/cropped-blogdia_magazine.jpg","width":589,"height":55,"caption":"Guzzo Photos & Graphic Publications"},"image":{"@id":"https:\/\/blogdiario.info\/magazine\/#\/schema\/logo\/image\/"}},{"@type":"Person","@id":"https:\/\/blogdiario.info\/magazine\/#\/schema\/person\/b2422fe85574d945bad55513bb0c7354","name":"World Press Service | Servicio de Prensa Mundial"}]}},"views":130,"_links":{"self":[{"href":"https:\/\/blogdiario.info\/magazine\/wp-json\/wp\/v2\/posts\/2733","targetHints":{"allow":["GET"]}}],"collection":[{"href":"https:\/\/blogdiario.info\/magazine\/wp-json\/wp\/v2\/posts"}],"about":[{"href":"https:\/\/blogdiario.info\/magazine\/wp-json\/wp\/v2\/types\/post"}],"author":[{"embeddable":true,"href":"https:\/\/blogdiario.info\/magazine\/wp-json\/wp\/v2\/users\/1"}],"replies":[{"embeddable":true,"href":"https:\/\/blogdiario.info\/magazine\/wp-json\/wp\/v2\/comments?post=2733"}],"version-history":[{"count":0,"href":"https:\/\/blogdiario.info\/magazine\/wp-json\/wp\/v2\/posts\/2733\/revisions"}],"wp:featuredmedia":[{"embeddable":true,"href":"https:\/\/blogdiario.info\/magazine\/wp-json\/wp\/v2\/media\/2736"}],"wp:attachment":[{"href":"https:\/\/blogdiario.info\/magazine\/wp-json\/wp\/v2\/media?parent=2733"}],"wp:term":[{"taxonomy":"category","embeddable":true,"href":"https:\/\/blogdiario.info\/magazine\/wp-json\/wp\/v2\/categories?post=2733"},{"taxonomy":"post_tag","embeddable":true,"href":"https:\/\/blogdiario.info\/magazine\/wp-json\/wp\/v2\/tags?post=2733"}],"curies":[{"name":"wp","href":"https:\/\/api.w.org\/{rel}","templated":true}]}}