{"id":2730,"date":"2026-01-12T18:52:58","date_gmt":"2026-01-12T17:52:58","guid":{"rendered":"https:\/\/blogdiario.info\/magazine\/?p=2730"},"modified":"2026-01-12T18:52:58","modified_gmt":"2026-01-12T17:52:58","slug":"repressione-avanza","status":"publish","type":"post","link":"https:\/\/blogdiario.info\/magazine\/2026\/01\/12\/repressione-avanza\/","title":{"rendered":"Il blackout pol\u00edtico dell\u2019Ir\u00e1n"},"content":{"rendered":"\n<figure class=\"wp-block-image size-large\"><img loading=\"lazy\" decoding=\"async\" width=\"600\" height=\"399\" src=\"https:\/\/blogdiario.info\/magazine\/images\/2026\/01\/img_0068.jpg\" alt=\"\" class=\"wp-image-2728\" srcset=\"https:\/\/blogdiario.info\/magazine\/images\/2026\/01\/img_0068.jpg 600w, https:\/\/blogdiario.info\/magazine\/images\/2026\/01\/img_0068-300x200.jpg 300w\" sizes=\"auto, (max-width: 600px) 100vw, 600px\" \/><\/figure>\n\n\n\n<p class=\"p1\">Il brusio di un possibile intervento militare torna a farsi sentire a Washington mentre l\u2019Iran brucia dall\u2019interno. Il presidente Trump sta valutando le opzioni di fronte a un regime che risponde con proiettili alle proteste, e lo fa con un tono di minaccia calcolata: \u201cchiusi, carichi e pronti\u201d. Il linguaggio \u00e8 duro; la decisione, per ora, contenuta.<\/p>\n\n\n\n<p class=\"p1\">La Casa Bianca ha ricevuto rapporti e scenari, ma prevalgono le alternative non cinetiche: cyberattacchi, sanzioni, dispiegamenti dissuasivi. Non si tratta di prudenza disinteressata. All\u2019interno dell\u2019amministrazione si teme che un\u2019azione militare possa spezzare, anzich\u00e9 rafforzare, una rivolta che nasce dalla strada e non dall\u2019estero.<\/p>\n\n\n\n<p class=\"p1\">Nel frattempo, in Iran, la repressione avanza sotto l\u2019ombra di un blackout informativo quasi totale. Testimonianze frammentarie descrivono colpi d\u2019arma da fuoco contro manifestanti disarmati, ospedali al collasso e obitori senza nomi. Il numero dei morti, secondo le organizzazioni per i diritti umani, supera i duecento e minaccia di crescere.<\/p>\n\n\n\n<p class=\"p1\">Le proteste, iniziate a fine dicembre, hanno sfidato la paura con una parola d\u2019ordine semplice: la fine della Repubblica Islamica. L\u2019obiettivo ultimo \u00e8 rovesciare uno dei leader pi\u00f9 longevi del pianeta, l\u2019ayatollah Ali Khamenei, simbolo di un potere che invecchia senza cedere.<\/p>\n\n\n\n<p class=\"p1\">Il blackout nazionale non \u00e8 solo tecnico; \u00e8 politico. Senza Internet n\u00e9 chiamate internazionali, l\u2019economia quotidiana si paralizza e la violenza diventa invisibile. I droni sostituiscono le telecamere spente, e la notte si riempie di spari dove prima c\u2019erano slogan.<\/p>\n\n\n\n<p class=\"p1\">Dall\u2019esilio, Reza Pahlavi ha incoraggiato nuove mobilitazioni, presentandosi per alcuni come figura di transizione. Washington, tuttavia, evita di abbracciare apertamente questa carta: qualsiasi gesto esplicito potrebbe servire al regime per screditare la protesta come una cospirazione straniera.<\/p>\n\n\n\n<p class=\"p1\">Le autorit\u00e0 iraniane, dal canto loro, irrigidiscono il discorso. Arresti \u201csignificativi\u201d, avvertimenti giudiziari e accuse di terrorismo importato mirano a ristabilire il controllo. La televisione di Stato continua a trasmettere, immune al blackout, come se il Paese non fosse in fiamme.<\/p>\n\n\n\n<p class=\"p1\">In questo equilibrio instabile, gli Stati Uniti camminano su una fune sottile. Intervenire troppo presto pu\u00f2 soffocare una ribellione autentica; non fare nulla espone Washington all\u2019accusa di indifferenza di fronte a un massacro. La storia recente insegna che le decisioni prese da lontano si pagano spesso da vicino.<\/p>\n\n\n\n<p class=\"p1\">La domanda, dunque, non \u00e8 solo se ci sar\u00e0 un attacco, ma se il mondo sapr\u00e0 guardare senza interferire e senza distogliere lo sguardo. In Iran, oggi, il silenzio imposto vale pi\u00f9 di qualsiasi missile. E romperlo, con intelligenza e misura, pu\u00f2 essere pi\u00f9 decisivo che sparare il primo colpo.<\/p>\n\n\n\n<p><\/p>\n<<small>\u00a9\ufe0f 2026 BlogDiario.info \u2013 All Rights Reserved \u2013 SalaStampa.eu, world press service &#8211; Guzzo Photos &#038; Graphic Publications \u2013 Registro Editori e Stampatori n. 1441 Turin, Italy<\/small>!&#8211; \/wp:paragraph &#8211;>\n\n<p><\/p>\n\n\n<p><\/p>\n\n","protected":false},"excerpt":{"rendered":"<p>Il brusio di un possibile intervento militare torna a farsi sentire a Washington mentre l\u2019Iran brucia dall\u2019interno.<\/p>\n","protected":false},"author":1,"featured_media":2727,"comment_status":"closed","ping_status":"closed","sticky":false,"template":"","format":"standard","meta":{"footnotes":"","_links_to":"","_links_to_target":""},"categories":[97,109,1,61,18,169],"tags":[156,193],"class_list":["post-2730","post","type-post","status-publish","format-standard","has-post-thumbnail","hentry","category-elcanillita","category-dc24","category-archivio","category-attualita","category-politica-ita","category-societa-valori","tag-iran","tag-stati-uniti","entry","rows"],"yoast_head":"<!-- This site is optimized with the Yoast SEO plugin v27.4 - https:\/\/yoast.com\/product\/yoast-seo-wordpress\/ -->\n<title>Il blackout pol\u00edtico dell\u2019Ir\u00e1n - BlogDiario Magazine<\/title>\n<meta name=\"robots\" content=\"index, follow, max-snippet:-1, max-image-preview:large, max-video-preview:-1\" \/>\n<link rel=\"canonical\" href=\"https:\/\/blogdiario.info\/magazine\/2026\/01\/12\/repressione-avanza\/\" \/>\n<meta property=\"og:locale\" content=\"es_ES\" \/>\n<meta property=\"og:type\" content=\"article\" \/>\n<meta property=\"og:title\" content=\"Il blackout pol\u00edtico dell\u2019Ir\u00e1n - BlogDiario Magazine\" \/>\n<meta property=\"og:description\" content=\"Il brusio di un possibile intervento militare torna a farsi sentire a Washington mentre l\u2019Iran brucia dall\u2019interno.\" \/>\n<meta property=\"og:url\" content=\"https:\/\/blogdiario.info\/magazine\/2026\/01\/12\/repressione-avanza\/\" \/>\n<meta property=\"og:site_name\" content=\"BlogDiario Magazine\" \/>\n<meta property=\"article:published_time\" content=\"2026-01-12T17:52:58+00:00\" \/>\n<meta property=\"og:image\" content=\"https:\/\/blogdiario.info\/magazine\/images\/2026\/01\/img_0071.jpg\" \/>\n\t<meta property=\"og:image:width\" content=\"540\" \/>\n\t<meta property=\"og:image:height\" content=\"583\" \/>\n\t<meta property=\"og:image:type\" content=\"image\/jpeg\" \/>\n<meta name=\"author\" content=\"World Press Service | Servicio de Prensa Mundial\" \/>\n<meta name=\"twitter:card\" content=\"summary_large_image\" \/>\n<meta name=\"twitter:label1\" content=\"Escrito por\" \/>\n\t<meta name=\"twitter:data1\" content=\"World Press Service | Servicio de Prensa Mundial\" \/>\n\t<meta name=\"twitter:label2\" content=\"Tiempo de lectura\" \/>\n\t<meta name=\"twitter:data2\" content=\"2 minutos\" \/>\n<script type=\"application\/ld+json\" class=\"yoast-schema-graph\">{\"@context\":\"https:\\\/\\\/schema.org\",\"@graph\":[{\"@type\":\"Article\",\"@id\":\"https:\\\/\\\/blogdiario.info\\\/magazine\\\/2026\\\/01\\\/12\\\/repressione-avanza\\\/#article\",\"isPartOf\":{\"@id\":\"https:\\\/\\\/blogdiario.info\\\/magazine\\\/2026\\\/01\\\/12\\\/repressione-avanza\\\/\"},\"author\":{\"name\":\"World Press Service | Servicio de Prensa Mundial\",\"@id\":\"https:\\\/\\\/blogdiario.info\\\/magazine\\\/#\\\/schema\\\/person\\\/b2422fe85574d945bad55513bb0c7354\"},\"headline\":\"Il blackout pol\u00edtico dell\u2019Ir\u00e1n\",\"datePublished\":\"2026-01-12T17:52:58+00:00\",\"mainEntityOfPage\":{\"@id\":\"https:\\\/\\\/blogdiario.info\\\/magazine\\\/2026\\\/01\\\/12\\\/repressione-avanza\\\/\"},\"wordCount\":426,\"publisher\":{\"@id\":\"https:\\\/\\\/blogdiario.info\\\/magazine\\\/#organization\"},\"image\":{\"@id\":\"https:\\\/\\\/blogdiario.info\\\/magazine\\\/2026\\\/01\\\/12\\\/repressione-avanza\\\/#primaryimage\"},\"thumbnailUrl\":\"https:\\\/\\\/blogdiario.info\\\/magazine\\\/images\\\/2026\\\/01\\\/img_0071.jpg\",\"keywords\":[\"Iran\",\"Stati Uniti\"],\"articleSection\":[\".\",\".\",\"Archivo\",\"Attualit\u00e0\",\"Politica\",\"Societ\u00e0 &amp; Valori\"],\"inLanguage\":\"es-AR\"},{\"@type\":\"WebPage\",\"@id\":\"https:\\\/\\\/blogdiario.info\\\/magazine\\\/2026\\\/01\\\/12\\\/repressione-avanza\\\/\",\"url\":\"https:\\\/\\\/blogdiario.info\\\/magazine\\\/2026\\\/01\\\/12\\\/repressione-avanza\\\/\",\"name\":\"Il blackout pol\u00edtico dell\u2019Ir\u00e1n - BlogDiario Magazine\",\"isPartOf\":{\"@id\":\"https:\\\/\\\/blogdiario.info\\\/magazine\\\/#website\"},\"primaryImageOfPage\":{\"@id\":\"https:\\\/\\\/blogdiario.info\\\/magazine\\\/2026\\\/01\\\/12\\\/repressione-avanza\\\/#primaryimage\"},\"image\":{\"@id\":\"https:\\\/\\\/blogdiario.info\\\/magazine\\\/2026\\\/01\\\/12\\\/repressione-avanza\\\/#primaryimage\"},\"thumbnailUrl\":\"https:\\\/\\\/blogdiario.info\\\/magazine\\\/images\\\/2026\\\/01\\\/img_0071.jpg\",\"datePublished\":\"2026-01-12T17:52:58+00:00\",\"breadcrumb\":{\"@id\":\"https:\\\/\\\/blogdiario.info\\\/magazine\\\/2026\\\/01\\\/12\\\/repressione-avanza\\\/#breadcrumb\"},\"inLanguage\":\"es-AR\",\"potentialAction\":[{\"@type\":\"ReadAction\",\"target\":[\"https:\\\/\\\/blogdiario.info\\\/magazine\\\/2026\\\/01\\\/12\\\/repressione-avanza\\\/\"]}]},{\"@type\":\"ImageObject\",\"inLanguage\":\"es-AR\",\"@id\":\"https:\\\/\\\/blogdiario.info\\\/magazine\\\/2026\\\/01\\\/12\\\/repressione-avanza\\\/#primaryimage\",\"url\":\"https:\\\/\\\/blogdiario.info\\\/magazine\\\/images\\\/2026\\\/01\\\/img_0071.jpg\",\"contentUrl\":\"https:\\\/\\\/blogdiario.info\\\/magazine\\\/images\\\/2026\\\/01\\\/img_0071.jpg\",\"width\":540,\"height\":583},{\"@type\":\"BreadcrumbList\",\"@id\":\"https:\\\/\\\/blogdiario.info\\\/magazine\\\/2026\\\/01\\\/12\\\/repressione-avanza\\\/#breadcrumb\",\"itemListElement\":[{\"@type\":\"ListItem\",\"position\":1,\"name\":\"Home\",\"item\":\"https:\\\/\\\/blogdiario.info\\\/magazine\\\/\"},{\"@type\":\"ListItem\",\"position\":2,\"name\":\"Il blackout pol\u00edtico dell\u2019Ir\u00e1n\"}]},{\"@type\":\"WebSite\",\"@id\":\"https:\\\/\\\/blogdiario.info\\\/magazine\\\/#website\",\"url\":\"https:\\\/\\\/blogdiario.info\\\/magazine\\\/\",\"name\":\"BlogDiario Magazine\",\"description\":\"Suplemento multiling\u00fce de ElCanillita.Info\",\"publisher\":{\"@id\":\"https:\\\/\\\/blogdiario.info\\\/magazine\\\/#organization\"},\"potentialAction\":[{\"@type\":\"SearchAction\",\"target\":{\"@type\":\"EntryPoint\",\"urlTemplate\":\"https:\\\/\\\/blogdiario.info\\\/magazine\\\/?s={search_term_string}\"},\"query-input\":{\"@type\":\"PropertyValueSpecification\",\"valueRequired\":true,\"valueName\":\"search_term_string\"}}],\"inLanguage\":\"es-AR\"},{\"@type\":\"Organization\",\"@id\":\"https:\\\/\\\/blogdiario.info\\\/magazine\\\/#organization\",\"name\":\"Guzzo Photos & Graphic Publications\",\"url\":\"https:\\\/\\\/blogdiario.info\\\/magazine\\\/\",\"logo\":{\"@type\":\"ImageObject\",\"inLanguage\":\"es-AR\",\"@id\":\"https:\\\/\\\/blogdiario.info\\\/magazine\\\/#\\\/schema\\\/logo\\\/image\\\/\",\"url\":\"https:\\\/\\\/blogdiario.info\\\/magazine\\\/images\\\/2020\\\/01\\\/cropped-blogdia_magazine.jpg\",\"contentUrl\":\"https:\\\/\\\/blogdiario.info\\\/magazine\\\/images\\\/2020\\\/01\\\/cropped-blogdia_magazine.jpg\",\"width\":589,\"height\":55,\"caption\":\"Guzzo Photos & Graphic Publications\"},\"image\":{\"@id\":\"https:\\\/\\\/blogdiario.info\\\/magazine\\\/#\\\/schema\\\/logo\\\/image\\\/\"}},{\"@type\":\"Person\",\"@id\":\"https:\\\/\\\/blogdiario.info\\\/magazine\\\/#\\\/schema\\\/person\\\/b2422fe85574d945bad55513bb0c7354\",\"name\":\"World Press Service | Servicio de Prensa Mundial\"}]}<\/script>\n<!-- \/ Yoast SEO plugin. -->","yoast_head_json":{"title":"Il blackout pol\u00edtico dell\u2019Ir\u00e1n - BlogDiario Magazine","robots":{"index":"index","follow":"follow","max-snippet":"max-snippet:-1","max-image-preview":"max-image-preview:large","max-video-preview":"max-video-preview:-1"},"canonical":"https:\/\/blogdiario.info\/magazine\/2026\/01\/12\/repressione-avanza\/","og_locale":"es_ES","og_type":"article","og_title":"Il blackout pol\u00edtico dell\u2019Ir\u00e1n - BlogDiario Magazine","og_description":"Il brusio di un possibile intervento militare torna a farsi sentire a Washington mentre l\u2019Iran brucia dall\u2019interno.","og_url":"https:\/\/blogdiario.info\/magazine\/2026\/01\/12\/repressione-avanza\/","og_site_name":"BlogDiario Magazine","article_published_time":"2026-01-12T17:52:58+00:00","og_image":[{"width":540,"height":583,"url":"https:\/\/blogdiario.info\/magazine\/images\/2026\/01\/img_0071.jpg","type":"image\/jpeg"}],"author":"World Press Service | Servicio de Prensa Mundial","twitter_card":"summary_large_image","twitter_misc":{"Escrito por":"World Press Service | Servicio de Prensa Mundial","Tiempo de lectura":"2 minutos"},"schema":{"@context":"https:\/\/schema.org","@graph":[{"@type":"Article","@id":"https:\/\/blogdiario.info\/magazine\/2026\/01\/12\/repressione-avanza\/#article","isPartOf":{"@id":"https:\/\/blogdiario.info\/magazine\/2026\/01\/12\/repressione-avanza\/"},"author":{"name":"World Press Service | Servicio de Prensa Mundial","@id":"https:\/\/blogdiario.info\/magazine\/#\/schema\/person\/b2422fe85574d945bad55513bb0c7354"},"headline":"Il blackout pol\u00edtico dell\u2019Ir\u00e1n","datePublished":"2026-01-12T17:52:58+00:00","mainEntityOfPage":{"@id":"https:\/\/blogdiario.info\/magazine\/2026\/01\/12\/repressione-avanza\/"},"wordCount":426,"publisher":{"@id":"https:\/\/blogdiario.info\/magazine\/#organization"},"image":{"@id":"https:\/\/blogdiario.info\/magazine\/2026\/01\/12\/repressione-avanza\/#primaryimage"},"thumbnailUrl":"https:\/\/blogdiario.info\/magazine\/images\/2026\/01\/img_0071.jpg","keywords":["Iran","Stati Uniti"],"articleSection":[".",".","Archivo","Attualit\u00e0","Politica","Societ\u00e0 &amp; Valori"],"inLanguage":"es-AR"},{"@type":"WebPage","@id":"https:\/\/blogdiario.info\/magazine\/2026\/01\/12\/repressione-avanza\/","url":"https:\/\/blogdiario.info\/magazine\/2026\/01\/12\/repressione-avanza\/","name":"Il blackout pol\u00edtico dell\u2019Ir\u00e1n - BlogDiario Magazine","isPartOf":{"@id":"https:\/\/blogdiario.info\/magazine\/#website"},"primaryImageOfPage":{"@id":"https:\/\/blogdiario.info\/magazine\/2026\/01\/12\/repressione-avanza\/#primaryimage"},"image":{"@id":"https:\/\/blogdiario.info\/magazine\/2026\/01\/12\/repressione-avanza\/#primaryimage"},"thumbnailUrl":"https:\/\/blogdiario.info\/magazine\/images\/2026\/01\/img_0071.jpg","datePublished":"2026-01-12T17:52:58+00:00","breadcrumb":{"@id":"https:\/\/blogdiario.info\/magazine\/2026\/01\/12\/repressione-avanza\/#breadcrumb"},"inLanguage":"es-AR","potentialAction":[{"@type":"ReadAction","target":["https:\/\/blogdiario.info\/magazine\/2026\/01\/12\/repressione-avanza\/"]}]},{"@type":"ImageObject","inLanguage":"es-AR","@id":"https:\/\/blogdiario.info\/magazine\/2026\/01\/12\/repressione-avanza\/#primaryimage","url":"https:\/\/blogdiario.info\/magazine\/images\/2026\/01\/img_0071.jpg","contentUrl":"https:\/\/blogdiario.info\/magazine\/images\/2026\/01\/img_0071.jpg","width":540,"height":583},{"@type":"BreadcrumbList","@id":"https:\/\/blogdiario.info\/magazine\/2026\/01\/12\/repressione-avanza\/#breadcrumb","itemListElement":[{"@type":"ListItem","position":1,"name":"Home","item":"https:\/\/blogdiario.info\/magazine\/"},{"@type":"ListItem","position":2,"name":"Il blackout pol\u00edtico dell\u2019Ir\u00e1n"}]},{"@type":"WebSite","@id":"https:\/\/blogdiario.info\/magazine\/#website","url":"https:\/\/blogdiario.info\/magazine\/","name":"BlogDiario Magazine","description":"Suplemento multiling\u00fce de ElCanillita.Info","publisher":{"@id":"https:\/\/blogdiario.info\/magazine\/#organization"},"potentialAction":[{"@type":"SearchAction","target":{"@type":"EntryPoint","urlTemplate":"https:\/\/blogdiario.info\/magazine\/?s={search_term_string}"},"query-input":{"@type":"PropertyValueSpecification","valueRequired":true,"valueName":"search_term_string"}}],"inLanguage":"es-AR"},{"@type":"Organization","@id":"https:\/\/blogdiario.info\/magazine\/#organization","name":"Guzzo Photos & Graphic Publications","url":"https:\/\/blogdiario.info\/magazine\/","logo":{"@type":"ImageObject","inLanguage":"es-AR","@id":"https:\/\/blogdiario.info\/magazine\/#\/schema\/logo\/image\/","url":"https:\/\/blogdiario.info\/magazine\/images\/2020\/01\/cropped-blogdia_magazine.jpg","contentUrl":"https:\/\/blogdiario.info\/magazine\/images\/2020\/01\/cropped-blogdia_magazine.jpg","width":589,"height":55,"caption":"Guzzo Photos & Graphic Publications"},"image":{"@id":"https:\/\/blogdiario.info\/magazine\/#\/schema\/logo\/image\/"}},{"@type":"Person","@id":"https:\/\/blogdiario.info\/magazine\/#\/schema\/person\/b2422fe85574d945bad55513bb0c7354","name":"World Press Service | Servicio de Prensa Mundial"}]}},"views":110,"_links":{"self":[{"href":"https:\/\/blogdiario.info\/magazine\/wp-json\/wp\/v2\/posts\/2730","targetHints":{"allow":["GET"]}}],"collection":[{"href":"https:\/\/blogdiario.info\/magazine\/wp-json\/wp\/v2\/posts"}],"about":[{"href":"https:\/\/blogdiario.info\/magazine\/wp-json\/wp\/v2\/types\/post"}],"author":[{"embeddable":true,"href":"https:\/\/blogdiario.info\/magazine\/wp-json\/wp\/v2\/users\/1"}],"replies":[{"embeddable":true,"href":"https:\/\/blogdiario.info\/magazine\/wp-json\/wp\/v2\/comments?post=2730"}],"version-history":[{"count":0,"href":"https:\/\/blogdiario.info\/magazine\/wp-json\/wp\/v2\/posts\/2730\/revisions"}],"wp:featuredmedia":[{"embeddable":true,"href":"https:\/\/blogdiario.info\/magazine\/wp-json\/wp\/v2\/media\/2727"}],"wp:attachment":[{"href":"https:\/\/blogdiario.info\/magazine\/wp-json\/wp\/v2\/media?parent=2730"}],"wp:term":[{"taxonomy":"category","embeddable":true,"href":"https:\/\/blogdiario.info\/magazine\/wp-json\/wp\/v2\/categories?post=2730"},{"taxonomy":"post_tag","embeddable":true,"href":"https:\/\/blogdiario.info\/magazine\/wp-json\/wp\/v2\/tags?post=2730"}],"curies":[{"name":"wp","href":"https:\/\/api.w.org\/{rel}","templated":true}]}}