{"id":2717,"date":"2026-01-10T05:42:17","date_gmt":"2026-01-10T04:42:17","guid":{"rendered":"https:\/\/blogdiario.info\/magazine\/?p=2717"},"modified":"2026-01-10T05:42:17","modified_gmt":"2026-01-10T04:42:17","slug":"segnale-di-paura","status":"publish","type":"post","link":"https:\/\/blogdiario.info\/magazine\/2026\/01\/10\/segnale-di-paura\/","title":{"rendered":"L\u2019ora del riflesso autoritario"},"content":{"rendered":"\n<figure class=\"wp-block-image size-large\"><img loading=\"lazy\" decoding=\"async\" width=\"600\" height=\"377\" src=\"https:\/\/blogdiario.info\/magazine\/images\/2026\/01\/img_1417.jpg\" alt=\"\" class=\"wp-image-2713\" srcset=\"https:\/\/blogdiario.info\/magazine\/images\/2026\/01\/img_1417.jpg 600w, https:\/\/blogdiario.info\/magazine\/images\/2026\/01\/img_1417-300x189.jpg 300w\" sizes=\"auto, (max-width: 600px) 100vw, 600px\" \/><\/figure>\n\n\n\n<p class=\"p1\">Il potere in Iran torna a chiudersi su se stesso. L\u2019ordine della Guida Suprema, Ali Jamenei, di porre i servizi di sicurezza in stato di massima allerta non \u00e8 un gesto di forza, ma un segnale di paura: quando la strada si muove e la lealt\u00e0 vacilla, il regime risponde concentrando il comando.<\/p>\n\n\n\n<p class=\"p1\">La decisione di affidare la repressione al Corpo delle Guardie della Rivoluzione Islamica conferma questa diagnosi. La Guardia non \u00e8 soltanto una forza armata; \u00e8 l\u2019assicurazione sulla vita politica del sistema. Il fatto che debba occupare le strade rivela il timore di diserzioni nell\u2019esercito regolare e nella polizia, pilastri tradizionali dell\u2019ordine interno.<\/p>\n\n\n\n<figure class=\"wp-block-image size-large\"><img loading=\"lazy\" decoding=\"async\" width=\"600\" height=\"376\" src=\"https:\/\/blogdiario.info\/magazine\/images\/2026\/01\/img_1419.jpg\" alt=\"\" class=\"wp-image-2714\" srcset=\"https:\/\/blogdiario.info\/magazine\/images\/2026\/01\/img_1419.jpg 600w, https:\/\/blogdiario.info\/magazine\/images\/2026\/01\/img_1419-300x188.jpg 300w\" sizes=\"auto, (max-width: 600px) 100vw, 600px\" \/><\/figure>\n\n\n\n<p class=\"p1\">Le notizie su agenti arrestati per essersi rifiutati di sparare sui manifestanti sono particolarmente eloquenti. L\u2019obbedienza, base del controllo, inizia a incrinarsi quando la violenza non \u00e8 pi\u00f9 indiscutibile nemmeno per chi la esercita. \u00c8 l\u00ec che la repressione perde efficacia e aumenta i costi.<\/p>\n\n\n\n<p class=\"p1\">Il contesto regionale aggrava il quadro. Dopo la guerra con Israele e l\u2019esibizione delle \u201ccitt\u00e0 sotterranee di missili\u201d, Teheran cerca di mostrare deterrenza all\u2019esterno mentre tenta di soffocare la pressione interna. Ma la militarizzazione totale non sostituisce la legittimit\u00e0: al massimo la rinvia.<\/p>\n\n\n\n<p class=\"p1\">Dall\u2019esterno, le avvertenze si moltiplicano. Donald Trump minaccia punizioni \u201cdove fa pi\u00f9 male\u201d, mentre l\u2019Europa condanna la violenza contro i civili. Il regime risponde con una retorica di sfida, consapevole che qualsiasi intervento esterno potrebbe temporaneamente compattare i ranghi, ma anche far salire il livello del conflitto.<\/p>\n\n\n\n<p class=\"p1\">Il numero dei morti e dei detenuti, il taglio di Internet e l\u2019interruzione dei voli descrivono un paese in uno stato di emergenza non dichiarato. L\u2019isolamento informativo mira a controllare il racconto, ma rivela anche insicurezza: quando la rete viene spenta, \u00e8 spesso perch\u00e9 il potere teme ci\u00f2 che circola.<\/p>\n\n\n\n<figure class=\"wp-block-image size-large\"><img loading=\"lazy\" decoding=\"async\" width=\"601\" height=\"376\" src=\"https:\/\/blogdiario.info\/magazine\/images\/2026\/01\/img_1418.jpg\" alt=\"\" class=\"wp-image-2715\" srcset=\"https:\/\/blogdiario.info\/magazine\/images\/2026\/01\/img_1418.jpg 601w, https:\/\/blogdiario.info\/magazine\/images\/2026\/01\/img_1418-300x188.jpg 300w\" sizes=\"auto, (max-width: 601px) 100vw, 601px\" \/><\/figure>\n\n\n\n<p class=\"p1\">Le proteste sono nate dall\u2019economia \u2014 valuta in caduta, prezzi in aumento \u2014 e si sono trasformate in un rifiuto politico pi\u00f9 ampio. Questo passaggio \u00e8 decisivo: quando il disagio materiale diventa una parola d\u2019ordine contro il regime, la crisi smette di essere congiunturale.<\/p>\n\n\n\n<p class=\"p1\">L\u2019Iran non vive ancora un punto di rottura definitivo, ma attraversa una fase di profondo logoramento. La \u201cmodalit\u00e0 sopravvivenza\u201d ammessa dagli stessi funzionari \u00e8 incompatibile con la stabilit\u00e0 di lungo periodo. Governare solo con la paura pu\u00f2 contenere per un po\u2019; raramente risolve.<\/p>\n\n\n\n<p class=\"p1\">In questo equilibrio precario, il regime scommette sulla resistenza. La domanda non \u00e8 pi\u00f9 se possa reprimere, ma per quanto tempo potr\u00e0 farlo senza che la repressione stessa acceleri ci\u00f2 che intende evitare.<\/p>\n\n\n\n<p><\/p>\n\n\n\n<p>\u270d\ufe0f \u00a9 2026 Il Cartografo del Disordine &#8211; Tutti i diritti riservati<\/p>\n\n\n\n<p><\/p>\n\n\n<hr style=\"\n    border: none;\n    height: 1px;\n    background: linear-gradient(to right, transparent, #ccc, transparent);\n    margin: 0;\n\" \/>\n<\/p>\n<p><small>\u00a9\ufe0f2026  Guzzo Photos  &#038; Graphic Publications \u2013 All Rights Reserved \u2013 Copyright \u00a9\ufe0f 2026 SalaStampa.eu, world press service \u2013 Guzzo Photos &#038; Graphic Publications \u2013 Registro Editori e Stampatori n. 1441 Turin, Italy<\/small><\/p>\n\n\n<p><\/p>\n","protected":false},"excerpt":{"rendered":"<p>Il regime iraniano attiva il suo riflesso pi\u00f9 noto \u2014 la coercizione \u2014 di fronte a proteste persistenti che mettono a nudo fratture interne, pressioni esterne e una governabilit\u00e0 sempre pi\u00f9 fragile.<\/p>\n","protected":false},"author":1,"featured_media":2716,"comment_status":"closed","ping_status":"closed","sticky":false,"template":"","format":"standard","meta":{"footnotes":"","_links_to":"","_links_to_target":""},"categories":[97,109,61,189,155,18,169],"tags":[156],"class_list":["post-2717","post","type-post","status-publish","format-standard","has-post-thumbnail","hentry","category-elcanillita","category-dc24","category-attualita","category-forze-armate","category-iran","category-politica-ita","category-societa-valori","tag-iran","entry","rows"],"yoast_head":"<!-- This site is optimized with the Yoast SEO plugin v27.4 - https:\/\/yoast.com\/product\/yoast-seo-wordpress\/ -->\n<title>L\u2019ora del riflesso autoritario - BlogDiario Magazine<\/title>\n<meta name=\"robots\" content=\"index, follow, max-snippet:-1, max-image-preview:large, max-video-preview:-1\" \/>\n<link rel=\"canonical\" href=\"https:\/\/blogdiario.info\/magazine\/2026\/01\/10\/segnale-di-paura\/\" \/>\n<meta property=\"og:locale\" content=\"es_ES\" \/>\n<meta property=\"og:type\" content=\"article\" \/>\n<meta property=\"og:title\" content=\"L\u2019ora del riflesso autoritario - BlogDiario Magazine\" \/>\n<meta property=\"og:description\" content=\"Il regime iraniano attiva il suo riflesso pi\u00f9 noto \u2014 la coercizione \u2014 di fronte a proteste persistenti che mettono a nudo fratture interne, pressioni esterne e una governabilit\u00e0 sempre pi\u00f9 fragile.\" \/>\n<meta property=\"og:url\" content=\"https:\/\/blogdiario.info\/magazine\/2026\/01\/10\/segnale-di-paura\/\" \/>\n<meta property=\"og:site_name\" content=\"BlogDiario Magazine\" \/>\n<meta property=\"article:published_time\" content=\"2026-01-10T04:42:17+00:00\" \/>\n<meta property=\"og:image\" content=\"https:\/\/blogdiario.info\/magazine\/images\/2026\/01\/img_1420.jpg\" \/>\n\t<meta property=\"og:image:width\" content=\"550\" \/>\n\t<meta property=\"og:image:height\" content=\"549\" \/>\n\t<meta property=\"og:image:type\" content=\"image\/jpeg\" \/>\n<meta name=\"author\" content=\"World Press Service | Servicio de Prensa Mundial\" \/>\n<meta name=\"twitter:card\" content=\"summary_large_image\" \/>\n<meta name=\"twitter:label1\" content=\"Escrito por\" \/>\n\t<meta name=\"twitter:data1\" content=\"World Press Service | Servicio de Prensa Mundial\" \/>\n\t<meta name=\"twitter:label2\" content=\"Tiempo de lectura\" \/>\n\t<meta name=\"twitter:data2\" content=\"2 minutos\" \/>\n<script type=\"application\/ld+json\" class=\"yoast-schema-graph\">{\"@context\":\"https:\\\/\\\/schema.org\",\"@graph\":[{\"@type\":\"Article\",\"@id\":\"https:\\\/\\\/blogdiario.info\\\/magazine\\\/2026\\\/01\\\/10\\\/segnale-di-paura\\\/#article\",\"isPartOf\":{\"@id\":\"https:\\\/\\\/blogdiario.info\\\/magazine\\\/2026\\\/01\\\/10\\\/segnale-di-paura\\\/\"},\"author\":{\"name\":\"World Press Service | Servicio de Prensa Mundial\",\"@id\":\"https:\\\/\\\/blogdiario.info\\\/magazine\\\/#\\\/schema\\\/person\\\/b2422fe85574d945bad55513bb0c7354\"},\"headline\":\"L\u2019ora del riflesso autoritario\",\"datePublished\":\"2026-01-10T04:42:17+00:00\",\"mainEntityOfPage\":{\"@id\":\"https:\\\/\\\/blogdiario.info\\\/magazine\\\/2026\\\/01\\\/10\\\/segnale-di-paura\\\/\"},\"wordCount\":451,\"publisher\":{\"@id\":\"https:\\\/\\\/blogdiario.info\\\/magazine\\\/#organization\"},\"image\":{\"@id\":\"https:\\\/\\\/blogdiario.info\\\/magazine\\\/2026\\\/01\\\/10\\\/segnale-di-paura\\\/#primaryimage\"},\"thumbnailUrl\":\"https:\\\/\\\/blogdiario.info\\\/magazine\\\/images\\\/2026\\\/01\\\/img_1420.jpg\",\"keywords\":[\"Iran\"],\"articleSection\":[\".\",\".\",\"Attualit\u00e0\",\"Forze Armate\",\"Iran\",\"Politica\",\"Societ\u00e0 &amp; Valori\"],\"inLanguage\":\"es-AR\"},{\"@type\":\"WebPage\",\"@id\":\"https:\\\/\\\/blogdiario.info\\\/magazine\\\/2026\\\/01\\\/10\\\/segnale-di-paura\\\/\",\"url\":\"https:\\\/\\\/blogdiario.info\\\/magazine\\\/2026\\\/01\\\/10\\\/segnale-di-paura\\\/\",\"name\":\"L\u2019ora del riflesso autoritario - BlogDiario Magazine\",\"isPartOf\":{\"@id\":\"https:\\\/\\\/blogdiario.info\\\/magazine\\\/#website\"},\"primaryImageOfPage\":{\"@id\":\"https:\\\/\\\/blogdiario.info\\\/magazine\\\/2026\\\/01\\\/10\\\/segnale-di-paura\\\/#primaryimage\"},\"image\":{\"@id\":\"https:\\\/\\\/blogdiario.info\\\/magazine\\\/2026\\\/01\\\/10\\\/segnale-di-paura\\\/#primaryimage\"},\"thumbnailUrl\":\"https:\\\/\\\/blogdiario.info\\\/magazine\\\/images\\\/2026\\\/01\\\/img_1420.jpg\",\"datePublished\":\"2026-01-10T04:42:17+00:00\",\"breadcrumb\":{\"@id\":\"https:\\\/\\\/blogdiario.info\\\/magazine\\\/2026\\\/01\\\/10\\\/segnale-di-paura\\\/#breadcrumb\"},\"inLanguage\":\"es-AR\",\"potentialAction\":[{\"@type\":\"ReadAction\",\"target\":[\"https:\\\/\\\/blogdiario.info\\\/magazine\\\/2026\\\/01\\\/10\\\/segnale-di-paura\\\/\"]}]},{\"@type\":\"ImageObject\",\"inLanguage\":\"es-AR\",\"@id\":\"https:\\\/\\\/blogdiario.info\\\/magazine\\\/2026\\\/01\\\/10\\\/segnale-di-paura\\\/#primaryimage\",\"url\":\"https:\\\/\\\/blogdiario.info\\\/magazine\\\/images\\\/2026\\\/01\\\/img_1420.jpg\",\"contentUrl\":\"https:\\\/\\\/blogdiario.info\\\/magazine\\\/images\\\/2026\\\/01\\\/img_1420.jpg\",\"width\":550,\"height\":549},{\"@type\":\"BreadcrumbList\",\"@id\":\"https:\\\/\\\/blogdiario.info\\\/magazine\\\/2026\\\/01\\\/10\\\/segnale-di-paura\\\/#breadcrumb\",\"itemListElement\":[{\"@type\":\"ListItem\",\"position\":1,\"name\":\"Home\",\"item\":\"https:\\\/\\\/blogdiario.info\\\/magazine\\\/\"},{\"@type\":\"ListItem\",\"position\":2,\"name\":\"L\u2019ora del riflesso autoritario\"}]},{\"@type\":\"WebSite\",\"@id\":\"https:\\\/\\\/blogdiario.info\\\/magazine\\\/#website\",\"url\":\"https:\\\/\\\/blogdiario.info\\\/magazine\\\/\",\"name\":\"BlogDiario Magazine\",\"description\":\"Suplemento multiling\u00fce de ElCanillita.Info\",\"publisher\":{\"@id\":\"https:\\\/\\\/blogdiario.info\\\/magazine\\\/#organization\"},\"potentialAction\":[{\"@type\":\"SearchAction\",\"target\":{\"@type\":\"EntryPoint\",\"urlTemplate\":\"https:\\\/\\\/blogdiario.info\\\/magazine\\\/?s={search_term_string}\"},\"query-input\":{\"@type\":\"PropertyValueSpecification\",\"valueRequired\":true,\"valueName\":\"search_term_string\"}}],\"inLanguage\":\"es-AR\"},{\"@type\":\"Organization\",\"@id\":\"https:\\\/\\\/blogdiario.info\\\/magazine\\\/#organization\",\"name\":\"Guzzo Photos & Graphic Publications\",\"url\":\"https:\\\/\\\/blogdiario.info\\\/magazine\\\/\",\"logo\":{\"@type\":\"ImageObject\",\"inLanguage\":\"es-AR\",\"@id\":\"https:\\\/\\\/blogdiario.info\\\/magazine\\\/#\\\/schema\\\/logo\\\/image\\\/\",\"url\":\"https:\\\/\\\/blogdiario.info\\\/magazine\\\/images\\\/2020\\\/01\\\/cropped-blogdia_magazine.jpg\",\"contentUrl\":\"https:\\\/\\\/blogdiario.info\\\/magazine\\\/images\\\/2020\\\/01\\\/cropped-blogdia_magazine.jpg\",\"width\":589,\"height\":55,\"caption\":\"Guzzo Photos & Graphic Publications\"},\"image\":{\"@id\":\"https:\\\/\\\/blogdiario.info\\\/magazine\\\/#\\\/schema\\\/logo\\\/image\\\/\"}},{\"@type\":\"Person\",\"@id\":\"https:\\\/\\\/blogdiario.info\\\/magazine\\\/#\\\/schema\\\/person\\\/b2422fe85574d945bad55513bb0c7354\",\"name\":\"World Press Service | Servicio de Prensa Mundial\"}]}<\/script>\n<!-- \/ Yoast SEO plugin. -->","yoast_head_json":{"title":"L\u2019ora del riflesso autoritario - BlogDiario Magazine","robots":{"index":"index","follow":"follow","max-snippet":"max-snippet:-1","max-image-preview":"max-image-preview:large","max-video-preview":"max-video-preview:-1"},"canonical":"https:\/\/blogdiario.info\/magazine\/2026\/01\/10\/segnale-di-paura\/","og_locale":"es_ES","og_type":"article","og_title":"L\u2019ora del riflesso autoritario - BlogDiario Magazine","og_description":"Il regime iraniano attiva il suo riflesso pi\u00f9 noto \u2014 la coercizione \u2014 di fronte a proteste persistenti che mettono a nudo fratture interne, pressioni esterne e una governabilit\u00e0 sempre pi\u00f9 fragile.","og_url":"https:\/\/blogdiario.info\/magazine\/2026\/01\/10\/segnale-di-paura\/","og_site_name":"BlogDiario Magazine","article_published_time":"2026-01-10T04:42:17+00:00","og_image":[{"width":550,"height":549,"url":"https:\/\/blogdiario.info\/magazine\/images\/2026\/01\/img_1420.jpg","type":"image\/jpeg"}],"author":"World Press Service | Servicio de Prensa Mundial","twitter_card":"summary_large_image","twitter_misc":{"Escrito por":"World Press Service | Servicio de Prensa Mundial","Tiempo de lectura":"2 minutos"},"schema":{"@context":"https:\/\/schema.org","@graph":[{"@type":"Article","@id":"https:\/\/blogdiario.info\/magazine\/2026\/01\/10\/segnale-di-paura\/#article","isPartOf":{"@id":"https:\/\/blogdiario.info\/magazine\/2026\/01\/10\/segnale-di-paura\/"},"author":{"name":"World Press Service | Servicio de Prensa Mundial","@id":"https:\/\/blogdiario.info\/magazine\/#\/schema\/person\/b2422fe85574d945bad55513bb0c7354"},"headline":"L\u2019ora del riflesso autoritario","datePublished":"2026-01-10T04:42:17+00:00","mainEntityOfPage":{"@id":"https:\/\/blogdiario.info\/magazine\/2026\/01\/10\/segnale-di-paura\/"},"wordCount":451,"publisher":{"@id":"https:\/\/blogdiario.info\/magazine\/#organization"},"image":{"@id":"https:\/\/blogdiario.info\/magazine\/2026\/01\/10\/segnale-di-paura\/#primaryimage"},"thumbnailUrl":"https:\/\/blogdiario.info\/magazine\/images\/2026\/01\/img_1420.jpg","keywords":["Iran"],"articleSection":[".",".","Attualit\u00e0","Forze Armate","Iran","Politica","Societ\u00e0 &amp; Valori"],"inLanguage":"es-AR"},{"@type":"WebPage","@id":"https:\/\/blogdiario.info\/magazine\/2026\/01\/10\/segnale-di-paura\/","url":"https:\/\/blogdiario.info\/magazine\/2026\/01\/10\/segnale-di-paura\/","name":"L\u2019ora del riflesso autoritario - BlogDiario Magazine","isPartOf":{"@id":"https:\/\/blogdiario.info\/magazine\/#website"},"primaryImageOfPage":{"@id":"https:\/\/blogdiario.info\/magazine\/2026\/01\/10\/segnale-di-paura\/#primaryimage"},"image":{"@id":"https:\/\/blogdiario.info\/magazine\/2026\/01\/10\/segnale-di-paura\/#primaryimage"},"thumbnailUrl":"https:\/\/blogdiario.info\/magazine\/images\/2026\/01\/img_1420.jpg","datePublished":"2026-01-10T04:42:17+00:00","breadcrumb":{"@id":"https:\/\/blogdiario.info\/magazine\/2026\/01\/10\/segnale-di-paura\/#breadcrumb"},"inLanguage":"es-AR","potentialAction":[{"@type":"ReadAction","target":["https:\/\/blogdiario.info\/magazine\/2026\/01\/10\/segnale-di-paura\/"]}]},{"@type":"ImageObject","inLanguage":"es-AR","@id":"https:\/\/blogdiario.info\/magazine\/2026\/01\/10\/segnale-di-paura\/#primaryimage","url":"https:\/\/blogdiario.info\/magazine\/images\/2026\/01\/img_1420.jpg","contentUrl":"https:\/\/blogdiario.info\/magazine\/images\/2026\/01\/img_1420.jpg","width":550,"height":549},{"@type":"BreadcrumbList","@id":"https:\/\/blogdiario.info\/magazine\/2026\/01\/10\/segnale-di-paura\/#breadcrumb","itemListElement":[{"@type":"ListItem","position":1,"name":"Home","item":"https:\/\/blogdiario.info\/magazine\/"},{"@type":"ListItem","position":2,"name":"L\u2019ora del riflesso autoritario"}]},{"@type":"WebSite","@id":"https:\/\/blogdiario.info\/magazine\/#website","url":"https:\/\/blogdiario.info\/magazine\/","name":"BlogDiario Magazine","description":"Suplemento multiling\u00fce de ElCanillita.Info","publisher":{"@id":"https:\/\/blogdiario.info\/magazine\/#organization"},"potentialAction":[{"@type":"SearchAction","target":{"@type":"EntryPoint","urlTemplate":"https:\/\/blogdiario.info\/magazine\/?s={search_term_string}"},"query-input":{"@type":"PropertyValueSpecification","valueRequired":true,"valueName":"search_term_string"}}],"inLanguage":"es-AR"},{"@type":"Organization","@id":"https:\/\/blogdiario.info\/magazine\/#organization","name":"Guzzo Photos & Graphic Publications","url":"https:\/\/blogdiario.info\/magazine\/","logo":{"@type":"ImageObject","inLanguage":"es-AR","@id":"https:\/\/blogdiario.info\/magazine\/#\/schema\/logo\/image\/","url":"https:\/\/blogdiario.info\/magazine\/images\/2020\/01\/cropped-blogdia_magazine.jpg","contentUrl":"https:\/\/blogdiario.info\/magazine\/images\/2020\/01\/cropped-blogdia_magazine.jpg","width":589,"height":55,"caption":"Guzzo Photos & Graphic Publications"},"image":{"@id":"https:\/\/blogdiario.info\/magazine\/#\/schema\/logo\/image\/"}},{"@type":"Person","@id":"https:\/\/blogdiario.info\/magazine\/#\/schema\/person\/b2422fe85574d945bad55513bb0c7354","name":"World Press Service | Servicio de Prensa Mundial"}]}},"views":135,"_links":{"self":[{"href":"https:\/\/blogdiario.info\/magazine\/wp-json\/wp\/v2\/posts\/2717","targetHints":{"allow":["GET"]}}],"collection":[{"href":"https:\/\/blogdiario.info\/magazine\/wp-json\/wp\/v2\/posts"}],"about":[{"href":"https:\/\/blogdiario.info\/magazine\/wp-json\/wp\/v2\/types\/post"}],"author":[{"embeddable":true,"href":"https:\/\/blogdiario.info\/magazine\/wp-json\/wp\/v2\/users\/1"}],"replies":[{"embeddable":true,"href":"https:\/\/blogdiario.info\/magazine\/wp-json\/wp\/v2\/comments?post=2717"}],"version-history":[{"count":0,"href":"https:\/\/blogdiario.info\/magazine\/wp-json\/wp\/v2\/posts\/2717\/revisions"}],"wp:featuredmedia":[{"embeddable":true,"href":"https:\/\/blogdiario.info\/magazine\/wp-json\/wp\/v2\/media\/2716"}],"wp:attachment":[{"href":"https:\/\/blogdiario.info\/magazine\/wp-json\/wp\/v2\/media?parent=2717"}],"wp:term":[{"taxonomy":"category","embeddable":true,"href":"https:\/\/blogdiario.info\/magazine\/wp-json\/wp\/v2\/categories?post=2717"},{"taxonomy":"post_tag","embeddable":true,"href":"https:\/\/blogdiario.info\/magazine\/wp-json\/wp\/v2\/tags?post=2717"}],"curies":[{"name":"wp","href":"https:\/\/api.w.org\/{rel}","templated":true}]}}