{"id":2712,"date":"2026-01-10T05:11:12","date_gmt":"2026-01-10T04:11:12","guid":{"rendered":"https:\/\/blogdiario.info\/magazine\/?p=2712"},"modified":"2026-01-10T05:11:12","modified_gmt":"2026-01-10T04:11:12","slug":"equilibrio-precario","status":"publish","type":"post","link":"https:\/\/blogdiario.info\/magazine\/2026\/01\/10\/equilibrio-precario\/","title":{"rendered":"La hora del reflejo autoritario"},"content":{"rendered":"\n<figure class=\"wp-block-image size-large\"><img loading=\"lazy\" decoding=\"async\" width=\"600\" height=\"377\" src=\"https:\/\/blogdiario.info\/magazine\/images\/2026\/01\/img_1417.jpg\" alt=\"\" class=\"wp-image-2713\" srcset=\"https:\/\/blogdiario.info\/magazine\/images\/2026\/01\/img_1417.jpg 600w, https:\/\/blogdiario.info\/magazine\/images\/2026\/01\/img_1417-300x189.jpg 300w\" sizes=\"auto, (max-width: 600px) 100vw, 600px\" \/><\/figure>\n\n\n\n<p class=\"p1\">El poder en Ir\u00e1n vuelve a cerrarse sobre s\u00ed mismo. La orden del l\u00edder supremo, <a href=\"chatgpt:\/\/generic-entity?number=0\">Ali Jamenei<\/a>, de poner a los servicios de seguridad en alerta m\u00e1xima no es un gesto de fortaleza, sino una se\u00f1al de temor: cuando la calle se mueve y la lealtad se duda, el r\u00e9gimen responde concentrando el mando.<\/p>\n\n\n\n<p class=\"p1\">La decisi\u00f3n de entregar la represi\u00f3n al <a href=\"chatgpt:\/\/generic-entity?number=1\">Cuerpo de la Guardia Revolucionaria Isl\u00e1mica<\/a> confirma ese diagn\u00f3stico. La Guardia no es solo una fuerza armada; es el seguro de vida pol\u00edtico del sistema. Que deba tomar las calles revela el miedo a deserciones en el ej\u00e9rcito regular y la polic\u00eda, pilares tradicionales del orden interno.<\/p>\n\n\n\n<figure class=\"wp-block-image size-large\"><img loading=\"lazy\" decoding=\"async\" width=\"600\" height=\"376\" src=\"https:\/\/blogdiario.info\/magazine\/images\/2026\/01\/img_1419.jpg\" alt=\"\" class=\"wp-image-2714\" srcset=\"https:\/\/blogdiario.info\/magazine\/images\/2026\/01\/img_1419.jpg 600w, https:\/\/blogdiario.info\/magazine\/images\/2026\/01\/img_1419-300x188.jpg 300w\" sizes=\"auto, (max-width: 600px) 100vw, 600px\" \/><\/figure>\n\n\n\n<p class=\"p1\">Los informes sobre agentes detenidos por negarse a disparar contra manifestantes son especialmente elocuentes. La obediencia, base del control, empieza a resquebrajarse cuando la violencia deja de ser incuestionable incluso para quienes la ejecutan. All\u00ed, la represi\u00f3n pierde eficacia y gana costos.<\/p>\n\n\n\n<p class=\"p1\">El contexto regional agrava la escena. Tras la guerra con Israel y la exhibici\u00f3n de \u201cciudades subterr\u00e1neas de misiles\u201d, Teher\u00e1n busca mostrar disuasi\u00f3n externa mientras intenta sofocar la presi\u00f3n interna. Pero la militarizaci\u00f3n total no sustituye la legitimidad: apenas la posterga.<\/p>\n\n\n\n<p class=\"p1\">Desde afuera, las advertencias se multiplican. <a href=\"chatgpt:\/\/generic-entity?number=2\">Donald Trump<\/a> amenaza con castigos \u201cdonde m\u00e1s duele\u201d, mientras Europa condena la violencia contra civiles. El r\u00e9gimen responde con ret\u00f3rica desafiante, consciente de que cualquier intervenci\u00f3n externa podr\u00eda unificar moment\u00e1neamente filas, pero tambi\u00e9n escalar el conflicto.<\/p>\n\n\n\n<p class=\"p1\">Las cifras de muertos y detenidos, el corte de Internet y la interrupci\u00f3n de vuelos describen un pa\u00eds en estado de excepci\u00f3n no declarado. El aislamiento informativo busca controlar el relato, aunque tambi\u00e9n delata inseguridad: cuando se apaga la red, suele ser porque el poder teme a lo que circula.<\/p>\n\n\n\n<figure class=\"wp-block-image size-large\"><img loading=\"lazy\" decoding=\"async\" width=\"601\" height=\"376\" src=\"https:\/\/blogdiario.info\/magazine\/images\/2026\/01\/img_1418.jpg\" alt=\"\" class=\"wp-image-2715\" srcset=\"https:\/\/blogdiario.info\/magazine\/images\/2026\/01\/img_1418.jpg 601w, https:\/\/blogdiario.info\/magazine\/images\/2026\/01\/img_1418-300x188.jpg 300w\" sizes=\"auto, (max-width: 601px) 100vw, 601px\" \/><\/figure>\n\n\n\n<p class=\"p1\">Las protestas nacieron de la econom\u00eda \u2014moneda en ca\u00edda, precios en alza\u2014 y evolucionaron hacia un rechazo pol\u00edtico m\u00e1s amplio. Ese tr\u00e1nsito es clave: cuando el malestar material se convierte en consigna contra el r\u00e9gimen, la crisis deja de ser coyuntural.<\/p>\n\n\n\n<p class=\"p1\">Ir\u00e1n no vive a\u00fan un punto de quiebre definitivo, pero s\u00ed una fase de desgaste profundo. El \u201cmodo supervivencia\u201d que admiten sus propios funcionarios es incompatible con la estabilidad a largo plazo. Gobernar solo con miedo puede contener por un tiempo; rara vez resuelve.<\/p>\n\n\n\n<p class=\"p1\">En ese equilibrio precario, el r\u00e9gimen apuesta a resistir. La pregunta ya no es si puede reprimir, sino cu\u00e1nto m\u00e1s puede hacerlo sin que la represi\u00f3n misma acelere aquello que pretende evitar.<\/p>\n\n\n\n<p><\/p>\n\n\n\n<p>\u270d\ufe0f \u00a9 2026&nbsp; El Cart\u00f3grafo del Desorden &#8211; All Rights Reserved<\/p>\n\n\n\n<p><\/p>\n\n\n<hr style=\"\n    border: none;\n    height: 1px;\n    background: linear-gradient(to right, transparent, #ccc, transparent);\n    margin: 0;\n\" \/>\n<\/p>\n<p><small>\u00a9\ufe0f2026  Guzzo Photos  &#038; Graphic Publications \u2013 All Rights Reserved \u2013 Copyright \u00a9\ufe0f 2026 SalaStampa.eu, world press service \u2013 Guzzo Photos &#038; Graphic Publications \u2013 Registro Editori e Stampatori n. 1441 Turin, Italy<\/small><\/p>\n\n\n<p><\/p>\n","protected":false},"excerpt":{"rendered":"<p>El r\u00e9gimen iran\u00ed activa su reflejo m\u00e1s conocido \u2014la coerci\u00f3n\u2014 ante protestas persistentes que exponen fisuras internas, presiones externas y una gobernabilidad cada vez m\u00e1s fr\u00e1gil.<\/p>\n","protected":false},"author":1,"featured_media":2716,"comment_status":"closed","ping_status":"closed","sticky":false,"template":"","format":"standard","meta":{"footnotes":"","_links_to":"","_links_to_target":""},"categories":[97,109,62,38,188,155,41,168],"tags":[156],"class_list":["post-2712","post","type-post","status-publish","format-standard","has-post-thumbnail","hentry","category-elcanillita","category-dc24","category-actualidad","category-economia-esp","category-fuerzas-armadas","category-iran","category-politica-esp","category-sociedad-y-valores","tag-iran","entry","rows"],"yoast_head":"<!-- This site is optimized with the Yoast SEO plugin v27.4 - https:\/\/yoast.com\/product\/yoast-seo-wordpress\/ -->\n<title>La hora del reflejo autoritario - BlogDiario Magazine<\/title>\n<meta name=\"robots\" content=\"index, follow, max-snippet:-1, max-image-preview:large, max-video-preview:-1\" \/>\n<link rel=\"canonical\" href=\"https:\/\/blogdiario.info\/magazine\/2026\/01\/10\/equilibrio-precario\/\" \/>\n<meta property=\"og:locale\" content=\"es_ES\" \/>\n<meta property=\"og:type\" content=\"article\" \/>\n<meta property=\"og:title\" content=\"La hora del reflejo autoritario - BlogDiario Magazine\" \/>\n<meta property=\"og:description\" content=\"El r\u00e9gimen iran\u00ed activa su reflejo m\u00e1s conocido \u2014la coerci\u00f3n\u2014 ante protestas persistentes que exponen fisuras internas, presiones externas y una gobernabilidad cada vez m\u00e1s fr\u00e1gil.\" \/>\n<meta property=\"og:url\" content=\"https:\/\/blogdiario.info\/magazine\/2026\/01\/10\/equilibrio-precario\/\" \/>\n<meta property=\"og:site_name\" content=\"BlogDiario Magazine\" \/>\n<meta property=\"article:published_time\" content=\"2026-01-10T04:11:12+00:00\" \/>\n<meta property=\"og:image\" content=\"https:\/\/blogdiario.info\/magazine\/images\/2026\/01\/img_1420.jpg\" \/>\n\t<meta property=\"og:image:width\" content=\"550\" \/>\n\t<meta property=\"og:image:height\" content=\"549\" \/>\n\t<meta property=\"og:image:type\" content=\"image\/jpeg\" \/>\n<meta name=\"author\" content=\"World Press Service | Servicio de Prensa Mundial\" \/>\n<meta name=\"twitter:card\" content=\"summary_large_image\" \/>\n<meta name=\"twitter:label1\" content=\"Escrito por\" \/>\n\t<meta name=\"twitter:data1\" content=\"World Press Service | Servicio de Prensa Mundial\" \/>\n\t<meta name=\"twitter:label2\" content=\"Tiempo de lectura\" \/>\n\t<meta name=\"twitter:data2\" content=\"2 minutos\" \/>\n<script type=\"application\/ld+json\" class=\"yoast-schema-graph\">{\"@context\":\"https:\\\/\\\/schema.org\",\"@graph\":[{\"@type\":\"Article\",\"@id\":\"https:\\\/\\\/blogdiario.info\\\/magazine\\\/2026\\\/01\\\/10\\\/equilibrio-precario\\\/#article\",\"isPartOf\":{\"@id\":\"https:\\\/\\\/blogdiario.info\\\/magazine\\\/2026\\\/01\\\/10\\\/equilibrio-precario\\\/\"},\"author\":{\"name\":\"World Press Service | Servicio de Prensa Mundial\",\"@id\":\"https:\\\/\\\/blogdiario.info\\\/magazine\\\/#\\\/schema\\\/person\\\/b2422fe85574d945bad55513bb0c7354\"},\"headline\":\"La hora del reflejo autoritario\",\"datePublished\":\"2026-01-10T04:11:12+00:00\",\"mainEntityOfPage\":{\"@id\":\"https:\\\/\\\/blogdiario.info\\\/magazine\\\/2026\\\/01\\\/10\\\/equilibrio-precario\\\/\"},\"wordCount\":481,\"publisher\":{\"@id\":\"https:\\\/\\\/blogdiario.info\\\/magazine\\\/#organization\"},\"image\":{\"@id\":\"https:\\\/\\\/blogdiario.info\\\/magazine\\\/2026\\\/01\\\/10\\\/equilibrio-precario\\\/#primaryimage\"},\"thumbnailUrl\":\"https:\\\/\\\/blogdiario.info\\\/magazine\\\/images\\\/2026\\\/01\\\/img_1420.jpg\",\"keywords\":[\"Iran\"],\"articleSection\":[\".\",\".\",\"Actualidad\",\"Economia\",\"Fuerzas Armadas\",\"Iran\",\"Politica\",\"Sociedad y valores\"],\"inLanguage\":\"es-AR\"},{\"@type\":\"WebPage\",\"@id\":\"https:\\\/\\\/blogdiario.info\\\/magazine\\\/2026\\\/01\\\/10\\\/equilibrio-precario\\\/\",\"url\":\"https:\\\/\\\/blogdiario.info\\\/magazine\\\/2026\\\/01\\\/10\\\/equilibrio-precario\\\/\",\"name\":\"La hora del reflejo autoritario - BlogDiario Magazine\",\"isPartOf\":{\"@id\":\"https:\\\/\\\/blogdiario.info\\\/magazine\\\/#website\"},\"primaryImageOfPage\":{\"@id\":\"https:\\\/\\\/blogdiario.info\\\/magazine\\\/2026\\\/01\\\/10\\\/equilibrio-precario\\\/#primaryimage\"},\"image\":{\"@id\":\"https:\\\/\\\/blogdiario.info\\\/magazine\\\/2026\\\/01\\\/10\\\/equilibrio-precario\\\/#primaryimage\"},\"thumbnailUrl\":\"https:\\\/\\\/blogdiario.info\\\/magazine\\\/images\\\/2026\\\/01\\\/img_1420.jpg\",\"datePublished\":\"2026-01-10T04:11:12+00:00\",\"breadcrumb\":{\"@id\":\"https:\\\/\\\/blogdiario.info\\\/magazine\\\/2026\\\/01\\\/10\\\/equilibrio-precario\\\/#breadcrumb\"},\"inLanguage\":\"es-AR\",\"potentialAction\":[{\"@type\":\"ReadAction\",\"target\":[\"https:\\\/\\\/blogdiario.info\\\/magazine\\\/2026\\\/01\\\/10\\\/equilibrio-precario\\\/\"]}]},{\"@type\":\"ImageObject\",\"inLanguage\":\"es-AR\",\"@id\":\"https:\\\/\\\/blogdiario.info\\\/magazine\\\/2026\\\/01\\\/10\\\/equilibrio-precario\\\/#primaryimage\",\"url\":\"https:\\\/\\\/blogdiario.info\\\/magazine\\\/images\\\/2026\\\/01\\\/img_1420.jpg\",\"contentUrl\":\"https:\\\/\\\/blogdiario.info\\\/magazine\\\/images\\\/2026\\\/01\\\/img_1420.jpg\",\"width\":550,\"height\":549},{\"@type\":\"BreadcrumbList\",\"@id\":\"https:\\\/\\\/blogdiario.info\\\/magazine\\\/2026\\\/01\\\/10\\\/equilibrio-precario\\\/#breadcrumb\",\"itemListElement\":[{\"@type\":\"ListItem\",\"position\":1,\"name\":\"Home\",\"item\":\"https:\\\/\\\/blogdiario.info\\\/magazine\\\/\"},{\"@type\":\"ListItem\",\"position\":2,\"name\":\"La hora del reflejo autoritario\"}]},{\"@type\":\"WebSite\",\"@id\":\"https:\\\/\\\/blogdiario.info\\\/magazine\\\/#website\",\"url\":\"https:\\\/\\\/blogdiario.info\\\/magazine\\\/\",\"name\":\"BlogDiario Magazine\",\"description\":\"Suplemento multiling\u00fce de ElCanillita.Info\",\"publisher\":{\"@id\":\"https:\\\/\\\/blogdiario.info\\\/magazine\\\/#organization\"},\"potentialAction\":[{\"@type\":\"SearchAction\",\"target\":{\"@type\":\"EntryPoint\",\"urlTemplate\":\"https:\\\/\\\/blogdiario.info\\\/magazine\\\/?s={search_term_string}\"},\"query-input\":{\"@type\":\"PropertyValueSpecification\",\"valueRequired\":true,\"valueName\":\"search_term_string\"}}],\"inLanguage\":\"es-AR\"},{\"@type\":\"Organization\",\"@id\":\"https:\\\/\\\/blogdiario.info\\\/magazine\\\/#organization\",\"name\":\"Guzzo Photos & Graphic Publications\",\"url\":\"https:\\\/\\\/blogdiario.info\\\/magazine\\\/\",\"logo\":{\"@type\":\"ImageObject\",\"inLanguage\":\"es-AR\",\"@id\":\"https:\\\/\\\/blogdiario.info\\\/magazine\\\/#\\\/schema\\\/logo\\\/image\\\/\",\"url\":\"https:\\\/\\\/blogdiario.info\\\/magazine\\\/images\\\/2020\\\/01\\\/cropped-blogdia_magazine.jpg\",\"contentUrl\":\"https:\\\/\\\/blogdiario.info\\\/magazine\\\/images\\\/2020\\\/01\\\/cropped-blogdia_magazine.jpg\",\"width\":589,\"height\":55,\"caption\":\"Guzzo Photos & Graphic Publications\"},\"image\":{\"@id\":\"https:\\\/\\\/blogdiario.info\\\/magazine\\\/#\\\/schema\\\/logo\\\/image\\\/\"}},{\"@type\":\"Person\",\"@id\":\"https:\\\/\\\/blogdiario.info\\\/magazine\\\/#\\\/schema\\\/person\\\/b2422fe85574d945bad55513bb0c7354\",\"name\":\"World Press Service | Servicio de Prensa Mundial\"}]}<\/script>\n<!-- \/ Yoast SEO plugin. -->","yoast_head_json":{"title":"La hora del reflejo autoritario - BlogDiario Magazine","robots":{"index":"index","follow":"follow","max-snippet":"max-snippet:-1","max-image-preview":"max-image-preview:large","max-video-preview":"max-video-preview:-1"},"canonical":"https:\/\/blogdiario.info\/magazine\/2026\/01\/10\/equilibrio-precario\/","og_locale":"es_ES","og_type":"article","og_title":"La hora del reflejo autoritario - BlogDiario Magazine","og_description":"El r\u00e9gimen iran\u00ed activa su reflejo m\u00e1s conocido \u2014la coerci\u00f3n\u2014 ante protestas persistentes que exponen fisuras internas, presiones externas y una gobernabilidad cada vez m\u00e1s fr\u00e1gil.","og_url":"https:\/\/blogdiario.info\/magazine\/2026\/01\/10\/equilibrio-precario\/","og_site_name":"BlogDiario Magazine","article_published_time":"2026-01-10T04:11:12+00:00","og_image":[{"width":550,"height":549,"url":"https:\/\/blogdiario.info\/magazine\/images\/2026\/01\/img_1420.jpg","type":"image\/jpeg"}],"author":"World Press Service | Servicio de Prensa Mundial","twitter_card":"summary_large_image","twitter_misc":{"Escrito por":"World Press Service | Servicio de Prensa Mundial","Tiempo de lectura":"2 minutos"},"schema":{"@context":"https:\/\/schema.org","@graph":[{"@type":"Article","@id":"https:\/\/blogdiario.info\/magazine\/2026\/01\/10\/equilibrio-precario\/#article","isPartOf":{"@id":"https:\/\/blogdiario.info\/magazine\/2026\/01\/10\/equilibrio-precario\/"},"author":{"name":"World Press Service | Servicio de Prensa Mundial","@id":"https:\/\/blogdiario.info\/magazine\/#\/schema\/person\/b2422fe85574d945bad55513bb0c7354"},"headline":"La hora del reflejo autoritario","datePublished":"2026-01-10T04:11:12+00:00","mainEntityOfPage":{"@id":"https:\/\/blogdiario.info\/magazine\/2026\/01\/10\/equilibrio-precario\/"},"wordCount":481,"publisher":{"@id":"https:\/\/blogdiario.info\/magazine\/#organization"},"image":{"@id":"https:\/\/blogdiario.info\/magazine\/2026\/01\/10\/equilibrio-precario\/#primaryimage"},"thumbnailUrl":"https:\/\/blogdiario.info\/magazine\/images\/2026\/01\/img_1420.jpg","keywords":["Iran"],"articleSection":[".",".","Actualidad","Economia","Fuerzas Armadas","Iran","Politica","Sociedad y valores"],"inLanguage":"es-AR"},{"@type":"WebPage","@id":"https:\/\/blogdiario.info\/magazine\/2026\/01\/10\/equilibrio-precario\/","url":"https:\/\/blogdiario.info\/magazine\/2026\/01\/10\/equilibrio-precario\/","name":"La hora del reflejo autoritario - BlogDiario Magazine","isPartOf":{"@id":"https:\/\/blogdiario.info\/magazine\/#website"},"primaryImageOfPage":{"@id":"https:\/\/blogdiario.info\/magazine\/2026\/01\/10\/equilibrio-precario\/#primaryimage"},"image":{"@id":"https:\/\/blogdiario.info\/magazine\/2026\/01\/10\/equilibrio-precario\/#primaryimage"},"thumbnailUrl":"https:\/\/blogdiario.info\/magazine\/images\/2026\/01\/img_1420.jpg","datePublished":"2026-01-10T04:11:12+00:00","breadcrumb":{"@id":"https:\/\/blogdiario.info\/magazine\/2026\/01\/10\/equilibrio-precario\/#breadcrumb"},"inLanguage":"es-AR","potentialAction":[{"@type":"ReadAction","target":["https:\/\/blogdiario.info\/magazine\/2026\/01\/10\/equilibrio-precario\/"]}]},{"@type":"ImageObject","inLanguage":"es-AR","@id":"https:\/\/blogdiario.info\/magazine\/2026\/01\/10\/equilibrio-precario\/#primaryimage","url":"https:\/\/blogdiario.info\/magazine\/images\/2026\/01\/img_1420.jpg","contentUrl":"https:\/\/blogdiario.info\/magazine\/images\/2026\/01\/img_1420.jpg","width":550,"height":549},{"@type":"BreadcrumbList","@id":"https:\/\/blogdiario.info\/magazine\/2026\/01\/10\/equilibrio-precario\/#breadcrumb","itemListElement":[{"@type":"ListItem","position":1,"name":"Home","item":"https:\/\/blogdiario.info\/magazine\/"},{"@type":"ListItem","position":2,"name":"La hora del reflejo autoritario"}]},{"@type":"WebSite","@id":"https:\/\/blogdiario.info\/magazine\/#website","url":"https:\/\/blogdiario.info\/magazine\/","name":"BlogDiario Magazine","description":"Suplemento multiling\u00fce de ElCanillita.Info","publisher":{"@id":"https:\/\/blogdiario.info\/magazine\/#organization"},"potentialAction":[{"@type":"SearchAction","target":{"@type":"EntryPoint","urlTemplate":"https:\/\/blogdiario.info\/magazine\/?s={search_term_string}"},"query-input":{"@type":"PropertyValueSpecification","valueRequired":true,"valueName":"search_term_string"}}],"inLanguage":"es-AR"},{"@type":"Organization","@id":"https:\/\/blogdiario.info\/magazine\/#organization","name":"Guzzo Photos & Graphic Publications","url":"https:\/\/blogdiario.info\/magazine\/","logo":{"@type":"ImageObject","inLanguage":"es-AR","@id":"https:\/\/blogdiario.info\/magazine\/#\/schema\/logo\/image\/","url":"https:\/\/blogdiario.info\/magazine\/images\/2020\/01\/cropped-blogdia_magazine.jpg","contentUrl":"https:\/\/blogdiario.info\/magazine\/images\/2020\/01\/cropped-blogdia_magazine.jpg","width":589,"height":55,"caption":"Guzzo Photos & Graphic Publications"},"image":{"@id":"https:\/\/blogdiario.info\/magazine\/#\/schema\/logo\/image\/"}},{"@type":"Person","@id":"https:\/\/blogdiario.info\/magazine\/#\/schema\/person\/b2422fe85574d945bad55513bb0c7354","name":"World Press Service | Servicio de Prensa Mundial"}]}},"views":121,"_links":{"self":[{"href":"https:\/\/blogdiario.info\/magazine\/wp-json\/wp\/v2\/posts\/2712","targetHints":{"allow":["GET"]}}],"collection":[{"href":"https:\/\/blogdiario.info\/magazine\/wp-json\/wp\/v2\/posts"}],"about":[{"href":"https:\/\/blogdiario.info\/magazine\/wp-json\/wp\/v2\/types\/post"}],"author":[{"embeddable":true,"href":"https:\/\/blogdiario.info\/magazine\/wp-json\/wp\/v2\/users\/1"}],"replies":[{"embeddable":true,"href":"https:\/\/blogdiario.info\/magazine\/wp-json\/wp\/v2\/comments?post=2712"}],"version-history":[{"count":0,"href":"https:\/\/blogdiario.info\/magazine\/wp-json\/wp\/v2\/posts\/2712\/revisions"}],"wp:featuredmedia":[{"embeddable":true,"href":"https:\/\/blogdiario.info\/magazine\/wp-json\/wp\/v2\/media\/2716"}],"wp:attachment":[{"href":"https:\/\/blogdiario.info\/magazine\/wp-json\/wp\/v2\/media?parent=2712"}],"wp:term":[{"taxonomy":"category","embeddable":true,"href":"https:\/\/blogdiario.info\/magazine\/wp-json\/wp\/v2\/categories?post=2712"},{"taxonomy":"post_tag","embeddable":true,"href":"https:\/\/blogdiario.info\/magazine\/wp-json\/wp\/v2\/tags?post=2712"}],"curies":[{"name":"wp","href":"https:\/\/api.w.org\/{rel}","templated":true}]}}