{"id":2696,"date":"2026-01-06T18:12:56","date_gmt":"2026-01-06T17:12:56","guid":{"rendered":"https:\/\/blogdiario.info\/magazine\/?p=2696"},"modified":"2026-01-06T18:12:56","modified_gmt":"2026-01-06T17:12:56","slug":"je-suis-un-prisonnier","status":"publish","type":"post","link":"https:\/\/blogdiario.info\/magazine\/2026\/01\/06\/je-suis-un-prisonnier\/","title":{"rendered":"\u00ab Je suis un prisonnier de guerre \u00bb, lance Nicol\u00e1s Maduro avec d\u00e9fi devant un tribunal am\u00e9ricain"},"content":{"rendered":"\n<figure class=\"wp-block-image size-large\"><img loading=\"lazy\" decoding=\"async\" width=\"1024\" height=\"683\" src=\"https:\/\/blogdiario.info\/magazine\/images\/2026\/01\/bfb02e62-313f-4da9-a9ab-a0e64f0f87ac-1024x683.jpg\" alt=\"\" class=\"wp-image-2693\" srcset=\"https:\/\/blogdiario.info\/magazine\/images\/2026\/01\/bfb02e62-313f-4da9-a9ab-a0e64f0f87ac-1024x683.jpg 1024w, https:\/\/blogdiario.info\/magazine\/images\/2026\/01\/bfb02e62-313f-4da9-a9ab-a0e64f0f87ac-300x200.jpg 300w, https:\/\/blogdiario.info\/magazine\/images\/2026\/01\/bfb02e62-313f-4da9-a9ab-a0e64f0f87ac-768x512.jpg 768w, https:\/\/blogdiario.info\/magazine\/images\/2026\/01\/bfb02e62-313f-4da9-a9ab-a0e64f0f87ac.jpg 1536w\" sizes=\"auto, (max-width: 1024px) 100vw, 1024px\" \/><figcaption class=\"wp-element-caption\">Illustration originale du pr\u00e9sident v\u00e9n\u00e9zu\u00e9lien Nicol\u00e1s Maduro et de son \u00e9pouse, Cilia Flores, lors de la lecture des charges pour trafic de drogue et d\u2019armes, entour\u00e9s de leurs avocats de la d\u00e9fense dans une salle d\u2019audience. Cr\u00e9ation \u00e9ditoriale propre.<\/figcaption><\/figure>\n\n\n\n<p>Lors de sa premi\u00e8re comparution devant un tribunal f\u00e9d\u00e9ral de New York, Nicol\u00e1s Maduro s\u2019est montr\u00e9 d\u00e9fiant, se d\u00e9clarant \u00ab prisonnier de guerre \u00bb et affirmant avoir \u00e9t\u00e9 \u00ab enlev\u00e9 \u00bb par les \u00c9tats-Unis. V\u00eatu d\u2019un uniforme p\u00e9nitentiaire et muni d\u2019\u00e9couteurs de traduction, il a plaid\u00e9 non coupable des accusations de narcotrafic et de trafic d\u2019armes.<\/p>\n\n\n\n<p>Cette sc\u00e8ne judiciaire a imm\u00e9diatement trouv\u00e9 un \u00e9cho \u00e0 Caracas, o\u00f9 un ancien adjoint de Maduro a pr\u00eat\u00e9 serment pour lui succ\u00e9der et a promis une coop\u00e9ration avec Washington. Le contraste \u00e9tait saisissant : pendant que les chefs d\u2019accusation \u00e9taient lus \u00e0 Manhattan, une transition politique s\u2019esquissait sous surveillance internationale au Venezuela.<\/p>\n\n\n\n<p>Le pr\u00e9sident am\u00e9ricain Donald Trump a qualifi\u00e9 cette comparution de \u00ab moment extraordinaire de l\u2019histoire \u00bb, tout en \u00e9cartant l\u2019hypoth\u00e8se d\u2019\u00e9lections rapides. \u00ab Il faut d\u2019abord remettre le pays sur pied \u00bb, a-t-il d\u00e9clar\u00e9, estimant que les conditions d\u2019un scrutin libre ne sont pas r\u00e9unies.<\/p>\n\n\n\n<p>Aux Nations unies, les \u00c9tats-Unis ont d\u00e9fendu l\u2019op\u00e9ration comme une \u00ab action chirurgicale d\u2019application de la loi \u00bb, niant toute occupation ou \u00e9tat de guerre. La Chine, la Russie, le Br\u00e9sil, la Colombie, Cuba et l\u2019Espagne ont exprim\u00e9 leurs inqui\u00e9tudes, tandis que le Royaume-Uni a reconnu le caract\u00e8re corrompu et ill\u00e9gitime du r\u00e9gime d\u00e9chu.<\/p>\n\n\n\n<p>Trump a \u00e9galement \u00e9largi sa rh\u00e9torique \u00e0 d\u2019autres zones, \u00e9voquant Cuba et la Colombie, pendant que le Danemark appelait \u00e0 mettre fin aux \u00ab fantasmes d\u2019annexion \u00bb concernant le Groenland.<\/p>\n\n\n\n<p>Des experts du secteur p\u00e9trolier estiment qu\u2019un acc\u00e8s aux vastes r\u00e9serves du Venezuela pourrait, \u00e0 terme, faire baisser le prix du Brent, tout en soulignant que la relance de la production n\u00e9cessiterait des ann\u00e9es et des investissements massifs.<\/p>\n\n\n\n<p>Le Royaume-Uni a d\u00e9clar\u00e9 ne pas \u00ab verser de larmes \u00bb pour la chute de Maduro, tout en demandant des clarifications juridiques sur la base l\u00e9gale de l\u2019op\u00e9ration. La question centrale demeure : l\u00e9galit\u00e9, pr\u00e9c\u00e9dent et limites de l\u2019usage de la force.<\/p>\n\n\n\n<p>Cuba a affirm\u00e9 que des dizaines de ses soldats et agents de s\u00e9curit\u00e9 sont morts en tentant d\u2019emp\u00eacher la capture de Maduro, et des victimes civiles ont \u00e9galement \u00e9t\u00e9 signal\u00e9es. Devant le tribunal, l\u2019ancien pr\u00e9sident a r\u00e9affirm\u00e9 son innocence. Hors de la salle d\u2019audience, le monde s\u2019interroge sur la port\u00e9e r\u00e9elle de cet \u00e9v\u00e9nement.<\/p>\n\n\n\n<p>\u270d\ufe0f \u00a9 2025 SalaStampa.eu &#8211; All Rights Reserved<\/p>\n\n\n\n<p><\/p>\n\n\n<hr style=\"border: none; height: 1px; background-color: #e0e0e0; max-width: 80%; margin: 2em auto;\" \/>\n<p>Tu veux dire quelque chose ?<\/p>\n<p>\ud83d\udcec Envoyez votre texte \u00e0 email@soapboxorators.org ou t\u00e9l\u00e9chargez-le dans la Speakers Box : SoapBoxOrators.org.<\/p>\n<p>\ud83c\uddeb\ud83c\uddf7 FRAN\u00c7AIS<\/p>\n<form action=\"https:\/\/formspree.io\/f\/mjkrjzed\" method=\"POST\"><label for=\"name\">Nom ou pseudonyme :<\/label><br \/><input id=\"name\" name=\"name\" required=\"\" type=\"text\" \/>\n<p><label for=\"title\">Titre du discours ou \u00e9ditorial :<\/label><br \/><input id=\"title\" name=\"title\" required=\"\" type=\"text\" \/><\/p>\n<p><label for=\"message\">Texte (max. 3 000 caract\u00e8res) :<\/label><br \/><textarea id=\"message\" maxlength=\"3000\" name=\"message\" required=\"\" rows=\"10\"><\/textarea><\/p>\n<p><label><br \/><input name=\"consent\" required=\"\" type=\"checkbox\" \/><br \/>J&#8217;autorise la publication de ce texte sur SoapboxOrators.org<br \/><\/label><\/p>\n<p><button type=\"submit\">Envoyer<\/button><br \/><button type=\"reset\">Effacer<\/button><\/p>\n<\/form>\n\n\n<p><\/p>\n\n\n<hr style=\"border: none; height: 1px; background-color: #ccc; margin: 2em 0;\" \/>\n<p><small>\u00a9 2025 SalaStampa.eu, world press service &#8211; All Rights Reserved &#8211; Guzzo Photos &amp; Graphic Publications \u2013 Registro Editori e Stampatori n. 1441 Turin, Italy<\/small><\/p>","protected":false},"excerpt":{"rendered":"<p>L\u2019ancien dirigeant v\u00e9n\u00e9zu\u00e9lien d\u00e9chu plaide non coupable \u00e0 New York, tandis que l\u2019ONU d\u00e9bat de la l\u00e9galit\u00e9 de sa capture et que Washington durcit le jeu g\u00e9opolitique, du Venezuela au Groenland.<\/p>\n","protected":false},"author":1,"featured_media":2693,"comment_status":"closed","ping_status":"closed","sticky":false,"template":"","format":"standard","meta":{"footnotes":"","_links_to":"","_links_to_target":""},"categories":[97,109,65,185,190,28,29],"tags":[74],"class_list":["post-2696","post","type-post","status-publish","format-standard","has-post-thumbnail","hentry","category-elcanillita","category-dc24","category-actualite","category-amerique-du-nord","category-forces-armees","category-justice-fra","category-politique","tag-usa","entry","rows"],"yoast_head":"<!-- This site is optimized with the Yoast SEO plugin v27.4 - https:\/\/yoast.com\/product\/yoast-seo-wordpress\/ -->\n<title>\u00ab Je suis un prisonnier de guerre \u00bb, lance Nicol\u00e1s Maduro avec d\u00e9fi devant un tribunal am\u00e9ricain - BlogDiario Magazine<\/title>\n<meta name=\"robots\" content=\"index, follow, max-snippet:-1, max-image-preview:large, max-video-preview:-1\" \/>\n<link rel=\"canonical\" href=\"https:\/\/blogdiario.info\/magazine\/2026\/01\/06\/je-suis-un-prisonnier\/\" \/>\n<meta property=\"og:locale\" content=\"es_ES\" \/>\n<meta property=\"og:type\" content=\"article\" \/>\n<meta property=\"og:title\" content=\"\u00ab Je suis un prisonnier de guerre \u00bb, lance Nicol\u00e1s Maduro avec d\u00e9fi devant un tribunal am\u00e9ricain - BlogDiario Magazine\" \/>\n<meta property=\"og:description\" content=\"L\u2019ancien dirigeant v\u00e9n\u00e9zu\u00e9lien d\u00e9chu plaide non coupable \u00e0 New York, tandis que l\u2019ONU d\u00e9bat de la l\u00e9galit\u00e9 de sa capture et que Washington durcit le jeu g\u00e9opolitique, du Venezuela au Groenland.\" \/>\n<meta property=\"og:url\" content=\"https:\/\/blogdiario.info\/magazine\/2026\/01\/06\/je-suis-un-prisonnier\/\" \/>\n<meta property=\"og:site_name\" content=\"BlogDiario Magazine\" \/>\n<meta property=\"article:published_time\" content=\"2026-01-06T17:12:56+00:00\" \/>\n<meta property=\"og:image\" content=\"https:\/\/blogdiario.info\/magazine\/images\/2026\/01\/bfb02e62-313f-4da9-a9ab-a0e64f0f87ac.jpg\" \/>\n\t<meta property=\"og:image:width\" content=\"1536\" \/>\n\t<meta property=\"og:image:height\" content=\"1024\" \/>\n\t<meta property=\"og:image:type\" content=\"image\/jpeg\" \/>\n<meta name=\"author\" content=\"World Press Service | Servicio de Prensa Mundial\" \/>\n<meta name=\"twitter:card\" content=\"summary_large_image\" \/>\n<meta name=\"twitter:label1\" content=\"Escrito por\" \/>\n\t<meta name=\"twitter:data1\" content=\"World Press Service | Servicio de Prensa Mundial\" \/>\n\t<meta name=\"twitter:label2\" content=\"Tiempo de lectura\" \/>\n\t<meta name=\"twitter:data2\" content=\"3 minutos\" \/>\n<script type=\"application\/ld+json\" class=\"yoast-schema-graph\">{\"@context\":\"https:\\\/\\\/schema.org\",\"@graph\":[{\"@type\":\"Article\",\"@id\":\"https:\\\/\\\/blogdiario.info\\\/magazine\\\/2026\\\/01\\\/06\\\/je-suis-un-prisonnier\\\/#article\",\"isPartOf\":{\"@id\":\"https:\\\/\\\/blogdiario.info\\\/magazine\\\/2026\\\/01\\\/06\\\/je-suis-un-prisonnier\\\/\"},\"author\":{\"name\":\"World Press Service | Servicio de Prensa Mundial\",\"@id\":\"https:\\\/\\\/blogdiario.info\\\/magazine\\\/#\\\/schema\\\/person\\\/b2422fe85574d945bad55513bb0c7354\"},\"headline\":\"\u00ab Je suis un prisonnier de guerre \u00bb, lance Nicol\u00e1s Maduro avec d\u00e9fi devant un tribunal am\u00e9ricain\",\"datePublished\":\"2026-01-06T17:12:56+00:00\",\"mainEntityOfPage\":{\"@id\":\"https:\\\/\\\/blogdiario.info\\\/magazine\\\/2026\\\/01\\\/06\\\/je-suis-un-prisonnier\\\/\"},\"wordCount\":561,\"publisher\":{\"@id\":\"https:\\\/\\\/blogdiario.info\\\/magazine\\\/#organization\"},\"image\":{\"@id\":\"https:\\\/\\\/blogdiario.info\\\/magazine\\\/2026\\\/01\\\/06\\\/je-suis-un-prisonnier\\\/#primaryimage\"},\"thumbnailUrl\":\"https:\\\/\\\/blogdiario.info\\\/magazine\\\/images\\\/2026\\\/01\\\/bfb02e62-313f-4da9-a9ab-a0e64f0f87ac.jpg\",\"keywords\":[\"USA\"],\"articleSection\":[\".\",\".\",\"Actualit\u00e9\",\"Am\u00e9rique du Nord\",\"Forces Arm\u00e9es\",\"Justice\",\"Politique\"],\"inLanguage\":\"es-AR\"},{\"@type\":\"WebPage\",\"@id\":\"https:\\\/\\\/blogdiario.info\\\/magazine\\\/2026\\\/01\\\/06\\\/je-suis-un-prisonnier\\\/\",\"url\":\"https:\\\/\\\/blogdiario.info\\\/magazine\\\/2026\\\/01\\\/06\\\/je-suis-un-prisonnier\\\/\",\"name\":\"\u00ab Je suis un prisonnier de guerre \u00bb, lance Nicol\u00e1s Maduro avec d\u00e9fi devant un tribunal am\u00e9ricain - BlogDiario Magazine\",\"isPartOf\":{\"@id\":\"https:\\\/\\\/blogdiario.info\\\/magazine\\\/#website\"},\"primaryImageOfPage\":{\"@id\":\"https:\\\/\\\/blogdiario.info\\\/magazine\\\/2026\\\/01\\\/06\\\/je-suis-un-prisonnier\\\/#primaryimage\"},\"image\":{\"@id\":\"https:\\\/\\\/blogdiario.info\\\/magazine\\\/2026\\\/01\\\/06\\\/je-suis-un-prisonnier\\\/#primaryimage\"},\"thumbnailUrl\":\"https:\\\/\\\/blogdiario.info\\\/magazine\\\/images\\\/2026\\\/01\\\/bfb02e62-313f-4da9-a9ab-a0e64f0f87ac.jpg\",\"datePublished\":\"2026-01-06T17:12:56+00:00\",\"breadcrumb\":{\"@id\":\"https:\\\/\\\/blogdiario.info\\\/magazine\\\/2026\\\/01\\\/06\\\/je-suis-un-prisonnier\\\/#breadcrumb\"},\"inLanguage\":\"es-AR\",\"potentialAction\":[{\"@type\":\"ReadAction\",\"target\":[\"https:\\\/\\\/blogdiario.info\\\/magazine\\\/2026\\\/01\\\/06\\\/je-suis-un-prisonnier\\\/\"]}]},{\"@type\":\"ImageObject\",\"inLanguage\":\"es-AR\",\"@id\":\"https:\\\/\\\/blogdiario.info\\\/magazine\\\/2026\\\/01\\\/06\\\/je-suis-un-prisonnier\\\/#primaryimage\",\"url\":\"https:\\\/\\\/blogdiario.info\\\/magazine\\\/images\\\/2026\\\/01\\\/bfb02e62-313f-4da9-a9ab-a0e64f0f87ac.jpg\",\"contentUrl\":\"https:\\\/\\\/blogdiario.info\\\/magazine\\\/images\\\/2026\\\/01\\\/bfb02e62-313f-4da9-a9ab-a0e64f0f87ac.jpg\",\"width\":1536,\"height\":1024},{\"@type\":\"BreadcrumbList\",\"@id\":\"https:\\\/\\\/blogdiario.info\\\/magazine\\\/2026\\\/01\\\/06\\\/je-suis-un-prisonnier\\\/#breadcrumb\",\"itemListElement\":[{\"@type\":\"ListItem\",\"position\":1,\"name\":\"Home\",\"item\":\"https:\\\/\\\/blogdiario.info\\\/magazine\\\/\"},{\"@type\":\"ListItem\",\"position\":2,\"name\":\"\u00ab Je suis un prisonnier de guerre \u00bb, lance Nicol\u00e1s Maduro avec d\u00e9fi devant un tribunal am\u00e9ricain\"}]},{\"@type\":\"WebSite\",\"@id\":\"https:\\\/\\\/blogdiario.info\\\/magazine\\\/#website\",\"url\":\"https:\\\/\\\/blogdiario.info\\\/magazine\\\/\",\"name\":\"BlogDiario Magazine\",\"description\":\"Suplemento multiling\u00fce de ElCanillita.Info\",\"publisher\":{\"@id\":\"https:\\\/\\\/blogdiario.info\\\/magazine\\\/#organization\"},\"potentialAction\":[{\"@type\":\"SearchAction\",\"target\":{\"@type\":\"EntryPoint\",\"urlTemplate\":\"https:\\\/\\\/blogdiario.info\\\/magazine\\\/?s={search_term_string}\"},\"query-input\":{\"@type\":\"PropertyValueSpecification\",\"valueRequired\":true,\"valueName\":\"search_term_string\"}}],\"inLanguage\":\"es-AR\"},{\"@type\":\"Organization\",\"@id\":\"https:\\\/\\\/blogdiario.info\\\/magazine\\\/#organization\",\"name\":\"Guzzo Photos & Graphic Publications\",\"url\":\"https:\\\/\\\/blogdiario.info\\\/magazine\\\/\",\"logo\":{\"@type\":\"ImageObject\",\"inLanguage\":\"es-AR\",\"@id\":\"https:\\\/\\\/blogdiario.info\\\/magazine\\\/#\\\/schema\\\/logo\\\/image\\\/\",\"url\":\"https:\\\/\\\/blogdiario.info\\\/magazine\\\/images\\\/2020\\\/01\\\/cropped-blogdia_magazine.jpg\",\"contentUrl\":\"https:\\\/\\\/blogdiario.info\\\/magazine\\\/images\\\/2020\\\/01\\\/cropped-blogdia_magazine.jpg\",\"width\":589,\"height\":55,\"caption\":\"Guzzo Photos & Graphic Publications\"},\"image\":{\"@id\":\"https:\\\/\\\/blogdiario.info\\\/magazine\\\/#\\\/schema\\\/logo\\\/image\\\/\"}},{\"@type\":\"Person\",\"@id\":\"https:\\\/\\\/blogdiario.info\\\/magazine\\\/#\\\/schema\\\/person\\\/b2422fe85574d945bad55513bb0c7354\",\"name\":\"World Press Service | Servicio de Prensa Mundial\"}]}<\/script>\n<!-- \/ Yoast SEO plugin. -->","yoast_head_json":{"title":"\u00ab Je suis un prisonnier de guerre \u00bb, lance Nicol\u00e1s Maduro avec d\u00e9fi devant un tribunal am\u00e9ricain - BlogDiario Magazine","robots":{"index":"index","follow":"follow","max-snippet":"max-snippet:-1","max-image-preview":"max-image-preview:large","max-video-preview":"max-video-preview:-1"},"canonical":"https:\/\/blogdiario.info\/magazine\/2026\/01\/06\/je-suis-un-prisonnier\/","og_locale":"es_ES","og_type":"article","og_title":"\u00ab Je suis un prisonnier de guerre \u00bb, lance Nicol\u00e1s Maduro avec d\u00e9fi devant un tribunal am\u00e9ricain - BlogDiario Magazine","og_description":"L\u2019ancien dirigeant v\u00e9n\u00e9zu\u00e9lien d\u00e9chu plaide non coupable \u00e0 New York, tandis que l\u2019ONU d\u00e9bat de la l\u00e9galit\u00e9 de sa capture et que Washington durcit le jeu g\u00e9opolitique, du Venezuela au Groenland.","og_url":"https:\/\/blogdiario.info\/magazine\/2026\/01\/06\/je-suis-un-prisonnier\/","og_site_name":"BlogDiario Magazine","article_published_time":"2026-01-06T17:12:56+00:00","og_image":[{"width":1536,"height":1024,"url":"https:\/\/blogdiario.info\/magazine\/images\/2026\/01\/bfb02e62-313f-4da9-a9ab-a0e64f0f87ac.jpg","type":"image\/jpeg"}],"author":"World Press Service | Servicio de Prensa Mundial","twitter_card":"summary_large_image","twitter_misc":{"Escrito por":"World Press Service | Servicio de Prensa Mundial","Tiempo de lectura":"3 minutos"},"schema":{"@context":"https:\/\/schema.org","@graph":[{"@type":"Article","@id":"https:\/\/blogdiario.info\/magazine\/2026\/01\/06\/je-suis-un-prisonnier\/#article","isPartOf":{"@id":"https:\/\/blogdiario.info\/magazine\/2026\/01\/06\/je-suis-un-prisonnier\/"},"author":{"name":"World Press Service | Servicio de Prensa Mundial","@id":"https:\/\/blogdiario.info\/magazine\/#\/schema\/person\/b2422fe85574d945bad55513bb0c7354"},"headline":"\u00ab Je suis un prisonnier de guerre \u00bb, lance Nicol\u00e1s Maduro avec d\u00e9fi devant un tribunal am\u00e9ricain","datePublished":"2026-01-06T17:12:56+00:00","mainEntityOfPage":{"@id":"https:\/\/blogdiario.info\/magazine\/2026\/01\/06\/je-suis-un-prisonnier\/"},"wordCount":561,"publisher":{"@id":"https:\/\/blogdiario.info\/magazine\/#organization"},"image":{"@id":"https:\/\/blogdiario.info\/magazine\/2026\/01\/06\/je-suis-un-prisonnier\/#primaryimage"},"thumbnailUrl":"https:\/\/blogdiario.info\/magazine\/images\/2026\/01\/bfb02e62-313f-4da9-a9ab-a0e64f0f87ac.jpg","keywords":["USA"],"articleSection":[".",".","Actualit\u00e9","Am\u00e9rique du Nord","Forces Arm\u00e9es","Justice","Politique"],"inLanguage":"es-AR"},{"@type":"WebPage","@id":"https:\/\/blogdiario.info\/magazine\/2026\/01\/06\/je-suis-un-prisonnier\/","url":"https:\/\/blogdiario.info\/magazine\/2026\/01\/06\/je-suis-un-prisonnier\/","name":"\u00ab Je suis un prisonnier de guerre \u00bb, lance Nicol\u00e1s Maduro avec d\u00e9fi devant un tribunal am\u00e9ricain - BlogDiario Magazine","isPartOf":{"@id":"https:\/\/blogdiario.info\/magazine\/#website"},"primaryImageOfPage":{"@id":"https:\/\/blogdiario.info\/magazine\/2026\/01\/06\/je-suis-un-prisonnier\/#primaryimage"},"image":{"@id":"https:\/\/blogdiario.info\/magazine\/2026\/01\/06\/je-suis-un-prisonnier\/#primaryimage"},"thumbnailUrl":"https:\/\/blogdiario.info\/magazine\/images\/2026\/01\/bfb02e62-313f-4da9-a9ab-a0e64f0f87ac.jpg","datePublished":"2026-01-06T17:12:56+00:00","breadcrumb":{"@id":"https:\/\/blogdiario.info\/magazine\/2026\/01\/06\/je-suis-un-prisonnier\/#breadcrumb"},"inLanguage":"es-AR","potentialAction":[{"@type":"ReadAction","target":["https:\/\/blogdiario.info\/magazine\/2026\/01\/06\/je-suis-un-prisonnier\/"]}]},{"@type":"ImageObject","inLanguage":"es-AR","@id":"https:\/\/blogdiario.info\/magazine\/2026\/01\/06\/je-suis-un-prisonnier\/#primaryimage","url":"https:\/\/blogdiario.info\/magazine\/images\/2026\/01\/bfb02e62-313f-4da9-a9ab-a0e64f0f87ac.jpg","contentUrl":"https:\/\/blogdiario.info\/magazine\/images\/2026\/01\/bfb02e62-313f-4da9-a9ab-a0e64f0f87ac.jpg","width":1536,"height":1024},{"@type":"BreadcrumbList","@id":"https:\/\/blogdiario.info\/magazine\/2026\/01\/06\/je-suis-un-prisonnier\/#breadcrumb","itemListElement":[{"@type":"ListItem","position":1,"name":"Home","item":"https:\/\/blogdiario.info\/magazine\/"},{"@type":"ListItem","position":2,"name":"\u00ab Je suis un prisonnier de guerre \u00bb, lance Nicol\u00e1s Maduro avec d\u00e9fi devant un tribunal am\u00e9ricain"}]},{"@type":"WebSite","@id":"https:\/\/blogdiario.info\/magazine\/#website","url":"https:\/\/blogdiario.info\/magazine\/","name":"BlogDiario Magazine","description":"Suplemento multiling\u00fce de ElCanillita.Info","publisher":{"@id":"https:\/\/blogdiario.info\/magazine\/#organization"},"potentialAction":[{"@type":"SearchAction","target":{"@type":"EntryPoint","urlTemplate":"https:\/\/blogdiario.info\/magazine\/?s={search_term_string}"},"query-input":{"@type":"PropertyValueSpecification","valueRequired":true,"valueName":"search_term_string"}}],"inLanguage":"es-AR"},{"@type":"Organization","@id":"https:\/\/blogdiario.info\/magazine\/#organization","name":"Guzzo Photos & Graphic Publications","url":"https:\/\/blogdiario.info\/magazine\/","logo":{"@type":"ImageObject","inLanguage":"es-AR","@id":"https:\/\/blogdiario.info\/magazine\/#\/schema\/logo\/image\/","url":"https:\/\/blogdiario.info\/magazine\/images\/2020\/01\/cropped-blogdia_magazine.jpg","contentUrl":"https:\/\/blogdiario.info\/magazine\/images\/2020\/01\/cropped-blogdia_magazine.jpg","width":589,"height":55,"caption":"Guzzo Photos & Graphic Publications"},"image":{"@id":"https:\/\/blogdiario.info\/magazine\/#\/schema\/logo\/image\/"}},{"@type":"Person","@id":"https:\/\/blogdiario.info\/magazine\/#\/schema\/person\/b2422fe85574d945bad55513bb0c7354","name":"World Press Service | Servicio de Prensa Mundial"}]}},"views":146,"_links":{"self":[{"href":"https:\/\/blogdiario.info\/magazine\/wp-json\/wp\/v2\/posts\/2696","targetHints":{"allow":["GET"]}}],"collection":[{"href":"https:\/\/blogdiario.info\/magazine\/wp-json\/wp\/v2\/posts"}],"about":[{"href":"https:\/\/blogdiario.info\/magazine\/wp-json\/wp\/v2\/types\/post"}],"author":[{"embeddable":true,"href":"https:\/\/blogdiario.info\/magazine\/wp-json\/wp\/v2\/users\/1"}],"replies":[{"embeddable":true,"href":"https:\/\/blogdiario.info\/magazine\/wp-json\/wp\/v2\/comments?post=2696"}],"version-history":[{"count":0,"href":"https:\/\/blogdiario.info\/magazine\/wp-json\/wp\/v2\/posts\/2696\/revisions"}],"wp:featuredmedia":[{"embeddable":true,"href":"https:\/\/blogdiario.info\/magazine\/wp-json\/wp\/v2\/media\/2693"}],"wp:attachment":[{"href":"https:\/\/blogdiario.info\/magazine\/wp-json\/wp\/v2\/media?parent=2696"}],"wp:term":[{"taxonomy":"category","embeddable":true,"href":"https:\/\/blogdiario.info\/magazine\/wp-json\/wp\/v2\/categories?post=2696"},{"taxonomy":"post_tag","embeddable":true,"href":"https:\/\/blogdiario.info\/magazine\/wp-json\/wp\/v2\/tags?post=2696"}],"curies":[{"name":"wp","href":"https:\/\/api.w.org\/{rel}","templated":true}]}}