{"id":2690,"date":"2026-01-06T09:58:52","date_gmt":"2026-01-06T08:58:52","guid":{"rendered":"https:\/\/blogdiario.info\/magazine\/?p=2690"},"modified":"2026-01-06T16:42:02","modified_gmt":"2026-01-06T15:42:02","slug":"tribunal-maduro","status":"publish","type":"post","link":"https:\/\/blogdiario.info\/magazine\/2026\/01\/06\/tribunal-maduro\/","title":{"rendered":"Soy prisionero de guerra, dice desafiante Nicol\u00e1s Maduro ante tribunal estadounidense"},"content":{"rendered":"\n<figure class=\"wp-block-image size-large\"><img loading=\"lazy\" decoding=\"async\" width=\"1024\" height=\"683\" src=\"https:\/\/blogdiario.info\/magazine\/images\/2026\/01\/bfb02e62-313f-4da9-a9ab-a0e64f0f87ac-1024x683.jpg\" alt=\"\" class=\"wp-image-2693\" srcset=\"https:\/\/blogdiario.info\/magazine\/images\/2026\/01\/bfb02e62-313f-4da9-a9ab-a0e64f0f87ac-1024x683.jpg 1024w, https:\/\/blogdiario.info\/magazine\/images\/2026\/01\/bfb02e62-313f-4da9-a9ab-a0e64f0f87ac-300x200.jpg 300w, https:\/\/blogdiario.info\/magazine\/images\/2026\/01\/bfb02e62-313f-4da9-a9ab-a0e64f0f87ac-768x512.jpg 768w, https:\/\/blogdiario.info\/magazine\/images\/2026\/01\/bfb02e62-313f-4da9-a9ab-a0e64f0f87ac.jpg 1536w\" sizes=\"auto, (max-width: 1024px) 100vw, 1024px\" \/><figcaption class=\"wp-element-caption\"><br>Ilustraci\u00f3n original: Nicol\u00e1s Maduro y Cilia Flores en la lectura de cargos por narcotr\u00e1fico y armas, asistidos por sus abogados defensores.<br>\u00a9 2025 Editorial illustration by Guzzo Photos &amp; Graphic Publications. All rights reserved&nbsp; <\/figcaption><\/figure>\n\n\n\n<p class=\"p1\">Durante su primera comparecencia ante un tribunal federal de Nueva York, <a href=\"chatgpt:\/\/generic-entity?number=0\">Nicol\u00e1s Maduro<\/a> se present\u00f3 desafiante: dijo ser un \u201cprisionero de guerra\u201d y denunci\u00f3 haber sido \u201csecuestrado\u201d por Estados Unidos. Vestido con uniforme carcelario y auriculares de traducci\u00f3n, se declar\u00f3 inocente de los cargos por narcotr\u00e1fico y armas, y prometi\u00f3 recuperar su libertad.<\/p>\n\n\n\n<p class=\"p1\">La escena judicial tuvo eco inmediato en Caracas, donde un exadjunto suyo prest\u00f3 juramento para reemplazarlo y anunci\u00f3 disposici\u00f3n a cooperar con Washington. El contraste fue brutal: mientras en Manhattan se le\u00edan cargos, en Venezuela se intentaba cerrar una transici\u00f3n bajo tutela internacional.<\/p>\n\n\n\n<p class=\"p1\">Desde la Casa Blanca, <a href=\"chatgpt:\/\/generic-entity?number=1\">Donald Trump<\/a> calific\u00f3 la comparecencia como \u201cun momento extraordinario en la historia\u201d, pero enfri\u00f3 expectativas de elecciones inmediatas. \u201cPrimero hay que devolverle la salud al pa\u00eds\u201d, sostuvo, subrayando que un proceso electoral requiere condiciones que hoy no existir\u00edan.<\/p>\n\n\n\n<p class=\"p1\">En la sede de la <a href=\"chatgpt:\/\/generic-entity?number=2\">Organizaci\u00f3n de las Naciones Unidas<\/a>, Estados Unidos defendi\u00f3 la operaci\u00f3n como una acci\u00f3n \u201cquir\u00fargica de aplicaci\u00f3n de la ley\u201d, no como una ocupaci\u00f3n ni un acto de guerra. China, Rusia, Brasil, Colombia, Cuba y Espa\u00f1a expresaron preocupaci\u00f3n y condena; el Reino Unido, en cambio, remarc\u00f3 el car\u00e1cter corrupto e ileg\u00edtimo del r\u00e9gimen depuesto.<\/p>\n\n\n\n<p class=\"p1\">La ofensiva ret\u00f3rica no se detuvo all\u00ed. Trump ampli\u00f3 el foco a otros escenarios que considera parte de la esfera de inter\u00e9s estadounidense, al tiempo que desde Dinamarca se pidi\u00f3 tomar en serio \u2014y frenar\u2014 las \u201cfantas\u00edas de anexi\u00f3n\u201d sobre <a href=\"chatgpt:\/\/generic-entity?number=3\">Groenlandia<\/a>. El mensaje fue le\u00eddo como una advertencia estrat\u00e9gica m\u00e1s que como una boutade.<\/p>\n\n\n\n<p class=\"p1\">En paralelo, analistas energ\u00e9ticos sugirieron que una apertura controlada del sector petrolero venezolano podr\u00eda presionar a la baja el precio del Brent en el mediano plazo, aunque advirtieron que reactivar la producci\u00f3n demandar\u00eda a\u00f1os y una inversi\u00f3n colosal.<\/p>\n\n\n\n<p class=\"p1\">Londres, por su parte, dijo que \u201cno derramar\u00eda l\u00e1grimas\u201d por el fin del gobierno de Maduro y reclam\u00f3 claridad jur\u00eddica sobre la base legal de la redada. La discusi\u00f3n volvi\u00f3 as\u00ed al eje central: legalidad, precedentes y l\u00edmites del poder.<\/p>\n\n\n\n<p class=\"p1\">El episodio dej\u00f3 adem\u00e1s un saldo humano confuso. Cuba inform\u00f3 la muerte de decenas de efectivos que intentaron impedir la captura; tambi\u00e9n se reportaron v\u00edctimas civiles y heridos estadounidenses. En el banquillo, Maduro insisti\u00f3 en su inocencia. Fuera de la sala, el mundo discut\u00eda algo m\u00e1s grande: si se hab\u00eda abierto una nueva doctrina de fuerza o un caso excepcional con ambici\u00f3n de ejemplo.<\/p>\n\n\n\n<p><\/p>\n\n\n\n<p>&nbsp;\u270d\ufe0f \u00a9 2026 SalaStampa.eu \u2013 All Rights Reserved<\/p>\n\n\n\n<p><\/p>\n\n\n<hr style=\"border: none; height: 1px; background-color: #e0e0e0; max-width: 80%; margin: 2em auto;\" \/>\n\n\n\u00bfQuieres decir algo ?<br>\n\n\ud83d\udcec Envia tu texto a email@soapboxorators.org o bien sube a la Caja de los oradores: <br> SoapBoxOrators.org. <br>\n\n\ud83c\udde6\ud83c\uddf7 CASTELLANO\n\n<form action=\"https:\/\/formspree.io\/f\/mjkrjzed\" method=\"POST\">\n  <label for=\"name\">Nombre o seud\u00f3nimo:<\/label><br>\n  <input type=\"text\" id=\"name\" name=\"name\" required><br><br>\n\n  <label for=\"title\">T\u00edtulo del discurso o editorial:<\/label><br>\n  <input type=\"text\" id=\"title\" name=\"title\" required><br><br>\n\n  <label for=\"message\">Texto (m\u00e1x. 3.000 caracteres):<\/label><br>\n  <textarea id=\"message\" name=\"message\" rows=\"10\" maxlength=\"3000\" required><\/textarea><br><br>\n\n  <label>\n    <input type=\"checkbox\" name=\"consent\" required>\n    Autorizo la publicaci\u00f3n de este texto en SoapboxOrators.org\n  <\/label><br><br>\n\n  <button type=\"submit\">Enviar<\/button>\n  <button type=\"reset\">Borrar<\/button>\n<\/form>\n\n\n<p><\/p>\n\n\n<hr style=\"border: none; height: 1px; background: linear-gradient(to right, transparent, #ccc, transparent); margin: 0;\" \/>\n<p><small>\u00a9\ufe0f2026 Guzzo Photos &amp; Graphic Publications \u2013 All Rights Reserved \u2013 Copyright \u00a9\ufe0f 2026 SalaStampa.eu, world press service \u2013 Guzzo Photos &amp; Graphic Publications \u2013 Registro Editori e Stampatori n. 1441 Turin, Italy<\/small><\/p>\n\n\n<p><\/p>\n","protected":false},"excerpt":{"rendered":"<p><small> \u00a9 2025 Editorial illustration by Guzzo Photos &#038; Graphic Publications. All rights reserved <\/small><br \/>\nEl exmandatario derrocado se declara inocente en Nueva York, mientras la ONU debate la legalidad de su captura y Washington tensa el tablero global, de Venezuela a Groenlandia.<\/p>\n","protected":false},"author":1,"featured_media":2693,"comment_status":"closed","ping_status":"closed","sticky":false,"template":"","format":"standard","meta":{"footnotes":"","_links_to":"","_links_to_target":""},"categories":[97,109,62,49,40,140,134],"tags":[192],"class_list":["post-2690","post","type-post","status-publish","format-standard","has-post-thumbnail","hentry","category-elcanillita","category-dc24","category-actualidad","category-america-del-nord","category-justicia","category-narcotrafico","category-politicas-globales","tag-estados-unidos","entry","rows"],"yoast_head":"<!-- This site is optimized with the Yoast SEO plugin v27.4 - https:\/\/yoast.com\/product\/yoast-seo-wordpress\/ -->\n<title>Soy prisionero de guerra, dice desafiante Nicol\u00e1s Maduro ante tribunal estadounidense - BlogDiario Magazine<\/title>\n<meta name=\"robots\" content=\"index, follow, max-snippet:-1, max-image-preview:large, max-video-preview:-1\" \/>\n<link rel=\"canonical\" href=\"https:\/\/blogdiario.info\/magazine\/2026\/01\/06\/tribunal-maduro\/\" \/>\n<meta property=\"og:locale\" content=\"es_ES\" \/>\n<meta property=\"og:type\" content=\"article\" \/>\n<meta property=\"og:title\" content=\"Soy prisionero de guerra, dice desafiante Nicol\u00e1s Maduro ante tribunal estadounidense - BlogDiario Magazine\" \/>\n<meta property=\"og:description\" content=\"\u00a9 2025 Editorial illustration by Guzzo Photos &amp; Graphic Publications. All rights reserved El exmandatario derrocado se declara inocente en Nueva York, mientras la ONU debate la legalidad de su captura y Washington tensa el tablero global, de Venezuela a Groenlandia.\" \/>\n<meta property=\"og:url\" content=\"https:\/\/blogdiario.info\/magazine\/2026\/01\/06\/tribunal-maduro\/\" \/>\n<meta property=\"og:site_name\" content=\"BlogDiario Magazine\" \/>\n<meta property=\"article:published_time\" content=\"2026-01-06T08:58:52+00:00\" \/>\n<meta property=\"article:modified_time\" content=\"2026-01-06T15:42:02+00:00\" \/>\n<meta property=\"og:image\" content=\"https:\/\/blogdiario.info\/magazine\/images\/2026\/01\/bfb02e62-313f-4da9-a9ab-a0e64f0f87ac.jpg\" \/>\n\t<meta property=\"og:image:width\" content=\"1536\" \/>\n\t<meta property=\"og:image:height\" content=\"1024\" \/>\n\t<meta property=\"og:image:type\" content=\"image\/jpeg\" \/>\n<meta name=\"author\" content=\"World Press Service | Servicio de Prensa Mundial\" \/>\n<meta name=\"twitter:card\" content=\"summary_large_image\" \/>\n<meta name=\"twitter:label1\" content=\"Escrito por\" \/>\n\t<meta name=\"twitter:data1\" content=\"World Press Service | Servicio de Prensa Mundial\" \/>\n\t<meta name=\"twitter:label2\" content=\"Tiempo de lectura\" \/>\n\t<meta name=\"twitter:data2\" content=\"3 minutos\" \/>\n<script type=\"application\/ld+json\" class=\"yoast-schema-graph\">{\"@context\":\"https:\\\/\\\/schema.org\",\"@graph\":[{\"@type\":\"Article\",\"@id\":\"https:\\\/\\\/blogdiario.info\\\/magazine\\\/2026\\\/01\\\/06\\\/tribunal-maduro\\\/#article\",\"isPartOf\":{\"@id\":\"https:\\\/\\\/blogdiario.info\\\/magazine\\\/2026\\\/01\\\/06\\\/tribunal-maduro\\\/\"},\"author\":{\"name\":\"World Press Service | Servicio de Prensa Mundial\",\"@id\":\"https:\\\/\\\/blogdiario.info\\\/magazine\\\/#\\\/schema\\\/person\\\/b2422fe85574d945bad55513bb0c7354\"},\"headline\":\"Soy prisionero de guerra, dice desafiante Nicol\u00e1s Maduro ante tribunal estadounidense\",\"datePublished\":\"2026-01-06T08:58:52+00:00\",\"dateModified\":\"2026-01-06T15:42:02+00:00\",\"mainEntityOfPage\":{\"@id\":\"https:\\\/\\\/blogdiario.info\\\/magazine\\\/2026\\\/01\\\/06\\\/tribunal-maduro\\\/\"},\"wordCount\":564,\"publisher\":{\"@id\":\"https:\\\/\\\/blogdiario.info\\\/magazine\\\/#organization\"},\"image\":{\"@id\":\"https:\\\/\\\/blogdiario.info\\\/magazine\\\/2026\\\/01\\\/06\\\/tribunal-maduro\\\/#primaryimage\"},\"thumbnailUrl\":\"https:\\\/\\\/blogdiario.info\\\/magazine\\\/images\\\/2026\\\/01\\\/bfb02e62-313f-4da9-a9ab-a0e64f0f87ac.jpg\",\"keywords\":[\"Estados Unidos\"],\"articleSection\":[\".\",\".\",\"Actualidad\",\"America del Nord\",\"Justicia\",\"Narcotrafico\",\"Pol\u00edticas globales\"],\"inLanguage\":\"es-AR\"},{\"@type\":\"WebPage\",\"@id\":\"https:\\\/\\\/blogdiario.info\\\/magazine\\\/2026\\\/01\\\/06\\\/tribunal-maduro\\\/\",\"url\":\"https:\\\/\\\/blogdiario.info\\\/magazine\\\/2026\\\/01\\\/06\\\/tribunal-maduro\\\/\",\"name\":\"Soy prisionero de guerra, dice desafiante Nicol\u00e1s Maduro ante tribunal estadounidense - BlogDiario Magazine\",\"isPartOf\":{\"@id\":\"https:\\\/\\\/blogdiario.info\\\/magazine\\\/#website\"},\"primaryImageOfPage\":{\"@id\":\"https:\\\/\\\/blogdiario.info\\\/magazine\\\/2026\\\/01\\\/06\\\/tribunal-maduro\\\/#primaryimage\"},\"image\":{\"@id\":\"https:\\\/\\\/blogdiario.info\\\/magazine\\\/2026\\\/01\\\/06\\\/tribunal-maduro\\\/#primaryimage\"},\"thumbnailUrl\":\"https:\\\/\\\/blogdiario.info\\\/magazine\\\/images\\\/2026\\\/01\\\/bfb02e62-313f-4da9-a9ab-a0e64f0f87ac.jpg\",\"datePublished\":\"2026-01-06T08:58:52+00:00\",\"dateModified\":\"2026-01-06T15:42:02+00:00\",\"breadcrumb\":{\"@id\":\"https:\\\/\\\/blogdiario.info\\\/magazine\\\/2026\\\/01\\\/06\\\/tribunal-maduro\\\/#breadcrumb\"},\"inLanguage\":\"es-AR\",\"potentialAction\":[{\"@type\":\"ReadAction\",\"target\":[\"https:\\\/\\\/blogdiario.info\\\/magazine\\\/2026\\\/01\\\/06\\\/tribunal-maduro\\\/\"]}]},{\"@type\":\"ImageObject\",\"inLanguage\":\"es-AR\",\"@id\":\"https:\\\/\\\/blogdiario.info\\\/magazine\\\/2026\\\/01\\\/06\\\/tribunal-maduro\\\/#primaryimage\",\"url\":\"https:\\\/\\\/blogdiario.info\\\/magazine\\\/images\\\/2026\\\/01\\\/bfb02e62-313f-4da9-a9ab-a0e64f0f87ac.jpg\",\"contentUrl\":\"https:\\\/\\\/blogdiario.info\\\/magazine\\\/images\\\/2026\\\/01\\\/bfb02e62-313f-4da9-a9ab-a0e64f0f87ac.jpg\",\"width\":1536,\"height\":1024},{\"@type\":\"BreadcrumbList\",\"@id\":\"https:\\\/\\\/blogdiario.info\\\/magazine\\\/2026\\\/01\\\/06\\\/tribunal-maduro\\\/#breadcrumb\",\"itemListElement\":[{\"@type\":\"ListItem\",\"position\":1,\"name\":\"Home\",\"item\":\"https:\\\/\\\/blogdiario.info\\\/magazine\\\/\"},{\"@type\":\"ListItem\",\"position\":2,\"name\":\"Soy prisionero de guerra, dice desafiante Nicol\u00e1s Maduro ante tribunal estadounidense\"}]},{\"@type\":\"WebSite\",\"@id\":\"https:\\\/\\\/blogdiario.info\\\/magazine\\\/#website\",\"url\":\"https:\\\/\\\/blogdiario.info\\\/magazine\\\/\",\"name\":\"BlogDiario Magazine\",\"description\":\"Suplemento multiling\u00fce de ElCanillita.Info\",\"publisher\":{\"@id\":\"https:\\\/\\\/blogdiario.info\\\/magazine\\\/#organization\"},\"potentialAction\":[{\"@type\":\"SearchAction\",\"target\":{\"@type\":\"EntryPoint\",\"urlTemplate\":\"https:\\\/\\\/blogdiario.info\\\/magazine\\\/?s={search_term_string}\"},\"query-input\":{\"@type\":\"PropertyValueSpecification\",\"valueRequired\":true,\"valueName\":\"search_term_string\"}}],\"inLanguage\":\"es-AR\"},{\"@type\":\"Organization\",\"@id\":\"https:\\\/\\\/blogdiario.info\\\/magazine\\\/#organization\",\"name\":\"Guzzo Photos & Graphic Publications\",\"url\":\"https:\\\/\\\/blogdiario.info\\\/magazine\\\/\",\"logo\":{\"@type\":\"ImageObject\",\"inLanguage\":\"es-AR\",\"@id\":\"https:\\\/\\\/blogdiario.info\\\/magazine\\\/#\\\/schema\\\/logo\\\/image\\\/\",\"url\":\"https:\\\/\\\/blogdiario.info\\\/magazine\\\/images\\\/2020\\\/01\\\/cropped-blogdia_magazine.jpg\",\"contentUrl\":\"https:\\\/\\\/blogdiario.info\\\/magazine\\\/images\\\/2020\\\/01\\\/cropped-blogdia_magazine.jpg\",\"width\":589,\"height\":55,\"caption\":\"Guzzo Photos & Graphic Publications\"},\"image\":{\"@id\":\"https:\\\/\\\/blogdiario.info\\\/magazine\\\/#\\\/schema\\\/logo\\\/image\\\/\"}},{\"@type\":\"Person\",\"@id\":\"https:\\\/\\\/blogdiario.info\\\/magazine\\\/#\\\/schema\\\/person\\\/b2422fe85574d945bad55513bb0c7354\",\"name\":\"World Press Service | Servicio de Prensa Mundial\"}]}<\/script>\n<!-- \/ Yoast SEO plugin. -->","yoast_head_json":{"title":"Soy prisionero de guerra, dice desafiante Nicol\u00e1s Maduro ante tribunal estadounidense - BlogDiario Magazine","robots":{"index":"index","follow":"follow","max-snippet":"max-snippet:-1","max-image-preview":"max-image-preview:large","max-video-preview":"max-video-preview:-1"},"canonical":"https:\/\/blogdiario.info\/magazine\/2026\/01\/06\/tribunal-maduro\/","og_locale":"es_ES","og_type":"article","og_title":"Soy prisionero de guerra, dice desafiante Nicol\u00e1s Maduro ante tribunal estadounidense - BlogDiario Magazine","og_description":"\u00a9 2025 Editorial illustration by Guzzo Photos & Graphic Publications. All rights reserved El exmandatario derrocado se declara inocente en Nueva York, mientras la ONU debate la legalidad de su captura y Washington tensa el tablero global, de Venezuela a Groenlandia.","og_url":"https:\/\/blogdiario.info\/magazine\/2026\/01\/06\/tribunal-maduro\/","og_site_name":"BlogDiario Magazine","article_published_time":"2026-01-06T08:58:52+00:00","article_modified_time":"2026-01-06T15:42:02+00:00","og_image":[{"width":1536,"height":1024,"url":"https:\/\/blogdiario.info\/magazine\/images\/2026\/01\/bfb02e62-313f-4da9-a9ab-a0e64f0f87ac.jpg","type":"image\/jpeg"}],"author":"World Press Service | Servicio de Prensa Mundial","twitter_card":"summary_large_image","twitter_misc":{"Escrito por":"World Press Service | Servicio de Prensa Mundial","Tiempo de lectura":"3 minutos"},"schema":{"@context":"https:\/\/schema.org","@graph":[{"@type":"Article","@id":"https:\/\/blogdiario.info\/magazine\/2026\/01\/06\/tribunal-maduro\/#article","isPartOf":{"@id":"https:\/\/blogdiario.info\/magazine\/2026\/01\/06\/tribunal-maduro\/"},"author":{"name":"World Press Service | Servicio de Prensa Mundial","@id":"https:\/\/blogdiario.info\/magazine\/#\/schema\/person\/b2422fe85574d945bad55513bb0c7354"},"headline":"Soy prisionero de guerra, dice desafiante Nicol\u00e1s Maduro ante tribunal estadounidense","datePublished":"2026-01-06T08:58:52+00:00","dateModified":"2026-01-06T15:42:02+00:00","mainEntityOfPage":{"@id":"https:\/\/blogdiario.info\/magazine\/2026\/01\/06\/tribunal-maduro\/"},"wordCount":564,"publisher":{"@id":"https:\/\/blogdiario.info\/magazine\/#organization"},"image":{"@id":"https:\/\/blogdiario.info\/magazine\/2026\/01\/06\/tribunal-maduro\/#primaryimage"},"thumbnailUrl":"https:\/\/blogdiario.info\/magazine\/images\/2026\/01\/bfb02e62-313f-4da9-a9ab-a0e64f0f87ac.jpg","keywords":["Estados Unidos"],"articleSection":[".",".","Actualidad","America del Nord","Justicia","Narcotrafico","Pol\u00edticas globales"],"inLanguage":"es-AR"},{"@type":"WebPage","@id":"https:\/\/blogdiario.info\/magazine\/2026\/01\/06\/tribunal-maduro\/","url":"https:\/\/blogdiario.info\/magazine\/2026\/01\/06\/tribunal-maduro\/","name":"Soy prisionero de guerra, dice desafiante Nicol\u00e1s Maduro ante tribunal estadounidense - BlogDiario Magazine","isPartOf":{"@id":"https:\/\/blogdiario.info\/magazine\/#website"},"primaryImageOfPage":{"@id":"https:\/\/blogdiario.info\/magazine\/2026\/01\/06\/tribunal-maduro\/#primaryimage"},"image":{"@id":"https:\/\/blogdiario.info\/magazine\/2026\/01\/06\/tribunal-maduro\/#primaryimage"},"thumbnailUrl":"https:\/\/blogdiario.info\/magazine\/images\/2026\/01\/bfb02e62-313f-4da9-a9ab-a0e64f0f87ac.jpg","datePublished":"2026-01-06T08:58:52+00:00","dateModified":"2026-01-06T15:42:02+00:00","breadcrumb":{"@id":"https:\/\/blogdiario.info\/magazine\/2026\/01\/06\/tribunal-maduro\/#breadcrumb"},"inLanguage":"es-AR","potentialAction":[{"@type":"ReadAction","target":["https:\/\/blogdiario.info\/magazine\/2026\/01\/06\/tribunal-maduro\/"]}]},{"@type":"ImageObject","inLanguage":"es-AR","@id":"https:\/\/blogdiario.info\/magazine\/2026\/01\/06\/tribunal-maduro\/#primaryimage","url":"https:\/\/blogdiario.info\/magazine\/images\/2026\/01\/bfb02e62-313f-4da9-a9ab-a0e64f0f87ac.jpg","contentUrl":"https:\/\/blogdiario.info\/magazine\/images\/2026\/01\/bfb02e62-313f-4da9-a9ab-a0e64f0f87ac.jpg","width":1536,"height":1024},{"@type":"BreadcrumbList","@id":"https:\/\/blogdiario.info\/magazine\/2026\/01\/06\/tribunal-maduro\/#breadcrumb","itemListElement":[{"@type":"ListItem","position":1,"name":"Home","item":"https:\/\/blogdiario.info\/magazine\/"},{"@type":"ListItem","position":2,"name":"Soy prisionero de guerra, dice desafiante Nicol\u00e1s Maduro ante tribunal estadounidense"}]},{"@type":"WebSite","@id":"https:\/\/blogdiario.info\/magazine\/#website","url":"https:\/\/blogdiario.info\/magazine\/","name":"BlogDiario Magazine","description":"Suplemento multiling\u00fce de ElCanillita.Info","publisher":{"@id":"https:\/\/blogdiario.info\/magazine\/#organization"},"potentialAction":[{"@type":"SearchAction","target":{"@type":"EntryPoint","urlTemplate":"https:\/\/blogdiario.info\/magazine\/?s={search_term_string}"},"query-input":{"@type":"PropertyValueSpecification","valueRequired":true,"valueName":"search_term_string"}}],"inLanguage":"es-AR"},{"@type":"Organization","@id":"https:\/\/blogdiario.info\/magazine\/#organization","name":"Guzzo Photos & Graphic Publications","url":"https:\/\/blogdiario.info\/magazine\/","logo":{"@type":"ImageObject","inLanguage":"es-AR","@id":"https:\/\/blogdiario.info\/magazine\/#\/schema\/logo\/image\/","url":"https:\/\/blogdiario.info\/magazine\/images\/2020\/01\/cropped-blogdia_magazine.jpg","contentUrl":"https:\/\/blogdiario.info\/magazine\/images\/2020\/01\/cropped-blogdia_magazine.jpg","width":589,"height":55,"caption":"Guzzo Photos & Graphic Publications"},"image":{"@id":"https:\/\/blogdiario.info\/magazine\/#\/schema\/logo\/image\/"}},{"@type":"Person","@id":"https:\/\/blogdiario.info\/magazine\/#\/schema\/person\/b2422fe85574d945bad55513bb0c7354","name":"World Press Service | Servicio de Prensa Mundial"}]}},"views":138,"_links":{"self":[{"href":"https:\/\/blogdiario.info\/magazine\/wp-json\/wp\/v2\/posts\/2690","targetHints":{"allow":["GET"]}}],"collection":[{"href":"https:\/\/blogdiario.info\/magazine\/wp-json\/wp\/v2\/posts"}],"about":[{"href":"https:\/\/blogdiario.info\/magazine\/wp-json\/wp\/v2\/types\/post"}],"author":[{"embeddable":true,"href":"https:\/\/blogdiario.info\/magazine\/wp-json\/wp\/v2\/users\/1"}],"replies":[{"embeddable":true,"href":"https:\/\/blogdiario.info\/magazine\/wp-json\/wp\/v2\/comments?post=2690"}],"version-history":[{"count":0,"href":"https:\/\/blogdiario.info\/magazine\/wp-json\/wp\/v2\/posts\/2690\/revisions"}],"wp:featuredmedia":[{"embeddable":true,"href":"https:\/\/blogdiario.info\/magazine\/wp-json\/wp\/v2\/media\/2693"}],"wp:attachment":[{"href":"https:\/\/blogdiario.info\/magazine\/wp-json\/wp\/v2\/media?parent=2690"}],"wp:term":[{"taxonomy":"category","embeddable":true,"href":"https:\/\/blogdiario.info\/magazine\/wp-json\/wp\/v2\/categories?post=2690"},{"taxonomy":"post_tag","embeddable":true,"href":"https:\/\/blogdiario.info\/magazine\/wp-json\/wp\/v2\/tags?post=2690"}],"curies":[{"name":"wp","href":"https:\/\/api.w.org\/{rel}","templated":true}]}}