{"id":2681,"date":"2025-12-27T18:57:46","date_gmt":"2025-12-27T17:57:46","guid":{"rendered":"https:\/\/blogdiario.info\/magazine\/?p=2681"},"modified":"2025-12-27T20:30:23","modified_gmt":"2025-12-27T19:30:23","slug":"turn-right","status":"publish","type":"post","link":"https:\/\/blogdiario.info\/magazine\/2025\/12\/27\/turn-right\/","title":{"rendered":"Trump, aranceles y problemas al lado: por qu\u00e9 Am\u00e9rica Latina est\u00e1 girando a la derecha"},"content":{"rendered":"\n<figure class=\"wp-block-image size-large\"><img loading=\"lazy\" decoding=\"async\" width=\"1024\" height=\"575\" src=\"https:\/\/blogdiario.info\/magazine\/images\/2025\/12\/IMG_0013-1024x575.jpeg\" alt=\"\" class=\"wp-image-2682\" srcset=\"https:\/\/blogdiario.info\/magazine\/images\/2025\/12\/IMG_0013-1024x575.jpeg 1024w, https:\/\/blogdiario.info\/magazine\/images\/2025\/12\/IMG_0013-300x169.jpeg 300w, https:\/\/blogdiario.info\/magazine\/images\/2025\/12\/IMG_0013-768x432.jpeg 768w, https:\/\/blogdiario.info\/magazine\/images\/2025\/12\/IMG_0013.jpeg 1500w\" sizes=\"auto, (max-width: 1024px) 100vw, 1024px\" \/><\/figure>\n\n\n\n<p>Durante d\u00e9cadas, Am\u00e9rica Latina fue el laboratorio sentimental de la izquierda. De <strong>Fidel Castro<\/strong> y <strong>Che Guevara<\/strong> a <strong>Daniel Ortega<\/strong>, la \u00e9pica revolucionaria prometi\u00f3 redenci\u00f3n social con acento tropical. Millones compraron el relato.<\/p>\n\n\n\n<p>Hoy el p\u00e9ndulo no solo se movi\u00f3: cambi\u00f3 de eje. El protagonismo lo ocupan libertarios y conservadores de l\u00ednea dura. El salvadore\u00f1o <strong>Nayib Bukele<\/strong> \u2014autodefinido \u201cdictador millennial\u201d\u2014 y el argentino <strong>Javier Milei<\/strong> \u2014con su motosierra como s\u00edmbolo\u2014 se volvieron referentes de una derecha que promete orden y shock.<\/p>\n\n\n\n<p>El dato es contundente: en 2025 la izquierda no gan\u00f3 ninguna elecci\u00f3n presidencial en la regi\u00f3n. Bolivia, Ecuador, Honduras y Chile viraron a opciones conservadoras (con Honduras a\u00fan bajo recuento). En el Caribe, <strong>Ralph Gonsalves<\/strong> perdi\u00f3 tras 24 a\u00f1os. Brasil, con <strong>Lula da Silva<\/strong>, asoma como excepci\u00f3n.<\/p>\n\n\n\n<p>\u00bfVolatilidad electoral o cambio estructural? Para <strong>Brian Winter<\/strong>, no es un simple vaiv\u00e9n: las ideas conservadoras \u201cest\u00e1n ganando terreno\u201d. Y hay un catalizador externo dif\u00edcil de ignorar: <strong>Donald Trump<\/strong>.<\/p>\n\n\n\n<p>Trump empuja con zanahoria y garrote. Respalda a aliados, promete financiamiento y amenaza con aranceles. El gesto m\u00e1s expl\u00edcito fue el rescate de USD 20.000 millones a Argentina condicionado a un triunfo legislativo oficialista. El mensaje fue claro: alineamiento a cambio de ox\u00edgeno.<\/p>\n\n\n\n<p>El otro gran motor es Venezuela. El colapso iniciado con <strong>Hugo Ch\u00e1vez<\/strong> y profundizado por <strong>Nicol\u00e1s Maduro<\/strong> se convirti\u00f3 en anatema electoral. Ocho millones de emigrados, historias de penuria y una econom\u00eda devastada sellaron la advertencia: nadie quiere \u201cotra Venezuela\u201d.<\/p>\n\n\n\n<p>La inmigraci\u00f3n y el delito completan el cuadro. El avance de bandas como <strong>Tren de Aragua<\/strong> y el aumento de homicidios en pa\u00edses antes seguros alimentan plataformas de mano dura. En Chile, <strong>Jos\u00e9 Antonio Kast<\/strong> capitaliz\u00f3 el temor con promesas de muros y deportaciones, a la manera Trump.<\/p>\n\n\n\n<figure class=\"wp-block-image size-full\"><img loading=\"lazy\" decoding=\"async\" width=\"600\" height=\"400\" src=\"https:\/\/blogdiario.info\/magazine\/images\/2025\/12\/IMG_0017.jpeg\" alt=\"\" class=\"wp-image-2683\" srcset=\"https:\/\/blogdiario.info\/magazine\/images\/2025\/12\/IMG_0017.jpeg 600w, https:\/\/blogdiario.info\/magazine\/images\/2025\/12\/IMG_0017-300x200.jpeg 300w\" sizes=\"auto, (max-width: 600px) 100vw, 600px\" \/><\/figure>\n\n\n\n<p>Bukele funciona como faro. Encerr\u00f3 a cerca del 3% de la poblaci\u00f3n masculina y exhibe un respaldo superior al 85%. Su m\u00e9todo inspira imitadores y excesos: en R\u00edo de Janeiro, el gobernador <strong>Cl\u00e1udio Castro<\/strong> defendi\u00f3 una operaci\u00f3n letal con amplio apoyo social.<\/p>\n\n\n\n<p>Al final, quiz\u00e1s el mapa ya no se lea en rojo o azul. Como advierte <strong>James Bosworth<\/strong>, Venezuela y El Salvador comparten autoritarismos rentistas m\u00e1s que etiquetas ideol\u00f3gicas puras. Y Milei, icono del libre mercado, gan\u00f3 m\u00fasculo con auxilio externo. La regi\u00f3n no eligi\u00f3 derecha o izquierda: eligi\u00f3 orden, miedo y pragmatismo. El precio, todav\u00eda, est\u00e1 en discusi\u00f3n.<\/p>\n\n\n\n<p>\u270d\ufe0f \u00a9 2025 SalaStampa.eu \u2013 All Rights Reserved<\/p>\n\n\n\n<p><\/p>\n\n\n<hr style=\"\n    border: none;\n    height: 1px;\n    background: linear-gradient(to right, transparent, #ccc, transparent);\n    margin: 0;\n\" \/>\n<\/p>\n<p><small>\u00a9\ufe0f2025  Guzzo Photos  &#038; Graphic Publications \u2013 All Rights Reserved \u2013 Copyright \u00a9\ufe0f 2025 SalaStampa.eu, world press service \u2013 Guzzo Photos &#038; Graphic Publications \u2013 Registro Editori e Stampatori n. 1441 Turin, Italy<\/small><\/p>\n\n\n<p><\/p>\n\n\n\n<p><\/p>\n","protected":false},"excerpt":{"rendered":"<p>La izquierda no gan\u00f3 una sola presidencial este a\u00f1o en la regi\u00f3n. Entre la presi\u00f3n de Trump, el miedo a \u201cotra Venezuela\u201d y el hartazgo con el delito, avanza la llamada \u201cmarea azul\u201d.<\/p>\n","protected":false},"author":1,"featured_media":2684,"comment_status":"closed","ping_status":"closed","sticky":false,"template":"","format":"standard","meta":{"footnotes":"","_links_to":"","_links_to_target":""},"categories":[97,109,62,50,51,41,43,166],"tags":[201],"class_list":["post-2681","post","type-post","status-publish","format-standard","has-post-thumbnail","hentry","category-elcanillita","category-dc24","category-actualidad","category-america-centrale","category-america-del-sud","category-politica-esp","category-sociedad","category-south-america","tag-latinoamerica","entry","rows"],"yoast_head":"<!-- This site is optimized with the Yoast SEO plugin v27.4 - https:\/\/yoast.com\/product\/yoast-seo-wordpress\/ -->\n<title>Trump, aranceles y problemas al lado: por qu\u00e9 Am\u00e9rica Latina est\u00e1 girando a la derecha - BlogDiario Magazine<\/title>\n<meta name=\"robots\" content=\"index, follow, max-snippet:-1, max-image-preview:large, max-video-preview:-1\" \/>\n<link rel=\"canonical\" href=\"https:\/\/blogdiario.info\/magazine\/2025\/12\/27\/turn-right\/\" \/>\n<meta property=\"og:locale\" content=\"es_ES\" \/>\n<meta property=\"og:type\" content=\"article\" \/>\n<meta property=\"og:title\" content=\"Trump, aranceles y problemas al lado: por qu\u00e9 Am\u00e9rica Latina est\u00e1 girando a la derecha - BlogDiario Magazine\" \/>\n<meta property=\"og:description\" content=\"La izquierda no gan\u00f3 una sola presidencial este a\u00f1o en la regi\u00f3n. Entre la presi\u00f3n de Trump, el miedo a \u201cotra Venezuela\u201d y el hartazgo con el delito, avanza la llamada \u201cmarea azul\u201d.\" \/>\n<meta property=\"og:url\" content=\"https:\/\/blogdiario.info\/magazine\/2025\/12\/27\/turn-right\/\" \/>\n<meta property=\"og:site_name\" content=\"BlogDiario Magazine\" \/>\n<meta property=\"article:published_time\" content=\"2025-12-27T17:57:46+00:00\" \/>\n<meta property=\"article:modified_time\" content=\"2025-12-27T19:30:23+00:00\" \/>\n<meta property=\"og:image\" content=\"https:\/\/blogdiario.info\/magazine\/images\/2025\/12\/IMG_0014.jpeg\" \/>\n\t<meta property=\"og:image:width\" content=\"1533\" \/>\n\t<meta property=\"og:image:height\" content=\"1022\" \/>\n\t<meta property=\"og:image:type\" content=\"image\/jpeg\" \/>\n<meta name=\"author\" content=\"World Press Service | Servicio de Prensa Mundial\" \/>\n<meta name=\"twitter:card\" content=\"summary_large_image\" \/>\n<meta name=\"twitter:label1\" content=\"Escrito por\" \/>\n\t<meta name=\"twitter:data1\" content=\"World Press Service | Servicio de Prensa Mundial\" \/>\n\t<meta name=\"twitter:label2\" content=\"Tiempo de lectura\" \/>\n\t<meta name=\"twitter:data2\" content=\"3 minutos\" \/>\n<script type=\"application\/ld+json\" class=\"yoast-schema-graph\">{\"@context\":\"https:\\\/\\\/schema.org\",\"@graph\":[{\"@type\":\"Article\",\"@id\":\"https:\\\/\\\/blogdiario.info\\\/magazine\\\/2025\\\/12\\\/27\\\/turn-right\\\/#article\",\"isPartOf\":{\"@id\":\"https:\\\/\\\/blogdiario.info\\\/magazine\\\/2025\\\/12\\\/27\\\/turn-right\\\/\"},\"author\":{\"name\":\"World Press Service | Servicio de Prensa Mundial\",\"@id\":\"https:\\\/\\\/blogdiario.info\\\/magazine\\\/#\\\/schema\\\/person\\\/b2422fe85574d945bad55513bb0c7354\"},\"headline\":\"Trump, aranceles y problemas al lado: por qu\u00e9 Am\u00e9rica Latina est\u00e1 girando a la derecha\",\"datePublished\":\"2025-12-27T17:57:46+00:00\",\"dateModified\":\"2025-12-27T19:30:23+00:00\",\"mainEntityOfPage\":{\"@id\":\"https:\\\/\\\/blogdiario.info\\\/magazine\\\/2025\\\/12\\\/27\\\/turn-right\\\/\"},\"wordCount\":463,\"publisher\":{\"@id\":\"https:\\\/\\\/blogdiario.info\\\/magazine\\\/#organization\"},\"image\":{\"@id\":\"https:\\\/\\\/blogdiario.info\\\/magazine\\\/2025\\\/12\\\/27\\\/turn-right\\\/#primaryimage\"},\"thumbnailUrl\":\"https:\\\/\\\/blogdiario.info\\\/magazine\\\/images\\\/2025\\\/12\\\/IMG_0014.jpeg\",\"keywords\":[\"Latinoam\u00e9rica\"],\"articleSection\":[\".\",\".\",\"Actualidad\",\"America Centrale\",\"America del Sud\",\"Politica\",\"Sociedad\",\"South America\"],\"inLanguage\":\"es-AR\"},{\"@type\":\"WebPage\",\"@id\":\"https:\\\/\\\/blogdiario.info\\\/magazine\\\/2025\\\/12\\\/27\\\/turn-right\\\/\",\"url\":\"https:\\\/\\\/blogdiario.info\\\/magazine\\\/2025\\\/12\\\/27\\\/turn-right\\\/\",\"name\":\"Trump, aranceles y problemas al lado: por qu\u00e9 Am\u00e9rica Latina est\u00e1 girando a la derecha - BlogDiario Magazine\",\"isPartOf\":{\"@id\":\"https:\\\/\\\/blogdiario.info\\\/magazine\\\/#website\"},\"primaryImageOfPage\":{\"@id\":\"https:\\\/\\\/blogdiario.info\\\/magazine\\\/2025\\\/12\\\/27\\\/turn-right\\\/#primaryimage\"},\"image\":{\"@id\":\"https:\\\/\\\/blogdiario.info\\\/magazine\\\/2025\\\/12\\\/27\\\/turn-right\\\/#primaryimage\"},\"thumbnailUrl\":\"https:\\\/\\\/blogdiario.info\\\/magazine\\\/images\\\/2025\\\/12\\\/IMG_0014.jpeg\",\"datePublished\":\"2025-12-27T17:57:46+00:00\",\"dateModified\":\"2025-12-27T19:30:23+00:00\",\"breadcrumb\":{\"@id\":\"https:\\\/\\\/blogdiario.info\\\/magazine\\\/2025\\\/12\\\/27\\\/turn-right\\\/#breadcrumb\"},\"inLanguage\":\"es-AR\",\"potentialAction\":[{\"@type\":\"ReadAction\",\"target\":[\"https:\\\/\\\/blogdiario.info\\\/magazine\\\/2025\\\/12\\\/27\\\/turn-right\\\/\"]}]},{\"@type\":\"ImageObject\",\"inLanguage\":\"es-AR\",\"@id\":\"https:\\\/\\\/blogdiario.info\\\/magazine\\\/2025\\\/12\\\/27\\\/turn-right\\\/#primaryimage\",\"url\":\"https:\\\/\\\/blogdiario.info\\\/magazine\\\/images\\\/2025\\\/12\\\/IMG_0014.jpeg\",\"contentUrl\":\"https:\\\/\\\/blogdiario.info\\\/magazine\\\/images\\\/2025\\\/12\\\/IMG_0014.jpeg\",\"width\":1533,\"height\":1022},{\"@type\":\"BreadcrumbList\",\"@id\":\"https:\\\/\\\/blogdiario.info\\\/magazine\\\/2025\\\/12\\\/27\\\/turn-right\\\/#breadcrumb\",\"itemListElement\":[{\"@type\":\"ListItem\",\"position\":1,\"name\":\"Home\",\"item\":\"https:\\\/\\\/blogdiario.info\\\/magazine\\\/\"},{\"@type\":\"ListItem\",\"position\":2,\"name\":\"Trump, aranceles y problemas al lado: por qu\u00e9 Am\u00e9rica Latina est\u00e1 girando a la derecha\"}]},{\"@type\":\"WebSite\",\"@id\":\"https:\\\/\\\/blogdiario.info\\\/magazine\\\/#website\",\"url\":\"https:\\\/\\\/blogdiario.info\\\/magazine\\\/\",\"name\":\"BlogDiario Magazine\",\"description\":\"Suplemento multiling\u00fce de ElCanillita.Info\",\"publisher\":{\"@id\":\"https:\\\/\\\/blogdiario.info\\\/magazine\\\/#organization\"},\"potentialAction\":[{\"@type\":\"SearchAction\",\"target\":{\"@type\":\"EntryPoint\",\"urlTemplate\":\"https:\\\/\\\/blogdiario.info\\\/magazine\\\/?s={search_term_string}\"},\"query-input\":{\"@type\":\"PropertyValueSpecification\",\"valueRequired\":true,\"valueName\":\"search_term_string\"}}],\"inLanguage\":\"es-AR\"},{\"@type\":\"Organization\",\"@id\":\"https:\\\/\\\/blogdiario.info\\\/magazine\\\/#organization\",\"name\":\"Guzzo Photos & Graphic Publications\",\"url\":\"https:\\\/\\\/blogdiario.info\\\/magazine\\\/\",\"logo\":{\"@type\":\"ImageObject\",\"inLanguage\":\"es-AR\",\"@id\":\"https:\\\/\\\/blogdiario.info\\\/magazine\\\/#\\\/schema\\\/logo\\\/image\\\/\",\"url\":\"https:\\\/\\\/blogdiario.info\\\/magazine\\\/images\\\/2020\\\/01\\\/cropped-blogdia_magazine.jpg\",\"contentUrl\":\"https:\\\/\\\/blogdiario.info\\\/magazine\\\/images\\\/2020\\\/01\\\/cropped-blogdia_magazine.jpg\",\"width\":589,\"height\":55,\"caption\":\"Guzzo Photos & Graphic Publications\"},\"image\":{\"@id\":\"https:\\\/\\\/blogdiario.info\\\/magazine\\\/#\\\/schema\\\/logo\\\/image\\\/\"}},{\"@type\":\"Person\",\"@id\":\"https:\\\/\\\/blogdiario.info\\\/magazine\\\/#\\\/schema\\\/person\\\/b2422fe85574d945bad55513bb0c7354\",\"name\":\"World Press Service | Servicio de Prensa Mundial\"}]}<\/script>\n<!-- \/ Yoast SEO plugin. -->","yoast_head_json":{"title":"Trump, aranceles y problemas al lado: por qu\u00e9 Am\u00e9rica Latina est\u00e1 girando a la derecha - BlogDiario Magazine","robots":{"index":"index","follow":"follow","max-snippet":"max-snippet:-1","max-image-preview":"max-image-preview:large","max-video-preview":"max-video-preview:-1"},"canonical":"https:\/\/blogdiario.info\/magazine\/2025\/12\/27\/turn-right\/","og_locale":"es_ES","og_type":"article","og_title":"Trump, aranceles y problemas al lado: por qu\u00e9 Am\u00e9rica Latina est\u00e1 girando a la derecha - BlogDiario Magazine","og_description":"La izquierda no gan\u00f3 una sola presidencial este a\u00f1o en la regi\u00f3n. Entre la presi\u00f3n de Trump, el miedo a \u201cotra Venezuela\u201d y el hartazgo con el delito, avanza la llamada \u201cmarea azul\u201d.","og_url":"https:\/\/blogdiario.info\/magazine\/2025\/12\/27\/turn-right\/","og_site_name":"BlogDiario Magazine","article_published_time":"2025-12-27T17:57:46+00:00","article_modified_time":"2025-12-27T19:30:23+00:00","og_image":[{"width":1533,"height":1022,"url":"https:\/\/blogdiario.info\/magazine\/images\/2025\/12\/IMG_0014.jpeg","type":"image\/jpeg"}],"author":"World Press Service | Servicio de Prensa Mundial","twitter_card":"summary_large_image","twitter_misc":{"Escrito por":"World Press Service | Servicio de Prensa Mundial","Tiempo de lectura":"3 minutos"},"schema":{"@context":"https:\/\/schema.org","@graph":[{"@type":"Article","@id":"https:\/\/blogdiario.info\/magazine\/2025\/12\/27\/turn-right\/#article","isPartOf":{"@id":"https:\/\/blogdiario.info\/magazine\/2025\/12\/27\/turn-right\/"},"author":{"name":"World Press Service | Servicio de Prensa Mundial","@id":"https:\/\/blogdiario.info\/magazine\/#\/schema\/person\/b2422fe85574d945bad55513bb0c7354"},"headline":"Trump, aranceles y problemas al lado: por qu\u00e9 Am\u00e9rica Latina est\u00e1 girando a la derecha","datePublished":"2025-12-27T17:57:46+00:00","dateModified":"2025-12-27T19:30:23+00:00","mainEntityOfPage":{"@id":"https:\/\/blogdiario.info\/magazine\/2025\/12\/27\/turn-right\/"},"wordCount":463,"publisher":{"@id":"https:\/\/blogdiario.info\/magazine\/#organization"},"image":{"@id":"https:\/\/blogdiario.info\/magazine\/2025\/12\/27\/turn-right\/#primaryimage"},"thumbnailUrl":"https:\/\/blogdiario.info\/magazine\/images\/2025\/12\/IMG_0014.jpeg","keywords":["Latinoam\u00e9rica"],"articleSection":[".",".","Actualidad","America Centrale","America del Sud","Politica","Sociedad","South America"],"inLanguage":"es-AR"},{"@type":"WebPage","@id":"https:\/\/blogdiario.info\/magazine\/2025\/12\/27\/turn-right\/","url":"https:\/\/blogdiario.info\/magazine\/2025\/12\/27\/turn-right\/","name":"Trump, aranceles y problemas al lado: por qu\u00e9 Am\u00e9rica Latina est\u00e1 girando a la derecha - BlogDiario Magazine","isPartOf":{"@id":"https:\/\/blogdiario.info\/magazine\/#website"},"primaryImageOfPage":{"@id":"https:\/\/blogdiario.info\/magazine\/2025\/12\/27\/turn-right\/#primaryimage"},"image":{"@id":"https:\/\/blogdiario.info\/magazine\/2025\/12\/27\/turn-right\/#primaryimage"},"thumbnailUrl":"https:\/\/blogdiario.info\/magazine\/images\/2025\/12\/IMG_0014.jpeg","datePublished":"2025-12-27T17:57:46+00:00","dateModified":"2025-12-27T19:30:23+00:00","breadcrumb":{"@id":"https:\/\/blogdiario.info\/magazine\/2025\/12\/27\/turn-right\/#breadcrumb"},"inLanguage":"es-AR","potentialAction":[{"@type":"ReadAction","target":["https:\/\/blogdiario.info\/magazine\/2025\/12\/27\/turn-right\/"]}]},{"@type":"ImageObject","inLanguage":"es-AR","@id":"https:\/\/blogdiario.info\/magazine\/2025\/12\/27\/turn-right\/#primaryimage","url":"https:\/\/blogdiario.info\/magazine\/images\/2025\/12\/IMG_0014.jpeg","contentUrl":"https:\/\/blogdiario.info\/magazine\/images\/2025\/12\/IMG_0014.jpeg","width":1533,"height":1022},{"@type":"BreadcrumbList","@id":"https:\/\/blogdiario.info\/magazine\/2025\/12\/27\/turn-right\/#breadcrumb","itemListElement":[{"@type":"ListItem","position":1,"name":"Home","item":"https:\/\/blogdiario.info\/magazine\/"},{"@type":"ListItem","position":2,"name":"Trump, aranceles y problemas al lado: por qu\u00e9 Am\u00e9rica Latina est\u00e1 girando a la derecha"}]},{"@type":"WebSite","@id":"https:\/\/blogdiario.info\/magazine\/#website","url":"https:\/\/blogdiario.info\/magazine\/","name":"BlogDiario Magazine","description":"Suplemento multiling\u00fce de ElCanillita.Info","publisher":{"@id":"https:\/\/blogdiario.info\/magazine\/#organization"},"potentialAction":[{"@type":"SearchAction","target":{"@type":"EntryPoint","urlTemplate":"https:\/\/blogdiario.info\/magazine\/?s={search_term_string}"},"query-input":{"@type":"PropertyValueSpecification","valueRequired":true,"valueName":"search_term_string"}}],"inLanguage":"es-AR"},{"@type":"Organization","@id":"https:\/\/blogdiario.info\/magazine\/#organization","name":"Guzzo Photos & Graphic Publications","url":"https:\/\/blogdiario.info\/magazine\/","logo":{"@type":"ImageObject","inLanguage":"es-AR","@id":"https:\/\/blogdiario.info\/magazine\/#\/schema\/logo\/image\/","url":"https:\/\/blogdiario.info\/magazine\/images\/2020\/01\/cropped-blogdia_magazine.jpg","contentUrl":"https:\/\/blogdiario.info\/magazine\/images\/2020\/01\/cropped-blogdia_magazine.jpg","width":589,"height":55,"caption":"Guzzo Photos & Graphic Publications"},"image":{"@id":"https:\/\/blogdiario.info\/magazine\/#\/schema\/logo\/image\/"}},{"@type":"Person","@id":"https:\/\/blogdiario.info\/magazine\/#\/schema\/person\/b2422fe85574d945bad55513bb0c7354","name":"World Press Service | Servicio de Prensa Mundial"}]}},"views":152,"_links":{"self":[{"href":"https:\/\/blogdiario.info\/magazine\/wp-json\/wp\/v2\/posts\/2681","targetHints":{"allow":["GET"]}}],"collection":[{"href":"https:\/\/blogdiario.info\/magazine\/wp-json\/wp\/v2\/posts"}],"about":[{"href":"https:\/\/blogdiario.info\/magazine\/wp-json\/wp\/v2\/types\/post"}],"author":[{"embeddable":true,"href":"https:\/\/blogdiario.info\/magazine\/wp-json\/wp\/v2\/users\/1"}],"replies":[{"embeddable":true,"href":"https:\/\/blogdiario.info\/magazine\/wp-json\/wp\/v2\/comments?post=2681"}],"version-history":[{"count":0,"href":"https:\/\/blogdiario.info\/magazine\/wp-json\/wp\/v2\/posts\/2681\/revisions"}],"wp:featuredmedia":[{"embeddable":true,"href":"https:\/\/blogdiario.info\/magazine\/wp-json\/wp\/v2\/media\/2684"}],"wp:attachment":[{"href":"https:\/\/blogdiario.info\/magazine\/wp-json\/wp\/v2\/media?parent=2681"}],"wp:term":[{"taxonomy":"category","embeddable":true,"href":"https:\/\/blogdiario.info\/magazine\/wp-json\/wp\/v2\/categories?post=2681"},{"taxonomy":"post_tag","embeddable":true,"href":"https:\/\/blogdiario.info\/magazine\/wp-json\/wp\/v2\/tags?post=2681"}],"curies":[{"name":"wp","href":"https:\/\/api.w.org\/{rel}","templated":true}]}}