{"id":2647,"date":"2025-12-08T18:30:32","date_gmt":"2025-12-08T17:30:32","guid":{"rendered":"https:\/\/blogdiario.info\/magazine\/?p=2647"},"modified":"2025-12-08T18:33:35","modified_gmt":"2025-12-08T17:33:35","slug":"immaculatus-propositum-vitae","status":"publish","type":"post","link":"https:\/\/blogdiario.info\/magazine\/2025\/12\/08\/immaculatus-propositum-vitae\/","title":{"rendered":"Immacul\u0101tus Propositum Vitae"},"content":{"rendered":"<div class=\"wp-block-image\">\n<figure class=\"alignleft size-full is-resized\"><img loading=\"lazy\" decoding=\"async\" width=\"500\" height=\"454\" src=\"https:\/\/blogdiario.info\/magazine\/images\/2025\/12\/inmGiot.jpg\" alt=\"\" class=\"wp-image-2648\" style=\"width:320px;height:auto\" srcset=\"https:\/\/blogdiario.info\/magazine\/images\/2025\/12\/inmGiot.jpg 500w, https:\/\/blogdiario.info\/magazine\/images\/2025\/12\/inmGiot-300x272.jpg 300w\" sizes=\"auto, (max-width: 500px) 100vw, 500px\" \/><figcaption class=\"wp-element-caption\">Encuentro en la Puerta Dorada, de Giotto (1304-1306).<\/figcaption><\/figure><\/div>\n\n\n<p>Hay temas que huelen a sacrist\u00eda cerrada, pero que en realidad son pura pol\u00edtica. El celibato sacerdotal es uno de ellos. Un voto que se presenta como mandato divino, cuando cualquiera que haya le\u00eddo una p\u00e1gina de historia sabe que naci\u00f3 m\u00e1s por c\u00e1lculo institucional que por revelaci\u00f3n celestial. En pol\u00edtica, como en religi\u00f3n, los mandatos eternos suelen tener fecha de creaci\u00f3n.<\/p>\n\n\n\n<p>Jes\u00fas era jud\u00edo, vivi\u00f3 como jud\u00edo y se movi\u00f3 entre jud\u00edos. En esa tradici\u00f3n, casarse era tan normal como respirar. Los rabinos hoy pueden formar familia sin que el cielo tiemble. Pero en el catolicismo, con los siglos, el matrimonio sacerdotal pas\u00f3 de \u201cposible\u201d a \u201cinaceptable\u201d, como si el amor hiciera interferencia con la se\u00f1al divina. Sin embargo, Pedro, el primer Papa, ten\u00eda suegra. Los Evangelios no mienten: Jes\u00fas cura a la mujer\u2026 y nadie se escandaliza por la esposa del ap\u00f3stol. Cosas que hoy ser\u00edan consideradas \u201cdemasiado modernas\u201d.<\/p>\n\n\n\n<p>Durante m\u00e1s de mil a\u00f1os, la Iglesia orden\u00f3 hombres casados. Luego vino el giro estrat\u00e9gico: un sacerdote sin hijos es un sacerdote sin prioridades dom\u00e9sticas, listo para ser reasignado de un d\u00eda para otro. M\u00e1s disponibilidad, menos molestias. Un razonamiento pr\u00e1ctico disfrazado de virtud. A veces, la historia de la Iglesia es un manual de recursos humanos con aroma a incienso.<\/p>\n\n\n\n<p>Para frailes y monjas el discurso es distinto: vocaci\u00f3n total, familia universal, Dios como \u00fanico ocupante del coraz\u00f3n. Hermoso en teor\u00eda, exigente en la pr\u00e1ctica. San Juan de la Cruz lo resumi\u00f3 en cuatro palabras: \u201cSolo Dios basta\u201d. Pero basta para algunos; para otros, el celibato impuesto sigue siendo una mochila ajena que deben cargar.<\/p>\n\n\n\n<p>Y ah\u00ed entra Francisco\u2026 el original, no el de hoy. Aquel joven de As\u00eds que redact\u00f3 su <em>Propositum Vitae<\/em> con m\u00e1s coraz\u00f3n que teolog\u00eda. Doce compa\u00f1eros, un sue\u00f1o y un viaje a Roma. Tres meses esperando afuera del Laterano, durmiendo en la calle, mientras los guardias papales miraban para otro lado. Algo as\u00ed como pedir audiencia en una burocracia moderna: cuando no quieren verte, no existes.<\/p>\n\n\n\n<p>Pero Inocencio III tuvo un sue\u00f1o, literalmente: vio la Bas\u00edlica de Letr\u00e1n derrumbarse y a un pobre sosteni\u00e9ndola. Y entendi\u00f3 \u2014como entienden los grandes pol\u00edticos\u2014 que a veces conviene abrir la puerta antes de que te la derriben. Aprob\u00f3 la Regla de los franciscanos, no por santidad repentina, sino porque necesitaba una fuerza popular que no se le rebelara.<\/p>\n\n\n\n<p>Los a\u00f1os pasaron, y aquel movimiento que dorm\u00eda en las calles termin\u00f3 convirti\u00e9ndose en una multinacional espiritual. El propio Francisco, horrorizado, renunci\u00f3 a los bienes que sin querer hab\u00eda acumulado. Una lecci\u00f3n eterna: toda instituci\u00f3n nace pura y termina administrando patrimonios, protocolos y miedos.<\/p>\n\n\n\n<p>Hoy, cuando el debate sobre el celibato vuelve a encenderse, la pregunta no es teol\u00f3gica, sino pol\u00edtica: \u00bfqu\u00e9 teme perder la Iglesia si permite que sus sacerdotes vivan como vivi\u00f3 Pedro? \u00bfQu\u00e9 estructura cruje si se admite que el celibato no es dogma, sino decisi\u00f3n administrativa?<\/p>\n\n\n\n<p>A veces la verdad es simple: no es la fe la que se resiste al cambio, sino quienes manejan la llave de la puerta.<br><br>\u270d\ufe0f \u00a9 2025 El Custodio de los Pergaminos \u2013 All Rights Reserved<\/p>\n\n\n<hr style=\"border: none; height: 1px; background-color: #ccc; margin: 2em 0;\" \/>\n<p><small>\u00a9 2025 SalaStampa.eu, world press service &#8211; All Rights Reserved &#8211; Guzzo Photos &amp; Graphic Publications \u2013 Registro Editori e Stampatori n. 1441 Turin, Italy<\/small><\/p>","protected":false},"excerpt":{"rendered":"<p><small><strong>Encuentro en la Puerta Dorada, de Giotto (1304-1306).<\/strong><\/small><br \/>\nLa Iglesia discute el celibato como si fuera un dogma ca\u00eddo del cielo, pero la historia \u2014y alguna que otra suegra evang\u00e9lica\u2014 demuestra que no siempre fue as\u00ed. Y cuando una instituci\u00f3n teme revisar sus propias ra\u00edces, suele ser porque el poder teme perder el control del jard\u00edn.<\/p>\n","protected":false},"author":1,"featured_media":2648,"comment_status":"closed","ping_status":"closed","sticky":false,"template":"","format":"standard","meta":{"footnotes":"","_links_to":"","_links_to_target":""},"categories":[97,109,62,37,168],"tags":[125],"class_list":["post-2647","post","type-post","status-publish","format-standard","has-post-thumbnail","hentry","category-elcanillita","category-dc24","category-actualidad","category-cultura-esp","category-sociedad-y-valores","tag-ciudad-del-vaticano","entry","rows"],"yoast_head":"<!-- This site is optimized with the Yoast SEO plugin v27.4 - https:\/\/yoast.com\/product\/yoast-seo-wordpress\/ -->\n<title>Immacul\u0101tus Propositum Vitae - BlogDiario Magazine<\/title>\n<meta name=\"robots\" content=\"index, follow, max-snippet:-1, max-image-preview:large, max-video-preview:-1\" \/>\n<link rel=\"canonical\" href=\"https:\/\/blogdiario.info\/magazine\/2025\/12\/08\/immaculatus-propositum-vitae\/\" \/>\n<meta property=\"og:locale\" content=\"es_ES\" \/>\n<meta property=\"og:type\" content=\"article\" \/>\n<meta property=\"og:title\" content=\"Immacul\u0101tus Propositum Vitae - BlogDiario Magazine\" \/>\n<meta property=\"og:description\" content=\"Encuentro en la Puerta Dorada, de Giotto (1304-1306). La Iglesia discute el celibato como si fuera un dogma ca\u00eddo del cielo, pero la historia \u2014y alguna que otra suegra evang\u00e9lica\u2014 demuestra que no siempre fue as\u00ed. Y cuando una instituci\u00f3n teme revisar sus propias ra\u00edces, suele ser porque el poder teme perder el control del jard\u00edn.\" \/>\n<meta property=\"og:url\" content=\"https:\/\/blogdiario.info\/magazine\/2025\/12\/08\/immaculatus-propositum-vitae\/\" \/>\n<meta property=\"og:site_name\" content=\"BlogDiario Magazine\" \/>\n<meta property=\"article:published_time\" content=\"2025-12-08T17:30:32+00:00\" \/>\n<meta property=\"article:modified_time\" content=\"2025-12-08T17:33:35+00:00\" \/>\n<meta property=\"og:image\" content=\"https:\/\/blogdiario.info\/magazine\/images\/2025\/12\/inmGiot.jpg\" \/>\n\t<meta property=\"og:image:width\" content=\"500\" \/>\n\t<meta property=\"og:image:height\" content=\"454\" \/>\n\t<meta property=\"og:image:type\" content=\"image\/jpeg\" \/>\n<meta name=\"author\" content=\"World Press Service | Servicio de Prensa Mundial\" \/>\n<meta name=\"twitter:card\" content=\"summary_large_image\" \/>\n<meta name=\"twitter:label1\" content=\"Escrito por\" \/>\n\t<meta name=\"twitter:data1\" content=\"World Press Service | Servicio de Prensa Mundial\" \/>\n\t<meta name=\"twitter:label2\" content=\"Tiempo de lectura\" \/>\n\t<meta name=\"twitter:data2\" content=\"3 minutos\" \/>\n<script type=\"application\/ld+json\" class=\"yoast-schema-graph\">{\"@context\":\"https:\\\/\\\/schema.org\",\"@graph\":[{\"@type\":\"Article\",\"@id\":\"https:\\\/\\\/blogdiario.info\\\/magazine\\\/2025\\\/12\\\/08\\\/immaculatus-propositum-vitae\\\/#article\",\"isPartOf\":{\"@id\":\"https:\\\/\\\/blogdiario.info\\\/magazine\\\/2025\\\/12\\\/08\\\/immaculatus-propositum-vitae\\\/\"},\"author\":{\"name\":\"World Press Service | Servicio de Prensa Mundial\",\"@id\":\"https:\\\/\\\/blogdiario.info\\\/magazine\\\/#\\\/schema\\\/person\\\/b2422fe85574d945bad55513bb0c7354\"},\"headline\":\"Immacul\u0101tus Propositum Vitae\",\"datePublished\":\"2025-12-08T17:30:32+00:00\",\"dateModified\":\"2025-12-08T17:33:35+00:00\",\"mainEntityOfPage\":{\"@id\":\"https:\\\/\\\/blogdiario.info\\\/magazine\\\/2025\\\/12\\\/08\\\/immaculatus-propositum-vitae\\\/\"},\"wordCount\":599,\"publisher\":{\"@id\":\"https:\\\/\\\/blogdiario.info\\\/magazine\\\/#organization\"},\"image\":{\"@id\":\"https:\\\/\\\/blogdiario.info\\\/magazine\\\/2025\\\/12\\\/08\\\/immaculatus-propositum-vitae\\\/#primaryimage\"},\"thumbnailUrl\":\"https:\\\/\\\/blogdiario.info\\\/magazine\\\/images\\\/2025\\\/12\\\/inmGiot.jpg\",\"keywords\":[\"Ciudad del Vaticano\"],\"articleSection\":[\".\",\".\",\"Actualidad\",\"Cultura\",\"Sociedad y valores\"],\"inLanguage\":\"es-AR\"},{\"@type\":\"WebPage\",\"@id\":\"https:\\\/\\\/blogdiario.info\\\/magazine\\\/2025\\\/12\\\/08\\\/immaculatus-propositum-vitae\\\/\",\"url\":\"https:\\\/\\\/blogdiario.info\\\/magazine\\\/2025\\\/12\\\/08\\\/immaculatus-propositum-vitae\\\/\",\"name\":\"Immacul\u0101tus Propositum Vitae - BlogDiario Magazine\",\"isPartOf\":{\"@id\":\"https:\\\/\\\/blogdiario.info\\\/magazine\\\/#website\"},\"primaryImageOfPage\":{\"@id\":\"https:\\\/\\\/blogdiario.info\\\/magazine\\\/2025\\\/12\\\/08\\\/immaculatus-propositum-vitae\\\/#primaryimage\"},\"image\":{\"@id\":\"https:\\\/\\\/blogdiario.info\\\/magazine\\\/2025\\\/12\\\/08\\\/immaculatus-propositum-vitae\\\/#primaryimage\"},\"thumbnailUrl\":\"https:\\\/\\\/blogdiario.info\\\/magazine\\\/images\\\/2025\\\/12\\\/inmGiot.jpg\",\"datePublished\":\"2025-12-08T17:30:32+00:00\",\"dateModified\":\"2025-12-08T17:33:35+00:00\",\"breadcrumb\":{\"@id\":\"https:\\\/\\\/blogdiario.info\\\/magazine\\\/2025\\\/12\\\/08\\\/immaculatus-propositum-vitae\\\/#breadcrumb\"},\"inLanguage\":\"es-AR\",\"potentialAction\":[{\"@type\":\"ReadAction\",\"target\":[\"https:\\\/\\\/blogdiario.info\\\/magazine\\\/2025\\\/12\\\/08\\\/immaculatus-propositum-vitae\\\/\"]}]},{\"@type\":\"ImageObject\",\"inLanguage\":\"es-AR\",\"@id\":\"https:\\\/\\\/blogdiario.info\\\/magazine\\\/2025\\\/12\\\/08\\\/immaculatus-propositum-vitae\\\/#primaryimage\",\"url\":\"https:\\\/\\\/blogdiario.info\\\/magazine\\\/images\\\/2025\\\/12\\\/inmGiot.jpg\",\"contentUrl\":\"https:\\\/\\\/blogdiario.info\\\/magazine\\\/images\\\/2025\\\/12\\\/inmGiot.jpg\",\"width\":500,\"height\":454},{\"@type\":\"BreadcrumbList\",\"@id\":\"https:\\\/\\\/blogdiario.info\\\/magazine\\\/2025\\\/12\\\/08\\\/immaculatus-propositum-vitae\\\/#breadcrumb\",\"itemListElement\":[{\"@type\":\"ListItem\",\"position\":1,\"name\":\"Home\",\"item\":\"https:\\\/\\\/blogdiario.info\\\/magazine\\\/\"},{\"@type\":\"ListItem\",\"position\":2,\"name\":\"Immacul\u0101tus Propositum Vitae\"}]},{\"@type\":\"WebSite\",\"@id\":\"https:\\\/\\\/blogdiario.info\\\/magazine\\\/#website\",\"url\":\"https:\\\/\\\/blogdiario.info\\\/magazine\\\/\",\"name\":\"BlogDiario Magazine\",\"description\":\"Suplemento multiling\u00fce de ElCanillita.Info\",\"publisher\":{\"@id\":\"https:\\\/\\\/blogdiario.info\\\/magazine\\\/#organization\"},\"potentialAction\":[{\"@type\":\"SearchAction\",\"target\":{\"@type\":\"EntryPoint\",\"urlTemplate\":\"https:\\\/\\\/blogdiario.info\\\/magazine\\\/?s={search_term_string}\"},\"query-input\":{\"@type\":\"PropertyValueSpecification\",\"valueRequired\":true,\"valueName\":\"search_term_string\"}}],\"inLanguage\":\"es-AR\"},{\"@type\":\"Organization\",\"@id\":\"https:\\\/\\\/blogdiario.info\\\/magazine\\\/#organization\",\"name\":\"Guzzo Photos & Graphic Publications\",\"url\":\"https:\\\/\\\/blogdiario.info\\\/magazine\\\/\",\"logo\":{\"@type\":\"ImageObject\",\"inLanguage\":\"es-AR\",\"@id\":\"https:\\\/\\\/blogdiario.info\\\/magazine\\\/#\\\/schema\\\/logo\\\/image\\\/\",\"url\":\"https:\\\/\\\/blogdiario.info\\\/magazine\\\/images\\\/2020\\\/01\\\/cropped-blogdia_magazine.jpg\",\"contentUrl\":\"https:\\\/\\\/blogdiario.info\\\/magazine\\\/images\\\/2020\\\/01\\\/cropped-blogdia_magazine.jpg\",\"width\":589,\"height\":55,\"caption\":\"Guzzo Photos & Graphic Publications\"},\"image\":{\"@id\":\"https:\\\/\\\/blogdiario.info\\\/magazine\\\/#\\\/schema\\\/logo\\\/image\\\/\"}},{\"@type\":\"Person\",\"@id\":\"https:\\\/\\\/blogdiario.info\\\/magazine\\\/#\\\/schema\\\/person\\\/b2422fe85574d945bad55513bb0c7354\",\"name\":\"World Press Service | Servicio de Prensa Mundial\"}]}<\/script>\n<!-- \/ Yoast SEO plugin. -->","yoast_head_json":{"title":"Immacul\u0101tus Propositum Vitae - BlogDiario Magazine","robots":{"index":"index","follow":"follow","max-snippet":"max-snippet:-1","max-image-preview":"max-image-preview:large","max-video-preview":"max-video-preview:-1"},"canonical":"https:\/\/blogdiario.info\/magazine\/2025\/12\/08\/immaculatus-propositum-vitae\/","og_locale":"es_ES","og_type":"article","og_title":"Immacul\u0101tus Propositum Vitae - BlogDiario Magazine","og_description":"Encuentro en la Puerta Dorada, de Giotto (1304-1306). La Iglesia discute el celibato como si fuera un dogma ca\u00eddo del cielo, pero la historia \u2014y alguna que otra suegra evang\u00e9lica\u2014 demuestra que no siempre fue as\u00ed. Y cuando una instituci\u00f3n teme revisar sus propias ra\u00edces, suele ser porque el poder teme perder el control del jard\u00edn.","og_url":"https:\/\/blogdiario.info\/magazine\/2025\/12\/08\/immaculatus-propositum-vitae\/","og_site_name":"BlogDiario Magazine","article_published_time":"2025-12-08T17:30:32+00:00","article_modified_time":"2025-12-08T17:33:35+00:00","og_image":[{"width":500,"height":454,"url":"https:\/\/blogdiario.info\/magazine\/images\/2025\/12\/inmGiot.jpg","type":"image\/jpeg"}],"author":"World Press Service | Servicio de Prensa Mundial","twitter_card":"summary_large_image","twitter_misc":{"Escrito por":"World Press Service | Servicio de Prensa Mundial","Tiempo de lectura":"3 minutos"},"schema":{"@context":"https:\/\/schema.org","@graph":[{"@type":"Article","@id":"https:\/\/blogdiario.info\/magazine\/2025\/12\/08\/immaculatus-propositum-vitae\/#article","isPartOf":{"@id":"https:\/\/blogdiario.info\/magazine\/2025\/12\/08\/immaculatus-propositum-vitae\/"},"author":{"name":"World Press Service | Servicio de Prensa Mundial","@id":"https:\/\/blogdiario.info\/magazine\/#\/schema\/person\/b2422fe85574d945bad55513bb0c7354"},"headline":"Immacul\u0101tus Propositum Vitae","datePublished":"2025-12-08T17:30:32+00:00","dateModified":"2025-12-08T17:33:35+00:00","mainEntityOfPage":{"@id":"https:\/\/blogdiario.info\/magazine\/2025\/12\/08\/immaculatus-propositum-vitae\/"},"wordCount":599,"publisher":{"@id":"https:\/\/blogdiario.info\/magazine\/#organization"},"image":{"@id":"https:\/\/blogdiario.info\/magazine\/2025\/12\/08\/immaculatus-propositum-vitae\/#primaryimage"},"thumbnailUrl":"https:\/\/blogdiario.info\/magazine\/images\/2025\/12\/inmGiot.jpg","keywords":["Ciudad del Vaticano"],"articleSection":[".",".","Actualidad","Cultura","Sociedad y valores"],"inLanguage":"es-AR"},{"@type":"WebPage","@id":"https:\/\/blogdiario.info\/magazine\/2025\/12\/08\/immaculatus-propositum-vitae\/","url":"https:\/\/blogdiario.info\/magazine\/2025\/12\/08\/immaculatus-propositum-vitae\/","name":"Immacul\u0101tus Propositum Vitae - BlogDiario Magazine","isPartOf":{"@id":"https:\/\/blogdiario.info\/magazine\/#website"},"primaryImageOfPage":{"@id":"https:\/\/blogdiario.info\/magazine\/2025\/12\/08\/immaculatus-propositum-vitae\/#primaryimage"},"image":{"@id":"https:\/\/blogdiario.info\/magazine\/2025\/12\/08\/immaculatus-propositum-vitae\/#primaryimage"},"thumbnailUrl":"https:\/\/blogdiario.info\/magazine\/images\/2025\/12\/inmGiot.jpg","datePublished":"2025-12-08T17:30:32+00:00","dateModified":"2025-12-08T17:33:35+00:00","breadcrumb":{"@id":"https:\/\/blogdiario.info\/magazine\/2025\/12\/08\/immaculatus-propositum-vitae\/#breadcrumb"},"inLanguage":"es-AR","potentialAction":[{"@type":"ReadAction","target":["https:\/\/blogdiario.info\/magazine\/2025\/12\/08\/immaculatus-propositum-vitae\/"]}]},{"@type":"ImageObject","inLanguage":"es-AR","@id":"https:\/\/blogdiario.info\/magazine\/2025\/12\/08\/immaculatus-propositum-vitae\/#primaryimage","url":"https:\/\/blogdiario.info\/magazine\/images\/2025\/12\/inmGiot.jpg","contentUrl":"https:\/\/blogdiario.info\/magazine\/images\/2025\/12\/inmGiot.jpg","width":500,"height":454},{"@type":"BreadcrumbList","@id":"https:\/\/blogdiario.info\/magazine\/2025\/12\/08\/immaculatus-propositum-vitae\/#breadcrumb","itemListElement":[{"@type":"ListItem","position":1,"name":"Home","item":"https:\/\/blogdiario.info\/magazine\/"},{"@type":"ListItem","position":2,"name":"Immacul\u0101tus Propositum Vitae"}]},{"@type":"WebSite","@id":"https:\/\/blogdiario.info\/magazine\/#website","url":"https:\/\/blogdiario.info\/magazine\/","name":"BlogDiario Magazine","description":"Suplemento multiling\u00fce de ElCanillita.Info","publisher":{"@id":"https:\/\/blogdiario.info\/magazine\/#organization"},"potentialAction":[{"@type":"SearchAction","target":{"@type":"EntryPoint","urlTemplate":"https:\/\/blogdiario.info\/magazine\/?s={search_term_string}"},"query-input":{"@type":"PropertyValueSpecification","valueRequired":true,"valueName":"search_term_string"}}],"inLanguage":"es-AR"},{"@type":"Organization","@id":"https:\/\/blogdiario.info\/magazine\/#organization","name":"Guzzo Photos & Graphic Publications","url":"https:\/\/blogdiario.info\/magazine\/","logo":{"@type":"ImageObject","inLanguage":"es-AR","@id":"https:\/\/blogdiario.info\/magazine\/#\/schema\/logo\/image\/","url":"https:\/\/blogdiario.info\/magazine\/images\/2020\/01\/cropped-blogdia_magazine.jpg","contentUrl":"https:\/\/blogdiario.info\/magazine\/images\/2020\/01\/cropped-blogdia_magazine.jpg","width":589,"height":55,"caption":"Guzzo Photos & Graphic Publications"},"image":{"@id":"https:\/\/blogdiario.info\/magazine\/#\/schema\/logo\/image\/"}},{"@type":"Person","@id":"https:\/\/blogdiario.info\/magazine\/#\/schema\/person\/b2422fe85574d945bad55513bb0c7354","name":"World Press Service | Servicio de Prensa Mundial"}]}},"views":114,"_links":{"self":[{"href":"https:\/\/blogdiario.info\/magazine\/wp-json\/wp\/v2\/posts\/2647","targetHints":{"allow":["GET"]}}],"collection":[{"href":"https:\/\/blogdiario.info\/magazine\/wp-json\/wp\/v2\/posts"}],"about":[{"href":"https:\/\/blogdiario.info\/magazine\/wp-json\/wp\/v2\/types\/post"}],"author":[{"embeddable":true,"href":"https:\/\/blogdiario.info\/magazine\/wp-json\/wp\/v2\/users\/1"}],"replies":[{"embeddable":true,"href":"https:\/\/blogdiario.info\/magazine\/wp-json\/wp\/v2\/comments?post=2647"}],"version-history":[{"count":0,"href":"https:\/\/blogdiario.info\/magazine\/wp-json\/wp\/v2\/posts\/2647\/revisions"}],"wp:featuredmedia":[{"embeddable":true,"href":"https:\/\/blogdiario.info\/magazine\/wp-json\/wp\/v2\/media\/2648"}],"wp:attachment":[{"href":"https:\/\/blogdiario.info\/magazine\/wp-json\/wp\/v2\/media?parent=2647"}],"wp:term":[{"taxonomy":"category","embeddable":true,"href":"https:\/\/blogdiario.info\/magazine\/wp-json\/wp\/v2\/categories?post=2647"},{"taxonomy":"post_tag","embeddable":true,"href":"https:\/\/blogdiario.info\/magazine\/wp-json\/wp\/v2\/tags?post=2647"}],"curies":[{"name":"wp","href":"https:\/\/api.w.org\/{rel}","templated":true}]}}