{"id":2617,"date":"2025-11-17T23:41:59","date_gmt":"2025-11-17T22:41:59","guid":{"rendered":"https:\/\/blogdiario.info\/magazine\/?p=2617"},"modified":"2025-11-17T23:41:59","modified_gmt":"2025-11-17T22:41:59","slug":"la-sentenza-che-riapre-tutte-le-ferite","status":"publish","type":"post","link":"https:\/\/blogdiario.info\/magazine\/2025\/11\/17\/la-sentenza-che-riapre-tutte-le-ferite\/","title":{"rendered":"La sentenza che riapre tutte le ferite"},"content":{"rendered":"\n<figure class=\"wp-block-image size-large\"><img loading=\"lazy\" decoding=\"async\" width=\"600\" height=\"400\" src=\"https:\/\/blogdiario.info\/magazine\/images\/2025\/11\/img_0991-1-1.jpg\" alt=\"\" class=\"wp-image-2618\" srcset=\"https:\/\/blogdiario.info\/magazine\/images\/2025\/11\/img_0991-1-1.jpg 600w, https:\/\/blogdiario.info\/magazine\/images\/2025\/11\/img_0991-1-1-300x200.jpg 300w\" sizes=\"auto, (max-width: 600px) 100vw, 600px\" \/><figcaption class=\"wp-element-caption\">Sheikha Hasina<\/figcaption><\/figure>\n\n\n\n<p class=\"p1\">In Bangladesh le ferite non si rimarginano mai davvero. La condanna a morte dell\u2019ex premier Sheikha Hasina \u2014emessa in contumacia mentre lei continua il suo esilio in India\u2014 ha scosso Dhaka e riacceso strade ancora calde dalle proteste del 2024. Un Paese diviso a met\u00e0 vede il verdetto come uno specchio imperfetto: per alcuni \u00e8 giustizia, per altri una regolazione di conti.<\/p>\n\n\n\n<p class=\"p1\">Il Tribunale penale internazionale di Dhaka ha ritenuto Hasina responsabile, per azione e omissione, della brutale repressione di luglio 2024, costata 1.400 vite e la sua uscita di scena dopo 15 anni di governo duro e verticale. Muhammad Yunus, oggi premier ad interim e Nobel per la Pace, ha parlato di \u201cverdetto storico\u201d. Hasina lo definisce \u201cpoliticamente motivato\u201d. Nessuna sorpresa: le parti recitano copioni gi\u00e0 scritti.<\/p>\n\n\n\n<p class=\"p1\">Sul fronte internazionale, la mossa pi\u00f9 delicata \u00e8 la richiesta di estradizione inoltrata all\u2019India. Ma \u00e8 improbabile che Narendra Modi consegni una figura tanto pesante. Il suo silenzio, pi\u00f9 eloquente di mille frasi, indica che nessuno a Delhi vuole alimentare un incendio geopolitico gi\u00e0 vivo.<\/p>\n\n\n\n<p class=\"p1\">Non \u00e8 solo un processo. \u00c8 il regolamento di conti di un Paese che accumula tensioni sociali e simboliche da anni. Le proteste del 2024 nacquero da una questione amministrativa \u2014le quote riservate ai familiari dei veterani\u2014 ma esplosero in un movimento antigovernativo senza precedenti. E ancora oggi nessuno sembra aver imparato la lezione.<\/p>\n\n\n\n<p class=\"p1\">Oltre a Hasina, condannati anche l\u2019ex ministro dell\u2019Interno Asaduzzaman Khan Kamal (pena di morte) e l\u2019ex capo della polizia Abdullah Al-Mamun (cinque anni). A Dhaka forze speciali presidiano le strade, mentre centinaia di persone hanno tentato di assaltare la casa-museo del padre di Hasina, Sheikh Mujibur Rahman.<\/p>\n\n\n\n<p class=\"p1\">Yunus ha invitato alla calma, consapevole di camminare su un terreno sismico. L\u2019ONU, pur riconoscendo l\u2019importanza simbolica della sentenza, ha condannato l\u2019uso della pena capitale. La diplomazia resta, come sempre, un gioco di equilibri.<\/p>\n\n\n\n<p class=\"p1\">Il Bangladesh entra cos\u00ec in una nuova fase di incertezza: un governo provvisorio, un\u2019ex premier condannata in esilio, l\u2019India nel ruolo di arbitro involontario e una popolazione che festeggia, dubita e teme allo stesso tempo. La sentenza \u00e8 arrivata; ora resta il compito pi\u00f9 difficile: governare le sue conseguenze.<\/p>\n\n\n\n<p><\/p>\n\n\n\n<p>&nbsp;\u270d\ufe0f \u00a9 2025 SalaStampa.eu \u2013 All Rights Reserved<\/p>\n\n\n\n<p><\/p>\n\n\n<p><small>\u00a9\ufe0f2025  Guzzo Photos  &#038; Graphic Publications \u2013 All Rights Reserved \u2013 Copyright \u00a9\ufe0f 2025 SalaStampa.eu, world press service \u2013 Guzzo Photos &#038; Graphic Publications \u2013 Registro Editori e Stampatori n. 1441 Turin, Italy<\/small><\/p>\n\n\n<p><\/p>\n","protected":false},"excerpt":{"rendered":"<p>Giustizia o vendetta? In Bangladesh il confine si assottiglia mentre Delhi, Dhaka e l\u2019ONU trattengono il fiato.<\/p>\n","protected":false},"author":1,"featured_media":2616,"comment_status":"closed","ping_status":"closed","sticky":false,"template":"","format":"standard","meta":{"footnotes":"","_links_to":"","_links_to_target":""},"categories":[97,109,61,17,18,169],"tags":[196],"class_list":["post-2617","post","type-post","status-publish","format-standard","has-post-thumbnail","hentry","category-elcanillita","category-dc24","category-attualita","category-giustizia","category-politica-ita","category-societa-valori","tag-bangladesh","entry","rows"],"yoast_head":"<!-- This site is optimized with the Yoast SEO plugin v27.4 - https:\/\/yoast.com\/product\/yoast-seo-wordpress\/ -->\n<title>La sentenza che riapre tutte le ferite - BlogDiario Magazine<\/title>\n<meta name=\"robots\" content=\"index, follow, max-snippet:-1, max-image-preview:large, max-video-preview:-1\" \/>\n<link rel=\"canonical\" href=\"https:\/\/blogdiario.info\/magazine\/2025\/11\/17\/la-sentenza-che-riapre-tutte-le-ferite\/\" \/>\n<meta property=\"og:locale\" content=\"es_ES\" \/>\n<meta property=\"og:type\" content=\"article\" \/>\n<meta property=\"og:title\" content=\"La sentenza che riapre tutte le ferite - BlogDiario Magazine\" \/>\n<meta property=\"og:description\" content=\"Giustizia o vendetta? In Bangladesh il confine si assottiglia mentre Delhi, Dhaka e l\u2019ONU trattengono il fiato.\" \/>\n<meta property=\"og:url\" content=\"https:\/\/blogdiario.info\/magazine\/2025\/11\/17\/la-sentenza-che-riapre-tutte-le-ferite\/\" \/>\n<meta property=\"og:site_name\" content=\"BlogDiario Magazine\" \/>\n<meta property=\"article:published_time\" content=\"2025-11-17T22:41:59+00:00\" \/>\n<meta property=\"og:image\" content=\"https:\/\/blogdiario.info\/magazine\/images\/2025\/11\/img_0991-2.jpg\" \/>\n\t<meta property=\"og:image:width\" content=\"600\" \/>\n\t<meta property=\"og:image:height\" content=\"400\" \/>\n\t<meta property=\"og:image:type\" content=\"image\/jpeg\" \/>\n<meta name=\"author\" content=\"World Press Service | Servicio de Prensa Mundial\" \/>\n<meta name=\"twitter:card\" content=\"summary_large_image\" \/>\n<meta name=\"twitter:label1\" content=\"Escrito por\" \/>\n\t<meta name=\"twitter:data1\" content=\"World Press Service | Servicio de Prensa Mundial\" \/>\n\t<meta name=\"twitter:label2\" content=\"Tiempo de lectura\" \/>\n\t<meta name=\"twitter:data2\" content=\"2 minutos\" \/>\n<script type=\"application\/ld+json\" class=\"yoast-schema-graph\">{\"@context\":\"https:\\\/\\\/schema.org\",\"@graph\":[{\"@type\":\"Article\",\"@id\":\"https:\\\/\\\/blogdiario.info\\\/magazine\\\/2025\\\/11\\\/17\\\/la-sentenza-che-riapre-tutte-le-ferite\\\/#article\",\"isPartOf\":{\"@id\":\"https:\\\/\\\/blogdiario.info\\\/magazine\\\/2025\\\/11\\\/17\\\/la-sentenza-che-riapre-tutte-le-ferite\\\/\"},\"author\":{\"name\":\"World Press Service | Servicio de Prensa Mundial\",\"@id\":\"https:\\\/\\\/blogdiario.info\\\/magazine\\\/#\\\/schema\\\/person\\\/b2422fe85574d945bad55513bb0c7354\"},\"headline\":\"La sentenza che riapre tutte le ferite\",\"datePublished\":\"2025-11-17T22:41:59+00:00\",\"mainEntityOfPage\":{\"@id\":\"https:\\\/\\\/blogdiario.info\\\/magazine\\\/2025\\\/11\\\/17\\\/la-sentenza-che-riapre-tutte-le-ferite\\\/\"},\"wordCount\":395,\"publisher\":{\"@id\":\"https:\\\/\\\/blogdiario.info\\\/magazine\\\/#organization\"},\"image\":{\"@id\":\"https:\\\/\\\/blogdiario.info\\\/magazine\\\/2025\\\/11\\\/17\\\/la-sentenza-che-riapre-tutte-le-ferite\\\/#primaryimage\"},\"thumbnailUrl\":\"https:\\\/\\\/blogdiario.info\\\/magazine\\\/images\\\/2025\\\/11\\\/img_0991-2.jpg\",\"keywords\":[\"Bangladesh\"],\"articleSection\":[\".\",\".\",\"Attualit\u00e0\",\"Giustizia\",\"Politica\",\"Societ\u00e0 &amp; Valori\"],\"inLanguage\":\"es-AR\"},{\"@type\":\"WebPage\",\"@id\":\"https:\\\/\\\/blogdiario.info\\\/magazine\\\/2025\\\/11\\\/17\\\/la-sentenza-che-riapre-tutte-le-ferite\\\/\",\"url\":\"https:\\\/\\\/blogdiario.info\\\/magazine\\\/2025\\\/11\\\/17\\\/la-sentenza-che-riapre-tutte-le-ferite\\\/\",\"name\":\"La sentenza che riapre tutte le ferite - BlogDiario Magazine\",\"isPartOf\":{\"@id\":\"https:\\\/\\\/blogdiario.info\\\/magazine\\\/#website\"},\"primaryImageOfPage\":{\"@id\":\"https:\\\/\\\/blogdiario.info\\\/magazine\\\/2025\\\/11\\\/17\\\/la-sentenza-che-riapre-tutte-le-ferite\\\/#primaryimage\"},\"image\":{\"@id\":\"https:\\\/\\\/blogdiario.info\\\/magazine\\\/2025\\\/11\\\/17\\\/la-sentenza-che-riapre-tutte-le-ferite\\\/#primaryimage\"},\"thumbnailUrl\":\"https:\\\/\\\/blogdiario.info\\\/magazine\\\/images\\\/2025\\\/11\\\/img_0991-2.jpg\",\"datePublished\":\"2025-11-17T22:41:59+00:00\",\"breadcrumb\":{\"@id\":\"https:\\\/\\\/blogdiario.info\\\/magazine\\\/2025\\\/11\\\/17\\\/la-sentenza-che-riapre-tutte-le-ferite\\\/#breadcrumb\"},\"inLanguage\":\"es-AR\",\"potentialAction\":[{\"@type\":\"ReadAction\",\"target\":[\"https:\\\/\\\/blogdiario.info\\\/magazine\\\/2025\\\/11\\\/17\\\/la-sentenza-che-riapre-tutte-le-ferite\\\/\"]}]},{\"@type\":\"ImageObject\",\"inLanguage\":\"es-AR\",\"@id\":\"https:\\\/\\\/blogdiario.info\\\/magazine\\\/2025\\\/11\\\/17\\\/la-sentenza-che-riapre-tutte-le-ferite\\\/#primaryimage\",\"url\":\"https:\\\/\\\/blogdiario.info\\\/magazine\\\/images\\\/2025\\\/11\\\/img_0991-2.jpg\",\"contentUrl\":\"https:\\\/\\\/blogdiario.info\\\/magazine\\\/images\\\/2025\\\/11\\\/img_0991-2.jpg\",\"width\":600,\"height\":400},{\"@type\":\"BreadcrumbList\",\"@id\":\"https:\\\/\\\/blogdiario.info\\\/magazine\\\/2025\\\/11\\\/17\\\/la-sentenza-che-riapre-tutte-le-ferite\\\/#breadcrumb\",\"itemListElement\":[{\"@type\":\"ListItem\",\"position\":1,\"name\":\"Home\",\"item\":\"https:\\\/\\\/blogdiario.info\\\/magazine\\\/\"},{\"@type\":\"ListItem\",\"position\":2,\"name\":\"La sentenza che riapre tutte le ferite\"}]},{\"@type\":\"WebSite\",\"@id\":\"https:\\\/\\\/blogdiario.info\\\/magazine\\\/#website\",\"url\":\"https:\\\/\\\/blogdiario.info\\\/magazine\\\/\",\"name\":\"BlogDiario Magazine\",\"description\":\"Suplemento multiling\u00fce de ElCanillita.Info\",\"publisher\":{\"@id\":\"https:\\\/\\\/blogdiario.info\\\/magazine\\\/#organization\"},\"potentialAction\":[{\"@type\":\"SearchAction\",\"target\":{\"@type\":\"EntryPoint\",\"urlTemplate\":\"https:\\\/\\\/blogdiario.info\\\/magazine\\\/?s={search_term_string}\"},\"query-input\":{\"@type\":\"PropertyValueSpecification\",\"valueRequired\":true,\"valueName\":\"search_term_string\"}}],\"inLanguage\":\"es-AR\"},{\"@type\":\"Organization\",\"@id\":\"https:\\\/\\\/blogdiario.info\\\/magazine\\\/#organization\",\"name\":\"Guzzo Photos & Graphic Publications\",\"url\":\"https:\\\/\\\/blogdiario.info\\\/magazine\\\/\",\"logo\":{\"@type\":\"ImageObject\",\"inLanguage\":\"es-AR\",\"@id\":\"https:\\\/\\\/blogdiario.info\\\/magazine\\\/#\\\/schema\\\/logo\\\/image\\\/\",\"url\":\"https:\\\/\\\/blogdiario.info\\\/magazine\\\/images\\\/2020\\\/01\\\/cropped-blogdia_magazine.jpg\",\"contentUrl\":\"https:\\\/\\\/blogdiario.info\\\/magazine\\\/images\\\/2020\\\/01\\\/cropped-blogdia_magazine.jpg\",\"width\":589,\"height\":55,\"caption\":\"Guzzo Photos & Graphic Publications\"},\"image\":{\"@id\":\"https:\\\/\\\/blogdiario.info\\\/magazine\\\/#\\\/schema\\\/logo\\\/image\\\/\"}},{\"@type\":\"Person\",\"@id\":\"https:\\\/\\\/blogdiario.info\\\/magazine\\\/#\\\/schema\\\/person\\\/b2422fe85574d945bad55513bb0c7354\",\"name\":\"World Press Service | Servicio de Prensa Mundial\"}]}<\/script>\n<!-- \/ Yoast SEO plugin. -->","yoast_head_json":{"title":"La sentenza che riapre tutte le ferite - BlogDiario Magazine","robots":{"index":"index","follow":"follow","max-snippet":"max-snippet:-1","max-image-preview":"max-image-preview:large","max-video-preview":"max-video-preview:-1"},"canonical":"https:\/\/blogdiario.info\/magazine\/2025\/11\/17\/la-sentenza-che-riapre-tutte-le-ferite\/","og_locale":"es_ES","og_type":"article","og_title":"La sentenza che riapre tutte le ferite - BlogDiario Magazine","og_description":"Giustizia o vendetta? In Bangladesh il confine si assottiglia mentre Delhi, Dhaka e l\u2019ONU trattengono il fiato.","og_url":"https:\/\/blogdiario.info\/magazine\/2025\/11\/17\/la-sentenza-che-riapre-tutte-le-ferite\/","og_site_name":"BlogDiario Magazine","article_published_time":"2025-11-17T22:41:59+00:00","og_image":[{"width":600,"height":400,"url":"https:\/\/blogdiario.info\/magazine\/images\/2025\/11\/img_0991-2.jpg","type":"image\/jpeg"}],"author":"World Press Service | Servicio de Prensa Mundial","twitter_card":"summary_large_image","twitter_misc":{"Escrito por":"World Press Service | Servicio de Prensa Mundial","Tiempo de lectura":"2 minutos"},"schema":{"@context":"https:\/\/schema.org","@graph":[{"@type":"Article","@id":"https:\/\/blogdiario.info\/magazine\/2025\/11\/17\/la-sentenza-che-riapre-tutte-le-ferite\/#article","isPartOf":{"@id":"https:\/\/blogdiario.info\/magazine\/2025\/11\/17\/la-sentenza-che-riapre-tutte-le-ferite\/"},"author":{"name":"World Press Service | Servicio de Prensa Mundial","@id":"https:\/\/blogdiario.info\/magazine\/#\/schema\/person\/b2422fe85574d945bad55513bb0c7354"},"headline":"La sentenza che riapre tutte le ferite","datePublished":"2025-11-17T22:41:59+00:00","mainEntityOfPage":{"@id":"https:\/\/blogdiario.info\/magazine\/2025\/11\/17\/la-sentenza-che-riapre-tutte-le-ferite\/"},"wordCount":395,"publisher":{"@id":"https:\/\/blogdiario.info\/magazine\/#organization"},"image":{"@id":"https:\/\/blogdiario.info\/magazine\/2025\/11\/17\/la-sentenza-che-riapre-tutte-le-ferite\/#primaryimage"},"thumbnailUrl":"https:\/\/blogdiario.info\/magazine\/images\/2025\/11\/img_0991-2.jpg","keywords":["Bangladesh"],"articleSection":[".",".","Attualit\u00e0","Giustizia","Politica","Societ\u00e0 &amp; Valori"],"inLanguage":"es-AR"},{"@type":"WebPage","@id":"https:\/\/blogdiario.info\/magazine\/2025\/11\/17\/la-sentenza-che-riapre-tutte-le-ferite\/","url":"https:\/\/blogdiario.info\/magazine\/2025\/11\/17\/la-sentenza-che-riapre-tutte-le-ferite\/","name":"La sentenza che riapre tutte le ferite - BlogDiario Magazine","isPartOf":{"@id":"https:\/\/blogdiario.info\/magazine\/#website"},"primaryImageOfPage":{"@id":"https:\/\/blogdiario.info\/magazine\/2025\/11\/17\/la-sentenza-che-riapre-tutte-le-ferite\/#primaryimage"},"image":{"@id":"https:\/\/blogdiario.info\/magazine\/2025\/11\/17\/la-sentenza-che-riapre-tutte-le-ferite\/#primaryimage"},"thumbnailUrl":"https:\/\/blogdiario.info\/magazine\/images\/2025\/11\/img_0991-2.jpg","datePublished":"2025-11-17T22:41:59+00:00","breadcrumb":{"@id":"https:\/\/blogdiario.info\/magazine\/2025\/11\/17\/la-sentenza-che-riapre-tutte-le-ferite\/#breadcrumb"},"inLanguage":"es-AR","potentialAction":[{"@type":"ReadAction","target":["https:\/\/blogdiario.info\/magazine\/2025\/11\/17\/la-sentenza-che-riapre-tutte-le-ferite\/"]}]},{"@type":"ImageObject","inLanguage":"es-AR","@id":"https:\/\/blogdiario.info\/magazine\/2025\/11\/17\/la-sentenza-che-riapre-tutte-le-ferite\/#primaryimage","url":"https:\/\/blogdiario.info\/magazine\/images\/2025\/11\/img_0991-2.jpg","contentUrl":"https:\/\/blogdiario.info\/magazine\/images\/2025\/11\/img_0991-2.jpg","width":600,"height":400},{"@type":"BreadcrumbList","@id":"https:\/\/blogdiario.info\/magazine\/2025\/11\/17\/la-sentenza-che-riapre-tutte-le-ferite\/#breadcrumb","itemListElement":[{"@type":"ListItem","position":1,"name":"Home","item":"https:\/\/blogdiario.info\/magazine\/"},{"@type":"ListItem","position":2,"name":"La sentenza che riapre tutte le ferite"}]},{"@type":"WebSite","@id":"https:\/\/blogdiario.info\/magazine\/#website","url":"https:\/\/blogdiario.info\/magazine\/","name":"BlogDiario Magazine","description":"Suplemento multiling\u00fce de ElCanillita.Info","publisher":{"@id":"https:\/\/blogdiario.info\/magazine\/#organization"},"potentialAction":[{"@type":"SearchAction","target":{"@type":"EntryPoint","urlTemplate":"https:\/\/blogdiario.info\/magazine\/?s={search_term_string}"},"query-input":{"@type":"PropertyValueSpecification","valueRequired":true,"valueName":"search_term_string"}}],"inLanguage":"es-AR"},{"@type":"Organization","@id":"https:\/\/blogdiario.info\/magazine\/#organization","name":"Guzzo Photos & Graphic Publications","url":"https:\/\/blogdiario.info\/magazine\/","logo":{"@type":"ImageObject","inLanguage":"es-AR","@id":"https:\/\/blogdiario.info\/magazine\/#\/schema\/logo\/image\/","url":"https:\/\/blogdiario.info\/magazine\/images\/2020\/01\/cropped-blogdia_magazine.jpg","contentUrl":"https:\/\/blogdiario.info\/magazine\/images\/2020\/01\/cropped-blogdia_magazine.jpg","width":589,"height":55,"caption":"Guzzo Photos & Graphic Publications"},"image":{"@id":"https:\/\/blogdiario.info\/magazine\/#\/schema\/logo\/image\/"}},{"@type":"Person","@id":"https:\/\/blogdiario.info\/magazine\/#\/schema\/person\/b2422fe85574d945bad55513bb0c7354","name":"World Press Service | Servicio de Prensa Mundial"}]}},"views":129,"_links":{"self":[{"href":"https:\/\/blogdiario.info\/magazine\/wp-json\/wp\/v2\/posts\/2617","targetHints":{"allow":["GET"]}}],"collection":[{"href":"https:\/\/blogdiario.info\/magazine\/wp-json\/wp\/v2\/posts"}],"about":[{"href":"https:\/\/blogdiario.info\/magazine\/wp-json\/wp\/v2\/types\/post"}],"author":[{"embeddable":true,"href":"https:\/\/blogdiario.info\/magazine\/wp-json\/wp\/v2\/users\/1"}],"replies":[{"embeddable":true,"href":"https:\/\/blogdiario.info\/magazine\/wp-json\/wp\/v2\/comments?post=2617"}],"version-history":[{"count":0,"href":"https:\/\/blogdiario.info\/magazine\/wp-json\/wp\/v2\/posts\/2617\/revisions"}],"wp:featuredmedia":[{"embeddable":true,"href":"https:\/\/blogdiario.info\/magazine\/wp-json\/wp\/v2\/media\/2616"}],"wp:attachment":[{"href":"https:\/\/blogdiario.info\/magazine\/wp-json\/wp\/v2\/media?parent=2617"}],"wp:term":[{"taxonomy":"category","embeddable":true,"href":"https:\/\/blogdiario.info\/magazine\/wp-json\/wp\/v2\/categories?post=2617"},{"taxonomy":"post_tag","embeddable":true,"href":"https:\/\/blogdiario.info\/magazine\/wp-json\/wp\/v2\/tags?post=2617"}],"curies":[{"name":"wp","href":"https:\/\/api.w.org\/{rel}","templated":true}]}}