{"id":2613,"date":"2025-11-17T23:10:54","date_gmt":"2025-11-17T22:10:54","guid":{"rendered":"https:\/\/blogdiario.info\/magazine\/?p=2613"},"modified":"2025-11-17T23:10:54","modified_gmt":"2025-11-17T22:10:54","slug":"la-condena-que-reabre-todas-las-heridas","status":"publish","type":"post","link":"https:\/\/blogdiario.info\/magazine\/2025\/11\/17\/la-condena-que-reabre-todas-las-heridas\/","title":{"rendered":"La condena que reabre todas las heridas"},"content":{"rendered":"\n<figure class=\"wp-block-image size-large\"><img loading=\"lazy\" decoding=\"async\" width=\"600\" height=\"400\" src=\"https:\/\/blogdiario.info\/magazine\/images\/2025\/11\/img_0991.jpg\" class=\"wp-image-2614\" srcset=\"https:\/\/blogdiario.info\/magazine\/images\/2025\/11\/img_0991.jpg 600w, https:\/\/blogdiario.info\/magazine\/images\/2025\/11\/img_0991-300x200.jpg 300w\" sizes=\"auto, (max-width: 600px) 100vw, 600px\" \/><figcaption class=\"wp-element-caption\">Sheikh Hasina<\/figcaption><\/figure>\n\n\n\n<p class=\"p1\">En Bangladesh, las heridas nunca terminan de cerrar. La condena a muerte de la ex primera ministra Sheikh Hasina \u2014dictada en ausencia y con su protagonista refugiada bajo el ala de India\u2014 sacudi\u00f3 a Dacca y volvi\u00f3 a encender calles que no hab\u00edan terminado de enfriarse desde 2024. Un pa\u00eds partido en dos mira el veredicto como un espejo distorsionado: justicia para unos, vendetta pol\u00edtica para otros.<\/p>\n\n\n\n<p class=\"p1\">El Tribunal Penal Internacional de Dacca sostuvo que Hasina fue responsable, por acci\u00f3n y omisi\u00f3n, de la represi\u00f3n de julio de 2024, que dej\u00f3 1.400 muertos y la expuls\u00f3 del poder tras 15 a\u00f1os de gobierno firme, f\u00e9rreo y sin matices. El actual l\u00edder interino, el Nobel Muhammad Yunus, celebr\u00f3 la decisi\u00f3n como \u201chist\u00f3rica\u201d. La ex premier la calific\u00f3 de \u201cparcial y pol\u00edticamente motivada\u201d. Ninguno sorprende: ambos juegan el rol que la tragedia les asign\u00f3.<\/p>\n\n\n\n<p class=\"p1\">La escena internacional tambi\u00e9n mueve fichas. Bangladesh pidi\u00f3 a India la extradici\u00f3n de Hasina, pero Nueva Delhi dif\u00edcilmente regale semejante carta a Yunus. El silencio de Modi \u2014cargado de prudencia estrat\u00e9gica\u2014 vale m\u00e1s que cualquier declaraci\u00f3n. Cederla equivaldr\u00eda a incendiar una frontera que ya arde.<\/p>\n\n\n\n<p class=\"p1\">No se trata solo de un juicio. Se trata del ajuste de cuentas de un pa\u00eds que viene acumulando tensiones sociales, familiares y simb\u00f3licas. Las protestas de 2024 comenzaron por un tema administrativo \u2014las cuotas laborales reservadas a descendientes de veteranos\u2014 pero desembocaron en una explosi\u00f3n pol\u00edtica de dimensiones tect\u00f3nicas. Y nadie en el poder, ni antes ni ahora, parece haber aprendido demasiado.<\/p>\n\n\n\n<p class=\"p1\">La condena no fue solo para Hasina: el ex ministro del Interior Asaduzzaman Khan Kamal tambi\u00e9n recibi\u00f3 pena de muerte, mientras que el ex jefe policial Abdullah Al-Mamun fue sentenciado a cinco a\u00f1os. En Dacca se desplegaron fuerzas especiales y las calles quedaron blindadas para evitar que la euforia popular se transformara en demolici\u00f3n literal: cientos intentaron derribar la casa-museo del padre de Hasina, el hist\u00f3rico Sheikh Mujibur Rahman.<\/p>\n\n\n\n<p class=\"p1\">Yunus, consciente de que gobierna sobre un volc\u00e1n, llam\u00f3 a la calma, a la prudencia y a la memoria. La ONU, por su parte, reconoci\u00f3 el valor jur\u00eddico simb\u00f3lico de la condena, pero rechaz\u00f3 la pena de muerte. Como siempre, la diplomacia internacional a dos tiempos.<\/p>\n\n\n\n<p class=\"p1\">As\u00ed, Bangladesh entra en una fase a\u00fan m\u00e1s tensa: un pa\u00eds con un gobierno interino, una ex premier condenada en el exilio, India como \u00e1rbitro involuntario y una poblaci\u00f3n que celebra, cuestiona y teme al mismo tiempo. El fallo pas\u00f3; lo que viene es el desaf\u00edo de gobernar los escombros.<\/p>\n\n\n\n<p><\/p>\n\n\n\n<p>\u270d\ufe0f \u00a9 2025 SalaStampa.eu \u2013 All Rights Reserved<\/p>\n\n\n\n<p><\/p>\n\n\n<p><small>\u00a9\ufe0f2025  Guzzo Photos  &#038; Graphic Publications \u2013 All Rights Reserved \u2013 Copyright \u00a9\ufe0f 2025 SalaStampa.eu, world press service \u2013 Guzzo Photos &#038; Graphic Publications \u2013 Registro Editori e Stampatori n. 1441 Turin, Italy<\/small><\/p>\n\n\n<p><\/p>\n","protected":false},"excerpt":{"rendered":"<p>La historia vuelve a pasar factura en Bangladesh: justicia para unos, ajuste de cuentas para otros. Entre Delhi, Dacca y la ONU, el tablero vuelve a crujir.<\/p>\n","protected":false},"author":1,"featured_media":2615,"comment_status":"closed","ping_status":"closed","sticky":false,"template":"","format":"standard","meta":{"footnotes":"","_links_to":"","_links_to_target":""},"categories":[97,109,62,55,40,41,43],"tags":[196],"class_list":["post-2613","post","type-post","status-publish","format-standard","has-post-thumbnail","hentry","category-elcanillita","category-dc24","category-actualidad","category-asia","category-justicia","category-politica-esp","category-sociedad","tag-bangladesh","entry","rows"],"yoast_head":"<!-- This site is optimized with the Yoast SEO plugin v27.4 - https:\/\/yoast.com\/product\/yoast-seo-wordpress\/ -->\n<title>La condena que reabre todas las heridas - BlogDiario Magazine<\/title>\n<meta name=\"robots\" content=\"index, follow, max-snippet:-1, max-image-preview:large, max-video-preview:-1\" \/>\n<link rel=\"canonical\" href=\"https:\/\/blogdiario.info\/magazine\/2025\/11\/17\/la-condena-que-reabre-todas-las-heridas\/\" \/>\n<meta property=\"og:locale\" content=\"es_ES\" \/>\n<meta property=\"og:type\" content=\"article\" \/>\n<meta property=\"og:title\" content=\"La condena que reabre todas las heridas - BlogDiario Magazine\" \/>\n<meta property=\"og:description\" content=\"La historia vuelve a pasar factura en Bangladesh: justicia para unos, ajuste de cuentas para otros. Entre Delhi, Dacca y la ONU, el tablero vuelve a crujir.\" \/>\n<meta property=\"og:url\" content=\"https:\/\/blogdiario.info\/magazine\/2025\/11\/17\/la-condena-que-reabre-todas-las-heridas\/\" \/>\n<meta property=\"og:site_name\" content=\"BlogDiario Magazine\" \/>\n<meta property=\"article:published_time\" content=\"2025-11-17T22:10:54+00:00\" \/>\n<meta property=\"og:image\" content=\"https:\/\/blogdiario.info\/magazine\/images\/2025\/11\/img_0991-1.jpg\" \/>\n\t<meta property=\"og:image:width\" content=\"600\" \/>\n\t<meta property=\"og:image:height\" content=\"400\" \/>\n\t<meta property=\"og:image:type\" content=\"image\/jpeg\" \/>\n<meta name=\"author\" content=\"World Press Service | Servicio de Prensa Mundial\" \/>\n<meta name=\"twitter:card\" content=\"summary_large_image\" \/>\n<meta name=\"twitter:label1\" content=\"Escrito por\" \/>\n\t<meta name=\"twitter:data1\" content=\"World Press Service | Servicio de Prensa Mundial\" \/>\n\t<meta name=\"twitter:label2\" content=\"Tiempo de lectura\" \/>\n\t<meta name=\"twitter:data2\" content=\"2 minutos\" \/>\n<script type=\"application\/ld+json\" class=\"yoast-schema-graph\">{\"@context\":\"https:\\\/\\\/schema.org\",\"@graph\":[{\"@type\":\"Article\",\"@id\":\"https:\\\/\\\/blogdiario.info\\\/magazine\\\/2025\\\/11\\\/17\\\/la-condena-que-reabre-todas-las-heridas\\\/#article\",\"isPartOf\":{\"@id\":\"https:\\\/\\\/blogdiario.info\\\/magazine\\\/2025\\\/11\\\/17\\\/la-condena-que-reabre-todas-las-heridas\\\/\"},\"author\":{\"name\":\"World Press Service | Servicio de Prensa Mundial\",\"@id\":\"https:\\\/\\\/blogdiario.info\\\/magazine\\\/#\\\/schema\\\/person\\\/b2422fe85574d945bad55513bb0c7354\"},\"headline\":\"La condena que reabre todas las heridas\",\"datePublished\":\"2025-11-17T22:10:54+00:00\",\"mainEntityOfPage\":{\"@id\":\"https:\\\/\\\/blogdiario.info\\\/magazine\\\/2025\\\/11\\\/17\\\/la-condena-que-reabre-todas-las-heridas\\\/\"},\"wordCount\":484,\"publisher\":{\"@id\":\"https:\\\/\\\/blogdiario.info\\\/magazine\\\/#organization\"},\"image\":{\"@id\":\"https:\\\/\\\/blogdiario.info\\\/magazine\\\/2025\\\/11\\\/17\\\/la-condena-que-reabre-todas-las-heridas\\\/#primaryimage\"},\"thumbnailUrl\":\"https:\\\/\\\/blogdiario.info\\\/magazine\\\/images\\\/2025\\\/11\\\/img_0991-1.jpg\",\"keywords\":[\"Bangladesh\"],\"articleSection\":[\".\",\".\",\"Actualidad\",\"Asia\",\"Justicia\",\"Politica\",\"Sociedad\"],\"inLanguage\":\"es-AR\"},{\"@type\":\"WebPage\",\"@id\":\"https:\\\/\\\/blogdiario.info\\\/magazine\\\/2025\\\/11\\\/17\\\/la-condena-que-reabre-todas-las-heridas\\\/\",\"url\":\"https:\\\/\\\/blogdiario.info\\\/magazine\\\/2025\\\/11\\\/17\\\/la-condena-que-reabre-todas-las-heridas\\\/\",\"name\":\"La condena que reabre todas las heridas - BlogDiario Magazine\",\"isPartOf\":{\"@id\":\"https:\\\/\\\/blogdiario.info\\\/magazine\\\/#website\"},\"primaryImageOfPage\":{\"@id\":\"https:\\\/\\\/blogdiario.info\\\/magazine\\\/2025\\\/11\\\/17\\\/la-condena-que-reabre-todas-las-heridas\\\/#primaryimage\"},\"image\":{\"@id\":\"https:\\\/\\\/blogdiario.info\\\/magazine\\\/2025\\\/11\\\/17\\\/la-condena-que-reabre-todas-las-heridas\\\/#primaryimage\"},\"thumbnailUrl\":\"https:\\\/\\\/blogdiario.info\\\/magazine\\\/images\\\/2025\\\/11\\\/img_0991-1.jpg\",\"datePublished\":\"2025-11-17T22:10:54+00:00\",\"breadcrumb\":{\"@id\":\"https:\\\/\\\/blogdiario.info\\\/magazine\\\/2025\\\/11\\\/17\\\/la-condena-que-reabre-todas-las-heridas\\\/#breadcrumb\"},\"inLanguage\":\"es-AR\",\"potentialAction\":[{\"@type\":\"ReadAction\",\"target\":[\"https:\\\/\\\/blogdiario.info\\\/magazine\\\/2025\\\/11\\\/17\\\/la-condena-que-reabre-todas-las-heridas\\\/\"]}]},{\"@type\":\"ImageObject\",\"inLanguage\":\"es-AR\",\"@id\":\"https:\\\/\\\/blogdiario.info\\\/magazine\\\/2025\\\/11\\\/17\\\/la-condena-que-reabre-todas-las-heridas\\\/#primaryimage\",\"url\":\"https:\\\/\\\/blogdiario.info\\\/magazine\\\/images\\\/2025\\\/11\\\/img_0991-1.jpg\",\"contentUrl\":\"https:\\\/\\\/blogdiario.info\\\/magazine\\\/images\\\/2025\\\/11\\\/img_0991-1.jpg\",\"width\":600,\"height\":400},{\"@type\":\"BreadcrumbList\",\"@id\":\"https:\\\/\\\/blogdiario.info\\\/magazine\\\/2025\\\/11\\\/17\\\/la-condena-que-reabre-todas-las-heridas\\\/#breadcrumb\",\"itemListElement\":[{\"@type\":\"ListItem\",\"position\":1,\"name\":\"Home\",\"item\":\"https:\\\/\\\/blogdiario.info\\\/magazine\\\/\"},{\"@type\":\"ListItem\",\"position\":2,\"name\":\"La condena que reabre todas las heridas\"}]},{\"@type\":\"WebSite\",\"@id\":\"https:\\\/\\\/blogdiario.info\\\/magazine\\\/#website\",\"url\":\"https:\\\/\\\/blogdiario.info\\\/magazine\\\/\",\"name\":\"BlogDiario Magazine\",\"description\":\"Suplemento multiling\u00fce de ElCanillita.Info\",\"publisher\":{\"@id\":\"https:\\\/\\\/blogdiario.info\\\/magazine\\\/#organization\"},\"potentialAction\":[{\"@type\":\"SearchAction\",\"target\":{\"@type\":\"EntryPoint\",\"urlTemplate\":\"https:\\\/\\\/blogdiario.info\\\/magazine\\\/?s={search_term_string}\"},\"query-input\":{\"@type\":\"PropertyValueSpecification\",\"valueRequired\":true,\"valueName\":\"search_term_string\"}}],\"inLanguage\":\"es-AR\"},{\"@type\":\"Organization\",\"@id\":\"https:\\\/\\\/blogdiario.info\\\/magazine\\\/#organization\",\"name\":\"Guzzo Photos & Graphic Publications\",\"url\":\"https:\\\/\\\/blogdiario.info\\\/magazine\\\/\",\"logo\":{\"@type\":\"ImageObject\",\"inLanguage\":\"es-AR\",\"@id\":\"https:\\\/\\\/blogdiario.info\\\/magazine\\\/#\\\/schema\\\/logo\\\/image\\\/\",\"url\":\"https:\\\/\\\/blogdiario.info\\\/magazine\\\/images\\\/2020\\\/01\\\/cropped-blogdia_magazine.jpg\",\"contentUrl\":\"https:\\\/\\\/blogdiario.info\\\/magazine\\\/images\\\/2020\\\/01\\\/cropped-blogdia_magazine.jpg\",\"width\":589,\"height\":55,\"caption\":\"Guzzo Photos & Graphic Publications\"},\"image\":{\"@id\":\"https:\\\/\\\/blogdiario.info\\\/magazine\\\/#\\\/schema\\\/logo\\\/image\\\/\"}},{\"@type\":\"Person\",\"@id\":\"https:\\\/\\\/blogdiario.info\\\/magazine\\\/#\\\/schema\\\/person\\\/b2422fe85574d945bad55513bb0c7354\",\"name\":\"World Press Service | Servicio de Prensa Mundial\"}]}<\/script>\n<!-- \/ Yoast SEO plugin. -->","yoast_head_json":{"title":"La condena que reabre todas las heridas - BlogDiario Magazine","robots":{"index":"index","follow":"follow","max-snippet":"max-snippet:-1","max-image-preview":"max-image-preview:large","max-video-preview":"max-video-preview:-1"},"canonical":"https:\/\/blogdiario.info\/magazine\/2025\/11\/17\/la-condena-que-reabre-todas-las-heridas\/","og_locale":"es_ES","og_type":"article","og_title":"La condena que reabre todas las heridas - BlogDiario Magazine","og_description":"La historia vuelve a pasar factura en Bangladesh: justicia para unos, ajuste de cuentas para otros. Entre Delhi, Dacca y la ONU, el tablero vuelve a crujir.","og_url":"https:\/\/blogdiario.info\/magazine\/2025\/11\/17\/la-condena-que-reabre-todas-las-heridas\/","og_site_name":"BlogDiario Magazine","article_published_time":"2025-11-17T22:10:54+00:00","og_image":[{"width":600,"height":400,"url":"https:\/\/blogdiario.info\/magazine\/images\/2025\/11\/img_0991-1.jpg","type":"image\/jpeg"}],"author":"World Press Service | Servicio de Prensa Mundial","twitter_card":"summary_large_image","twitter_misc":{"Escrito por":"World Press Service | Servicio de Prensa Mundial","Tiempo de lectura":"2 minutos"},"schema":{"@context":"https:\/\/schema.org","@graph":[{"@type":"Article","@id":"https:\/\/blogdiario.info\/magazine\/2025\/11\/17\/la-condena-que-reabre-todas-las-heridas\/#article","isPartOf":{"@id":"https:\/\/blogdiario.info\/magazine\/2025\/11\/17\/la-condena-que-reabre-todas-las-heridas\/"},"author":{"name":"World Press Service | Servicio de Prensa Mundial","@id":"https:\/\/blogdiario.info\/magazine\/#\/schema\/person\/b2422fe85574d945bad55513bb0c7354"},"headline":"La condena que reabre todas las heridas","datePublished":"2025-11-17T22:10:54+00:00","mainEntityOfPage":{"@id":"https:\/\/blogdiario.info\/magazine\/2025\/11\/17\/la-condena-que-reabre-todas-las-heridas\/"},"wordCount":484,"publisher":{"@id":"https:\/\/blogdiario.info\/magazine\/#organization"},"image":{"@id":"https:\/\/blogdiario.info\/magazine\/2025\/11\/17\/la-condena-que-reabre-todas-las-heridas\/#primaryimage"},"thumbnailUrl":"https:\/\/blogdiario.info\/magazine\/images\/2025\/11\/img_0991-1.jpg","keywords":["Bangladesh"],"articleSection":[".",".","Actualidad","Asia","Justicia","Politica","Sociedad"],"inLanguage":"es-AR"},{"@type":"WebPage","@id":"https:\/\/blogdiario.info\/magazine\/2025\/11\/17\/la-condena-que-reabre-todas-las-heridas\/","url":"https:\/\/blogdiario.info\/magazine\/2025\/11\/17\/la-condena-que-reabre-todas-las-heridas\/","name":"La condena que reabre todas las heridas - BlogDiario Magazine","isPartOf":{"@id":"https:\/\/blogdiario.info\/magazine\/#website"},"primaryImageOfPage":{"@id":"https:\/\/blogdiario.info\/magazine\/2025\/11\/17\/la-condena-que-reabre-todas-las-heridas\/#primaryimage"},"image":{"@id":"https:\/\/blogdiario.info\/magazine\/2025\/11\/17\/la-condena-que-reabre-todas-las-heridas\/#primaryimage"},"thumbnailUrl":"https:\/\/blogdiario.info\/magazine\/images\/2025\/11\/img_0991-1.jpg","datePublished":"2025-11-17T22:10:54+00:00","breadcrumb":{"@id":"https:\/\/blogdiario.info\/magazine\/2025\/11\/17\/la-condena-que-reabre-todas-las-heridas\/#breadcrumb"},"inLanguage":"es-AR","potentialAction":[{"@type":"ReadAction","target":["https:\/\/blogdiario.info\/magazine\/2025\/11\/17\/la-condena-que-reabre-todas-las-heridas\/"]}]},{"@type":"ImageObject","inLanguage":"es-AR","@id":"https:\/\/blogdiario.info\/magazine\/2025\/11\/17\/la-condena-que-reabre-todas-las-heridas\/#primaryimage","url":"https:\/\/blogdiario.info\/magazine\/images\/2025\/11\/img_0991-1.jpg","contentUrl":"https:\/\/blogdiario.info\/magazine\/images\/2025\/11\/img_0991-1.jpg","width":600,"height":400},{"@type":"BreadcrumbList","@id":"https:\/\/blogdiario.info\/magazine\/2025\/11\/17\/la-condena-que-reabre-todas-las-heridas\/#breadcrumb","itemListElement":[{"@type":"ListItem","position":1,"name":"Home","item":"https:\/\/blogdiario.info\/magazine\/"},{"@type":"ListItem","position":2,"name":"La condena que reabre todas las heridas"}]},{"@type":"WebSite","@id":"https:\/\/blogdiario.info\/magazine\/#website","url":"https:\/\/blogdiario.info\/magazine\/","name":"BlogDiario Magazine","description":"Suplemento multiling\u00fce de ElCanillita.Info","publisher":{"@id":"https:\/\/blogdiario.info\/magazine\/#organization"},"potentialAction":[{"@type":"SearchAction","target":{"@type":"EntryPoint","urlTemplate":"https:\/\/blogdiario.info\/magazine\/?s={search_term_string}"},"query-input":{"@type":"PropertyValueSpecification","valueRequired":true,"valueName":"search_term_string"}}],"inLanguage":"es-AR"},{"@type":"Organization","@id":"https:\/\/blogdiario.info\/magazine\/#organization","name":"Guzzo Photos & Graphic Publications","url":"https:\/\/blogdiario.info\/magazine\/","logo":{"@type":"ImageObject","inLanguage":"es-AR","@id":"https:\/\/blogdiario.info\/magazine\/#\/schema\/logo\/image\/","url":"https:\/\/blogdiario.info\/magazine\/images\/2020\/01\/cropped-blogdia_magazine.jpg","contentUrl":"https:\/\/blogdiario.info\/magazine\/images\/2020\/01\/cropped-blogdia_magazine.jpg","width":589,"height":55,"caption":"Guzzo Photos & Graphic Publications"},"image":{"@id":"https:\/\/blogdiario.info\/magazine\/#\/schema\/logo\/image\/"}},{"@type":"Person","@id":"https:\/\/blogdiario.info\/magazine\/#\/schema\/person\/b2422fe85574d945bad55513bb0c7354","name":"World Press Service | Servicio de Prensa Mundial"}]}},"views":144,"_links":{"self":[{"href":"https:\/\/blogdiario.info\/magazine\/wp-json\/wp\/v2\/posts\/2613","targetHints":{"allow":["GET"]}}],"collection":[{"href":"https:\/\/blogdiario.info\/magazine\/wp-json\/wp\/v2\/posts"}],"about":[{"href":"https:\/\/blogdiario.info\/magazine\/wp-json\/wp\/v2\/types\/post"}],"author":[{"embeddable":true,"href":"https:\/\/blogdiario.info\/magazine\/wp-json\/wp\/v2\/users\/1"}],"replies":[{"embeddable":true,"href":"https:\/\/blogdiario.info\/magazine\/wp-json\/wp\/v2\/comments?post=2613"}],"version-history":[{"count":0,"href":"https:\/\/blogdiario.info\/magazine\/wp-json\/wp\/v2\/posts\/2613\/revisions"}],"wp:featuredmedia":[{"embeddable":true,"href":"https:\/\/blogdiario.info\/magazine\/wp-json\/wp\/v2\/media\/2615"}],"wp:attachment":[{"href":"https:\/\/blogdiario.info\/magazine\/wp-json\/wp\/v2\/media?parent=2613"}],"wp:term":[{"taxonomy":"category","embeddable":true,"href":"https:\/\/blogdiario.info\/magazine\/wp-json\/wp\/v2\/categories?post=2613"},{"taxonomy":"post_tag","embeddable":true,"href":"https:\/\/blogdiario.info\/magazine\/wp-json\/wp\/v2\/tags?post=2613"}],"curies":[{"name":"wp","href":"https:\/\/api.w.org\/{rel}","templated":true}]}}