{"id":2609,"date":"2025-11-17T00:44:09","date_gmt":"2025-11-16T23:44:09","guid":{"rendered":"https:\/\/blogdiario.info\/magazine\/?p=2609"},"modified":"2025-11-17T00:44:09","modified_gmt":"2025-11-16T23:44:09","slug":"la-aritmetica-de-la-matanza","status":"publish","type":"post","link":"https:\/\/blogdiario.info\/magazine\/2025\/11\/17\/la-aritmetica-de-la-matanza\/","title":{"rendered":"La aritm\u00e9tica de la matanza"},"content":{"rendered":"\n<figure class=\"wp-block-image size-large\"><img loading=\"lazy\" decoding=\"async\" width=\"600\" height=\"448\" src=\"https:\/\/blogdiario.info\/magazine\/images\/2025\/11\/img_0986.jpg\" alt=\"\" class=\"wp-image-2610\" srcset=\"https:\/\/blogdiario.info\/magazine\/images\/2025\/11\/img_0986.jpg 600w, https:\/\/blogdiario.info\/magazine\/images\/2025\/11\/img_0986-300x224.jpg 300w\" sizes=\"auto, (max-width: 600px) 100vw, 600px\" \/><figcaption class=\"wp-element-caption\"><br \/>Adolescente asesinado, Jadallah Jihad Jumaa Jadallah,15 a\u00f1os&nbsp; &#8211; fuente: Wafa<\/figcaption><\/figure>\n\n\n\n<p class=\"p1\">En Tubas, un adolescente palestino cay\u00f3 esta noche bajo fuego israel\u00ed. Un nombre m\u00e1s, una familia menos. La din\u00e1mica es siempre la misma: un disparo, un cuerpo, un comunicado. La rutina m\u00e1s oscura del conflicto.<\/p>\n\n\n\n<figure class=\"wp-block-image size-large\"><img loading=\"lazy\" decoding=\"async\" width=\"1024\" height=\"718\" src=\"https:\/\/blogdiario.info\/magazine\/images\/2025\/11\/img_0987-1024x718.jpg\" alt=\"\" class=\"wp-image-2611\" srcset=\"https:\/\/blogdiario.info\/magazine\/images\/2025\/11\/img_0987-1024x718.jpg 1024w, https:\/\/blogdiario.info\/magazine\/images\/2025\/11\/img_0987-300x210.jpg 300w, https:\/\/blogdiario.info\/magazine\/images\/2025\/11\/img_0987-768x539.jpg 768w, https:\/\/blogdiario.info\/magazine\/images\/2025\/11\/img_0987-1536x1077.jpg 1536w, https:\/\/blogdiario.info\/magazine\/images\/2025\/11\/img_0987.jpg 1600w\" sizes=\"auto, (max-width: 1024px) 100vw, 1024px\" \/><figcaption class=\"wp-element-caption\">Fuente: wafa<\/figcaption><\/figure>\n\n\n\n<p class=\"p1\">En Gaza, las cifras ya no describen: retumban. 69.483 muertos desde el inicio del asalto en octubre de 2023. La mayor\u00eda mujeres y ni\u00f1os. Una estad\u00edstica que se repite con tal frialdad que parece imposible recordar que detr\u00e1s hay respiraciones truncadas, mesas vac\u00edas, sue\u00f1os que no alcanzaron ning\u00fan ma\u00f1ana.<\/p>\n\n\n\n<p class=\"p1\">Los heridos ascienden a 170.706. Muchos siguen bajo escombros que nadie puede remover porque las zonas son demasiado peligrosas incluso para los rescatistas. Es la matem\u00e1tica absurda de la guerra: donde antes hab\u00eda casas, ahora hay trampas mortales; donde hab\u00eda familias, ahora hay coordenadas.<\/p>\n\n\n\n<p class=\"p1\">En solo 72 horas, los hospitales recibieron 17 cuerpos, entre nuevas v\u00edctimas y restos recuperados con paciencia desesperada. Tres heridos m\u00e1s intentan sobrevivir en salas colapsadas que ya no se parecen a hospitales, sino a estaciones de emergencia sin fin.<\/p>\n\n\n\n<p class=\"p1\">El alto el fuego del 11 de octubre fue un par\u00e9ntesis en el papel, pero no en los barrios reducidos a polvo. Desde entonces, las v\u00edctimas suman 266 muertos y 635 heridos, m\u00e1s 548 cuerpos recuperados de lugares donde nadie deber\u00eda haber terminado.<\/p>\n\n\n\n<p class=\"p1\">Los acuerdos diplom\u00e1ticos hablan de avances, de compromisos, de rutas para estabilizar la regi\u00f3n. Pero la tierra dice otra cosa: que no hay tregua que alcance cuando cada d\u00eda se cuentan muertos como si fueran minutos.<\/p>\n\n\n\n<p class=\"p1\">Y aun as\u00ed, el mundo pide paciencia. Como si la paciencia sirviera para resucitar a alguien.<\/p>\n\n\n\n<p class=\"p1\">Aqu\u00ed, entre cifras que se acumulan y vidas que desaparecen, lo \u00fanico constante es la urgencia. Y el silencio que siempre llega primero que la justicia.<\/p>\n\n\n\n<p><\/p>\n\n\n\n<p>\u270d\ufe0f \u00a9 2025 SalaStampa.eu \u2013 All Rights Reserved<\/p>\n\n\n\n<p><\/p>\n\n\n<hr style=\"\n    border: none;\n    height: 1px;\n    background: linear-gradient(to right, transparent, #ccc, transparent);\n    margin: 0;\n\" \/>\n<\/p>\n<p><strong>\u00bfQuieres decir algo?<\/strong><\/p>\n<p>\ud83d\udcec Env\u00eda tu texto a : email@soapboxorators.org o s\u00fabelo a la Speakers&#8217; Box: SoapBoxOrators.org.<\/p>\n<p><!-- \/wp:post-content --><\/p>\n<form action=\"https:\/\/formspree.io\/f\/mjkrjzed\" method=\"POST\">\n  <label for=\"name\">Nombre o seud\u00f3nimo:<\/label><br \/>\n  <input type=\"text\" id=\"name\" name=\"name\" required><\/p>\n<p>  <label for=\"title\">T\u00edtulo del discurso\/editorial:<\/label><br \/>\n  <input type=\"text\" id=\"title\" name=\"title\" required><\/p>\n<p>  <label for=\"message\">Texto (m\u00e1x. 3.000 caracteres):<\/label><br \/>\n  <textarea id=\"message\" name=\"message\" rows=\"10\" maxlength=\"3000\" required><\/textarea><\/p>\n<p>  <label><br \/>\n    <input type=\"checkbox\" name=\"consent\" required><br \/>\n    Autorizo la publicaci\u00f3n de este texto en SoapboxOrators.org<br \/>\n  <\/label><\/p>\n<p>  <button type=\"submit\">Enviar<\/button><br \/>\n  <button type=\"reset\">Borrar formulario<\/button><\/p>\n<\/form>\n<p><!-- wp:paragraph --><\/p>\n<p><!-- \/wp:paragraph --><\/p>\n<p><small>\u00a9\ufe0f2025  Guzzo Photos  &#038; Graphic Publications \u2013 All Rights Reserved \u2013 Copyright \u00a9\ufe0f 2025 SalaStampa.eu, world press service \u2013 Guzzo Photos &#038; Graphic Publications \u2013 Registro Editori e Stampatori n. 1441 Turin, Italy<\/small><\/p>\n<p><!-- wp:paragraph --><\/p>\n<p><!-- \/wp:paragraph --><\/p>","protected":false},"excerpt":{"rendered":"<p>La aritm\u00e9tica del horror sigue su curso mientras el alto el fuego intenta sostener una dignidad imposible entre ruinas, morgues improvisadas y silencios que pesan m\u00e1s que los discursos oficiales.<\/p>\n","protected":false},"author":1,"featured_media":2612,"comment_status":"closed","ping_status":"closed","sticky":false,"template":"","format":"standard","meta":{"footnotes":"","_links_to":"","_links_to_target":""},"categories":[97,109,62,151,119,54,41,43],"tags":[195],"class_list":["post-2609","post","type-post","status-publish","format-standard","has-post-thumbnail","hentry","category-elcanillita","category-dc24","category-actualidad","category-cisgiordania","category-guerra","category-medio-oriente","category-politica-esp","category-sociedad","tag-cisgiordania","entry","rows"],"yoast_head":"<!-- This site is optimized with the Yoast SEO plugin v27.4 - https:\/\/yoast.com\/product\/yoast-seo-wordpress\/ -->\n<title>La aritm\u00e9tica de la matanza - BlogDiario Magazine<\/title>\n<meta name=\"robots\" content=\"index, follow, max-snippet:-1, max-image-preview:large, max-video-preview:-1\" \/>\n<link rel=\"canonical\" href=\"https:\/\/blogdiario.info\/magazine\/2025\/11\/17\/la-aritmetica-de-la-matanza\/\" \/>\n<meta property=\"og:locale\" content=\"es_ES\" \/>\n<meta property=\"og:type\" content=\"article\" \/>\n<meta property=\"og:title\" content=\"La aritm\u00e9tica de la matanza - BlogDiario Magazine\" \/>\n<meta property=\"og:description\" content=\"La aritm\u00e9tica del horror sigue su curso mientras el alto el fuego intenta sostener una dignidad imposible entre ruinas, morgues improvisadas y silencios que pesan m\u00e1s que los discursos oficiales.\" \/>\n<meta property=\"og:url\" content=\"https:\/\/blogdiario.info\/magazine\/2025\/11\/17\/la-aritmetica-de-la-matanza\/\" \/>\n<meta property=\"og:site_name\" content=\"BlogDiario Magazine\" \/>\n<meta property=\"article:published_time\" content=\"2025-11-16T23:44:09+00:00\" \/>\n<meta property=\"og:image\" content=\"https:\/\/blogdiario.info\/magazine\/images\/2025\/11\/img_0987-1.jpg\" \/>\n\t<meta property=\"og:image:width\" content=\"1600\" \/>\n\t<meta property=\"og:image:height\" content=\"1122\" \/>\n\t<meta property=\"og:image:type\" content=\"image\/jpeg\" \/>\n<meta name=\"author\" content=\"World Press Service | Servicio de Prensa Mundial\" \/>\n<meta name=\"twitter:card\" content=\"summary_large_image\" \/>\n<meta name=\"twitter:label1\" content=\"Escrito por\" \/>\n\t<meta name=\"twitter:data1\" content=\"World Press Service | Servicio de Prensa Mundial\" \/>\n\t<meta name=\"twitter:label2\" content=\"Tiempo de lectura\" \/>\n\t<meta name=\"twitter:data2\" content=\"2 minutos\" \/>\n<script type=\"application\/ld+json\" class=\"yoast-schema-graph\">{\"@context\":\"https:\\\/\\\/schema.org\",\"@graph\":[{\"@type\":\"Article\",\"@id\":\"https:\\\/\\\/blogdiario.info\\\/magazine\\\/2025\\\/11\\\/17\\\/la-aritmetica-de-la-matanza\\\/#article\",\"isPartOf\":{\"@id\":\"https:\\\/\\\/blogdiario.info\\\/magazine\\\/2025\\\/11\\\/17\\\/la-aritmetica-de-la-matanza\\\/\"},\"author\":{\"name\":\"World Press Service | Servicio de Prensa Mundial\",\"@id\":\"https:\\\/\\\/blogdiario.info\\\/magazine\\\/#\\\/schema\\\/person\\\/b2422fe85574d945bad55513bb0c7354\"},\"headline\":\"La aritm\u00e9tica de la matanza\",\"datePublished\":\"2025-11-16T23:44:09+00:00\",\"mainEntityOfPage\":{\"@id\":\"https:\\\/\\\/blogdiario.info\\\/magazine\\\/2025\\\/11\\\/17\\\/la-aritmetica-de-la-matanza\\\/\"},\"wordCount\":398,\"publisher\":{\"@id\":\"https:\\\/\\\/blogdiario.info\\\/magazine\\\/#organization\"},\"image\":{\"@id\":\"https:\\\/\\\/blogdiario.info\\\/magazine\\\/2025\\\/11\\\/17\\\/la-aritmetica-de-la-matanza\\\/#primaryimage\"},\"thumbnailUrl\":\"https:\\\/\\\/blogdiario.info\\\/magazine\\\/images\\\/2025\\\/11\\\/img_0987-1.jpg\",\"keywords\":[\"Cisgiordania\"],\"articleSection\":[\".\",\".\",\"Actualidad\",\"Cisgiordania\",\"Guerra\",\"Medio Oriente\",\"Politica\",\"Sociedad\"],\"inLanguage\":\"es-AR\"},{\"@type\":\"WebPage\",\"@id\":\"https:\\\/\\\/blogdiario.info\\\/magazine\\\/2025\\\/11\\\/17\\\/la-aritmetica-de-la-matanza\\\/\",\"url\":\"https:\\\/\\\/blogdiario.info\\\/magazine\\\/2025\\\/11\\\/17\\\/la-aritmetica-de-la-matanza\\\/\",\"name\":\"La aritm\u00e9tica de la matanza - BlogDiario Magazine\",\"isPartOf\":{\"@id\":\"https:\\\/\\\/blogdiario.info\\\/magazine\\\/#website\"},\"primaryImageOfPage\":{\"@id\":\"https:\\\/\\\/blogdiario.info\\\/magazine\\\/2025\\\/11\\\/17\\\/la-aritmetica-de-la-matanza\\\/#primaryimage\"},\"image\":{\"@id\":\"https:\\\/\\\/blogdiario.info\\\/magazine\\\/2025\\\/11\\\/17\\\/la-aritmetica-de-la-matanza\\\/#primaryimage\"},\"thumbnailUrl\":\"https:\\\/\\\/blogdiario.info\\\/magazine\\\/images\\\/2025\\\/11\\\/img_0987-1.jpg\",\"datePublished\":\"2025-11-16T23:44:09+00:00\",\"breadcrumb\":{\"@id\":\"https:\\\/\\\/blogdiario.info\\\/magazine\\\/2025\\\/11\\\/17\\\/la-aritmetica-de-la-matanza\\\/#breadcrumb\"},\"inLanguage\":\"es-AR\",\"potentialAction\":[{\"@type\":\"ReadAction\",\"target\":[\"https:\\\/\\\/blogdiario.info\\\/magazine\\\/2025\\\/11\\\/17\\\/la-aritmetica-de-la-matanza\\\/\"]}]},{\"@type\":\"ImageObject\",\"inLanguage\":\"es-AR\",\"@id\":\"https:\\\/\\\/blogdiario.info\\\/magazine\\\/2025\\\/11\\\/17\\\/la-aritmetica-de-la-matanza\\\/#primaryimage\",\"url\":\"https:\\\/\\\/blogdiario.info\\\/magazine\\\/images\\\/2025\\\/11\\\/img_0987-1.jpg\",\"contentUrl\":\"https:\\\/\\\/blogdiario.info\\\/magazine\\\/images\\\/2025\\\/11\\\/img_0987-1.jpg\",\"width\":1600,\"height\":1122},{\"@type\":\"BreadcrumbList\",\"@id\":\"https:\\\/\\\/blogdiario.info\\\/magazine\\\/2025\\\/11\\\/17\\\/la-aritmetica-de-la-matanza\\\/#breadcrumb\",\"itemListElement\":[{\"@type\":\"ListItem\",\"position\":1,\"name\":\"Home\",\"item\":\"https:\\\/\\\/blogdiario.info\\\/magazine\\\/\"},{\"@type\":\"ListItem\",\"position\":2,\"name\":\"La aritm\u00e9tica de la matanza\"}]},{\"@type\":\"WebSite\",\"@id\":\"https:\\\/\\\/blogdiario.info\\\/magazine\\\/#website\",\"url\":\"https:\\\/\\\/blogdiario.info\\\/magazine\\\/\",\"name\":\"BlogDiario Magazine\",\"description\":\"Suplemento multiling\u00fce de ElCanillita.Info\",\"publisher\":{\"@id\":\"https:\\\/\\\/blogdiario.info\\\/magazine\\\/#organization\"},\"potentialAction\":[{\"@type\":\"SearchAction\",\"target\":{\"@type\":\"EntryPoint\",\"urlTemplate\":\"https:\\\/\\\/blogdiario.info\\\/magazine\\\/?s={search_term_string}\"},\"query-input\":{\"@type\":\"PropertyValueSpecification\",\"valueRequired\":true,\"valueName\":\"search_term_string\"}}],\"inLanguage\":\"es-AR\"},{\"@type\":\"Organization\",\"@id\":\"https:\\\/\\\/blogdiario.info\\\/magazine\\\/#organization\",\"name\":\"Guzzo Photos & Graphic Publications\",\"url\":\"https:\\\/\\\/blogdiario.info\\\/magazine\\\/\",\"logo\":{\"@type\":\"ImageObject\",\"inLanguage\":\"es-AR\",\"@id\":\"https:\\\/\\\/blogdiario.info\\\/magazine\\\/#\\\/schema\\\/logo\\\/image\\\/\",\"url\":\"https:\\\/\\\/blogdiario.info\\\/magazine\\\/images\\\/2020\\\/01\\\/cropped-blogdia_magazine.jpg\",\"contentUrl\":\"https:\\\/\\\/blogdiario.info\\\/magazine\\\/images\\\/2020\\\/01\\\/cropped-blogdia_magazine.jpg\",\"width\":589,\"height\":55,\"caption\":\"Guzzo Photos & Graphic Publications\"},\"image\":{\"@id\":\"https:\\\/\\\/blogdiario.info\\\/magazine\\\/#\\\/schema\\\/logo\\\/image\\\/\"}},{\"@type\":\"Person\",\"@id\":\"https:\\\/\\\/blogdiario.info\\\/magazine\\\/#\\\/schema\\\/person\\\/b2422fe85574d945bad55513bb0c7354\",\"name\":\"World Press Service | Servicio de Prensa Mundial\"}]}<\/script>\n<!-- \/ Yoast SEO plugin. -->","yoast_head_json":{"title":"La aritm\u00e9tica de la matanza - BlogDiario Magazine","robots":{"index":"index","follow":"follow","max-snippet":"max-snippet:-1","max-image-preview":"max-image-preview:large","max-video-preview":"max-video-preview:-1"},"canonical":"https:\/\/blogdiario.info\/magazine\/2025\/11\/17\/la-aritmetica-de-la-matanza\/","og_locale":"es_ES","og_type":"article","og_title":"La aritm\u00e9tica de la matanza - BlogDiario Magazine","og_description":"La aritm\u00e9tica del horror sigue su curso mientras el alto el fuego intenta sostener una dignidad imposible entre ruinas, morgues improvisadas y silencios que pesan m\u00e1s que los discursos oficiales.","og_url":"https:\/\/blogdiario.info\/magazine\/2025\/11\/17\/la-aritmetica-de-la-matanza\/","og_site_name":"BlogDiario Magazine","article_published_time":"2025-11-16T23:44:09+00:00","og_image":[{"width":1600,"height":1122,"url":"https:\/\/blogdiario.info\/magazine\/images\/2025\/11\/img_0987-1.jpg","type":"image\/jpeg"}],"author":"World Press Service | Servicio de Prensa Mundial","twitter_card":"summary_large_image","twitter_misc":{"Escrito por":"World Press Service | Servicio de Prensa Mundial","Tiempo de lectura":"2 minutos"},"schema":{"@context":"https:\/\/schema.org","@graph":[{"@type":"Article","@id":"https:\/\/blogdiario.info\/magazine\/2025\/11\/17\/la-aritmetica-de-la-matanza\/#article","isPartOf":{"@id":"https:\/\/blogdiario.info\/magazine\/2025\/11\/17\/la-aritmetica-de-la-matanza\/"},"author":{"name":"World Press Service | Servicio de Prensa Mundial","@id":"https:\/\/blogdiario.info\/magazine\/#\/schema\/person\/b2422fe85574d945bad55513bb0c7354"},"headline":"La aritm\u00e9tica de la matanza","datePublished":"2025-11-16T23:44:09+00:00","mainEntityOfPage":{"@id":"https:\/\/blogdiario.info\/magazine\/2025\/11\/17\/la-aritmetica-de-la-matanza\/"},"wordCount":398,"publisher":{"@id":"https:\/\/blogdiario.info\/magazine\/#organization"},"image":{"@id":"https:\/\/blogdiario.info\/magazine\/2025\/11\/17\/la-aritmetica-de-la-matanza\/#primaryimage"},"thumbnailUrl":"https:\/\/blogdiario.info\/magazine\/images\/2025\/11\/img_0987-1.jpg","keywords":["Cisgiordania"],"articleSection":[".",".","Actualidad","Cisgiordania","Guerra","Medio Oriente","Politica","Sociedad"],"inLanguage":"es-AR"},{"@type":"WebPage","@id":"https:\/\/blogdiario.info\/magazine\/2025\/11\/17\/la-aritmetica-de-la-matanza\/","url":"https:\/\/blogdiario.info\/magazine\/2025\/11\/17\/la-aritmetica-de-la-matanza\/","name":"La aritm\u00e9tica de la matanza - BlogDiario Magazine","isPartOf":{"@id":"https:\/\/blogdiario.info\/magazine\/#website"},"primaryImageOfPage":{"@id":"https:\/\/blogdiario.info\/magazine\/2025\/11\/17\/la-aritmetica-de-la-matanza\/#primaryimage"},"image":{"@id":"https:\/\/blogdiario.info\/magazine\/2025\/11\/17\/la-aritmetica-de-la-matanza\/#primaryimage"},"thumbnailUrl":"https:\/\/blogdiario.info\/magazine\/images\/2025\/11\/img_0987-1.jpg","datePublished":"2025-11-16T23:44:09+00:00","breadcrumb":{"@id":"https:\/\/blogdiario.info\/magazine\/2025\/11\/17\/la-aritmetica-de-la-matanza\/#breadcrumb"},"inLanguage":"es-AR","potentialAction":[{"@type":"ReadAction","target":["https:\/\/blogdiario.info\/magazine\/2025\/11\/17\/la-aritmetica-de-la-matanza\/"]}]},{"@type":"ImageObject","inLanguage":"es-AR","@id":"https:\/\/blogdiario.info\/magazine\/2025\/11\/17\/la-aritmetica-de-la-matanza\/#primaryimage","url":"https:\/\/blogdiario.info\/magazine\/images\/2025\/11\/img_0987-1.jpg","contentUrl":"https:\/\/blogdiario.info\/magazine\/images\/2025\/11\/img_0987-1.jpg","width":1600,"height":1122},{"@type":"BreadcrumbList","@id":"https:\/\/blogdiario.info\/magazine\/2025\/11\/17\/la-aritmetica-de-la-matanza\/#breadcrumb","itemListElement":[{"@type":"ListItem","position":1,"name":"Home","item":"https:\/\/blogdiario.info\/magazine\/"},{"@type":"ListItem","position":2,"name":"La aritm\u00e9tica de la matanza"}]},{"@type":"WebSite","@id":"https:\/\/blogdiario.info\/magazine\/#website","url":"https:\/\/blogdiario.info\/magazine\/","name":"BlogDiario Magazine","description":"Suplemento multiling\u00fce de ElCanillita.Info","publisher":{"@id":"https:\/\/blogdiario.info\/magazine\/#organization"},"potentialAction":[{"@type":"SearchAction","target":{"@type":"EntryPoint","urlTemplate":"https:\/\/blogdiario.info\/magazine\/?s={search_term_string}"},"query-input":{"@type":"PropertyValueSpecification","valueRequired":true,"valueName":"search_term_string"}}],"inLanguage":"es-AR"},{"@type":"Organization","@id":"https:\/\/blogdiario.info\/magazine\/#organization","name":"Guzzo Photos & Graphic Publications","url":"https:\/\/blogdiario.info\/magazine\/","logo":{"@type":"ImageObject","inLanguage":"es-AR","@id":"https:\/\/blogdiario.info\/magazine\/#\/schema\/logo\/image\/","url":"https:\/\/blogdiario.info\/magazine\/images\/2020\/01\/cropped-blogdia_magazine.jpg","contentUrl":"https:\/\/blogdiario.info\/magazine\/images\/2020\/01\/cropped-blogdia_magazine.jpg","width":589,"height":55,"caption":"Guzzo Photos & Graphic Publications"},"image":{"@id":"https:\/\/blogdiario.info\/magazine\/#\/schema\/logo\/image\/"}},{"@type":"Person","@id":"https:\/\/blogdiario.info\/magazine\/#\/schema\/person\/b2422fe85574d945bad55513bb0c7354","name":"World Press Service | Servicio de Prensa Mundial"}]}},"views":133,"_links":{"self":[{"href":"https:\/\/blogdiario.info\/magazine\/wp-json\/wp\/v2\/posts\/2609","targetHints":{"allow":["GET"]}}],"collection":[{"href":"https:\/\/blogdiario.info\/magazine\/wp-json\/wp\/v2\/posts"}],"about":[{"href":"https:\/\/blogdiario.info\/magazine\/wp-json\/wp\/v2\/types\/post"}],"author":[{"embeddable":true,"href":"https:\/\/blogdiario.info\/magazine\/wp-json\/wp\/v2\/users\/1"}],"replies":[{"embeddable":true,"href":"https:\/\/blogdiario.info\/magazine\/wp-json\/wp\/v2\/comments?post=2609"}],"version-history":[{"count":0,"href":"https:\/\/blogdiario.info\/magazine\/wp-json\/wp\/v2\/posts\/2609\/revisions"}],"wp:featuredmedia":[{"embeddable":true,"href":"https:\/\/blogdiario.info\/magazine\/wp-json\/wp\/v2\/media\/2612"}],"wp:attachment":[{"href":"https:\/\/blogdiario.info\/magazine\/wp-json\/wp\/v2\/media?parent=2609"}],"wp:term":[{"taxonomy":"category","embeddable":true,"href":"https:\/\/blogdiario.info\/magazine\/wp-json\/wp\/v2\/categories?post=2609"},{"taxonomy":"post_tag","embeddable":true,"href":"https:\/\/blogdiario.info\/magazine\/wp-json\/wp\/v2\/tags?post=2609"}],"curies":[{"name":"wp","href":"https:\/\/api.w.org\/{rel}","templated":true}]}}