{"id":2602,"date":"2025-11-12T18:08:08","date_gmt":"2025-11-12T17:08:08","guid":{"rendered":"https:\/\/blogdiario.info\/magazine\/?p=2602"},"modified":"2025-11-12T18:08:09","modified_gmt":"2025-11-12T17:08:09","slug":"la-selva-toma-la-palabra-y-el-porton-de-entrada","status":"publish","type":"post","link":"https:\/\/blogdiario.info\/magazine\/2025\/11\/12\/la-selva-toma-la-palabra-y-el-porton-de-entrada\/","title":{"rendered":"La selva toma la palabra (y el port\u00f3n de entrada)"},"content":{"rendered":"\n<figure class=\"wp-block-image size-full\"><img loading=\"lazy\" decoding=\"async\" width=\"600\" height=\"400\" src=\"https:\/\/blogdiario.info\/magazine\/images\/2025\/11\/ceo_2_20251111.jpg\" alt=\"\" class=\"wp-image-2603\" srcset=\"https:\/\/blogdiario.info\/magazine\/images\/2025\/11\/ceo_2_20251111.jpg 600w, https:\/\/blogdiario.info\/magazine\/images\/2025\/11\/ceo_2_20251111-300x200.jpg 300w\" sizes=\"auto, (max-width: 600px) 100vw, 600px\" \/><\/figure>\n\n\n\n<p>Decenas de manifestantes ind\u00edgenas rompieron hoy el cerco de la Cop30 en Belem, Brasil, y no precisamente para tomarse selfies con Greta. Armados de porras y pancartas, exigieron lo que la ONU a\u00fan discute en c\u00f3modos salones con aire acondicionado: acceso y respeto a sus tierras.<\/p>\n\n\n\n<p>La escena fue tan simb\u00f3lica como violenta. Mientras los delegados debat\u00edan sobre compensaciones de carbono, los guardianes reales del bosque derribaban las mesas de seguridad para abrir paso al rugido de la selva.<\/p>\n\n\n\n<p>El presidente Lula hab\u00eda presentado a los pueblos ind\u00edgenas como \u201csocios estrat\u00e9gicos\u201d del evento. Pero al parecer, nadie les explic\u00f3 que el rol de \u201csocio\u201d inclu\u00eda esperar fuera, bajo el sol de Par\u00e1, mientras los ejecutivos del agronegocio beb\u00edan agua mineral importada.<\/p>\n\n\n\n<p>\u201c<strong>No podemos comer dinero<\/strong>\u201d, grit\u00f3 Gilmar, l\u00edder tupinamb\u00e1. En una frase, pulveriz\u00f3 toda la ret\u00f3rica diplom\u00e1tica que ni cien paneles podr\u00edan resumir mejor.<\/p>\n\n\n\n<p>Los guardias respondieron con empujones, y la ONU, fiel a su estilo, \u201clament\u00f3 los incidentes\u201d y prometi\u00f3 \u201cabrir canales de di\u00e1logo\u201d. Es decir: convocar una reuni\u00f3n para decidir cu\u00e1ndo ser\u00e1 la pr\u00f3xima reuni\u00f3n.<\/p>\n\n\n\n<p>El ic\u00f3nico jefe Raoni, presente en la cumbre, pidi\u00f3 a Brasil \u201cempoderar a los pueblos nativos\u201d. Pero en Belem, la palabra <em>empoderar<\/em> parece haberse traducido como <em>encerrar<\/em>.<\/p>\n\n\n\n<p>Dos heridos, varias banderas rotas y una imagen que lo dice todo: el bosque pidiendo paso entre credenciales y cordones de pl\u00e1stico. La Cop30, nacida para escuchar a la naturaleza, termin\u00f3 subi\u00e9ndose el volumen para no o\u00edrla.<br><br>\u270d\ufe0f<small>\u00a92025 La Voz que No Muri\u00f3 &#8211; All Rights Reserved<\/small><br><br><small>\u00a9 2025 BlogDiario.info &#8211; All Rights Reserved &#8211; SalaStampa.eu, world press service &#8211; Guzzo Photos &amp; Graphic Publications \u2013 Registro Editori e Stampatori n. 1441 Turin, Italy<\/small><\/p>\n","protected":false},"excerpt":{"rendered":"<p>Mientras Lula predica inclusi\u00f3n clim\u00e1tica, los pueblos originarios irrumpen a golpes en la cumbre que deb\u00eda escucharlos. Belem se convierte en met\u00e1fora perfecta: seguridad privada, discursos verdes y la selva gritando desde afuera.<\/p>\n","protected":false},"author":1,"featured_media":2604,"comment_status":"closed","ping_status":"closed","sticky":false,"template":"","format":"standard","meta":{"footnotes":"","_links_to":"","_links_to_target":""},"categories":[97,109,62,51,164,194,134,168],"tags":[],"class_list":["post-2602","post","type-post","status-publish","format-standard","has-post-thumbnail","hentry","category-elcanillita","category-dc24","category-actualidad","category-america-del-sud","category-bosques-rios-y-mares","category-ecologia","category-politicas-globales","category-sociedad-y-valores","entry","rows"],"yoast_head":"<!-- This site is optimized with the Yoast SEO plugin v27.4 - https:\/\/yoast.com\/product\/yoast-seo-wordpress\/ -->\n<title>La selva toma la palabra (y el port\u00f3n de entrada) - BlogDiario Magazine<\/title>\n<meta name=\"robots\" content=\"index, follow, max-snippet:-1, max-image-preview:large, max-video-preview:-1\" \/>\n<link rel=\"canonical\" href=\"https:\/\/blogdiario.info\/magazine\/2025\/11\/12\/la-selva-toma-la-palabra-y-el-porton-de-entrada\/\" \/>\n<meta property=\"og:locale\" content=\"es_ES\" \/>\n<meta property=\"og:type\" content=\"article\" \/>\n<meta property=\"og:title\" content=\"La selva toma la palabra (y el port\u00f3n de entrada) - BlogDiario Magazine\" \/>\n<meta property=\"og:description\" content=\"Mientras Lula predica inclusi\u00f3n clim\u00e1tica, los pueblos originarios irrumpen a golpes en la cumbre que deb\u00eda escucharlos. Belem se convierte en met\u00e1fora perfecta: seguridad privada, discursos verdes y la selva gritando desde afuera.\" \/>\n<meta property=\"og:url\" content=\"https:\/\/blogdiario.info\/magazine\/2025\/11\/12\/la-selva-toma-la-palabra-y-el-porton-de-entrada\/\" \/>\n<meta property=\"og:site_name\" content=\"BlogDiario Magazine\" \/>\n<meta property=\"article:published_time\" content=\"2025-11-12T17:08:08+00:00\" \/>\n<meta property=\"article:modified_time\" content=\"2025-11-12T17:08:09+00:00\" \/>\n<meta property=\"og:image\" content=\"https:\/\/blogdiario.info\/magazine\/images\/2025\/11\/ceo_1_20251111.jpg\" \/>\n\t<meta property=\"og:image:width\" content=\"600\" \/>\n\t<meta property=\"og:image:height\" content=\"400\" \/>\n\t<meta property=\"og:image:type\" content=\"image\/jpeg\" \/>\n<meta name=\"author\" content=\"World Press Service | Servicio de Prensa Mundial\" \/>\n<meta name=\"twitter:card\" content=\"summary_large_image\" \/>\n<meta name=\"twitter:label1\" content=\"Escrito por\" \/>\n\t<meta name=\"twitter:data1\" content=\"World Press Service | Servicio de Prensa Mundial\" \/>\n\t<meta name=\"twitter:label2\" content=\"Tiempo de lectura\" \/>\n\t<meta name=\"twitter:data2\" content=\"2 minutos\" \/>\n<script type=\"application\/ld+json\" class=\"yoast-schema-graph\">{\"@context\":\"https:\\\/\\\/schema.org\",\"@graph\":[{\"@type\":\"Article\",\"@id\":\"https:\\\/\\\/blogdiario.info\\\/magazine\\\/2025\\\/11\\\/12\\\/la-selva-toma-la-palabra-y-el-porton-de-entrada\\\/#article\",\"isPartOf\":{\"@id\":\"https:\\\/\\\/blogdiario.info\\\/magazine\\\/2025\\\/11\\\/12\\\/la-selva-toma-la-palabra-y-el-porton-de-entrada\\\/\"},\"author\":{\"name\":\"World Press Service | Servicio de Prensa Mundial\",\"@id\":\"https:\\\/\\\/blogdiario.info\\\/magazine\\\/#\\\/schema\\\/person\\\/b2422fe85574d945bad55513bb0c7354\"},\"headline\":\"La selva toma la palabra (y el port\u00f3n de entrada)\",\"datePublished\":\"2025-11-12T17:08:08+00:00\",\"dateModified\":\"2025-11-12T17:08:09+00:00\",\"mainEntityOfPage\":{\"@id\":\"https:\\\/\\\/blogdiario.info\\\/magazine\\\/2025\\\/11\\\/12\\\/la-selva-toma-la-palabra-y-el-porton-de-entrada\\\/\"},\"wordCount\":309,\"publisher\":{\"@id\":\"https:\\\/\\\/blogdiario.info\\\/magazine\\\/#organization\"},\"image\":{\"@id\":\"https:\\\/\\\/blogdiario.info\\\/magazine\\\/2025\\\/11\\\/12\\\/la-selva-toma-la-palabra-y-el-porton-de-entrada\\\/#primaryimage\"},\"thumbnailUrl\":\"https:\\\/\\\/blogdiario.info\\\/magazine\\\/images\\\/2025\\\/11\\\/ceo_1_20251111.jpg\",\"articleSection\":[\".\",\".\",\"Actualidad\",\"America del Sud\",\"Bosques, Rios y Mares\",\"Ecolog\u00eda\",\"Pol\u00edticas globales\",\"Sociedad y valores\"],\"inLanguage\":\"es-AR\"},{\"@type\":\"WebPage\",\"@id\":\"https:\\\/\\\/blogdiario.info\\\/magazine\\\/2025\\\/11\\\/12\\\/la-selva-toma-la-palabra-y-el-porton-de-entrada\\\/\",\"url\":\"https:\\\/\\\/blogdiario.info\\\/magazine\\\/2025\\\/11\\\/12\\\/la-selva-toma-la-palabra-y-el-porton-de-entrada\\\/\",\"name\":\"La selva toma la palabra (y el port\u00f3n de entrada) - BlogDiario Magazine\",\"isPartOf\":{\"@id\":\"https:\\\/\\\/blogdiario.info\\\/magazine\\\/#website\"},\"primaryImageOfPage\":{\"@id\":\"https:\\\/\\\/blogdiario.info\\\/magazine\\\/2025\\\/11\\\/12\\\/la-selva-toma-la-palabra-y-el-porton-de-entrada\\\/#primaryimage\"},\"image\":{\"@id\":\"https:\\\/\\\/blogdiario.info\\\/magazine\\\/2025\\\/11\\\/12\\\/la-selva-toma-la-palabra-y-el-porton-de-entrada\\\/#primaryimage\"},\"thumbnailUrl\":\"https:\\\/\\\/blogdiario.info\\\/magazine\\\/images\\\/2025\\\/11\\\/ceo_1_20251111.jpg\",\"datePublished\":\"2025-11-12T17:08:08+00:00\",\"dateModified\":\"2025-11-12T17:08:09+00:00\",\"breadcrumb\":{\"@id\":\"https:\\\/\\\/blogdiario.info\\\/magazine\\\/2025\\\/11\\\/12\\\/la-selva-toma-la-palabra-y-el-porton-de-entrada\\\/#breadcrumb\"},\"inLanguage\":\"es-AR\",\"potentialAction\":[{\"@type\":\"ReadAction\",\"target\":[\"https:\\\/\\\/blogdiario.info\\\/magazine\\\/2025\\\/11\\\/12\\\/la-selva-toma-la-palabra-y-el-porton-de-entrada\\\/\"]}]},{\"@type\":\"ImageObject\",\"inLanguage\":\"es-AR\",\"@id\":\"https:\\\/\\\/blogdiario.info\\\/magazine\\\/2025\\\/11\\\/12\\\/la-selva-toma-la-palabra-y-el-porton-de-entrada\\\/#primaryimage\",\"url\":\"https:\\\/\\\/blogdiario.info\\\/magazine\\\/images\\\/2025\\\/11\\\/ceo_1_20251111.jpg\",\"contentUrl\":\"https:\\\/\\\/blogdiario.info\\\/magazine\\\/images\\\/2025\\\/11\\\/ceo_1_20251111.jpg\",\"width\":600,\"height\":400},{\"@type\":\"BreadcrumbList\",\"@id\":\"https:\\\/\\\/blogdiario.info\\\/magazine\\\/2025\\\/11\\\/12\\\/la-selva-toma-la-palabra-y-el-porton-de-entrada\\\/#breadcrumb\",\"itemListElement\":[{\"@type\":\"ListItem\",\"position\":1,\"name\":\"Home\",\"item\":\"https:\\\/\\\/blogdiario.info\\\/magazine\\\/\"},{\"@type\":\"ListItem\",\"position\":2,\"name\":\"La selva toma la palabra (y el port\u00f3n de entrada)\"}]},{\"@type\":\"WebSite\",\"@id\":\"https:\\\/\\\/blogdiario.info\\\/magazine\\\/#website\",\"url\":\"https:\\\/\\\/blogdiario.info\\\/magazine\\\/\",\"name\":\"BlogDiario Magazine\",\"description\":\"Suplemento multiling\u00fce de ElCanillita.Info\",\"publisher\":{\"@id\":\"https:\\\/\\\/blogdiario.info\\\/magazine\\\/#organization\"},\"potentialAction\":[{\"@type\":\"SearchAction\",\"target\":{\"@type\":\"EntryPoint\",\"urlTemplate\":\"https:\\\/\\\/blogdiario.info\\\/magazine\\\/?s={search_term_string}\"},\"query-input\":{\"@type\":\"PropertyValueSpecification\",\"valueRequired\":true,\"valueName\":\"search_term_string\"}}],\"inLanguage\":\"es-AR\"},{\"@type\":\"Organization\",\"@id\":\"https:\\\/\\\/blogdiario.info\\\/magazine\\\/#organization\",\"name\":\"Guzzo Photos & Graphic Publications\",\"url\":\"https:\\\/\\\/blogdiario.info\\\/magazine\\\/\",\"logo\":{\"@type\":\"ImageObject\",\"inLanguage\":\"es-AR\",\"@id\":\"https:\\\/\\\/blogdiario.info\\\/magazine\\\/#\\\/schema\\\/logo\\\/image\\\/\",\"url\":\"https:\\\/\\\/blogdiario.info\\\/magazine\\\/images\\\/2020\\\/01\\\/cropped-blogdia_magazine.jpg\",\"contentUrl\":\"https:\\\/\\\/blogdiario.info\\\/magazine\\\/images\\\/2020\\\/01\\\/cropped-blogdia_magazine.jpg\",\"width\":589,\"height\":55,\"caption\":\"Guzzo Photos & Graphic Publications\"},\"image\":{\"@id\":\"https:\\\/\\\/blogdiario.info\\\/magazine\\\/#\\\/schema\\\/logo\\\/image\\\/\"}},{\"@type\":\"Person\",\"@id\":\"https:\\\/\\\/blogdiario.info\\\/magazine\\\/#\\\/schema\\\/person\\\/b2422fe85574d945bad55513bb0c7354\",\"name\":\"World Press Service | Servicio de Prensa Mundial\"}]}<\/script>\n<!-- \/ Yoast SEO plugin. -->","yoast_head_json":{"title":"La selva toma la palabra (y el port\u00f3n de entrada) - BlogDiario Magazine","robots":{"index":"index","follow":"follow","max-snippet":"max-snippet:-1","max-image-preview":"max-image-preview:large","max-video-preview":"max-video-preview:-1"},"canonical":"https:\/\/blogdiario.info\/magazine\/2025\/11\/12\/la-selva-toma-la-palabra-y-el-porton-de-entrada\/","og_locale":"es_ES","og_type":"article","og_title":"La selva toma la palabra (y el port\u00f3n de entrada) - BlogDiario Magazine","og_description":"Mientras Lula predica inclusi\u00f3n clim\u00e1tica, los pueblos originarios irrumpen a golpes en la cumbre que deb\u00eda escucharlos. Belem se convierte en met\u00e1fora perfecta: seguridad privada, discursos verdes y la selva gritando desde afuera.","og_url":"https:\/\/blogdiario.info\/magazine\/2025\/11\/12\/la-selva-toma-la-palabra-y-el-porton-de-entrada\/","og_site_name":"BlogDiario Magazine","article_published_time":"2025-11-12T17:08:08+00:00","article_modified_time":"2025-11-12T17:08:09+00:00","og_image":[{"width":600,"height":400,"url":"https:\/\/blogdiario.info\/magazine\/images\/2025\/11\/ceo_1_20251111.jpg","type":"image\/jpeg"}],"author":"World Press Service | Servicio de Prensa Mundial","twitter_card":"summary_large_image","twitter_misc":{"Escrito por":"World Press Service | Servicio de Prensa Mundial","Tiempo de lectura":"2 minutos"},"schema":{"@context":"https:\/\/schema.org","@graph":[{"@type":"Article","@id":"https:\/\/blogdiario.info\/magazine\/2025\/11\/12\/la-selva-toma-la-palabra-y-el-porton-de-entrada\/#article","isPartOf":{"@id":"https:\/\/blogdiario.info\/magazine\/2025\/11\/12\/la-selva-toma-la-palabra-y-el-porton-de-entrada\/"},"author":{"name":"World Press Service | Servicio de Prensa Mundial","@id":"https:\/\/blogdiario.info\/magazine\/#\/schema\/person\/b2422fe85574d945bad55513bb0c7354"},"headline":"La selva toma la palabra (y el port\u00f3n de entrada)","datePublished":"2025-11-12T17:08:08+00:00","dateModified":"2025-11-12T17:08:09+00:00","mainEntityOfPage":{"@id":"https:\/\/blogdiario.info\/magazine\/2025\/11\/12\/la-selva-toma-la-palabra-y-el-porton-de-entrada\/"},"wordCount":309,"publisher":{"@id":"https:\/\/blogdiario.info\/magazine\/#organization"},"image":{"@id":"https:\/\/blogdiario.info\/magazine\/2025\/11\/12\/la-selva-toma-la-palabra-y-el-porton-de-entrada\/#primaryimage"},"thumbnailUrl":"https:\/\/blogdiario.info\/magazine\/images\/2025\/11\/ceo_1_20251111.jpg","articleSection":[".",".","Actualidad","America del Sud","Bosques, Rios y Mares","Ecolog\u00eda","Pol\u00edticas globales","Sociedad y valores"],"inLanguage":"es-AR"},{"@type":"WebPage","@id":"https:\/\/blogdiario.info\/magazine\/2025\/11\/12\/la-selva-toma-la-palabra-y-el-porton-de-entrada\/","url":"https:\/\/blogdiario.info\/magazine\/2025\/11\/12\/la-selva-toma-la-palabra-y-el-porton-de-entrada\/","name":"La selva toma la palabra (y el port\u00f3n de entrada) - BlogDiario Magazine","isPartOf":{"@id":"https:\/\/blogdiario.info\/magazine\/#website"},"primaryImageOfPage":{"@id":"https:\/\/blogdiario.info\/magazine\/2025\/11\/12\/la-selva-toma-la-palabra-y-el-porton-de-entrada\/#primaryimage"},"image":{"@id":"https:\/\/blogdiario.info\/magazine\/2025\/11\/12\/la-selva-toma-la-palabra-y-el-porton-de-entrada\/#primaryimage"},"thumbnailUrl":"https:\/\/blogdiario.info\/magazine\/images\/2025\/11\/ceo_1_20251111.jpg","datePublished":"2025-11-12T17:08:08+00:00","dateModified":"2025-11-12T17:08:09+00:00","breadcrumb":{"@id":"https:\/\/blogdiario.info\/magazine\/2025\/11\/12\/la-selva-toma-la-palabra-y-el-porton-de-entrada\/#breadcrumb"},"inLanguage":"es-AR","potentialAction":[{"@type":"ReadAction","target":["https:\/\/blogdiario.info\/magazine\/2025\/11\/12\/la-selva-toma-la-palabra-y-el-porton-de-entrada\/"]}]},{"@type":"ImageObject","inLanguage":"es-AR","@id":"https:\/\/blogdiario.info\/magazine\/2025\/11\/12\/la-selva-toma-la-palabra-y-el-porton-de-entrada\/#primaryimage","url":"https:\/\/blogdiario.info\/magazine\/images\/2025\/11\/ceo_1_20251111.jpg","contentUrl":"https:\/\/blogdiario.info\/magazine\/images\/2025\/11\/ceo_1_20251111.jpg","width":600,"height":400},{"@type":"BreadcrumbList","@id":"https:\/\/blogdiario.info\/magazine\/2025\/11\/12\/la-selva-toma-la-palabra-y-el-porton-de-entrada\/#breadcrumb","itemListElement":[{"@type":"ListItem","position":1,"name":"Home","item":"https:\/\/blogdiario.info\/magazine\/"},{"@type":"ListItem","position":2,"name":"La selva toma la palabra (y el port\u00f3n de entrada)"}]},{"@type":"WebSite","@id":"https:\/\/blogdiario.info\/magazine\/#website","url":"https:\/\/blogdiario.info\/magazine\/","name":"BlogDiario Magazine","description":"Suplemento multiling\u00fce de ElCanillita.Info","publisher":{"@id":"https:\/\/blogdiario.info\/magazine\/#organization"},"potentialAction":[{"@type":"SearchAction","target":{"@type":"EntryPoint","urlTemplate":"https:\/\/blogdiario.info\/magazine\/?s={search_term_string}"},"query-input":{"@type":"PropertyValueSpecification","valueRequired":true,"valueName":"search_term_string"}}],"inLanguage":"es-AR"},{"@type":"Organization","@id":"https:\/\/blogdiario.info\/magazine\/#organization","name":"Guzzo Photos & Graphic Publications","url":"https:\/\/blogdiario.info\/magazine\/","logo":{"@type":"ImageObject","inLanguage":"es-AR","@id":"https:\/\/blogdiario.info\/magazine\/#\/schema\/logo\/image\/","url":"https:\/\/blogdiario.info\/magazine\/images\/2020\/01\/cropped-blogdia_magazine.jpg","contentUrl":"https:\/\/blogdiario.info\/magazine\/images\/2020\/01\/cropped-blogdia_magazine.jpg","width":589,"height":55,"caption":"Guzzo Photos & Graphic Publications"},"image":{"@id":"https:\/\/blogdiario.info\/magazine\/#\/schema\/logo\/image\/"}},{"@type":"Person","@id":"https:\/\/blogdiario.info\/magazine\/#\/schema\/person\/b2422fe85574d945bad55513bb0c7354","name":"World Press Service | Servicio de Prensa Mundial"}]}},"views":136,"_links":{"self":[{"href":"https:\/\/blogdiario.info\/magazine\/wp-json\/wp\/v2\/posts\/2602","targetHints":{"allow":["GET"]}}],"collection":[{"href":"https:\/\/blogdiario.info\/magazine\/wp-json\/wp\/v2\/posts"}],"about":[{"href":"https:\/\/blogdiario.info\/magazine\/wp-json\/wp\/v2\/types\/post"}],"author":[{"embeddable":true,"href":"https:\/\/blogdiario.info\/magazine\/wp-json\/wp\/v2\/users\/1"}],"replies":[{"embeddable":true,"href":"https:\/\/blogdiario.info\/magazine\/wp-json\/wp\/v2\/comments?post=2602"}],"version-history":[{"count":0,"href":"https:\/\/blogdiario.info\/magazine\/wp-json\/wp\/v2\/posts\/2602\/revisions"}],"wp:featuredmedia":[{"embeddable":true,"href":"https:\/\/blogdiario.info\/magazine\/wp-json\/wp\/v2\/media\/2604"}],"wp:attachment":[{"href":"https:\/\/blogdiario.info\/magazine\/wp-json\/wp\/v2\/media?parent=2602"}],"wp:term":[{"taxonomy":"category","embeddable":true,"href":"https:\/\/blogdiario.info\/magazine\/wp-json\/wp\/v2\/categories?post=2602"},{"taxonomy":"post_tag","embeddable":true,"href":"https:\/\/blogdiario.info\/magazine\/wp-json\/wp\/v2\/tags?post=2602"}],"curies":[{"name":"wp","href":"https:\/\/api.w.org\/{rel}","templated":true}]}}