{"id":2596,"date":"2025-11-09T15:26:09","date_gmt":"2025-11-09T14:26:09","guid":{"rendered":"https:\/\/blogdiario.info\/magazine\/?p=2596"},"modified":"2025-11-09T15:34:34","modified_gmt":"2025-11-09T14:34:34","slug":"la-araucania-tres-incendios-una-sola-ausencia","status":"publish","type":"post","link":"https:\/\/blogdiario.info\/magazine\/2025\/11\/09\/la-araucania-tres-incendios-una-sola-ausencia\/","title":{"rendered":"\ud83d\udd4a\ufe0f\ud83c\udf0d\u201cLa Araucan\u00eda: tres incendios, una sola ausencia\u201d"},"content":{"rendered":"\n<p><\/p>\n\n\n\n<figure class=\"wp-block-image size-full is-resized\"><img loading=\"lazy\" decoding=\"async\" width=\"600\" height=\"400\" src=\"https:\/\/blogdiario.info\/magazine\/images\/2025\/11\/Araucaria_pub.jpg\" alt=\"\" class=\"wp-image-2597\" style=\"width:733px;height:auto\" srcset=\"https:\/\/blogdiario.info\/magazine\/images\/2025\/11\/Araucaria_pub.jpg 600w, https:\/\/blogdiario.info\/magazine\/images\/2025\/11\/Araucaria_pub-300x200.jpg 300w\" sizes=\"auto, (max-width: 600px) 100vw, 600px\" \/><\/figure>\n\n\n\n<p>Chile<br>Tres ataques en menos de 24 horas. Tres incendios que no s\u00f3lo devoraron maquinaria en Carahue, Vilc\u00fan y General L\u00f3pez: devoraron tambi\u00e9n la paciencia de los parlamentarios de La Araucan\u00eda. El fuego ya no es novedad, pero la ausencia del Gobierno s\u00ed sigue siendo noticia.<\/p>\n\n\n\n<p>El diputado Jorge Rathgeb habl\u00f3 de \u201cindiferencia\u201d y de un Ejecutivo que ni siquiera emite un comunicado. \u201cEsto es su responsabilidad\u201d, remat\u00f3, mientras ve\u00eda c\u00f3mo se apagaban los restos humeantes de una excavadora.<\/p>\n\n\n\n<p>Miguel Becker, tambi\u00e9n de RN, fue m\u00e1s all\u00e1: pidi\u00f3 que se invoque la Ley Antiterrorista. \u201cQue el ministro venga a la regi\u00f3n, que deje los papeles y mire a las v\u00edctimas a los ojos.\u201d No lo dijo con met\u00e1foras: lo dijo con rabia.<\/p>\n\n\n\n<p>Henry Leal, de la UDI, fue todav\u00eda m\u00e1s frontal: \u201cMinistro Cordero, d\u00e9 la cara\u201d. El reclamo reson\u00f3 con la fuerza de un golpe seco. Tres atentados en pocos d\u00edas y un ministro que ni se asoma. La escena, repetida, parece salida de una tragicomedia institucional.<\/p>\n\n\n\n<p>El diputado Jouannet, de Amarillos, habl\u00f3 de \u201cautocomplacencia presidencial\u201d y de un pa\u00eds donde los grupos violentos \u201candan vivitos y coleando\u201d. Palabras que suenan duras, pero describen con precisi\u00f3n quir\u00fargica el paisaje del miedo.<\/p>\n\n\n\n<p>A su turno, el republicano Stephan Schubert retrat\u00f3 el cuadro sin anestesia: \u201cTenemos un Gobierno que hace las maletas antes de tiempo\u201d. Nadie lo contradijo. Nadie pudo.<\/p>\n\n\n\n<p>Mientras tanto, en la regi\u00f3n del Biob\u00edo, la diputada Karen Medina sum\u00f3 su voz: \u201cSigue fallando el Estado, la inteligencia no funciona, las personas siguen gozando de libertad\u201d.<\/p>\n\n\n\n<p>El resumen es brutalmente simple: los atentados contin\u00faan, las v\u00edctimas se acumulan, los discursos se repiten y el ministro brilla por su ausencia. En La Araucan\u00eda, el humo no s\u00f3lo tapa el cielo: tapa tambi\u00e9n la voluntad pol\u00edtica.<br><\/p>\n\n\n\n<p><small>Fuente: Emol.com \u2013 \u201cDiputados acusan indolencia del Gobierno e instan a \u2018dar la cara\u2019 tras \u00faltimos ataques en La Araucan\u00eda\u201d (publicado el 8 de noviembre de 2025).<\/small><\/p>\n\n\n\n<p><small>\u00a9 2025 ElCanillita.info \/ BlogDiario.info &#8211; All Rights Reserved &#8211; SalaStampa.eu, world press service -Guzzo Photos &amp; Graphic Publications \u2013 Registro Editori e Stampatori n. 1441 Turin, Italy<\/small><\/p>\n\n\n\n<p><\/p>\n","protected":false},"excerpt":{"rendered":"<p>Los atentados se multiplican en el sur de Chile y los diputados, hartos del humo, reclaman presencia real. El ministro no aparece. Y la indolencia ya tiene nombre propio: Gobierno.<\/p>\n","protected":false},"author":1,"featured_media":2597,"comment_status":"closed","ping_status":"closed","sticky":false,"template":"","format":"standard","meta":{"footnotes":"","_links_to":"","_links_to_target":""},"categories":[97,109,62,51,194,41,43],"tags":[],"class_list":["post-2596","post","type-post","status-publish","format-standard","has-post-thumbnail","hentry","category-elcanillita","category-dc24","category-actualidad","category-america-del-sud","category-ecologia","category-politica-esp","category-sociedad","entry","rows"],"yoast_head":"<!-- This site is optimized with the Yoast SEO plugin v27.4 - https:\/\/yoast.com\/product\/yoast-seo-wordpress\/ -->\n<title>\ud83d\udd4a\ufe0f\ud83c\udf0d\u201cLa Araucan\u00eda: tres incendios, una sola ausencia\u201d - BlogDiario Magazine<\/title>\n<meta name=\"robots\" content=\"index, follow, max-snippet:-1, max-image-preview:large, max-video-preview:-1\" \/>\n<link rel=\"canonical\" href=\"https:\/\/blogdiario.info\/magazine\/2025\/11\/09\/la-araucania-tres-incendios-una-sola-ausencia\/\" \/>\n<meta property=\"og:locale\" content=\"es_ES\" \/>\n<meta property=\"og:type\" content=\"article\" \/>\n<meta property=\"og:title\" content=\"\ud83d\udd4a\ufe0f\ud83c\udf0d\u201cLa Araucan\u00eda: tres incendios, una sola ausencia\u201d - BlogDiario Magazine\" \/>\n<meta property=\"og:description\" content=\"Los atentados se multiplican en el sur de Chile y los diputados, hartos del humo, reclaman presencia real. El ministro no aparece. Y la indolencia ya tiene nombre propio: Gobierno.\" \/>\n<meta property=\"og:url\" content=\"https:\/\/blogdiario.info\/magazine\/2025\/11\/09\/la-araucania-tres-incendios-una-sola-ausencia\/\" \/>\n<meta property=\"og:site_name\" content=\"BlogDiario Magazine\" \/>\n<meta property=\"article:published_time\" content=\"2025-11-09T14:26:09+00:00\" \/>\n<meta property=\"article:modified_time\" content=\"2025-11-09T14:34:34+00:00\" \/>\n<meta property=\"og:image\" content=\"https:\/\/blogdiario.info\/magazine\/images\/2025\/11\/Araucaria_pub.jpg\" \/>\n\t<meta property=\"og:image:width\" content=\"600\" \/>\n\t<meta property=\"og:image:height\" content=\"400\" \/>\n\t<meta property=\"og:image:type\" content=\"image\/jpeg\" \/>\n<meta name=\"author\" content=\"World Press Service | Servicio de Prensa Mundial\" \/>\n<meta name=\"twitter:card\" content=\"summary_large_image\" \/>\n<meta name=\"twitter:label1\" content=\"Escrito por\" \/>\n\t<meta name=\"twitter:data1\" content=\"World Press Service | Servicio de Prensa Mundial\" \/>\n\t<meta name=\"twitter:label2\" content=\"Tiempo de lectura\" \/>\n\t<meta name=\"twitter:data2\" content=\"2 minutos\" \/>\n<script type=\"application\/ld+json\" class=\"yoast-schema-graph\">{\"@context\":\"https:\\\/\\\/schema.org\",\"@graph\":[{\"@type\":\"Article\",\"@id\":\"https:\\\/\\\/blogdiario.info\\\/magazine\\\/2025\\\/11\\\/09\\\/la-araucania-tres-incendios-una-sola-ausencia\\\/#article\",\"isPartOf\":{\"@id\":\"https:\\\/\\\/blogdiario.info\\\/magazine\\\/2025\\\/11\\\/09\\\/la-araucania-tres-incendios-una-sola-ausencia\\\/\"},\"author\":{\"name\":\"World Press Service | Servicio de Prensa Mundial\",\"@id\":\"https:\\\/\\\/blogdiario.info\\\/magazine\\\/#\\\/schema\\\/person\\\/b2422fe85574d945bad55513bb0c7354\"},\"headline\":\"\ud83d\udd4a\ufe0f\ud83c\udf0d\u201cLa Araucan\u00eda: tres incendios, una sola ausencia\u201d\",\"datePublished\":\"2025-11-09T14:26:09+00:00\",\"dateModified\":\"2025-11-09T14:34:34+00:00\",\"mainEntityOfPage\":{\"@id\":\"https:\\\/\\\/blogdiario.info\\\/magazine\\\/2025\\\/11\\\/09\\\/la-araucania-tres-incendios-una-sola-ausencia\\\/\"},\"wordCount\":378,\"publisher\":{\"@id\":\"https:\\\/\\\/blogdiario.info\\\/magazine\\\/#organization\"},\"image\":{\"@id\":\"https:\\\/\\\/blogdiario.info\\\/magazine\\\/2025\\\/11\\\/09\\\/la-araucania-tres-incendios-una-sola-ausencia\\\/#primaryimage\"},\"thumbnailUrl\":\"https:\\\/\\\/blogdiario.info\\\/magazine\\\/images\\\/2025\\\/11\\\/Araucaria_pub.jpg\",\"articleSection\":[\".\",\".\",\"Actualidad\",\"America del Sud\",\"Ecolog\u00eda\",\"Politica\",\"Sociedad\"],\"inLanguage\":\"es-AR\"},{\"@type\":\"WebPage\",\"@id\":\"https:\\\/\\\/blogdiario.info\\\/magazine\\\/2025\\\/11\\\/09\\\/la-araucania-tres-incendios-una-sola-ausencia\\\/\",\"url\":\"https:\\\/\\\/blogdiario.info\\\/magazine\\\/2025\\\/11\\\/09\\\/la-araucania-tres-incendios-una-sola-ausencia\\\/\",\"name\":\"\ud83d\udd4a\ufe0f\ud83c\udf0d\u201cLa Araucan\u00eda: tres incendios, una sola ausencia\u201d - BlogDiario Magazine\",\"isPartOf\":{\"@id\":\"https:\\\/\\\/blogdiario.info\\\/magazine\\\/#website\"},\"primaryImageOfPage\":{\"@id\":\"https:\\\/\\\/blogdiario.info\\\/magazine\\\/2025\\\/11\\\/09\\\/la-araucania-tres-incendios-una-sola-ausencia\\\/#primaryimage\"},\"image\":{\"@id\":\"https:\\\/\\\/blogdiario.info\\\/magazine\\\/2025\\\/11\\\/09\\\/la-araucania-tres-incendios-una-sola-ausencia\\\/#primaryimage\"},\"thumbnailUrl\":\"https:\\\/\\\/blogdiario.info\\\/magazine\\\/images\\\/2025\\\/11\\\/Araucaria_pub.jpg\",\"datePublished\":\"2025-11-09T14:26:09+00:00\",\"dateModified\":\"2025-11-09T14:34:34+00:00\",\"breadcrumb\":{\"@id\":\"https:\\\/\\\/blogdiario.info\\\/magazine\\\/2025\\\/11\\\/09\\\/la-araucania-tres-incendios-una-sola-ausencia\\\/#breadcrumb\"},\"inLanguage\":\"es-AR\",\"potentialAction\":[{\"@type\":\"ReadAction\",\"target\":[\"https:\\\/\\\/blogdiario.info\\\/magazine\\\/2025\\\/11\\\/09\\\/la-araucania-tres-incendios-una-sola-ausencia\\\/\"]}]},{\"@type\":\"ImageObject\",\"inLanguage\":\"es-AR\",\"@id\":\"https:\\\/\\\/blogdiario.info\\\/magazine\\\/2025\\\/11\\\/09\\\/la-araucania-tres-incendios-una-sola-ausencia\\\/#primaryimage\",\"url\":\"https:\\\/\\\/blogdiario.info\\\/magazine\\\/images\\\/2025\\\/11\\\/Araucaria_pub.jpg\",\"contentUrl\":\"https:\\\/\\\/blogdiario.info\\\/magazine\\\/images\\\/2025\\\/11\\\/Araucaria_pub.jpg\",\"width\":600,\"height\":400},{\"@type\":\"BreadcrumbList\",\"@id\":\"https:\\\/\\\/blogdiario.info\\\/magazine\\\/2025\\\/11\\\/09\\\/la-araucania-tres-incendios-una-sola-ausencia\\\/#breadcrumb\",\"itemListElement\":[{\"@type\":\"ListItem\",\"position\":1,\"name\":\"Home\",\"item\":\"https:\\\/\\\/blogdiario.info\\\/magazine\\\/\"},{\"@type\":\"ListItem\",\"position\":2,\"name\":\"\ud83d\udd4a\ufe0f\ud83c\udf0d\u201cLa Araucan\u00eda: tres incendios, una sola ausencia\u201d\"}]},{\"@type\":\"WebSite\",\"@id\":\"https:\\\/\\\/blogdiario.info\\\/magazine\\\/#website\",\"url\":\"https:\\\/\\\/blogdiario.info\\\/magazine\\\/\",\"name\":\"BlogDiario Magazine\",\"description\":\"Suplemento multiling\u00fce de ElCanillita.Info\",\"publisher\":{\"@id\":\"https:\\\/\\\/blogdiario.info\\\/magazine\\\/#organization\"},\"potentialAction\":[{\"@type\":\"SearchAction\",\"target\":{\"@type\":\"EntryPoint\",\"urlTemplate\":\"https:\\\/\\\/blogdiario.info\\\/magazine\\\/?s={search_term_string}\"},\"query-input\":{\"@type\":\"PropertyValueSpecification\",\"valueRequired\":true,\"valueName\":\"search_term_string\"}}],\"inLanguage\":\"es-AR\"},{\"@type\":\"Organization\",\"@id\":\"https:\\\/\\\/blogdiario.info\\\/magazine\\\/#organization\",\"name\":\"Guzzo Photos & Graphic Publications\",\"url\":\"https:\\\/\\\/blogdiario.info\\\/magazine\\\/\",\"logo\":{\"@type\":\"ImageObject\",\"inLanguage\":\"es-AR\",\"@id\":\"https:\\\/\\\/blogdiario.info\\\/magazine\\\/#\\\/schema\\\/logo\\\/image\\\/\",\"url\":\"https:\\\/\\\/blogdiario.info\\\/magazine\\\/images\\\/2020\\\/01\\\/cropped-blogdia_magazine.jpg\",\"contentUrl\":\"https:\\\/\\\/blogdiario.info\\\/magazine\\\/images\\\/2020\\\/01\\\/cropped-blogdia_magazine.jpg\",\"width\":589,\"height\":55,\"caption\":\"Guzzo Photos & Graphic Publications\"},\"image\":{\"@id\":\"https:\\\/\\\/blogdiario.info\\\/magazine\\\/#\\\/schema\\\/logo\\\/image\\\/\"}},{\"@type\":\"Person\",\"@id\":\"https:\\\/\\\/blogdiario.info\\\/magazine\\\/#\\\/schema\\\/person\\\/b2422fe85574d945bad55513bb0c7354\",\"name\":\"World Press Service | Servicio de Prensa Mundial\"}]}<\/script>\n<!-- \/ Yoast SEO plugin. -->","yoast_head_json":{"title":"\ud83d\udd4a\ufe0f\ud83c\udf0d\u201cLa Araucan\u00eda: tres incendios, una sola ausencia\u201d - BlogDiario Magazine","robots":{"index":"index","follow":"follow","max-snippet":"max-snippet:-1","max-image-preview":"max-image-preview:large","max-video-preview":"max-video-preview:-1"},"canonical":"https:\/\/blogdiario.info\/magazine\/2025\/11\/09\/la-araucania-tres-incendios-una-sola-ausencia\/","og_locale":"es_ES","og_type":"article","og_title":"\ud83d\udd4a\ufe0f\ud83c\udf0d\u201cLa Araucan\u00eda: tres incendios, una sola ausencia\u201d - BlogDiario Magazine","og_description":"Los atentados se multiplican en el sur de Chile y los diputados, hartos del humo, reclaman presencia real. El ministro no aparece. Y la indolencia ya tiene nombre propio: Gobierno.","og_url":"https:\/\/blogdiario.info\/magazine\/2025\/11\/09\/la-araucania-tres-incendios-una-sola-ausencia\/","og_site_name":"BlogDiario Magazine","article_published_time":"2025-11-09T14:26:09+00:00","article_modified_time":"2025-11-09T14:34:34+00:00","og_image":[{"width":600,"height":400,"url":"https:\/\/blogdiario.info\/magazine\/images\/2025\/11\/Araucaria_pub.jpg","type":"image\/jpeg"}],"author":"World Press Service | Servicio de Prensa Mundial","twitter_card":"summary_large_image","twitter_misc":{"Escrito por":"World Press Service | Servicio de Prensa Mundial","Tiempo de lectura":"2 minutos"},"schema":{"@context":"https:\/\/schema.org","@graph":[{"@type":"Article","@id":"https:\/\/blogdiario.info\/magazine\/2025\/11\/09\/la-araucania-tres-incendios-una-sola-ausencia\/#article","isPartOf":{"@id":"https:\/\/blogdiario.info\/magazine\/2025\/11\/09\/la-araucania-tres-incendios-una-sola-ausencia\/"},"author":{"name":"World Press Service | Servicio de Prensa Mundial","@id":"https:\/\/blogdiario.info\/magazine\/#\/schema\/person\/b2422fe85574d945bad55513bb0c7354"},"headline":"\ud83d\udd4a\ufe0f\ud83c\udf0d\u201cLa Araucan\u00eda: tres incendios, una sola ausencia\u201d","datePublished":"2025-11-09T14:26:09+00:00","dateModified":"2025-11-09T14:34:34+00:00","mainEntityOfPage":{"@id":"https:\/\/blogdiario.info\/magazine\/2025\/11\/09\/la-araucania-tres-incendios-una-sola-ausencia\/"},"wordCount":378,"publisher":{"@id":"https:\/\/blogdiario.info\/magazine\/#organization"},"image":{"@id":"https:\/\/blogdiario.info\/magazine\/2025\/11\/09\/la-araucania-tres-incendios-una-sola-ausencia\/#primaryimage"},"thumbnailUrl":"https:\/\/blogdiario.info\/magazine\/images\/2025\/11\/Araucaria_pub.jpg","articleSection":[".",".","Actualidad","America del Sud","Ecolog\u00eda","Politica","Sociedad"],"inLanguage":"es-AR"},{"@type":"WebPage","@id":"https:\/\/blogdiario.info\/magazine\/2025\/11\/09\/la-araucania-tres-incendios-una-sola-ausencia\/","url":"https:\/\/blogdiario.info\/magazine\/2025\/11\/09\/la-araucania-tres-incendios-una-sola-ausencia\/","name":"\ud83d\udd4a\ufe0f\ud83c\udf0d\u201cLa Araucan\u00eda: tres incendios, una sola ausencia\u201d - BlogDiario Magazine","isPartOf":{"@id":"https:\/\/blogdiario.info\/magazine\/#website"},"primaryImageOfPage":{"@id":"https:\/\/blogdiario.info\/magazine\/2025\/11\/09\/la-araucania-tres-incendios-una-sola-ausencia\/#primaryimage"},"image":{"@id":"https:\/\/blogdiario.info\/magazine\/2025\/11\/09\/la-araucania-tres-incendios-una-sola-ausencia\/#primaryimage"},"thumbnailUrl":"https:\/\/blogdiario.info\/magazine\/images\/2025\/11\/Araucaria_pub.jpg","datePublished":"2025-11-09T14:26:09+00:00","dateModified":"2025-11-09T14:34:34+00:00","breadcrumb":{"@id":"https:\/\/blogdiario.info\/magazine\/2025\/11\/09\/la-araucania-tres-incendios-una-sola-ausencia\/#breadcrumb"},"inLanguage":"es-AR","potentialAction":[{"@type":"ReadAction","target":["https:\/\/blogdiario.info\/magazine\/2025\/11\/09\/la-araucania-tres-incendios-una-sola-ausencia\/"]}]},{"@type":"ImageObject","inLanguage":"es-AR","@id":"https:\/\/blogdiario.info\/magazine\/2025\/11\/09\/la-araucania-tres-incendios-una-sola-ausencia\/#primaryimage","url":"https:\/\/blogdiario.info\/magazine\/images\/2025\/11\/Araucaria_pub.jpg","contentUrl":"https:\/\/blogdiario.info\/magazine\/images\/2025\/11\/Araucaria_pub.jpg","width":600,"height":400},{"@type":"BreadcrumbList","@id":"https:\/\/blogdiario.info\/magazine\/2025\/11\/09\/la-araucania-tres-incendios-una-sola-ausencia\/#breadcrumb","itemListElement":[{"@type":"ListItem","position":1,"name":"Home","item":"https:\/\/blogdiario.info\/magazine\/"},{"@type":"ListItem","position":2,"name":"\ud83d\udd4a\ufe0f\ud83c\udf0d\u201cLa Araucan\u00eda: tres incendios, una sola ausencia\u201d"}]},{"@type":"WebSite","@id":"https:\/\/blogdiario.info\/magazine\/#website","url":"https:\/\/blogdiario.info\/magazine\/","name":"BlogDiario Magazine","description":"Suplemento multiling\u00fce de ElCanillita.Info","publisher":{"@id":"https:\/\/blogdiario.info\/magazine\/#organization"},"potentialAction":[{"@type":"SearchAction","target":{"@type":"EntryPoint","urlTemplate":"https:\/\/blogdiario.info\/magazine\/?s={search_term_string}"},"query-input":{"@type":"PropertyValueSpecification","valueRequired":true,"valueName":"search_term_string"}}],"inLanguage":"es-AR"},{"@type":"Organization","@id":"https:\/\/blogdiario.info\/magazine\/#organization","name":"Guzzo Photos & Graphic Publications","url":"https:\/\/blogdiario.info\/magazine\/","logo":{"@type":"ImageObject","inLanguage":"es-AR","@id":"https:\/\/blogdiario.info\/magazine\/#\/schema\/logo\/image\/","url":"https:\/\/blogdiario.info\/magazine\/images\/2020\/01\/cropped-blogdia_magazine.jpg","contentUrl":"https:\/\/blogdiario.info\/magazine\/images\/2020\/01\/cropped-blogdia_magazine.jpg","width":589,"height":55,"caption":"Guzzo Photos & Graphic Publications"},"image":{"@id":"https:\/\/blogdiario.info\/magazine\/#\/schema\/logo\/image\/"}},{"@type":"Person","@id":"https:\/\/blogdiario.info\/magazine\/#\/schema\/person\/b2422fe85574d945bad55513bb0c7354","name":"World Press Service | Servicio de Prensa Mundial"}]}},"views":161,"_links":{"self":[{"href":"https:\/\/blogdiario.info\/magazine\/wp-json\/wp\/v2\/posts\/2596","targetHints":{"allow":["GET"]}}],"collection":[{"href":"https:\/\/blogdiario.info\/magazine\/wp-json\/wp\/v2\/posts"}],"about":[{"href":"https:\/\/blogdiario.info\/magazine\/wp-json\/wp\/v2\/types\/post"}],"author":[{"embeddable":true,"href":"https:\/\/blogdiario.info\/magazine\/wp-json\/wp\/v2\/users\/1"}],"replies":[{"embeddable":true,"href":"https:\/\/blogdiario.info\/magazine\/wp-json\/wp\/v2\/comments?post=2596"}],"version-history":[{"count":0,"href":"https:\/\/blogdiario.info\/magazine\/wp-json\/wp\/v2\/posts\/2596\/revisions"}],"wp:featuredmedia":[{"embeddable":true,"href":"https:\/\/blogdiario.info\/magazine\/wp-json\/wp\/v2\/media\/2597"}],"wp:attachment":[{"href":"https:\/\/blogdiario.info\/magazine\/wp-json\/wp\/v2\/media?parent=2596"}],"wp:term":[{"taxonomy":"category","embeddable":true,"href":"https:\/\/blogdiario.info\/magazine\/wp-json\/wp\/v2\/categories?post=2596"},{"taxonomy":"post_tag","embeddable":true,"href":"https:\/\/blogdiario.info\/magazine\/wp-json\/wp\/v2\/tags?post=2596"}],"curies":[{"name":"wp","href":"https:\/\/api.w.org\/{rel}","templated":true}]}}