{"id":2589,"date":"2025-10-27T10:14:55","date_gmt":"2025-10-27T09:14:55","guid":{"rendered":"https:\/\/blogdiario.info\/magazine\/?p=2589"},"modified":"2025-10-27T10:15:24","modified_gmt":"2025-10-27T09:15:24","slug":"seconda-opportunita-ma-non-un-assegno-in-bianco","status":"publish","type":"post","link":"https:\/\/blogdiario.info\/magazine\/2025\/10\/27\/seconda-opportunita-ma-non-un-assegno-in-bianco\/","title":{"rendered":"\ud83d\uddde\ufe0f\ud83d\udcb0\ud83d\udcb9 Seconda opportunit\u00e0, ma non un assegno in bianco"},"content":{"rendered":"\n<p class=\"p1\">Javier Milei trionfa alle elezioni di medio termine in Argentina<\/p>\n\n\n\n<p class=\"p1\">Il presidente argentino ottiene una vittoria che lo riporta al centro della scena politica e gli offre un potere di veto decisivo \u2014 ma non un lasciapassare illimitato. Il suo programma ultraliberista prosegue, anche se la pazienza sociale mostra gi\u00e0 delle crepe.<\/p>\n\n\n\n<p class=\"p1\">Con una sorprendente virata politica, La Libertad Avanza (LLA), il partito del presidente Javier Milei, ha ottenuto il 41% dei voti nazionali nelle elezioni di met\u00e0 mandato. Con il 92% delle schede scrutinate, il risultato raddoppia quasi la sua rappresentanza attuale in Congresso e gli conferisce una capacit\u00e0 di blocco decisiva contro l\u2019opposizione peronista.<\/p>\n\n\n\n<p class=\"p1\">In un hotel di Buenos Aires, il capo dello Stato \u2014ex cantante rock e attuale profeta dell\u2019\u201canarco-capitalismo\u201d\u2014 ha festeggiato gridando \u00abIo sono il re e l\u2019\u00e9lite \u00e8 il mio foraggio\u00bb, una frase che riassume bene il suo stile tanto provocatorio quanto teatrale. In tono quasi messianico, Milei ha dichiarato: \u00abDurante i nostri primi due anni abbiamo evitato che l\u2019Argentina cadesse dal precipizio. Nei prossimi due, dobbiamo consolidare il cammino riformista per cambiare la storia una volta per tutte\u00bb.<\/p>\n\n\n\n<p class=\"p1\">I sondaggi, che prevedevano un risultato incerto o persino una sconfitta, avevano agitato i mercati e alimentato il sospetto di una fine anticipata dell\u2019\u201cesperimento libertario\u201d. La battuta d\u2019arresto nelle elezioni municipali della provincia di Buenos Aires \u2014dove il peronismo aveva superato LLA di tredici punti\u2014 sembrava confermare la tendenza. Ma l\u2019elettorato nazionale ha consegnato a Milei qualcosa di diverso: una seconda possibilit\u00e0.<\/p>\n\n\n\n<p class=\"p1\">Da Washington, Donald Trump ha fiutato il rischio e ha deciso di puntare su di lui. Durante l\u2019Assemblea generale delle Nazioni Unite, lo ha elogiato come \u00abun grande leader, magico fino alla fine\u00bb, lasciando intendere che il sostegno americano dipendesse dal voto: \u00abSe vince, restiamo con lui; se perde, ce ne andiamo.\u00bb<\/p>\n\n\n\n<p class=\"p1\">Parallelamente, il segretario al Tesoro Scott Bessent ha autorizzato una linea di swap da 20 miliardi di dollari e ha coordinato acquisti di pesos argentini, sostenendo che la moneta fosse \u201csottovalutata\u201d. I fatti gli hanno dato ragione: il peso \u00e8 balzato verso l\u2019alto non appena \u00e8 stata annunciata la vittoria di Milei.<\/p>\n\n\n\n<p class=\"p1\">Il colpo \u00e8 stato duro per il peronismo, il movimento che ha governato per la maggior parte degli ultimi ottant\u2019anni e che ha condotto il Paese dalla ricchezza degli anni Quaranta all\u2019attuale settantesimo posto mondiale per PIL pro capite. Tuttavia, gli analisti avvertono che l\u2019euforia ha i suoi limiti.<\/p>\n\n\n\n<p class=\"p1\">\u00abLe elezioni di met\u00e0 mandato hanno dato a Milei una seconda aria, ma non un assegno in bianco\u00bb, ha scritto Michael Reid, docente ospite alla LSE, su X. Con 81 seggi contro i 99 dell\u2019opposizione, il presidente potr\u00e0 negoziare con pi\u00f9 forza, ma non governare da solo.<\/p>\n\n\n\n<p class=\"p1\">Nel frattempo, l\u2019economia continua a tendere la corda: i salari reali sono crollati di oltre il 20% dal 2023, i consumi sono ai minimi e la pazienza dei cittadini non si stampa con la stessa velocit\u00e0 dei pesos. Milei ha guadagnato tempo; ora dovr\u00e0 dimostrare che questa seconda opportunit\u00e0 non si trasformi, come troppe volte nella storia argentina, nell\u2019anticamera di una seconda delusione.<\/p>\n\n\n\n<p><\/p>\n\n\n\n<p>&nbsp;\u270d\ufe0f \u00a9\ufe0f 2025&nbsp; Il Cognato Nazionale &#8211;&nbsp; All Rights Reserved<\/p>\n\n\n\n<p><\/p>\n\n\n<p><small>\u00a9\ufe0f2025  Guzzo Photos  &#038; Graphic Publications \u2013 All Rights Reserved \u2013 Copyright \u00a9\ufe0f 2025 SalaStampa.eu, world press service \u2013 Guzzo Photos &#038; Graphic Publications \u2013 Registro Editori e Stampatori n. 1441 Turin, Italy<\/small><\/p>\n\n\n<p><\/p>\n","protected":false},"excerpt":{"rendered":"<p>Javier Milei trionfa alle elezioni di medio termine in Argentina<\/p>\n","protected":false},"author":1,"featured_media":0,"comment_status":"closed","ping_status":"closed","sticky":false,"template":"","format":"standard","meta":{"footnotes":"","_links_to":"","_links_to_target":""},"categories":[97,109,186,61,15,18,20],"tags":[23],"class_list":["post-2589","post","type-post","status-publish","format-standard","hentry","category-elcanillita","category-dc24","category-america-meridionale","category-attualita","category-economia-ita","category-politica-ita","category-societa","tag-argentina","entry","rows"],"yoast_head":"<!-- This site is optimized with the Yoast SEO plugin v27.4 - https:\/\/yoast.com\/product\/yoast-seo-wordpress\/ -->\n<title>\ud83d\uddde\ufe0f\ud83d\udcb0\ud83d\udcb9 Seconda opportunit\u00e0, ma non un assegno in bianco - BlogDiario Magazine<\/title>\n<meta name=\"robots\" content=\"index, follow, max-snippet:-1, max-image-preview:large, max-video-preview:-1\" \/>\n<link rel=\"canonical\" href=\"https:\/\/blogdiario.info\/magazine\/2025\/10\/27\/seconda-opportunita-ma-non-un-assegno-in-bianco\/\" \/>\n<meta property=\"og:locale\" content=\"es_ES\" \/>\n<meta property=\"og:type\" content=\"article\" \/>\n<meta property=\"og:title\" content=\"\ud83d\uddde\ufe0f\ud83d\udcb0\ud83d\udcb9 Seconda opportunit\u00e0, ma non un assegno in bianco - BlogDiario Magazine\" \/>\n<meta property=\"og:description\" content=\"Javier Milei trionfa alle elezioni di medio termine in Argentina\" \/>\n<meta property=\"og:url\" content=\"https:\/\/blogdiario.info\/magazine\/2025\/10\/27\/seconda-opportunita-ma-non-un-assegno-in-bianco\/\" \/>\n<meta property=\"og:site_name\" content=\"BlogDiario Magazine\" \/>\n<meta property=\"article:published_time\" content=\"2025-10-27T09:14:55+00:00\" \/>\n<meta property=\"article:modified_time\" content=\"2025-10-27T09:15:24+00:00\" \/>\n<meta name=\"author\" content=\"World Press Service | Servicio de Prensa Mundial\" \/>\n<meta name=\"twitter:card\" content=\"summary_large_image\" \/>\n<meta name=\"twitter:label1\" content=\"Escrito por\" \/>\n\t<meta name=\"twitter:data1\" content=\"World Press Service | Servicio de Prensa Mundial\" \/>\n\t<meta name=\"twitter:label2\" content=\"Tiempo de lectura\" \/>\n\t<meta name=\"twitter:data2\" content=\"3 minutos\" \/>\n<script type=\"application\/ld+json\" class=\"yoast-schema-graph\">{\"@context\":\"https:\\\/\\\/schema.org\",\"@graph\":[{\"@type\":\"Article\",\"@id\":\"https:\\\/\\\/blogdiario.info\\\/magazine\\\/2025\\\/10\\\/27\\\/seconda-opportunita-ma-non-un-assegno-in-bianco\\\/#article\",\"isPartOf\":{\"@id\":\"https:\\\/\\\/blogdiario.info\\\/magazine\\\/2025\\\/10\\\/27\\\/seconda-opportunita-ma-non-un-assegno-in-bianco\\\/\"},\"author\":{\"name\":\"World Press Service | Servicio de Prensa Mundial\",\"@id\":\"https:\\\/\\\/blogdiario.info\\\/magazine\\\/#\\\/schema\\\/person\\\/b2422fe85574d945bad55513bb0c7354\"},\"headline\":\"\ud83d\uddde\ufe0f\ud83d\udcb0\ud83d\udcb9 Seconda opportunit\u00e0, ma non un assegno in bianco\",\"datePublished\":\"2025-10-27T09:14:55+00:00\",\"dateModified\":\"2025-10-27T09:15:24+00:00\",\"mainEntityOfPage\":{\"@id\":\"https:\\\/\\\/blogdiario.info\\\/magazine\\\/2025\\\/10\\\/27\\\/seconda-opportunita-ma-non-un-assegno-in-bianco\\\/\"},\"wordCount\":554,\"publisher\":{\"@id\":\"https:\\\/\\\/blogdiario.info\\\/magazine\\\/#organization\"},\"keywords\":[\"Argentina\"],\"articleSection\":[\".\",\".\",\"America Meridionale\",\"Attualit\u00e0\",\"Economia\",\"Politica\",\"Societ\u00e0\"],\"inLanguage\":\"es-AR\"},{\"@type\":\"WebPage\",\"@id\":\"https:\\\/\\\/blogdiario.info\\\/magazine\\\/2025\\\/10\\\/27\\\/seconda-opportunita-ma-non-un-assegno-in-bianco\\\/\",\"url\":\"https:\\\/\\\/blogdiario.info\\\/magazine\\\/2025\\\/10\\\/27\\\/seconda-opportunita-ma-non-un-assegno-in-bianco\\\/\",\"name\":\"\ud83d\uddde\ufe0f\ud83d\udcb0\ud83d\udcb9 Seconda opportunit\u00e0, ma non un assegno in bianco - BlogDiario Magazine\",\"isPartOf\":{\"@id\":\"https:\\\/\\\/blogdiario.info\\\/magazine\\\/#website\"},\"datePublished\":\"2025-10-27T09:14:55+00:00\",\"dateModified\":\"2025-10-27T09:15:24+00:00\",\"breadcrumb\":{\"@id\":\"https:\\\/\\\/blogdiario.info\\\/magazine\\\/2025\\\/10\\\/27\\\/seconda-opportunita-ma-non-un-assegno-in-bianco\\\/#breadcrumb\"},\"inLanguage\":\"es-AR\",\"potentialAction\":[{\"@type\":\"ReadAction\",\"target\":[\"https:\\\/\\\/blogdiario.info\\\/magazine\\\/2025\\\/10\\\/27\\\/seconda-opportunita-ma-non-un-assegno-in-bianco\\\/\"]}]},{\"@type\":\"BreadcrumbList\",\"@id\":\"https:\\\/\\\/blogdiario.info\\\/magazine\\\/2025\\\/10\\\/27\\\/seconda-opportunita-ma-non-un-assegno-in-bianco\\\/#breadcrumb\",\"itemListElement\":[{\"@type\":\"ListItem\",\"position\":1,\"name\":\"Home\",\"item\":\"https:\\\/\\\/blogdiario.info\\\/magazine\\\/\"},{\"@type\":\"ListItem\",\"position\":2,\"name\":\"\ud83d\uddde\ufe0f\ud83d\udcb0\ud83d\udcb9 Seconda opportunit\u00e0, ma non un assegno in bianco\"}]},{\"@type\":\"WebSite\",\"@id\":\"https:\\\/\\\/blogdiario.info\\\/magazine\\\/#website\",\"url\":\"https:\\\/\\\/blogdiario.info\\\/magazine\\\/\",\"name\":\"BlogDiario Magazine\",\"description\":\"Suplemento multiling\u00fce de ElCanillita.Info\",\"publisher\":{\"@id\":\"https:\\\/\\\/blogdiario.info\\\/magazine\\\/#organization\"},\"potentialAction\":[{\"@type\":\"SearchAction\",\"target\":{\"@type\":\"EntryPoint\",\"urlTemplate\":\"https:\\\/\\\/blogdiario.info\\\/magazine\\\/?s={search_term_string}\"},\"query-input\":{\"@type\":\"PropertyValueSpecification\",\"valueRequired\":true,\"valueName\":\"search_term_string\"}}],\"inLanguage\":\"es-AR\"},{\"@type\":\"Organization\",\"@id\":\"https:\\\/\\\/blogdiario.info\\\/magazine\\\/#organization\",\"name\":\"Guzzo Photos & Graphic Publications\",\"url\":\"https:\\\/\\\/blogdiario.info\\\/magazine\\\/\",\"logo\":{\"@type\":\"ImageObject\",\"inLanguage\":\"es-AR\",\"@id\":\"https:\\\/\\\/blogdiario.info\\\/magazine\\\/#\\\/schema\\\/logo\\\/image\\\/\",\"url\":\"https:\\\/\\\/blogdiario.info\\\/magazine\\\/images\\\/2020\\\/01\\\/cropped-blogdia_magazine.jpg\",\"contentUrl\":\"https:\\\/\\\/blogdiario.info\\\/magazine\\\/images\\\/2020\\\/01\\\/cropped-blogdia_magazine.jpg\",\"width\":589,\"height\":55,\"caption\":\"Guzzo Photos & Graphic Publications\"},\"image\":{\"@id\":\"https:\\\/\\\/blogdiario.info\\\/magazine\\\/#\\\/schema\\\/logo\\\/image\\\/\"}},{\"@type\":\"Person\",\"@id\":\"https:\\\/\\\/blogdiario.info\\\/magazine\\\/#\\\/schema\\\/person\\\/b2422fe85574d945bad55513bb0c7354\",\"name\":\"World Press Service | Servicio de Prensa Mundial\"}]}<\/script>\n<!-- \/ Yoast SEO plugin. -->","yoast_head_json":{"title":"\ud83d\uddde\ufe0f\ud83d\udcb0\ud83d\udcb9 Seconda opportunit\u00e0, ma non un assegno in bianco - BlogDiario Magazine","robots":{"index":"index","follow":"follow","max-snippet":"max-snippet:-1","max-image-preview":"max-image-preview:large","max-video-preview":"max-video-preview:-1"},"canonical":"https:\/\/blogdiario.info\/magazine\/2025\/10\/27\/seconda-opportunita-ma-non-un-assegno-in-bianco\/","og_locale":"es_ES","og_type":"article","og_title":"\ud83d\uddde\ufe0f\ud83d\udcb0\ud83d\udcb9 Seconda opportunit\u00e0, ma non un assegno in bianco - BlogDiario Magazine","og_description":"Javier Milei trionfa alle elezioni di medio termine in Argentina","og_url":"https:\/\/blogdiario.info\/magazine\/2025\/10\/27\/seconda-opportunita-ma-non-un-assegno-in-bianco\/","og_site_name":"BlogDiario Magazine","article_published_time":"2025-10-27T09:14:55+00:00","article_modified_time":"2025-10-27T09:15:24+00:00","author":"World Press Service | Servicio de Prensa Mundial","twitter_card":"summary_large_image","twitter_misc":{"Escrito por":"World Press Service | Servicio de Prensa Mundial","Tiempo de lectura":"3 minutos"},"schema":{"@context":"https:\/\/schema.org","@graph":[{"@type":"Article","@id":"https:\/\/blogdiario.info\/magazine\/2025\/10\/27\/seconda-opportunita-ma-non-un-assegno-in-bianco\/#article","isPartOf":{"@id":"https:\/\/blogdiario.info\/magazine\/2025\/10\/27\/seconda-opportunita-ma-non-un-assegno-in-bianco\/"},"author":{"name":"World Press Service | Servicio de Prensa Mundial","@id":"https:\/\/blogdiario.info\/magazine\/#\/schema\/person\/b2422fe85574d945bad55513bb0c7354"},"headline":"\ud83d\uddde\ufe0f\ud83d\udcb0\ud83d\udcb9 Seconda opportunit\u00e0, ma non un assegno in bianco","datePublished":"2025-10-27T09:14:55+00:00","dateModified":"2025-10-27T09:15:24+00:00","mainEntityOfPage":{"@id":"https:\/\/blogdiario.info\/magazine\/2025\/10\/27\/seconda-opportunita-ma-non-un-assegno-in-bianco\/"},"wordCount":554,"publisher":{"@id":"https:\/\/blogdiario.info\/magazine\/#organization"},"keywords":["Argentina"],"articleSection":[".",".","America Meridionale","Attualit\u00e0","Economia","Politica","Societ\u00e0"],"inLanguage":"es-AR"},{"@type":"WebPage","@id":"https:\/\/blogdiario.info\/magazine\/2025\/10\/27\/seconda-opportunita-ma-non-un-assegno-in-bianco\/","url":"https:\/\/blogdiario.info\/magazine\/2025\/10\/27\/seconda-opportunita-ma-non-un-assegno-in-bianco\/","name":"\ud83d\uddde\ufe0f\ud83d\udcb0\ud83d\udcb9 Seconda opportunit\u00e0, ma non un assegno in bianco - BlogDiario Magazine","isPartOf":{"@id":"https:\/\/blogdiario.info\/magazine\/#website"},"datePublished":"2025-10-27T09:14:55+00:00","dateModified":"2025-10-27T09:15:24+00:00","breadcrumb":{"@id":"https:\/\/blogdiario.info\/magazine\/2025\/10\/27\/seconda-opportunita-ma-non-un-assegno-in-bianco\/#breadcrumb"},"inLanguage":"es-AR","potentialAction":[{"@type":"ReadAction","target":["https:\/\/blogdiario.info\/magazine\/2025\/10\/27\/seconda-opportunita-ma-non-un-assegno-in-bianco\/"]}]},{"@type":"BreadcrumbList","@id":"https:\/\/blogdiario.info\/magazine\/2025\/10\/27\/seconda-opportunita-ma-non-un-assegno-in-bianco\/#breadcrumb","itemListElement":[{"@type":"ListItem","position":1,"name":"Home","item":"https:\/\/blogdiario.info\/magazine\/"},{"@type":"ListItem","position":2,"name":"\ud83d\uddde\ufe0f\ud83d\udcb0\ud83d\udcb9 Seconda opportunit\u00e0, ma non un assegno in bianco"}]},{"@type":"WebSite","@id":"https:\/\/blogdiario.info\/magazine\/#website","url":"https:\/\/blogdiario.info\/magazine\/","name":"BlogDiario Magazine","description":"Suplemento multiling\u00fce de ElCanillita.Info","publisher":{"@id":"https:\/\/blogdiario.info\/magazine\/#organization"},"potentialAction":[{"@type":"SearchAction","target":{"@type":"EntryPoint","urlTemplate":"https:\/\/blogdiario.info\/magazine\/?s={search_term_string}"},"query-input":{"@type":"PropertyValueSpecification","valueRequired":true,"valueName":"search_term_string"}}],"inLanguage":"es-AR"},{"@type":"Organization","@id":"https:\/\/blogdiario.info\/magazine\/#organization","name":"Guzzo Photos & Graphic Publications","url":"https:\/\/blogdiario.info\/magazine\/","logo":{"@type":"ImageObject","inLanguage":"es-AR","@id":"https:\/\/blogdiario.info\/magazine\/#\/schema\/logo\/image\/","url":"https:\/\/blogdiario.info\/magazine\/images\/2020\/01\/cropped-blogdia_magazine.jpg","contentUrl":"https:\/\/blogdiario.info\/magazine\/images\/2020\/01\/cropped-blogdia_magazine.jpg","width":589,"height":55,"caption":"Guzzo Photos & Graphic Publications"},"image":{"@id":"https:\/\/blogdiario.info\/magazine\/#\/schema\/logo\/image\/"}},{"@type":"Person","@id":"https:\/\/blogdiario.info\/magazine\/#\/schema\/person\/b2422fe85574d945bad55513bb0c7354","name":"World Press Service | Servicio de Prensa Mundial"}]}},"views":174,"_links":{"self":[{"href":"https:\/\/blogdiario.info\/magazine\/wp-json\/wp\/v2\/posts\/2589","targetHints":{"allow":["GET"]}}],"collection":[{"href":"https:\/\/blogdiario.info\/magazine\/wp-json\/wp\/v2\/posts"}],"about":[{"href":"https:\/\/blogdiario.info\/magazine\/wp-json\/wp\/v2\/types\/post"}],"author":[{"embeddable":true,"href":"https:\/\/blogdiario.info\/magazine\/wp-json\/wp\/v2\/users\/1"}],"replies":[{"embeddable":true,"href":"https:\/\/blogdiario.info\/magazine\/wp-json\/wp\/v2\/comments?post=2589"}],"version-history":[{"count":0,"href":"https:\/\/blogdiario.info\/magazine\/wp-json\/wp\/v2\/posts\/2589\/revisions"}],"wp:attachment":[{"href":"https:\/\/blogdiario.info\/magazine\/wp-json\/wp\/v2\/media?parent=2589"}],"wp:term":[{"taxonomy":"category","embeddable":true,"href":"https:\/\/blogdiario.info\/magazine\/wp-json\/wp\/v2\/categories?post=2589"},{"taxonomy":"post_tag","embeddable":true,"href":"https:\/\/blogdiario.info\/magazine\/wp-json\/wp\/v2\/tags?post=2589"}],"curies":[{"name":"wp","href":"https:\/\/api.w.org\/{rel}","templated":true}]}}