{"id":2588,"date":"2025-10-27T09:55:23","date_gmt":"2025-10-27T08:55:23","guid":{"rendered":"https:\/\/blogdiario.info\/magazine\/?p=2588"},"modified":"2025-10-27T10:00:19","modified_gmt":"2025-10-27T09:00:19","slug":"segunda-oportunidad-pero-no-un-cheque-en-blanco","status":"publish","type":"post","link":"https:\/\/blogdiario.info\/magazine\/2025\/10\/27\/segunda-oportunidad-pero-no-un-cheque-en-blanco\/","title":{"rendered":"\ud83d\uddde\ufe0f \ud83c\udde6\ud83c\uddf7\ud83d\udcb0\ud83d\udcb9 Segunda oportunidad, pero no un cheque en blanco"},"content":{"rendered":"\n<p class=\"p1\">Javier Milei triunfa en las elecciones intermedias de Argentina<\/p>\n\n\n\n<p class=\"p1\">El presidente argentino logr\u00f3 una victoria que lo devuelve al centro del tablero pol\u00edtico y le ofrece un poder de veto crucial, pero no un pase libre. Su programa ultraliberal sigue en marcha, aunque la paciencia social ya muestra grietas.<\/p>\n\n\n\n<p class=\"p1\">Con una impactante sorpresa pol\u00edtica, La Libertad Avanza (LLA), el partido del presidente Javier Milei, obtuvo el 41 % del voto nacional en las elecciones de medio t\u00e9rmino. Con el 92 % de los votos escrutados, el resultado casi duplica su representaci\u00f3n actual en el Congreso y le otorga una capacidad de bloqueo decisiva frente a la oposici\u00f3n peronista.<\/p>\n\n\n\n<p class=\"p1\">En un hotel porte\u00f1o, el mandatario \u2014ex cantante de rock y actual profeta del \u201canarco-capitalismo\u201d\u2014 celebr\u00f3 al grito de \u201cyo soy el rey y la \u00e9lite es mi forraje\u201d, una frase que resume su estilo tan disruptivo como provocador. En tono mesi\u00e1nico, Milei afirm\u00f3: \u201cDurante nuestros primeros dos a\u00f1os evitamos que Argentina cayera por el acantilado. Los pr\u00f3ximos dos, debemos fortalecer el camino reformista para cambiar la historia de una vez por todas.\u201d<\/p>\n\n\n\n<p class=\"p1\">Las encuestas, que preve\u00edan un final cerrado o incluso una derrota, hab\u00edan agitado los mercados y alimentado las especulaciones sobre el fin anticipado del \u201cexperimento libertario\u201d. El rev\u00e9s municipal en la provincia de Buenos Aires \u2014donde el peronismo super\u00f3 a LLA por 13 puntos\u2014 pareci\u00f3 anticipar una ca\u00edda. Pero el electorado nacional le dio a Milei algo distinto: una segunda oportunidad.<\/p>\n\n\n\n<p class=\"p1\">Desde Washington, el expresidente Donald Trump oli\u00f3 el riesgo y apost\u00f3 por sostenerlo. En la Asamblea General de la ONU, lo elogi\u00f3 como \u201cun gran l\u00edder, mago hasta el final\u201d, y desliz\u00f3 que el respaldo estadounidense depend\u00eda del resultado: \u201cSi gana, nos quedamos; si pierde, nos vamos.\u201d<\/p>\n\n\n\n<p class=\"p1\">En paralelo, el secretario del Tesoro, Scott Bessent, habilit\u00f3 una l\u00ednea de swap de 20 000 millones de d\u00f3lares y coordin\u00f3 compras de pesos argentinos, bajo el argumento de que la moneda estaba \u201cinfravalorada\u201d. Los hechos lo favorecieron: el peso se dispar\u00f3 apenas se confirm\u00f3 la victoria de Milei.<\/p>\n\n\n\n<p class=\"p1\">El golpe fue duro para el peronismo, movimiento que gobern\u00f3 la mayor parte de los \u00faltimos 80 a\u00f1os y que llev\u00f3 al pa\u00eds desde la opulencia de los a\u00f1os 40 hasta el puesto 70 en el ranking mundial de PIB per c\u00e1pita. Sin embargo, los analistas advierten que la euforia tiene l\u00edmites.<\/p>\n\n\n\n<p class=\"p1\">\u201cLas elecciones de mitad de per\u00edodo le han dado a Milei un segundo aire, pero no un cheque en blanco\u201d, escribi\u00f3 Michael Reid, profesor visitante de la LSE, en X. Con 81 esca\u00f1os frente a los 99 de la oposici\u00f3n, el presidente podr\u00e1 negociar con m\u00e1s fuerza, pero no gobernar sin consenso.<\/p>\n\n\n\n<p class=\"p1\">La econom\u00eda, mientras tanto, sigue tensando la cuerda: los salarios reales han ca\u00eddo m\u00e1s del 20 % desde 2023, el consumo toca fondo y la paciencia ciudadana no se imprime con la misma velocidad que los pesos. Milei gan\u00f3 tiempo; ahora deber\u00e1 demostrar que su \u201csegunda oportunidad\u201d no sea, como tantas veces en la historia argentina, la antesala de una segunda desilusi\u00f3n.<\/p>\n\n\n\n<p><\/p>\n\n\n\n<p>&nbsp;\u270d\ufe0f \u00a9\ufe0f 2025 &nbsp; El Cu\u00f1ado Nacional &#8211;&nbsp; All Rights Reserved<\/p>\n\n\n\n<p><\/p>\n\n\n<p><small>\u00a9\ufe0f2025  Guzzo Photos  &#038; Graphic Publications \u2013 All Rights Reserved \u2013 Copyright \u00a9\ufe0f 2025 SalaStampa.eu, world press service \u2013 Guzzo Photos &#038; Graphic Publications \u2013 Registro Editori e Stampatori n. 1441 Turin, Italy<\/small><\/p>\n\n\n<p><\/p>\n","protected":false},"excerpt":{"rendered":"<p>Javier Milei triunfa en las elecciones intermedias de Argentina<\/p>\n","protected":false},"author":1,"featured_media":0,"comment_status":"closed","ping_status":"closed","sticky":false,"template":"","format":"standard","meta":{"footnotes":"","_links_to":"","_links_to_target":""},"categories":[97,109,62,124,38,134,43,166],"tags":[23],"class_list":["post-2588","post","type-post","status-publish","format-standard","hentry","category-elcanillita","category-dc24","category-actualidad","category-diplomacia","category-economia-esp","category-politicas-globales","category-sociedad","category-south-america","tag-argentina","entry","rows"],"yoast_head":"<!-- This site is optimized with the Yoast SEO plugin v27.4 - https:\/\/yoast.com\/product\/yoast-seo-wordpress\/ -->\n<title>\ud83d\uddde\ufe0f \ud83c\udde6\ud83c\uddf7\ud83d\udcb0\ud83d\udcb9 Segunda oportunidad, pero no un cheque en blanco - BlogDiario Magazine<\/title>\n<meta name=\"robots\" content=\"index, follow, max-snippet:-1, max-image-preview:large, max-video-preview:-1\" \/>\n<link rel=\"canonical\" href=\"https:\/\/blogdiario.info\/magazine\/2025\/10\/27\/segunda-oportunidad-pero-no-un-cheque-en-blanco\/\" \/>\n<meta property=\"og:locale\" content=\"es_ES\" \/>\n<meta property=\"og:type\" content=\"article\" \/>\n<meta property=\"og:title\" content=\"\ud83d\uddde\ufe0f \ud83c\udde6\ud83c\uddf7\ud83d\udcb0\ud83d\udcb9 Segunda oportunidad, pero no un cheque en blanco - BlogDiario Magazine\" \/>\n<meta property=\"og:description\" content=\"Javier Milei triunfa en las elecciones intermedias de Argentina\" \/>\n<meta property=\"og:url\" content=\"https:\/\/blogdiario.info\/magazine\/2025\/10\/27\/segunda-oportunidad-pero-no-un-cheque-en-blanco\/\" \/>\n<meta property=\"og:site_name\" content=\"BlogDiario Magazine\" \/>\n<meta property=\"article:published_time\" content=\"2025-10-27T08:55:23+00:00\" \/>\n<meta property=\"article:modified_time\" content=\"2025-10-27T09:00:19+00:00\" \/>\n<meta name=\"author\" content=\"World Press Service | Servicio de Prensa Mundial\" \/>\n<meta name=\"twitter:card\" content=\"summary_large_image\" \/>\n<meta name=\"twitter:label1\" content=\"Escrito por\" \/>\n\t<meta name=\"twitter:data1\" content=\"World Press Service | Servicio de Prensa Mundial\" \/>\n\t<meta name=\"twitter:label2\" content=\"Tiempo de lectura\" \/>\n\t<meta name=\"twitter:data2\" content=\"3 minutos\" \/>\n<script type=\"application\/ld+json\" class=\"yoast-schema-graph\">{\"@context\":\"https:\\\/\\\/schema.org\",\"@graph\":[{\"@type\":\"Article\",\"@id\":\"https:\\\/\\\/blogdiario.info\\\/magazine\\\/2025\\\/10\\\/27\\\/segunda-oportunidad-pero-no-un-cheque-en-blanco\\\/#article\",\"isPartOf\":{\"@id\":\"https:\\\/\\\/blogdiario.info\\\/magazine\\\/2025\\\/10\\\/27\\\/segunda-oportunidad-pero-no-un-cheque-en-blanco\\\/\"},\"author\":{\"name\":\"World Press Service | Servicio de Prensa Mundial\",\"@id\":\"https:\\\/\\\/blogdiario.info\\\/magazine\\\/#\\\/schema\\\/person\\\/b2422fe85574d945bad55513bb0c7354\"},\"headline\":\"\ud83d\uddde\ufe0f \ud83c\udde6\ud83c\uddf7\ud83d\udcb0\ud83d\udcb9 Segunda oportunidad, pero no un cheque en blanco\",\"datePublished\":\"2025-10-27T08:55:23+00:00\",\"dateModified\":\"2025-10-27T09:00:19+00:00\",\"mainEntityOfPage\":{\"@id\":\"https:\\\/\\\/blogdiario.info\\\/magazine\\\/2025\\\/10\\\/27\\\/segunda-oportunidad-pero-no-un-cheque-en-blanco\\\/\"},\"wordCount\":562,\"publisher\":{\"@id\":\"https:\\\/\\\/blogdiario.info\\\/magazine\\\/#organization\"},\"keywords\":[\"Argentina\"],\"articleSection\":[\".\",\".\",\"Actualidad\",\"Diplomacia\",\"Economia\",\"Pol\u00edticas globales\",\"Sociedad\",\"South America\"],\"inLanguage\":\"es-AR\"},{\"@type\":\"WebPage\",\"@id\":\"https:\\\/\\\/blogdiario.info\\\/magazine\\\/2025\\\/10\\\/27\\\/segunda-oportunidad-pero-no-un-cheque-en-blanco\\\/\",\"url\":\"https:\\\/\\\/blogdiario.info\\\/magazine\\\/2025\\\/10\\\/27\\\/segunda-oportunidad-pero-no-un-cheque-en-blanco\\\/\",\"name\":\"\ud83d\uddde\ufe0f \ud83c\udde6\ud83c\uddf7\ud83d\udcb0\ud83d\udcb9 Segunda oportunidad, pero no un cheque en blanco - BlogDiario Magazine\",\"isPartOf\":{\"@id\":\"https:\\\/\\\/blogdiario.info\\\/magazine\\\/#website\"},\"datePublished\":\"2025-10-27T08:55:23+00:00\",\"dateModified\":\"2025-10-27T09:00:19+00:00\",\"breadcrumb\":{\"@id\":\"https:\\\/\\\/blogdiario.info\\\/magazine\\\/2025\\\/10\\\/27\\\/segunda-oportunidad-pero-no-un-cheque-en-blanco\\\/#breadcrumb\"},\"inLanguage\":\"es-AR\",\"potentialAction\":[{\"@type\":\"ReadAction\",\"target\":[\"https:\\\/\\\/blogdiario.info\\\/magazine\\\/2025\\\/10\\\/27\\\/segunda-oportunidad-pero-no-un-cheque-en-blanco\\\/\"]}]},{\"@type\":\"BreadcrumbList\",\"@id\":\"https:\\\/\\\/blogdiario.info\\\/magazine\\\/2025\\\/10\\\/27\\\/segunda-oportunidad-pero-no-un-cheque-en-blanco\\\/#breadcrumb\",\"itemListElement\":[{\"@type\":\"ListItem\",\"position\":1,\"name\":\"Home\",\"item\":\"https:\\\/\\\/blogdiario.info\\\/magazine\\\/\"},{\"@type\":\"ListItem\",\"position\":2,\"name\":\"\ud83d\uddde\ufe0f \ud83c\udde6\ud83c\uddf7\ud83d\udcb0\ud83d\udcb9 Segunda oportunidad, pero no un cheque en blanco\"}]},{\"@type\":\"WebSite\",\"@id\":\"https:\\\/\\\/blogdiario.info\\\/magazine\\\/#website\",\"url\":\"https:\\\/\\\/blogdiario.info\\\/magazine\\\/\",\"name\":\"BlogDiario Magazine\",\"description\":\"Suplemento multiling\u00fce de ElCanillita.Info\",\"publisher\":{\"@id\":\"https:\\\/\\\/blogdiario.info\\\/magazine\\\/#organization\"},\"potentialAction\":[{\"@type\":\"SearchAction\",\"target\":{\"@type\":\"EntryPoint\",\"urlTemplate\":\"https:\\\/\\\/blogdiario.info\\\/magazine\\\/?s={search_term_string}\"},\"query-input\":{\"@type\":\"PropertyValueSpecification\",\"valueRequired\":true,\"valueName\":\"search_term_string\"}}],\"inLanguage\":\"es-AR\"},{\"@type\":\"Organization\",\"@id\":\"https:\\\/\\\/blogdiario.info\\\/magazine\\\/#organization\",\"name\":\"Guzzo Photos & Graphic Publications\",\"url\":\"https:\\\/\\\/blogdiario.info\\\/magazine\\\/\",\"logo\":{\"@type\":\"ImageObject\",\"inLanguage\":\"es-AR\",\"@id\":\"https:\\\/\\\/blogdiario.info\\\/magazine\\\/#\\\/schema\\\/logo\\\/image\\\/\",\"url\":\"https:\\\/\\\/blogdiario.info\\\/magazine\\\/images\\\/2020\\\/01\\\/cropped-blogdia_magazine.jpg\",\"contentUrl\":\"https:\\\/\\\/blogdiario.info\\\/magazine\\\/images\\\/2020\\\/01\\\/cropped-blogdia_magazine.jpg\",\"width\":589,\"height\":55,\"caption\":\"Guzzo Photos & Graphic Publications\"},\"image\":{\"@id\":\"https:\\\/\\\/blogdiario.info\\\/magazine\\\/#\\\/schema\\\/logo\\\/image\\\/\"}},{\"@type\":\"Person\",\"@id\":\"https:\\\/\\\/blogdiario.info\\\/magazine\\\/#\\\/schema\\\/person\\\/b2422fe85574d945bad55513bb0c7354\",\"name\":\"World Press Service | Servicio de Prensa Mundial\"}]}<\/script>\n<!-- \/ Yoast SEO plugin. -->","yoast_head_json":{"title":"\ud83d\uddde\ufe0f \ud83c\udde6\ud83c\uddf7\ud83d\udcb0\ud83d\udcb9 Segunda oportunidad, pero no un cheque en blanco - BlogDiario Magazine","robots":{"index":"index","follow":"follow","max-snippet":"max-snippet:-1","max-image-preview":"max-image-preview:large","max-video-preview":"max-video-preview:-1"},"canonical":"https:\/\/blogdiario.info\/magazine\/2025\/10\/27\/segunda-oportunidad-pero-no-un-cheque-en-blanco\/","og_locale":"es_ES","og_type":"article","og_title":"\ud83d\uddde\ufe0f \ud83c\udde6\ud83c\uddf7\ud83d\udcb0\ud83d\udcb9 Segunda oportunidad, pero no un cheque en blanco - BlogDiario Magazine","og_description":"Javier Milei triunfa en las elecciones intermedias de Argentina","og_url":"https:\/\/blogdiario.info\/magazine\/2025\/10\/27\/segunda-oportunidad-pero-no-un-cheque-en-blanco\/","og_site_name":"BlogDiario Magazine","article_published_time":"2025-10-27T08:55:23+00:00","article_modified_time":"2025-10-27T09:00:19+00:00","author":"World Press Service | Servicio de Prensa Mundial","twitter_card":"summary_large_image","twitter_misc":{"Escrito por":"World Press Service | Servicio de Prensa Mundial","Tiempo de lectura":"3 minutos"},"schema":{"@context":"https:\/\/schema.org","@graph":[{"@type":"Article","@id":"https:\/\/blogdiario.info\/magazine\/2025\/10\/27\/segunda-oportunidad-pero-no-un-cheque-en-blanco\/#article","isPartOf":{"@id":"https:\/\/blogdiario.info\/magazine\/2025\/10\/27\/segunda-oportunidad-pero-no-un-cheque-en-blanco\/"},"author":{"name":"World Press Service | Servicio de Prensa Mundial","@id":"https:\/\/blogdiario.info\/magazine\/#\/schema\/person\/b2422fe85574d945bad55513bb0c7354"},"headline":"\ud83d\uddde\ufe0f \ud83c\udde6\ud83c\uddf7\ud83d\udcb0\ud83d\udcb9 Segunda oportunidad, pero no un cheque en blanco","datePublished":"2025-10-27T08:55:23+00:00","dateModified":"2025-10-27T09:00:19+00:00","mainEntityOfPage":{"@id":"https:\/\/blogdiario.info\/magazine\/2025\/10\/27\/segunda-oportunidad-pero-no-un-cheque-en-blanco\/"},"wordCount":562,"publisher":{"@id":"https:\/\/blogdiario.info\/magazine\/#organization"},"keywords":["Argentina"],"articleSection":[".",".","Actualidad","Diplomacia","Economia","Pol\u00edticas globales","Sociedad","South America"],"inLanguage":"es-AR"},{"@type":"WebPage","@id":"https:\/\/blogdiario.info\/magazine\/2025\/10\/27\/segunda-oportunidad-pero-no-un-cheque-en-blanco\/","url":"https:\/\/blogdiario.info\/magazine\/2025\/10\/27\/segunda-oportunidad-pero-no-un-cheque-en-blanco\/","name":"\ud83d\uddde\ufe0f \ud83c\udde6\ud83c\uddf7\ud83d\udcb0\ud83d\udcb9 Segunda oportunidad, pero no un cheque en blanco - BlogDiario Magazine","isPartOf":{"@id":"https:\/\/blogdiario.info\/magazine\/#website"},"datePublished":"2025-10-27T08:55:23+00:00","dateModified":"2025-10-27T09:00:19+00:00","breadcrumb":{"@id":"https:\/\/blogdiario.info\/magazine\/2025\/10\/27\/segunda-oportunidad-pero-no-un-cheque-en-blanco\/#breadcrumb"},"inLanguage":"es-AR","potentialAction":[{"@type":"ReadAction","target":["https:\/\/blogdiario.info\/magazine\/2025\/10\/27\/segunda-oportunidad-pero-no-un-cheque-en-blanco\/"]}]},{"@type":"BreadcrumbList","@id":"https:\/\/blogdiario.info\/magazine\/2025\/10\/27\/segunda-oportunidad-pero-no-un-cheque-en-blanco\/#breadcrumb","itemListElement":[{"@type":"ListItem","position":1,"name":"Home","item":"https:\/\/blogdiario.info\/magazine\/"},{"@type":"ListItem","position":2,"name":"\ud83d\uddde\ufe0f \ud83c\udde6\ud83c\uddf7\ud83d\udcb0\ud83d\udcb9 Segunda oportunidad, pero no un cheque en blanco"}]},{"@type":"WebSite","@id":"https:\/\/blogdiario.info\/magazine\/#website","url":"https:\/\/blogdiario.info\/magazine\/","name":"BlogDiario Magazine","description":"Suplemento multiling\u00fce de ElCanillita.Info","publisher":{"@id":"https:\/\/blogdiario.info\/magazine\/#organization"},"potentialAction":[{"@type":"SearchAction","target":{"@type":"EntryPoint","urlTemplate":"https:\/\/blogdiario.info\/magazine\/?s={search_term_string}"},"query-input":{"@type":"PropertyValueSpecification","valueRequired":true,"valueName":"search_term_string"}}],"inLanguage":"es-AR"},{"@type":"Organization","@id":"https:\/\/blogdiario.info\/magazine\/#organization","name":"Guzzo Photos & Graphic Publications","url":"https:\/\/blogdiario.info\/magazine\/","logo":{"@type":"ImageObject","inLanguage":"es-AR","@id":"https:\/\/blogdiario.info\/magazine\/#\/schema\/logo\/image\/","url":"https:\/\/blogdiario.info\/magazine\/images\/2020\/01\/cropped-blogdia_magazine.jpg","contentUrl":"https:\/\/blogdiario.info\/magazine\/images\/2020\/01\/cropped-blogdia_magazine.jpg","width":589,"height":55,"caption":"Guzzo Photos & Graphic Publications"},"image":{"@id":"https:\/\/blogdiario.info\/magazine\/#\/schema\/logo\/image\/"}},{"@type":"Person","@id":"https:\/\/blogdiario.info\/magazine\/#\/schema\/person\/b2422fe85574d945bad55513bb0c7354","name":"World Press Service | Servicio de Prensa Mundial"}]}},"views":181,"_links":{"self":[{"href":"https:\/\/blogdiario.info\/magazine\/wp-json\/wp\/v2\/posts\/2588","targetHints":{"allow":["GET"]}}],"collection":[{"href":"https:\/\/blogdiario.info\/magazine\/wp-json\/wp\/v2\/posts"}],"about":[{"href":"https:\/\/blogdiario.info\/magazine\/wp-json\/wp\/v2\/types\/post"}],"author":[{"embeddable":true,"href":"https:\/\/blogdiario.info\/magazine\/wp-json\/wp\/v2\/users\/1"}],"replies":[{"embeddable":true,"href":"https:\/\/blogdiario.info\/magazine\/wp-json\/wp\/v2\/comments?post=2588"}],"version-history":[{"count":0,"href":"https:\/\/blogdiario.info\/magazine\/wp-json\/wp\/v2\/posts\/2588\/revisions"}],"wp:attachment":[{"href":"https:\/\/blogdiario.info\/magazine\/wp-json\/wp\/v2\/media?parent=2588"}],"wp:term":[{"taxonomy":"category","embeddable":true,"href":"https:\/\/blogdiario.info\/magazine\/wp-json\/wp\/v2\/categories?post=2588"},{"taxonomy":"post_tag","embeddable":true,"href":"https:\/\/blogdiario.info\/magazine\/wp-json\/wp\/v2\/tags?post=2588"}],"curies":[{"name":"wp","href":"https:\/\/api.w.org\/{rel}","templated":true}]}}