{"id":258,"date":"2021-03-19T14:21:08","date_gmt":"2021-03-19T17:21:08","guid":{"rendered":"https:\/\/blogdiario.info\/magazine\/?p=258"},"modified":"2022-04-23T06:43:51","modified_gmt":"2022-04-23T09:43:51","slug":"golpistas-birmanos-asesinan-jovenes-inermes","status":"publish","type":"post","link":"https:\/\/blogdiario.info\/magazine\/2021\/03\/19\/golpistas-birmanos-asesinan-jovenes-inermes\/","title":{"rendered":"Golpistas birmanos asesinan j\u00f3venes inermes"},"content":{"rendered":"\n<figure class=\"wp-block-video\"><video controls src=\"https:\/\/blogdiario.info\/magazine\/images\/2021\/03\/RFA.mp4\"><\/video><\/figure>\n\n\n\n<p>Una madre llora a su hijo asesinado durante protestas contra el golpe en Yangon el pasado 16 Marzo<\/p>\n\n\n\n<p>Las fuerzas de seguridad dispararon en la cabeza al estudiante de medicina de 17 a\u00f1os Khant Nyar Hein el domingo durante las protestas contra el golpe, en la ciudad m\u00e1s grande de Myanmar [Birmania]. Era de etnia china, una peque\u00f1a minor\u00eda entre los 54 millones de habitantes de Myanmar.<br><br> \n<small>\u00a9 2021 PanPress.Eu\/SalaStampa.Eu  affiliate with USAGM \/ VOA\nCopyright \u00a9 1998-2021, RFA. Reprinted by BlogDiario.Info with the permission of Radio Free Asia, 2025 M St. NW, Suite 300, Washington DC 20036<\/small> <\/p>\n","protected":false},"excerpt":{"rendered":"<p>El martes se produjeron escenas emotivas cuando las familias en duelo celebraron los funerales de las personas muertas por las fuerzas de seguridad, entre ellas Khat Nyar Hein, un estudiante de primer a\u00f1o de medicina y miembro de la comunidad \u00e9tnica china del pa\u00eds que muri\u00f3 por disparos de la polic\u00eda en Yangon el domingo, el d\u00eda m\u00e1s mort\u00edfero desde el golpe.<\/p>\n","protected":false},"author":1,"featured_media":261,"comment_status":"closed","ping_status":"closed","sticky":false,"template":"","format":"standard","meta":{"footnotes":"","_links_to":"","_links_to_target":""},"categories":[62,55,66,41,43],"tags":[91],"class_list":["post-258","post","type-post","status-publish","format-standard","has-post-thumbnail","hentry","category-actualidad","category-asia","category-multilingue","category-politica-esp","category-sociedad","tag-birmania","entry","rows"],"yoast_head":"<!-- This site is optimized with the Yoast SEO plugin v27.4 - https:\/\/yoast.com\/product\/yoast-seo-wordpress\/ -->\n<title>Golpistas birmanos asesinan j\u00f3venes inermes - BlogDiario Magazine<\/title>\n<meta name=\"robots\" content=\"index, follow, max-snippet:-1, max-image-preview:large, max-video-preview:-1\" \/>\n<link rel=\"canonical\" href=\"https:\/\/blogdiario.info\/magazine\/2021\/03\/19\/golpistas-birmanos-asesinan-jovenes-inermes\/\" \/>\n<meta property=\"og:locale\" content=\"es_ES\" \/>\n<meta property=\"og:type\" content=\"article\" \/>\n<meta property=\"og:title\" content=\"Golpistas birmanos asesinan j\u00f3venes inermes - BlogDiario Magazine\" \/>\n<meta property=\"og:description\" content=\"El martes se produjeron escenas emotivas cuando las familias en duelo celebraron los funerales de las personas muertas por las fuerzas de seguridad, entre ellas Khat Nyar Hein, un estudiante de primer a\u00f1o de medicina y miembro de la comunidad \u00e9tnica china del pa\u00eds que muri\u00f3 por disparos de la polic\u00eda en Yangon el domingo, el d\u00eda m\u00e1s mort\u00edfero desde el golpe.\" \/>\n<meta property=\"og:url\" content=\"https:\/\/blogdiario.info\/magazine\/2021\/03\/19\/golpistas-birmanos-asesinan-jovenes-inermes\/\" \/>\n<meta property=\"og:site_name\" content=\"BlogDiario Magazine\" \/>\n<meta property=\"article:published_time\" content=\"2021-03-19T17:21:08+00:00\" \/>\n<meta property=\"article:modified_time\" content=\"2022-04-23T09:43:51+00:00\" \/>\n<meta property=\"og:image\" content=\"https:\/\/blogdiario.info\/magazine\/images\/2021\/03\/golpe-bir_20210317.jpg\" \/>\n\t<meta property=\"og:image:width\" content=\"600\" \/>\n\t<meta property=\"og:image:height\" content=\"400\" \/>\n\t<meta property=\"og:image:type\" content=\"image\/jpeg\" \/>\n<meta name=\"author\" content=\"World Press Service | Servicio de Prensa Mundial\" \/>\n<meta name=\"twitter:card\" content=\"summary_large_image\" \/>\n<meta name=\"twitter:label1\" content=\"Escrito por\" \/>\n\t<meta name=\"twitter:data1\" content=\"World Press Service | Servicio de Prensa Mundial\" \/>\n\t<meta name=\"twitter:label2\" content=\"Tiempo de lectura\" \/>\n\t<meta name=\"twitter:data2\" content=\"1 minuto\" \/>\n<script type=\"application\/ld+json\" class=\"yoast-schema-graph\">{\"@context\":\"https:\\\/\\\/schema.org\",\"@graph\":[{\"@type\":\"Article\",\"@id\":\"https:\\\/\\\/blogdiario.info\\\/magazine\\\/2021\\\/03\\\/19\\\/golpistas-birmanos-asesinan-jovenes-inermes\\\/#article\",\"isPartOf\":{\"@id\":\"https:\\\/\\\/blogdiario.info\\\/magazine\\\/2021\\\/03\\\/19\\\/golpistas-birmanos-asesinan-jovenes-inermes\\\/\"},\"author\":{\"name\":\"World Press Service | Servicio de Prensa Mundial\",\"@id\":\"https:\\\/\\\/blogdiario.info\\\/magazine\\\/#\\\/schema\\\/person\\\/b2422fe85574d945bad55513bb0c7354\"},\"headline\":\"Golpistas birmanos asesinan j\u00f3venes inermes\",\"datePublished\":\"2021-03-19T17:21:08+00:00\",\"dateModified\":\"2022-04-23T09:43:51+00:00\",\"mainEntityOfPage\":{\"@id\":\"https:\\\/\\\/blogdiario.info\\\/magazine\\\/2021\\\/03\\\/19\\\/golpistas-birmanos-asesinan-jovenes-inermes\\\/\"},\"wordCount\":102,\"publisher\":{\"@id\":\"https:\\\/\\\/blogdiario.info\\\/magazine\\\/#organization\"},\"image\":{\"@id\":\"https:\\\/\\\/blogdiario.info\\\/magazine\\\/2021\\\/03\\\/19\\\/golpistas-birmanos-asesinan-jovenes-inermes\\\/#primaryimage\"},\"thumbnailUrl\":\"https:\\\/\\\/blogdiario.info\\\/magazine\\\/images\\\/2021\\\/03\\\/golpe-bir_20210317.jpg\",\"keywords\":[\"Birmania\"],\"articleSection\":[\"Actualidad\",\"Asia\",\"Multilingue\",\"Politica\",\"Sociedad\"],\"inLanguage\":\"es-AR\"},{\"@type\":\"WebPage\",\"@id\":\"https:\\\/\\\/blogdiario.info\\\/magazine\\\/2021\\\/03\\\/19\\\/golpistas-birmanos-asesinan-jovenes-inermes\\\/\",\"url\":\"https:\\\/\\\/blogdiario.info\\\/magazine\\\/2021\\\/03\\\/19\\\/golpistas-birmanos-asesinan-jovenes-inermes\\\/\",\"name\":\"Golpistas birmanos asesinan j\u00f3venes inermes - BlogDiario Magazine\",\"isPartOf\":{\"@id\":\"https:\\\/\\\/blogdiario.info\\\/magazine\\\/#website\"},\"primaryImageOfPage\":{\"@id\":\"https:\\\/\\\/blogdiario.info\\\/magazine\\\/2021\\\/03\\\/19\\\/golpistas-birmanos-asesinan-jovenes-inermes\\\/#primaryimage\"},\"image\":{\"@id\":\"https:\\\/\\\/blogdiario.info\\\/magazine\\\/2021\\\/03\\\/19\\\/golpistas-birmanos-asesinan-jovenes-inermes\\\/#primaryimage\"},\"thumbnailUrl\":\"https:\\\/\\\/blogdiario.info\\\/magazine\\\/images\\\/2021\\\/03\\\/golpe-bir_20210317.jpg\",\"datePublished\":\"2021-03-19T17:21:08+00:00\",\"dateModified\":\"2022-04-23T09:43:51+00:00\",\"breadcrumb\":{\"@id\":\"https:\\\/\\\/blogdiario.info\\\/magazine\\\/2021\\\/03\\\/19\\\/golpistas-birmanos-asesinan-jovenes-inermes\\\/#breadcrumb\"},\"inLanguage\":\"es-AR\",\"potentialAction\":[{\"@type\":\"ReadAction\",\"target\":[\"https:\\\/\\\/blogdiario.info\\\/magazine\\\/2021\\\/03\\\/19\\\/golpistas-birmanos-asesinan-jovenes-inermes\\\/\"]}]},{\"@type\":\"ImageObject\",\"inLanguage\":\"es-AR\",\"@id\":\"https:\\\/\\\/blogdiario.info\\\/magazine\\\/2021\\\/03\\\/19\\\/golpistas-birmanos-asesinan-jovenes-inermes\\\/#primaryimage\",\"url\":\"https:\\\/\\\/blogdiario.info\\\/magazine\\\/images\\\/2021\\\/03\\\/golpe-bir_20210317.jpg\",\"contentUrl\":\"https:\\\/\\\/blogdiario.info\\\/magazine\\\/images\\\/2021\\\/03\\\/golpe-bir_20210317.jpg\",\"width\":600,\"height\":400},{\"@type\":\"BreadcrumbList\",\"@id\":\"https:\\\/\\\/blogdiario.info\\\/magazine\\\/2021\\\/03\\\/19\\\/golpistas-birmanos-asesinan-jovenes-inermes\\\/#breadcrumb\",\"itemListElement\":[{\"@type\":\"ListItem\",\"position\":1,\"name\":\"Home\",\"item\":\"https:\\\/\\\/blogdiario.info\\\/magazine\\\/\"},{\"@type\":\"ListItem\",\"position\":2,\"name\":\"Golpistas birmanos asesinan j\u00f3venes inermes\"}]},{\"@type\":\"WebSite\",\"@id\":\"https:\\\/\\\/blogdiario.info\\\/magazine\\\/#website\",\"url\":\"https:\\\/\\\/blogdiario.info\\\/magazine\\\/\",\"name\":\"BlogDiario Magazine\",\"description\":\"Suplemento multiling\u00fce de ElCanillita.Info\",\"publisher\":{\"@id\":\"https:\\\/\\\/blogdiario.info\\\/magazine\\\/#organization\"},\"potentialAction\":[{\"@type\":\"SearchAction\",\"target\":{\"@type\":\"EntryPoint\",\"urlTemplate\":\"https:\\\/\\\/blogdiario.info\\\/magazine\\\/?s={search_term_string}\"},\"query-input\":{\"@type\":\"PropertyValueSpecification\",\"valueRequired\":true,\"valueName\":\"search_term_string\"}}],\"inLanguage\":\"es-AR\"},{\"@type\":\"Organization\",\"@id\":\"https:\\\/\\\/blogdiario.info\\\/magazine\\\/#organization\",\"name\":\"Guzzo Photos & Graphic Publications\",\"url\":\"https:\\\/\\\/blogdiario.info\\\/magazine\\\/\",\"logo\":{\"@type\":\"ImageObject\",\"inLanguage\":\"es-AR\",\"@id\":\"https:\\\/\\\/blogdiario.info\\\/magazine\\\/#\\\/schema\\\/logo\\\/image\\\/\",\"url\":\"https:\\\/\\\/blogdiario.info\\\/magazine\\\/images\\\/2020\\\/01\\\/cropped-blogdia_magazine.jpg\",\"contentUrl\":\"https:\\\/\\\/blogdiario.info\\\/magazine\\\/images\\\/2020\\\/01\\\/cropped-blogdia_magazine.jpg\",\"width\":589,\"height\":55,\"caption\":\"Guzzo Photos & Graphic Publications\"},\"image\":{\"@id\":\"https:\\\/\\\/blogdiario.info\\\/magazine\\\/#\\\/schema\\\/logo\\\/image\\\/\"}},{\"@type\":\"Person\",\"@id\":\"https:\\\/\\\/blogdiario.info\\\/magazine\\\/#\\\/schema\\\/person\\\/b2422fe85574d945bad55513bb0c7354\",\"name\":\"World Press Service | Servicio de Prensa Mundial\"}]}<\/script>\n<!-- \/ Yoast SEO plugin. -->","yoast_head_json":{"title":"Golpistas birmanos asesinan j\u00f3venes inermes - BlogDiario Magazine","robots":{"index":"index","follow":"follow","max-snippet":"max-snippet:-1","max-image-preview":"max-image-preview:large","max-video-preview":"max-video-preview:-1"},"canonical":"https:\/\/blogdiario.info\/magazine\/2021\/03\/19\/golpistas-birmanos-asesinan-jovenes-inermes\/","og_locale":"es_ES","og_type":"article","og_title":"Golpistas birmanos asesinan j\u00f3venes inermes - BlogDiario Magazine","og_description":"El martes se produjeron escenas emotivas cuando las familias en duelo celebraron los funerales de las personas muertas por las fuerzas de seguridad, entre ellas Khat Nyar Hein, un estudiante de primer a\u00f1o de medicina y miembro de la comunidad \u00e9tnica china del pa\u00eds que muri\u00f3 por disparos de la polic\u00eda en Yangon el domingo, el d\u00eda m\u00e1s mort\u00edfero desde el golpe.","og_url":"https:\/\/blogdiario.info\/magazine\/2021\/03\/19\/golpistas-birmanos-asesinan-jovenes-inermes\/","og_site_name":"BlogDiario Magazine","article_published_time":"2021-03-19T17:21:08+00:00","article_modified_time":"2022-04-23T09:43:51+00:00","og_image":[{"width":600,"height":400,"url":"https:\/\/blogdiario.info\/magazine\/images\/2021\/03\/golpe-bir_20210317.jpg","type":"image\/jpeg"}],"author":"World Press Service | Servicio de Prensa Mundial","twitter_card":"summary_large_image","twitter_misc":{"Escrito por":"World Press Service | Servicio de Prensa Mundial","Tiempo de lectura":"1 minuto"},"schema":{"@context":"https:\/\/schema.org","@graph":[{"@type":"Article","@id":"https:\/\/blogdiario.info\/magazine\/2021\/03\/19\/golpistas-birmanos-asesinan-jovenes-inermes\/#article","isPartOf":{"@id":"https:\/\/blogdiario.info\/magazine\/2021\/03\/19\/golpistas-birmanos-asesinan-jovenes-inermes\/"},"author":{"name":"World Press Service | Servicio de Prensa Mundial","@id":"https:\/\/blogdiario.info\/magazine\/#\/schema\/person\/b2422fe85574d945bad55513bb0c7354"},"headline":"Golpistas birmanos asesinan j\u00f3venes inermes","datePublished":"2021-03-19T17:21:08+00:00","dateModified":"2022-04-23T09:43:51+00:00","mainEntityOfPage":{"@id":"https:\/\/blogdiario.info\/magazine\/2021\/03\/19\/golpistas-birmanos-asesinan-jovenes-inermes\/"},"wordCount":102,"publisher":{"@id":"https:\/\/blogdiario.info\/magazine\/#organization"},"image":{"@id":"https:\/\/blogdiario.info\/magazine\/2021\/03\/19\/golpistas-birmanos-asesinan-jovenes-inermes\/#primaryimage"},"thumbnailUrl":"https:\/\/blogdiario.info\/magazine\/images\/2021\/03\/golpe-bir_20210317.jpg","keywords":["Birmania"],"articleSection":["Actualidad","Asia","Multilingue","Politica","Sociedad"],"inLanguage":"es-AR"},{"@type":"WebPage","@id":"https:\/\/blogdiario.info\/magazine\/2021\/03\/19\/golpistas-birmanos-asesinan-jovenes-inermes\/","url":"https:\/\/blogdiario.info\/magazine\/2021\/03\/19\/golpistas-birmanos-asesinan-jovenes-inermes\/","name":"Golpistas birmanos asesinan j\u00f3venes inermes - BlogDiario Magazine","isPartOf":{"@id":"https:\/\/blogdiario.info\/magazine\/#website"},"primaryImageOfPage":{"@id":"https:\/\/blogdiario.info\/magazine\/2021\/03\/19\/golpistas-birmanos-asesinan-jovenes-inermes\/#primaryimage"},"image":{"@id":"https:\/\/blogdiario.info\/magazine\/2021\/03\/19\/golpistas-birmanos-asesinan-jovenes-inermes\/#primaryimage"},"thumbnailUrl":"https:\/\/blogdiario.info\/magazine\/images\/2021\/03\/golpe-bir_20210317.jpg","datePublished":"2021-03-19T17:21:08+00:00","dateModified":"2022-04-23T09:43:51+00:00","breadcrumb":{"@id":"https:\/\/blogdiario.info\/magazine\/2021\/03\/19\/golpistas-birmanos-asesinan-jovenes-inermes\/#breadcrumb"},"inLanguage":"es-AR","potentialAction":[{"@type":"ReadAction","target":["https:\/\/blogdiario.info\/magazine\/2021\/03\/19\/golpistas-birmanos-asesinan-jovenes-inermes\/"]}]},{"@type":"ImageObject","inLanguage":"es-AR","@id":"https:\/\/blogdiario.info\/magazine\/2021\/03\/19\/golpistas-birmanos-asesinan-jovenes-inermes\/#primaryimage","url":"https:\/\/blogdiario.info\/magazine\/images\/2021\/03\/golpe-bir_20210317.jpg","contentUrl":"https:\/\/blogdiario.info\/magazine\/images\/2021\/03\/golpe-bir_20210317.jpg","width":600,"height":400},{"@type":"BreadcrumbList","@id":"https:\/\/blogdiario.info\/magazine\/2021\/03\/19\/golpistas-birmanos-asesinan-jovenes-inermes\/#breadcrumb","itemListElement":[{"@type":"ListItem","position":1,"name":"Home","item":"https:\/\/blogdiario.info\/magazine\/"},{"@type":"ListItem","position":2,"name":"Golpistas birmanos asesinan j\u00f3venes inermes"}]},{"@type":"WebSite","@id":"https:\/\/blogdiario.info\/magazine\/#website","url":"https:\/\/blogdiario.info\/magazine\/","name":"BlogDiario Magazine","description":"Suplemento multiling\u00fce de ElCanillita.Info","publisher":{"@id":"https:\/\/blogdiario.info\/magazine\/#organization"},"potentialAction":[{"@type":"SearchAction","target":{"@type":"EntryPoint","urlTemplate":"https:\/\/blogdiario.info\/magazine\/?s={search_term_string}"},"query-input":{"@type":"PropertyValueSpecification","valueRequired":true,"valueName":"search_term_string"}}],"inLanguage":"es-AR"},{"@type":"Organization","@id":"https:\/\/blogdiario.info\/magazine\/#organization","name":"Guzzo Photos & Graphic Publications","url":"https:\/\/blogdiario.info\/magazine\/","logo":{"@type":"ImageObject","inLanguage":"es-AR","@id":"https:\/\/blogdiario.info\/magazine\/#\/schema\/logo\/image\/","url":"https:\/\/blogdiario.info\/magazine\/images\/2020\/01\/cropped-blogdia_magazine.jpg","contentUrl":"https:\/\/blogdiario.info\/magazine\/images\/2020\/01\/cropped-blogdia_magazine.jpg","width":589,"height":55,"caption":"Guzzo Photos & Graphic Publications"},"image":{"@id":"https:\/\/blogdiario.info\/magazine\/#\/schema\/logo\/image\/"}},{"@type":"Person","@id":"https:\/\/blogdiario.info\/magazine\/#\/schema\/person\/b2422fe85574d945bad55513bb0c7354","name":"World Press Service | Servicio de Prensa Mundial"}]}},"views":1184,"_links":{"self":[{"href":"https:\/\/blogdiario.info\/magazine\/wp-json\/wp\/v2\/posts\/258","targetHints":{"allow":["GET"]}}],"collection":[{"href":"https:\/\/blogdiario.info\/magazine\/wp-json\/wp\/v2\/posts"}],"about":[{"href":"https:\/\/blogdiario.info\/magazine\/wp-json\/wp\/v2\/types\/post"}],"author":[{"embeddable":true,"href":"https:\/\/blogdiario.info\/magazine\/wp-json\/wp\/v2\/users\/1"}],"replies":[{"embeddable":true,"href":"https:\/\/blogdiario.info\/magazine\/wp-json\/wp\/v2\/comments?post=258"}],"version-history":[{"count":0,"href":"https:\/\/blogdiario.info\/magazine\/wp-json\/wp\/v2\/posts\/258\/revisions"}],"wp:featuredmedia":[{"embeddable":true,"href":"https:\/\/blogdiario.info\/magazine\/wp-json\/wp\/v2\/media\/261"}],"wp:attachment":[{"href":"https:\/\/blogdiario.info\/magazine\/wp-json\/wp\/v2\/media?parent=258"}],"wp:term":[{"taxonomy":"category","embeddable":true,"href":"https:\/\/blogdiario.info\/magazine\/wp-json\/wp\/v2\/categories?post=258"},{"taxonomy":"post_tag","embeddable":true,"href":"https:\/\/blogdiario.info\/magazine\/wp-json\/wp\/v2\/tags?post=258"}],"curies":[{"name":"wp","href":"https:\/\/api.w.org\/{rel}","templated":true}]}}