{"id":2579,"date":"2025-10-22T21:08:58","date_gmt":"2025-10-22T20:08:58","guid":{"rendered":"https:\/\/blogdiario.info\/magazine\/?p=2579"},"modified":"2025-10-22T21:08:58","modified_gmt":"2025-10-22T20:08:58","slug":"italia-recorta-la-pobreza-quitando-a-los-pobres-del-censo","status":"publish","type":"post","link":"https:\/\/blogdiario.info\/magazine\/2025\/10\/22\/italia-recorta-la-pobreza-quitando-a-los-pobres-del-censo\/","title":{"rendered":"Italia recorta la pobreza\u2026 quitando a los pobres del censo"},"content":{"rendered":"\n<figure class=\"wp-block-image size-large\"><img loading=\"lazy\" decoding=\"async\" width=\"600\" height=\"450\" src=\"https:\/\/blogdiario.info\/magazine\/images\/2025\/10\/img_0848.jpg\" alt=\"\" class=\"wp-image-2580\" srcset=\"https:\/\/blogdiario.info\/magazine\/images\/2025\/10\/img_0848.jpg 600w, https:\/\/blogdiario.info\/magazine\/images\/2025\/10\/img_0848-300x225.jpg 300w\" sizes=\"auto, (max-width: 600px) 100vw, 600px\" \/><\/figure>\n\n\n\n<p class=\"p1\">La pobreza, en Italia, parece tener nuevo manual de estilo: se reduce cuando se deja de contar. Con la sustituci\u00f3n de la Renta Ciudadana por el Subsidio de Inclusi\u00f3n (ADI), el gobierno celebr\u00f3 \u201cuna reforma responsable\u201d. C\u00e1ritas, en cambio, lo llama por su nombre: exclusi\u00f3n institucional.<\/p>\n\n\n\n<p class=\"p1\">El informe anual de C\u00e1ritas Italiana es demoledor. Los beneficiarios del nuevo subsidio se redujeron entre un 40% y un 47%. En n\u00fameros humanos, cientos de miles de familias quedaron fuera del radar de ayuda p\u00fablica. Y, por si faltara iron\u00eda, los m\u00e1s golpeados son los extranjeros, que ya cargaban con las peores condiciones laborales y habitacionales.<\/p>\n\n\n\n<p class=\"p1\">El truco burocr\u00e1tico fue simple: redefinir qui\u00e9n merece ayuda. Ahora s\u00f3lo califican los mayores de 67, los discapacitados y las familias con hijos menores. Los dem\u00e1s \u2014trabajadores pobres, parados j\u00f3venes, migrantes\u2014 no cumplen con el guion de la \u201cvulnerabilidad aprobada\u201d.<\/p>\n\n\n\n<p class=\"p1\">Mientras tanto, las parroquias de C\u00e1ritas se convierten en supermercados de emergencia. Paquetes de pasta, recibos de luz impagos, cuadernos para los hijos: la pobreza vuelve a pasar por la puerta de la sacrist\u00eda. Lo que antes era red social, hoy es limosna de supervivencia.<\/p>\n\n\n\n<p class=\"p1\">La paradoja es tan italiana como el espresso: el pa\u00eds que invent\u00f3 el derecho romano y el humanismo renacentista es, en 2025, el \u00fanico de Europa sin una renta m\u00ednima universal. Ni norte ni sur: el mapa del hambre ahora es nacional.<\/p>\n\n\n\n<p class=\"p1\">El gobierno promete que el ADI \u201cfomenta la responsabilidad y el empleo\u201d. C\u00e1ritas contesta con hechos: los cursos de formaci\u00f3n son simb\u00f3licos, las colocaciones laborales escasas, y el des\u00e1nimo, contagioso.<\/p>\n\n\n\n<p class=\"p1\">As\u00ed se escribe la nueva aritm\u00e9tica social italiana: menos pobres en los papeles, m\u00e1s pobres en las calles. Un milagro contable digno de canonizaci\u00f3n administrativa.<\/p>\n\n\n\n<p><\/p>\n\n\n\n<p>\u270d\ufe0f \u00a92025 Redacci\u00f3n cultural, con asistencia del Laboratorio de Realismo Callejero<\/p>\n\n\n\n<p><\/p>\n\n\n<p><small>\u00a9 2025 ElCanillita.info \u2013 All Rights Reserved \u2013 SalaStampa.eu, world press service &#8211; Guzzo Photos &#038; Graphic Publications \u2013 Registro Editori e Stampatori n. 1441 Turin, Italy <\/small><\/p>\n\n\n<p><\/p>\n","protected":false},"excerpt":{"rendered":"<p>C\u00e1ritas denuncia que el nuevo Subsidio de Inclusi\u00f3n, bandera social del gobierno Meloni, dej\u00f3 fuera al 40% de los beneficiarios del anterior sistema. Menos ayudas, m\u00e1s colas en las parroquias. El milagro de la inclusi\u00f3n que excluye.<\/p>\n","protected":false},"author":1,"featured_media":2581,"comment_status":"closed","ping_status":"closed","sticky":false,"template":"","format":"standard","meta":{"footnotes":"","_links_to":"","_links_to_target":""},"categories":[97,109,62,38,46,41,168],"tags":[22],"class_list":["post-2579","post","type-post","status-publish","format-standard","has-post-thumbnail","hentry","category-elcanillita","category-dc24","category-actualidad","category-economia-esp","category-europa","category-politica-esp","category-sociedad-y-valores","tag-italia","entry","rows"],"yoast_head":"<!-- This site is optimized with the Yoast SEO plugin v27.4 - https:\/\/yoast.com\/product\/yoast-seo-wordpress\/ -->\n<title>Italia recorta la pobreza\u2026 quitando a los pobres del censo - BlogDiario Magazine<\/title>\n<meta name=\"robots\" content=\"index, follow, max-snippet:-1, max-image-preview:large, max-video-preview:-1\" \/>\n<link rel=\"canonical\" href=\"https:\/\/blogdiario.info\/magazine\/2025\/10\/22\/italia-recorta-la-pobreza-quitando-a-los-pobres-del-censo\/\" \/>\n<meta property=\"og:locale\" content=\"es_ES\" \/>\n<meta property=\"og:type\" content=\"article\" \/>\n<meta property=\"og:title\" content=\"Italia recorta la pobreza\u2026 quitando a los pobres del censo - BlogDiario Magazine\" \/>\n<meta property=\"og:description\" content=\"C\u00e1ritas denuncia que el nuevo Subsidio de Inclusi\u00f3n, bandera social del gobierno Meloni, dej\u00f3 fuera al 40% de los beneficiarios del anterior sistema. Menos ayudas, m\u00e1s colas en las parroquias. El milagro de la inclusi\u00f3n que excluye.\" \/>\n<meta property=\"og:url\" content=\"https:\/\/blogdiario.info\/magazine\/2025\/10\/22\/italia-recorta-la-pobreza-quitando-a-los-pobres-del-censo\/\" \/>\n<meta property=\"og:site_name\" content=\"BlogDiario Magazine\" \/>\n<meta property=\"article:published_time\" content=\"2025-10-22T20:08:58+00:00\" \/>\n<meta property=\"og:image\" content=\"https:\/\/blogdiario.info\/magazine\/images\/2025\/10\/img_0849.jpg\" \/>\n\t<meta property=\"og:image:width\" content=\"600\" \/>\n\t<meta property=\"og:image:height\" content=\"400\" \/>\n\t<meta property=\"og:image:type\" content=\"image\/jpeg\" \/>\n<meta name=\"author\" content=\"World Press Service | Servicio de Prensa Mundial\" \/>\n<meta name=\"twitter:card\" content=\"summary_large_image\" \/>\n<meta name=\"twitter:label1\" content=\"Escrito por\" \/>\n\t<meta name=\"twitter:data1\" content=\"World Press Service | Servicio de Prensa Mundial\" \/>\n\t<meta name=\"twitter:label2\" content=\"Tiempo de lectura\" \/>\n\t<meta name=\"twitter:data2\" content=\"2 minutos\" \/>\n<script type=\"application\/ld+json\" class=\"yoast-schema-graph\">{\"@context\":\"https:\\\/\\\/schema.org\",\"@graph\":[{\"@type\":\"Article\",\"@id\":\"https:\\\/\\\/blogdiario.info\\\/magazine\\\/2025\\\/10\\\/22\\\/italia-recorta-la-pobreza-quitando-a-los-pobres-del-censo\\\/#article\",\"isPartOf\":{\"@id\":\"https:\\\/\\\/blogdiario.info\\\/magazine\\\/2025\\\/10\\\/22\\\/italia-recorta-la-pobreza-quitando-a-los-pobres-del-censo\\\/\"},\"author\":{\"name\":\"World Press Service | Servicio de Prensa Mundial\",\"@id\":\"https:\\\/\\\/blogdiario.info\\\/magazine\\\/#\\\/schema\\\/person\\\/b2422fe85574d945bad55513bb0c7354\"},\"headline\":\"Italia recorta la pobreza\u2026 quitando a los pobres del censo\",\"datePublished\":\"2025-10-22T20:08:58+00:00\",\"mainEntityOfPage\":{\"@id\":\"https:\\\/\\\/blogdiario.info\\\/magazine\\\/2025\\\/10\\\/22\\\/italia-recorta-la-pobreza-quitando-a-los-pobres-del-censo\\\/\"},\"wordCount\":348,\"publisher\":{\"@id\":\"https:\\\/\\\/blogdiario.info\\\/magazine\\\/#organization\"},\"image\":{\"@id\":\"https:\\\/\\\/blogdiario.info\\\/magazine\\\/2025\\\/10\\\/22\\\/italia-recorta-la-pobreza-quitando-a-los-pobres-del-censo\\\/#primaryimage\"},\"thumbnailUrl\":\"https:\\\/\\\/blogdiario.info\\\/magazine\\\/images\\\/2025\\\/10\\\/img_0849.jpg\",\"keywords\":[\"Italia\"],\"articleSection\":[\".\",\".\",\"Actualidad\",\"Economia\",\"Europa\",\"Politica\",\"Sociedad y valores\"],\"inLanguage\":\"es-AR\"},{\"@type\":\"WebPage\",\"@id\":\"https:\\\/\\\/blogdiario.info\\\/magazine\\\/2025\\\/10\\\/22\\\/italia-recorta-la-pobreza-quitando-a-los-pobres-del-censo\\\/\",\"url\":\"https:\\\/\\\/blogdiario.info\\\/magazine\\\/2025\\\/10\\\/22\\\/italia-recorta-la-pobreza-quitando-a-los-pobres-del-censo\\\/\",\"name\":\"Italia recorta la pobreza\u2026 quitando a los pobres del censo - BlogDiario Magazine\",\"isPartOf\":{\"@id\":\"https:\\\/\\\/blogdiario.info\\\/magazine\\\/#website\"},\"primaryImageOfPage\":{\"@id\":\"https:\\\/\\\/blogdiario.info\\\/magazine\\\/2025\\\/10\\\/22\\\/italia-recorta-la-pobreza-quitando-a-los-pobres-del-censo\\\/#primaryimage\"},\"image\":{\"@id\":\"https:\\\/\\\/blogdiario.info\\\/magazine\\\/2025\\\/10\\\/22\\\/italia-recorta-la-pobreza-quitando-a-los-pobres-del-censo\\\/#primaryimage\"},\"thumbnailUrl\":\"https:\\\/\\\/blogdiario.info\\\/magazine\\\/images\\\/2025\\\/10\\\/img_0849.jpg\",\"datePublished\":\"2025-10-22T20:08:58+00:00\",\"breadcrumb\":{\"@id\":\"https:\\\/\\\/blogdiario.info\\\/magazine\\\/2025\\\/10\\\/22\\\/italia-recorta-la-pobreza-quitando-a-los-pobres-del-censo\\\/#breadcrumb\"},\"inLanguage\":\"es-AR\",\"potentialAction\":[{\"@type\":\"ReadAction\",\"target\":[\"https:\\\/\\\/blogdiario.info\\\/magazine\\\/2025\\\/10\\\/22\\\/italia-recorta-la-pobreza-quitando-a-los-pobres-del-censo\\\/\"]}]},{\"@type\":\"ImageObject\",\"inLanguage\":\"es-AR\",\"@id\":\"https:\\\/\\\/blogdiario.info\\\/magazine\\\/2025\\\/10\\\/22\\\/italia-recorta-la-pobreza-quitando-a-los-pobres-del-censo\\\/#primaryimage\",\"url\":\"https:\\\/\\\/blogdiario.info\\\/magazine\\\/images\\\/2025\\\/10\\\/img_0849.jpg\",\"contentUrl\":\"https:\\\/\\\/blogdiario.info\\\/magazine\\\/images\\\/2025\\\/10\\\/img_0849.jpg\",\"width\":600,\"height\":400},{\"@type\":\"BreadcrumbList\",\"@id\":\"https:\\\/\\\/blogdiario.info\\\/magazine\\\/2025\\\/10\\\/22\\\/italia-recorta-la-pobreza-quitando-a-los-pobres-del-censo\\\/#breadcrumb\",\"itemListElement\":[{\"@type\":\"ListItem\",\"position\":1,\"name\":\"Home\",\"item\":\"https:\\\/\\\/blogdiario.info\\\/magazine\\\/\"},{\"@type\":\"ListItem\",\"position\":2,\"name\":\"Italia recorta la pobreza\u2026 quitando a los pobres del censo\"}]},{\"@type\":\"WebSite\",\"@id\":\"https:\\\/\\\/blogdiario.info\\\/magazine\\\/#website\",\"url\":\"https:\\\/\\\/blogdiario.info\\\/magazine\\\/\",\"name\":\"BlogDiario Magazine\",\"description\":\"Suplemento multiling\u00fce de ElCanillita.Info\",\"publisher\":{\"@id\":\"https:\\\/\\\/blogdiario.info\\\/magazine\\\/#organization\"},\"potentialAction\":[{\"@type\":\"SearchAction\",\"target\":{\"@type\":\"EntryPoint\",\"urlTemplate\":\"https:\\\/\\\/blogdiario.info\\\/magazine\\\/?s={search_term_string}\"},\"query-input\":{\"@type\":\"PropertyValueSpecification\",\"valueRequired\":true,\"valueName\":\"search_term_string\"}}],\"inLanguage\":\"es-AR\"},{\"@type\":\"Organization\",\"@id\":\"https:\\\/\\\/blogdiario.info\\\/magazine\\\/#organization\",\"name\":\"Guzzo Photos & Graphic Publications\",\"url\":\"https:\\\/\\\/blogdiario.info\\\/magazine\\\/\",\"logo\":{\"@type\":\"ImageObject\",\"inLanguage\":\"es-AR\",\"@id\":\"https:\\\/\\\/blogdiario.info\\\/magazine\\\/#\\\/schema\\\/logo\\\/image\\\/\",\"url\":\"https:\\\/\\\/blogdiario.info\\\/magazine\\\/images\\\/2020\\\/01\\\/cropped-blogdia_magazine.jpg\",\"contentUrl\":\"https:\\\/\\\/blogdiario.info\\\/magazine\\\/images\\\/2020\\\/01\\\/cropped-blogdia_magazine.jpg\",\"width\":589,\"height\":55,\"caption\":\"Guzzo Photos & Graphic Publications\"},\"image\":{\"@id\":\"https:\\\/\\\/blogdiario.info\\\/magazine\\\/#\\\/schema\\\/logo\\\/image\\\/\"}},{\"@type\":\"Person\",\"@id\":\"https:\\\/\\\/blogdiario.info\\\/magazine\\\/#\\\/schema\\\/person\\\/b2422fe85574d945bad55513bb0c7354\",\"name\":\"World Press Service | Servicio de Prensa Mundial\"}]}<\/script>\n<!-- \/ Yoast SEO plugin. -->","yoast_head_json":{"title":"Italia recorta la pobreza\u2026 quitando a los pobres del censo - BlogDiario Magazine","robots":{"index":"index","follow":"follow","max-snippet":"max-snippet:-1","max-image-preview":"max-image-preview:large","max-video-preview":"max-video-preview:-1"},"canonical":"https:\/\/blogdiario.info\/magazine\/2025\/10\/22\/italia-recorta-la-pobreza-quitando-a-los-pobres-del-censo\/","og_locale":"es_ES","og_type":"article","og_title":"Italia recorta la pobreza\u2026 quitando a los pobres del censo - BlogDiario Magazine","og_description":"C\u00e1ritas denuncia que el nuevo Subsidio de Inclusi\u00f3n, bandera social del gobierno Meloni, dej\u00f3 fuera al 40% de los beneficiarios del anterior sistema. Menos ayudas, m\u00e1s colas en las parroquias. El milagro de la inclusi\u00f3n que excluye.","og_url":"https:\/\/blogdiario.info\/magazine\/2025\/10\/22\/italia-recorta-la-pobreza-quitando-a-los-pobres-del-censo\/","og_site_name":"BlogDiario Magazine","article_published_time":"2025-10-22T20:08:58+00:00","og_image":[{"width":600,"height":400,"url":"https:\/\/blogdiario.info\/magazine\/images\/2025\/10\/img_0849.jpg","type":"image\/jpeg"}],"author":"World Press Service | Servicio de Prensa Mundial","twitter_card":"summary_large_image","twitter_misc":{"Escrito por":"World Press Service | Servicio de Prensa Mundial","Tiempo de lectura":"2 minutos"},"schema":{"@context":"https:\/\/schema.org","@graph":[{"@type":"Article","@id":"https:\/\/blogdiario.info\/magazine\/2025\/10\/22\/italia-recorta-la-pobreza-quitando-a-los-pobres-del-censo\/#article","isPartOf":{"@id":"https:\/\/blogdiario.info\/magazine\/2025\/10\/22\/italia-recorta-la-pobreza-quitando-a-los-pobres-del-censo\/"},"author":{"name":"World Press Service | Servicio de Prensa Mundial","@id":"https:\/\/blogdiario.info\/magazine\/#\/schema\/person\/b2422fe85574d945bad55513bb0c7354"},"headline":"Italia recorta la pobreza\u2026 quitando a los pobres del censo","datePublished":"2025-10-22T20:08:58+00:00","mainEntityOfPage":{"@id":"https:\/\/blogdiario.info\/magazine\/2025\/10\/22\/italia-recorta-la-pobreza-quitando-a-los-pobres-del-censo\/"},"wordCount":348,"publisher":{"@id":"https:\/\/blogdiario.info\/magazine\/#organization"},"image":{"@id":"https:\/\/blogdiario.info\/magazine\/2025\/10\/22\/italia-recorta-la-pobreza-quitando-a-los-pobres-del-censo\/#primaryimage"},"thumbnailUrl":"https:\/\/blogdiario.info\/magazine\/images\/2025\/10\/img_0849.jpg","keywords":["Italia"],"articleSection":[".",".","Actualidad","Economia","Europa","Politica","Sociedad y valores"],"inLanguage":"es-AR"},{"@type":"WebPage","@id":"https:\/\/blogdiario.info\/magazine\/2025\/10\/22\/italia-recorta-la-pobreza-quitando-a-los-pobres-del-censo\/","url":"https:\/\/blogdiario.info\/magazine\/2025\/10\/22\/italia-recorta-la-pobreza-quitando-a-los-pobres-del-censo\/","name":"Italia recorta la pobreza\u2026 quitando a los pobres del censo - BlogDiario Magazine","isPartOf":{"@id":"https:\/\/blogdiario.info\/magazine\/#website"},"primaryImageOfPage":{"@id":"https:\/\/blogdiario.info\/magazine\/2025\/10\/22\/italia-recorta-la-pobreza-quitando-a-los-pobres-del-censo\/#primaryimage"},"image":{"@id":"https:\/\/blogdiario.info\/magazine\/2025\/10\/22\/italia-recorta-la-pobreza-quitando-a-los-pobres-del-censo\/#primaryimage"},"thumbnailUrl":"https:\/\/blogdiario.info\/magazine\/images\/2025\/10\/img_0849.jpg","datePublished":"2025-10-22T20:08:58+00:00","breadcrumb":{"@id":"https:\/\/blogdiario.info\/magazine\/2025\/10\/22\/italia-recorta-la-pobreza-quitando-a-los-pobres-del-censo\/#breadcrumb"},"inLanguage":"es-AR","potentialAction":[{"@type":"ReadAction","target":["https:\/\/blogdiario.info\/magazine\/2025\/10\/22\/italia-recorta-la-pobreza-quitando-a-los-pobres-del-censo\/"]}]},{"@type":"ImageObject","inLanguage":"es-AR","@id":"https:\/\/blogdiario.info\/magazine\/2025\/10\/22\/italia-recorta-la-pobreza-quitando-a-los-pobres-del-censo\/#primaryimage","url":"https:\/\/blogdiario.info\/magazine\/images\/2025\/10\/img_0849.jpg","contentUrl":"https:\/\/blogdiario.info\/magazine\/images\/2025\/10\/img_0849.jpg","width":600,"height":400},{"@type":"BreadcrumbList","@id":"https:\/\/blogdiario.info\/magazine\/2025\/10\/22\/italia-recorta-la-pobreza-quitando-a-los-pobres-del-censo\/#breadcrumb","itemListElement":[{"@type":"ListItem","position":1,"name":"Home","item":"https:\/\/blogdiario.info\/magazine\/"},{"@type":"ListItem","position":2,"name":"Italia recorta la pobreza\u2026 quitando a los pobres del censo"}]},{"@type":"WebSite","@id":"https:\/\/blogdiario.info\/magazine\/#website","url":"https:\/\/blogdiario.info\/magazine\/","name":"BlogDiario Magazine","description":"Suplemento multiling\u00fce de ElCanillita.Info","publisher":{"@id":"https:\/\/blogdiario.info\/magazine\/#organization"},"potentialAction":[{"@type":"SearchAction","target":{"@type":"EntryPoint","urlTemplate":"https:\/\/blogdiario.info\/magazine\/?s={search_term_string}"},"query-input":{"@type":"PropertyValueSpecification","valueRequired":true,"valueName":"search_term_string"}}],"inLanguage":"es-AR"},{"@type":"Organization","@id":"https:\/\/blogdiario.info\/magazine\/#organization","name":"Guzzo Photos & Graphic Publications","url":"https:\/\/blogdiario.info\/magazine\/","logo":{"@type":"ImageObject","inLanguage":"es-AR","@id":"https:\/\/blogdiario.info\/magazine\/#\/schema\/logo\/image\/","url":"https:\/\/blogdiario.info\/magazine\/images\/2020\/01\/cropped-blogdia_magazine.jpg","contentUrl":"https:\/\/blogdiario.info\/magazine\/images\/2020\/01\/cropped-blogdia_magazine.jpg","width":589,"height":55,"caption":"Guzzo Photos & Graphic Publications"},"image":{"@id":"https:\/\/blogdiario.info\/magazine\/#\/schema\/logo\/image\/"}},{"@type":"Person","@id":"https:\/\/blogdiario.info\/magazine\/#\/schema\/person\/b2422fe85574d945bad55513bb0c7354","name":"World Press Service | Servicio de Prensa Mundial"}]}},"views":176,"_links":{"self":[{"href":"https:\/\/blogdiario.info\/magazine\/wp-json\/wp\/v2\/posts\/2579","targetHints":{"allow":["GET"]}}],"collection":[{"href":"https:\/\/blogdiario.info\/magazine\/wp-json\/wp\/v2\/posts"}],"about":[{"href":"https:\/\/blogdiario.info\/magazine\/wp-json\/wp\/v2\/types\/post"}],"author":[{"embeddable":true,"href":"https:\/\/blogdiario.info\/magazine\/wp-json\/wp\/v2\/users\/1"}],"replies":[{"embeddable":true,"href":"https:\/\/blogdiario.info\/magazine\/wp-json\/wp\/v2\/comments?post=2579"}],"version-history":[{"count":0,"href":"https:\/\/blogdiario.info\/magazine\/wp-json\/wp\/v2\/posts\/2579\/revisions"}],"wp:featuredmedia":[{"embeddable":true,"href":"https:\/\/blogdiario.info\/magazine\/wp-json\/wp\/v2\/media\/2581"}],"wp:attachment":[{"href":"https:\/\/blogdiario.info\/magazine\/wp-json\/wp\/v2\/media?parent=2579"}],"wp:term":[{"taxonomy":"category","embeddable":true,"href":"https:\/\/blogdiario.info\/magazine\/wp-json\/wp\/v2\/categories?post=2579"},{"taxonomy":"post_tag","embeddable":true,"href":"https:\/\/blogdiario.info\/magazine\/wp-json\/wp\/v2\/tags?post=2579"}],"curies":[{"name":"wp","href":"https:\/\/api.w.org\/{rel}","templated":true}]}}