{"id":2573,"date":"2025-10-19T07:39:07","date_gmt":"2025-10-19T06:39:07","guid":{"rendered":"https:\/\/blogdiario.info\/magazine\/?p=2573"},"modified":"2025-10-19T07:39:44","modified_gmt":"2025-10-19T06:39:44","slug":"lombra-che-ritorna-da-bruxelles-il-caso-ferrari-colpisce-farage","status":"publish","type":"post","link":"https:\/\/blogdiario.info\/magazine\/2025\/10\/19\/lombra-che-ritorna-da-bruxelles-il-caso-ferrari-colpisce-farage\/","title":{"rendered":"\ud83d\uddde\ufe0f\u2696\ufe0f\ud83d\uddf3\ufe0f L\u2019ombra che ritorna da Bruxelles: il caso Ferrari colpisce Farage"},"content":{"rendered":"\n<p class=\"p1\">In politica, le biografie non si scrivono solo con ci\u00f2 che si fa, ma anche con ci\u00f2 da cui si tenta di fuggire. Nigel Farage lo sa bene: ha passato due decenni a Bruxelles denunciando un sistema a cui apparteneva con entusiasmo salariale, prima di reinventarsi come crociato della Brexit. Ora, ironia della sorte, \u00e8 Bruxelles a bussare di nuovo alla sua porta.<\/p>\n\n\n\n<p class=\"p1\">La giustizia belga emetter\u00e0 il 5 novembre una sentenza chiave nell\u2019inchiesta per frode che coinvolge l\u2019Istituto per la Democrazia Diretta in Europa (IDDE), un think tank euroscettico diretto da Laure Ferrari, oggi compagna del leader di Reform UK. L\u2019Ufficio Antifrode dell\u2019Unione Europea (OLAF) ha rilevato presunte irregolarit\u00e0 nell\u2019uso di fondi pubblici tra il 2014 e il 2016 e ha raccomandato azioni penali.<\/p>\n\n\n\n<p class=\"p1\">Ferrari sostiene che si tratti di un\u2019operazione politica, nata \u2014 secondo lei \u2014 in \u201csettori ostili del Parlamento europeo\u201d. Tuttavia, il caso \u00e8 ben lontano da una disputa ideologica: i giudici analizzeranno spese ingiustificate, contratti presumibilmente pilotati e donatori premiati con benefici poco trasparenti. Bruxelles, quando decide di mordere, difficilmente lascia la presa.<\/p>\n\n\n\n<p class=\"p1\">Farage non \u00e8 imputato n\u00e9 indagato. Ma non \u00e8 necessario sedere sul banco degli accusati per subire un logoramento politico. La sua campagna per presentarsi come un primo ministro \u201clibero da scandali e impegnato per la trasparenza\u201d ha ricevuto una bomba fumogena che rischia di diventare permanente. Soprattutto perch\u00e9 il fascicolo giudiziario lo ricollega a un vecchio universo che oggi rinnega: le strutture politiche europee che tanto denaro gli hanno fruttato.<\/p>\n\n\n\n<p class=\"p1\">Il caso, inoltre, non arriva nel vuoto. Ferrari \u00e8 finita di recente sui tabloid britannici per l\u2019acquisto in contanti di una casa da 885.000 sterline nell\u2019Essex, operazione che ha permesso a Farage di evitare la sovrattassa sulle seconde abitazioni. La sua risposta \u00e8 stata goffa: prima ha detto che la casa era sua, poi che era di lei, poi ancora che si era espresso male. Risultato: pi\u00f9 domande che risposte sull\u2019origine del denaro.<\/p>\n\n\n\n<p class=\"p1\">Il rischio immediato non \u00e8 giudiziario, ma narrativo. Farage ha costruito il proprio potere su un\u2019idea semplice: lui parla \u201cchiaro\u201d mentre il sistema mente. Ora \u00e8 lui a dover spiegare, con troppe precisazioni contabili, ci\u00f2 che non torna. E quando la politica entra in modalit\u00e0 calcolatrice, l\u2019epica si dissolve.<\/p>\n\n\n\n<p class=\"p1\">Bruxelles consegner\u00e0 il suo verdetto a novembre. Non sar\u00e0 un terremoto legale per Farage, ma lo sar\u00e0 per la sua immagine: ogni volta che denuncer\u00e0 la corruzione altrui, qualcuno ricorder\u00e0 che il vento ha soffiato anche a casa sua. E se c\u2019\u00e8 qualcosa che ogni tribuno populista detesta, \u00e8 perdere il monopolio dell\u2019accusa morale.<\/p>\n\n\n\n<p class=\"p1\">Nel gioco politico britannico, i procedimenti giudiziari non sempre decidono i leader. Ma rivelano sempre qualcosa di essenziale: chi \u00e8 capace di sopravvivere alla verit\u00e0 scomoda. Farage sta per scoprirlo.<\/p>\n\n\n\n<p><\/p>\n\n\n\n<p>\u2712\ufe0f Il Contraddittore \u2013 raccontare l\u2019Italia (e il mondo) delle regole infrante \u271d\ufe0f<\/p>\n\n\n\n<p><\/p>\n\n\n<p><small>\u00a9 2025 Guzzo Photos  &#038; Graphic Publications, en colaboraci\u00f3n con ElCanillita.info \/BlogDiario.info \u2013 All Rights Reserved \u2013 SalaStampa.eu, world press service<br \/>\nGuzzo Photos &#038; Graphic Publications \u2013 Registro Editori e Stampatori n. 1441 Turin, Italy <\/small><\/p>\n\n\n<p><\/p>\n","protected":false},"excerpt":{"rendered":"<p>Laure Ferrari, compagna di Nigel Farage, affronta un processo per presunta frode nella capitale dell\u2019UE. Nessuna accusa contro il leader di Reform UK, ma lo scandalo minaccia la sua narrazione politica e riapre vecchie crepe del suo passato europeo.<\/p>\n","protected":false},"author":1,"featured_media":0,"comment_status":"closed","ping_status":"closed","sticky":false,"template":"","format":"standard","meta":{"footnotes":"","_links_to":"","_links_to_target":""},"categories":[97,109,61,17,18],"tags":[86],"class_list":["post-2573","post","type-post","status-publish","format-standard","hentry","category-elcanillita","category-dc24","category-attualita","category-giustizia","category-politica-ita","tag-regno-unito","entry","rows"],"yoast_head":"<!-- This site is optimized with the Yoast SEO plugin v27.4 - https:\/\/yoast.com\/product\/yoast-seo-wordpress\/ -->\n<title>\ud83d\uddde\ufe0f\u2696\ufe0f\ud83d\uddf3\ufe0f L\u2019ombra che ritorna da Bruxelles: il caso Ferrari colpisce Farage - BlogDiario Magazine<\/title>\n<meta name=\"robots\" content=\"index, follow, max-snippet:-1, max-image-preview:large, max-video-preview:-1\" \/>\n<link rel=\"canonical\" href=\"https:\/\/blogdiario.info\/magazine\/2025\/10\/19\/lombra-che-ritorna-da-bruxelles-il-caso-ferrari-colpisce-farage\/\" \/>\n<meta property=\"og:locale\" content=\"es_ES\" \/>\n<meta property=\"og:type\" content=\"article\" \/>\n<meta property=\"og:title\" content=\"\ud83d\uddde\ufe0f\u2696\ufe0f\ud83d\uddf3\ufe0f L\u2019ombra che ritorna da Bruxelles: il caso Ferrari colpisce Farage - BlogDiario Magazine\" \/>\n<meta property=\"og:description\" content=\"Laure Ferrari, compagna di Nigel Farage, affronta un processo per presunta frode nella capitale dell\u2019UE. Nessuna accusa contro il leader di Reform UK, ma lo scandalo minaccia la sua narrazione politica e riapre vecchie crepe del suo passato europeo.\" \/>\n<meta property=\"og:url\" content=\"https:\/\/blogdiario.info\/magazine\/2025\/10\/19\/lombra-che-ritorna-da-bruxelles-il-caso-ferrari-colpisce-farage\/\" \/>\n<meta property=\"og:site_name\" content=\"BlogDiario Magazine\" \/>\n<meta property=\"article:published_time\" content=\"2025-10-19T06:39:07+00:00\" \/>\n<meta property=\"article:modified_time\" content=\"2025-10-19T06:39:44+00:00\" \/>\n<meta name=\"author\" content=\"World Press Service | Servicio de Prensa Mundial\" \/>\n<meta name=\"twitter:card\" content=\"summary_large_image\" \/>\n<meta name=\"twitter:label1\" content=\"Escrito por\" \/>\n\t<meta name=\"twitter:data1\" content=\"World Press Service | Servicio de Prensa Mundial\" \/>\n\t<meta name=\"twitter:label2\" content=\"Tiempo de lectura\" \/>\n\t<meta name=\"twitter:data2\" content=\"2 minutos\" \/>\n<script type=\"application\/ld+json\" class=\"yoast-schema-graph\">{\"@context\":\"https:\\\/\\\/schema.org\",\"@graph\":[{\"@type\":\"Article\",\"@id\":\"https:\\\/\\\/blogdiario.info\\\/magazine\\\/2025\\\/10\\\/19\\\/lombra-che-ritorna-da-bruxelles-il-caso-ferrari-colpisce-farage\\\/#article\",\"isPartOf\":{\"@id\":\"https:\\\/\\\/blogdiario.info\\\/magazine\\\/2025\\\/10\\\/19\\\/lombra-che-ritorna-da-bruxelles-il-caso-ferrari-colpisce-farage\\\/\"},\"author\":{\"name\":\"World Press Service | Servicio de Prensa Mundial\",\"@id\":\"https:\\\/\\\/blogdiario.info\\\/magazine\\\/#\\\/schema\\\/person\\\/b2422fe85574d945bad55513bb0c7354\"},\"headline\":\"\ud83d\uddde\ufe0f\u2696\ufe0f\ud83d\uddf3\ufe0f L\u2019ombra che ritorna da Bruxelles: il caso Ferrari colpisce Farage\",\"datePublished\":\"2025-10-19T06:39:07+00:00\",\"dateModified\":\"2025-10-19T06:39:44+00:00\",\"mainEntityOfPage\":{\"@id\":\"https:\\\/\\\/blogdiario.info\\\/magazine\\\/2025\\\/10\\\/19\\\/lombra-che-ritorna-da-bruxelles-il-caso-ferrari-colpisce-farage\\\/\"},\"wordCount\":504,\"publisher\":{\"@id\":\"https:\\\/\\\/blogdiario.info\\\/magazine\\\/#organization\"},\"keywords\":[\"Regno Unito\"],\"articleSection\":[\".\",\".\",\"Attualit\u00e0\",\"Giustizia\",\"Politica\"],\"inLanguage\":\"es-AR\"},{\"@type\":\"WebPage\",\"@id\":\"https:\\\/\\\/blogdiario.info\\\/magazine\\\/2025\\\/10\\\/19\\\/lombra-che-ritorna-da-bruxelles-il-caso-ferrari-colpisce-farage\\\/\",\"url\":\"https:\\\/\\\/blogdiario.info\\\/magazine\\\/2025\\\/10\\\/19\\\/lombra-che-ritorna-da-bruxelles-il-caso-ferrari-colpisce-farage\\\/\",\"name\":\"\ud83d\uddde\ufe0f\u2696\ufe0f\ud83d\uddf3\ufe0f L\u2019ombra che ritorna da Bruxelles: il caso Ferrari colpisce Farage - BlogDiario Magazine\",\"isPartOf\":{\"@id\":\"https:\\\/\\\/blogdiario.info\\\/magazine\\\/#website\"},\"datePublished\":\"2025-10-19T06:39:07+00:00\",\"dateModified\":\"2025-10-19T06:39:44+00:00\",\"breadcrumb\":{\"@id\":\"https:\\\/\\\/blogdiario.info\\\/magazine\\\/2025\\\/10\\\/19\\\/lombra-che-ritorna-da-bruxelles-il-caso-ferrari-colpisce-farage\\\/#breadcrumb\"},\"inLanguage\":\"es-AR\",\"potentialAction\":[{\"@type\":\"ReadAction\",\"target\":[\"https:\\\/\\\/blogdiario.info\\\/magazine\\\/2025\\\/10\\\/19\\\/lombra-che-ritorna-da-bruxelles-il-caso-ferrari-colpisce-farage\\\/\"]}]},{\"@type\":\"BreadcrumbList\",\"@id\":\"https:\\\/\\\/blogdiario.info\\\/magazine\\\/2025\\\/10\\\/19\\\/lombra-che-ritorna-da-bruxelles-il-caso-ferrari-colpisce-farage\\\/#breadcrumb\",\"itemListElement\":[{\"@type\":\"ListItem\",\"position\":1,\"name\":\"Home\",\"item\":\"https:\\\/\\\/blogdiario.info\\\/magazine\\\/\"},{\"@type\":\"ListItem\",\"position\":2,\"name\":\"\ud83d\uddde\ufe0f\u2696\ufe0f\ud83d\uddf3\ufe0f L\u2019ombra che ritorna da Bruxelles: il caso Ferrari colpisce Farage\"}]},{\"@type\":\"WebSite\",\"@id\":\"https:\\\/\\\/blogdiario.info\\\/magazine\\\/#website\",\"url\":\"https:\\\/\\\/blogdiario.info\\\/magazine\\\/\",\"name\":\"BlogDiario Magazine\",\"description\":\"Suplemento multiling\u00fce de ElCanillita.Info\",\"publisher\":{\"@id\":\"https:\\\/\\\/blogdiario.info\\\/magazine\\\/#organization\"},\"potentialAction\":[{\"@type\":\"SearchAction\",\"target\":{\"@type\":\"EntryPoint\",\"urlTemplate\":\"https:\\\/\\\/blogdiario.info\\\/magazine\\\/?s={search_term_string}\"},\"query-input\":{\"@type\":\"PropertyValueSpecification\",\"valueRequired\":true,\"valueName\":\"search_term_string\"}}],\"inLanguage\":\"es-AR\"},{\"@type\":\"Organization\",\"@id\":\"https:\\\/\\\/blogdiario.info\\\/magazine\\\/#organization\",\"name\":\"Guzzo Photos & Graphic Publications\",\"url\":\"https:\\\/\\\/blogdiario.info\\\/magazine\\\/\",\"logo\":{\"@type\":\"ImageObject\",\"inLanguage\":\"es-AR\",\"@id\":\"https:\\\/\\\/blogdiario.info\\\/magazine\\\/#\\\/schema\\\/logo\\\/image\\\/\",\"url\":\"https:\\\/\\\/blogdiario.info\\\/magazine\\\/images\\\/2020\\\/01\\\/cropped-blogdia_magazine.jpg\",\"contentUrl\":\"https:\\\/\\\/blogdiario.info\\\/magazine\\\/images\\\/2020\\\/01\\\/cropped-blogdia_magazine.jpg\",\"width\":589,\"height\":55,\"caption\":\"Guzzo Photos & Graphic Publications\"},\"image\":{\"@id\":\"https:\\\/\\\/blogdiario.info\\\/magazine\\\/#\\\/schema\\\/logo\\\/image\\\/\"}},{\"@type\":\"Person\",\"@id\":\"https:\\\/\\\/blogdiario.info\\\/magazine\\\/#\\\/schema\\\/person\\\/b2422fe85574d945bad55513bb0c7354\",\"name\":\"World Press Service | Servicio de Prensa Mundial\"}]}<\/script>\n<!-- \/ Yoast SEO plugin. -->","yoast_head_json":{"title":"\ud83d\uddde\ufe0f\u2696\ufe0f\ud83d\uddf3\ufe0f L\u2019ombra che ritorna da Bruxelles: il caso Ferrari colpisce Farage - BlogDiario Magazine","robots":{"index":"index","follow":"follow","max-snippet":"max-snippet:-1","max-image-preview":"max-image-preview:large","max-video-preview":"max-video-preview:-1"},"canonical":"https:\/\/blogdiario.info\/magazine\/2025\/10\/19\/lombra-che-ritorna-da-bruxelles-il-caso-ferrari-colpisce-farage\/","og_locale":"es_ES","og_type":"article","og_title":"\ud83d\uddde\ufe0f\u2696\ufe0f\ud83d\uddf3\ufe0f L\u2019ombra che ritorna da Bruxelles: il caso Ferrari colpisce Farage - BlogDiario Magazine","og_description":"Laure Ferrari, compagna di Nigel Farage, affronta un processo per presunta frode nella capitale dell\u2019UE. Nessuna accusa contro il leader di Reform UK, ma lo scandalo minaccia la sua narrazione politica e riapre vecchie crepe del suo passato europeo.","og_url":"https:\/\/blogdiario.info\/magazine\/2025\/10\/19\/lombra-che-ritorna-da-bruxelles-il-caso-ferrari-colpisce-farage\/","og_site_name":"BlogDiario Magazine","article_published_time":"2025-10-19T06:39:07+00:00","article_modified_time":"2025-10-19T06:39:44+00:00","author":"World Press Service | Servicio de Prensa Mundial","twitter_card":"summary_large_image","twitter_misc":{"Escrito por":"World Press Service | Servicio de Prensa Mundial","Tiempo de lectura":"2 minutos"},"schema":{"@context":"https:\/\/schema.org","@graph":[{"@type":"Article","@id":"https:\/\/blogdiario.info\/magazine\/2025\/10\/19\/lombra-che-ritorna-da-bruxelles-il-caso-ferrari-colpisce-farage\/#article","isPartOf":{"@id":"https:\/\/blogdiario.info\/magazine\/2025\/10\/19\/lombra-che-ritorna-da-bruxelles-il-caso-ferrari-colpisce-farage\/"},"author":{"name":"World Press Service | Servicio de Prensa Mundial","@id":"https:\/\/blogdiario.info\/magazine\/#\/schema\/person\/b2422fe85574d945bad55513bb0c7354"},"headline":"\ud83d\uddde\ufe0f\u2696\ufe0f\ud83d\uddf3\ufe0f L\u2019ombra che ritorna da Bruxelles: il caso Ferrari colpisce Farage","datePublished":"2025-10-19T06:39:07+00:00","dateModified":"2025-10-19T06:39:44+00:00","mainEntityOfPage":{"@id":"https:\/\/blogdiario.info\/magazine\/2025\/10\/19\/lombra-che-ritorna-da-bruxelles-il-caso-ferrari-colpisce-farage\/"},"wordCount":504,"publisher":{"@id":"https:\/\/blogdiario.info\/magazine\/#organization"},"keywords":["Regno Unito"],"articleSection":[".",".","Attualit\u00e0","Giustizia","Politica"],"inLanguage":"es-AR"},{"@type":"WebPage","@id":"https:\/\/blogdiario.info\/magazine\/2025\/10\/19\/lombra-che-ritorna-da-bruxelles-il-caso-ferrari-colpisce-farage\/","url":"https:\/\/blogdiario.info\/magazine\/2025\/10\/19\/lombra-che-ritorna-da-bruxelles-il-caso-ferrari-colpisce-farage\/","name":"\ud83d\uddde\ufe0f\u2696\ufe0f\ud83d\uddf3\ufe0f L\u2019ombra che ritorna da Bruxelles: il caso Ferrari colpisce Farage - BlogDiario Magazine","isPartOf":{"@id":"https:\/\/blogdiario.info\/magazine\/#website"},"datePublished":"2025-10-19T06:39:07+00:00","dateModified":"2025-10-19T06:39:44+00:00","breadcrumb":{"@id":"https:\/\/blogdiario.info\/magazine\/2025\/10\/19\/lombra-che-ritorna-da-bruxelles-il-caso-ferrari-colpisce-farage\/#breadcrumb"},"inLanguage":"es-AR","potentialAction":[{"@type":"ReadAction","target":["https:\/\/blogdiario.info\/magazine\/2025\/10\/19\/lombra-che-ritorna-da-bruxelles-il-caso-ferrari-colpisce-farage\/"]}]},{"@type":"BreadcrumbList","@id":"https:\/\/blogdiario.info\/magazine\/2025\/10\/19\/lombra-che-ritorna-da-bruxelles-il-caso-ferrari-colpisce-farage\/#breadcrumb","itemListElement":[{"@type":"ListItem","position":1,"name":"Home","item":"https:\/\/blogdiario.info\/magazine\/"},{"@type":"ListItem","position":2,"name":"\ud83d\uddde\ufe0f\u2696\ufe0f\ud83d\uddf3\ufe0f L\u2019ombra che ritorna da Bruxelles: il caso Ferrari colpisce Farage"}]},{"@type":"WebSite","@id":"https:\/\/blogdiario.info\/magazine\/#website","url":"https:\/\/blogdiario.info\/magazine\/","name":"BlogDiario Magazine","description":"Suplemento multiling\u00fce de ElCanillita.Info","publisher":{"@id":"https:\/\/blogdiario.info\/magazine\/#organization"},"potentialAction":[{"@type":"SearchAction","target":{"@type":"EntryPoint","urlTemplate":"https:\/\/blogdiario.info\/magazine\/?s={search_term_string}"},"query-input":{"@type":"PropertyValueSpecification","valueRequired":true,"valueName":"search_term_string"}}],"inLanguage":"es-AR"},{"@type":"Organization","@id":"https:\/\/blogdiario.info\/magazine\/#organization","name":"Guzzo Photos & Graphic Publications","url":"https:\/\/blogdiario.info\/magazine\/","logo":{"@type":"ImageObject","inLanguage":"es-AR","@id":"https:\/\/blogdiario.info\/magazine\/#\/schema\/logo\/image\/","url":"https:\/\/blogdiario.info\/magazine\/images\/2020\/01\/cropped-blogdia_magazine.jpg","contentUrl":"https:\/\/blogdiario.info\/magazine\/images\/2020\/01\/cropped-blogdia_magazine.jpg","width":589,"height":55,"caption":"Guzzo Photos & Graphic Publications"},"image":{"@id":"https:\/\/blogdiario.info\/magazine\/#\/schema\/logo\/image\/"}},{"@type":"Person","@id":"https:\/\/blogdiario.info\/magazine\/#\/schema\/person\/b2422fe85574d945bad55513bb0c7354","name":"World Press Service | Servicio de Prensa Mundial"}]}},"views":166,"_links":{"self":[{"href":"https:\/\/blogdiario.info\/magazine\/wp-json\/wp\/v2\/posts\/2573","targetHints":{"allow":["GET"]}}],"collection":[{"href":"https:\/\/blogdiario.info\/magazine\/wp-json\/wp\/v2\/posts"}],"about":[{"href":"https:\/\/blogdiario.info\/magazine\/wp-json\/wp\/v2\/types\/post"}],"author":[{"embeddable":true,"href":"https:\/\/blogdiario.info\/magazine\/wp-json\/wp\/v2\/users\/1"}],"replies":[{"embeddable":true,"href":"https:\/\/blogdiario.info\/magazine\/wp-json\/wp\/v2\/comments?post=2573"}],"version-history":[{"count":0,"href":"https:\/\/blogdiario.info\/magazine\/wp-json\/wp\/v2\/posts\/2573\/revisions"}],"wp:attachment":[{"href":"https:\/\/blogdiario.info\/magazine\/wp-json\/wp\/v2\/media?parent=2573"}],"wp:term":[{"taxonomy":"category","embeddable":true,"href":"https:\/\/blogdiario.info\/magazine\/wp-json\/wp\/v2\/categories?post=2573"},{"taxonomy":"post_tag","embeddable":true,"href":"https:\/\/blogdiario.info\/magazine\/wp-json\/wp\/v2\/tags?post=2573"}],"curies":[{"name":"wp","href":"https:\/\/api.w.org\/{rel}","templated":true}]}}