{"id":2572,"date":"2025-10-19T06:59:53","date_gmt":"2025-10-19T05:59:53","guid":{"rendered":"https:\/\/blogdiario.info\/magazine\/?p=2572"},"modified":"2025-10-19T07:07:45","modified_gmt":"2025-10-19T06:07:45","slug":"la-sombra-que-vuelve-desde-bruselas-el-caso-ferrari-golpea-a-farage","status":"publish","type":"post","link":"https:\/\/blogdiario.info\/magazine\/2025\/10\/19\/la-sombra-que-vuelve-desde-bruselas-el-caso-ferrari-golpea-a-farage\/","title":{"rendered":"\ud83d\uddde\ufe0f\u2696\ufe0f\ud83d\uddf3\ufe0f La sombra que vuelve desde Bruselas: el caso Ferrari golpea a Farage"},"content":{"rendered":"\n<p class=\"p1\">En pol\u00edtica, las biograf\u00edas no solo se escriben con lo que se hace, sino con aquello de lo que uno intenta escapar. Nigel Farage lo sabe: pas\u00f3 dos d\u00e9cadas en Bruselas denunciando un sistema al que pertenec\u00eda con entusiasmo salarial, antes de reinventarse como cruzado del Brexit. Ahora, iron\u00edas del destino, es Bruselas la que vuelve a tocar su puerta.<\/p>\n\n\n\n<p class=\"p1\">La justicia belga dictar\u00e1 el 5 de noviembre una sentencia clave en la investigaci\u00f3n por fraude que involucra al Instituto para la Democracia Directa en Europa (IDDE), un think tank euroesc\u00e9ptico dirigido por Laure Ferrari, hoy pareja del l\u00edder de Reforma UK. La Oficina Antifraude de la Comisi\u00f3n Europea (OLAF) detect\u00f3 presuntas irregularidades en el uso de fondos p\u00fablicos entre 2014 y 2016 y recomend\u00f3 acciones penales.<\/p>\n\n\n\n<p class=\"p1\">Ferrari sostiene que todo se trata de una operaci\u00f3n pol\u00edtica, nacida \u2014seg\u00fan ella\u2014 en \u201csectores hostiles del Parlamento Europeo\u201d. Sin embargo, el caso est\u00e1 lejos de ser una disputa ideol\u00f3gica: los jueces analizar\u00e1n gastos injustificados, contratos supuestamente direccionados y donantes premiados con beneficios opacos. Bruselas, cuando decide morder, no suele soltar.<\/p>\n\n\n\n<p class=\"p1\">Farage no est\u00e1 imputado ni investigado. Pero no es necesario estar sentado en el banquillo para sufrir un desgaste pol\u00edtico. Su campa\u00f1a para presentarse como un primer ministro \u201clibre de esc\u00e1ndalos y comprometido con la transparencia\u201d ha recibido una bomba de humo que puede volverse permanente. Sobre todo porque el expediente judicial vuelve a vincularlo con un viejo universo que hoy reniega: las estructuras pol\u00edticas europeas que tanto dinero le reportaron.<\/p>\n\n\n\n<p class=\"p1\">El caso, adem\u00e1s, no llega en un vac\u00edo. Ferrari estuvo recientemente en los tabloides brit\u00e1nicos por la compra en efectivo de una casa de \u00a3885.000 en Essex, operaci\u00f3n que permiti\u00f3 a Farage esquivar el recargo fiscal sobre segundas residencias. Su respuesta fue torpe: primero dijo que la casa era suya, luego que era de ella, despu\u00e9s que se hab\u00eda expresado mal. El resultado: m\u00e1s preguntas que respuestas sobre el origen del dinero.<\/p>\n\n\n\n<p class=\"p1\">El riesgo inmediato no es judicial, sino narrativo. Farage ha construido su poder sobre una idea sencilla: \u00e9l habla \u201cclaro\u201d mientras el sistema miente. Ahora es \u00e9l quien debe explicar, con demasiadas precisiones contables, aquello que no encaja. Y cuando la pol\u00edtica entra en modo calculadora, la \u00e9pica se evapora.<\/p>\n\n\n\n<p class=\"p1\">Bruselas entregar\u00e1 su veredicto en noviembre. No ser\u00e1 un terremoto legal para Farage, pero s\u00ed para su imagen: cada vez que denuncie corrupci\u00f3n ajena, alguien recordar\u00e1 que el viento tambi\u00e9n sopl\u00f3 en su casa. Y si algo detesta cualquier tribuno populista es perder el monopolio de la acusaci\u00f3n moral.<\/p>\n\n\n\n<p class=\"p1\">En el tablero pol\u00edtico brit\u00e1nico, las causas judiciales no siempre definen liderazgos. Pero siempre revelan algo esencial: qui\u00e9n es capaz de sobrevivir a la verdad inc\u00f3moda. Farage est\u00e1 a punto de averiguarlo.<\/p>\n\n\n\n<p><\/p>\n\n\n\n<p>&nbsp;\u270d\ufe0f \u00a9\ufe0f 2025 ElCanillita.info \u2013 All Rights Reserved<\/p>\n\n\n<p><small>\u00a9\ufe0f2025  Guzzo Photos  &#038; Graphic Publications \u2013 All Rights Reserved \u2013 Copyright \u00a9\ufe0f 2025 SalaStampa.eu, world press service \u2013 Guzzo Photos &#038; Graphic Publications \u2013 Registro Editori e Stampatori n. 1441 Turin, Italy<\/small><\/p>\n\n\n<p><\/p>\n\n\n\n<p><\/p>\n","protected":false},"excerpt":{"rendered":"<p>Laure Ferrari, pareja de Nigel Farage, encara un proceso por presunto fraude en la capital de la UE. No hay cargos contra el l\u00edder de Reforma UK, pero el esc\u00e1ndalo amenaza su narrativa pol\u00edtica y reabre viejas grietas de su pasado europeo.<\/p>\n","protected":false},"author":1,"featured_media":0,"comment_status":"closed","ping_status":"closed","sticky":false,"template":"","format":"standard","meta":{"footnotes":"","_links_to":"","_links_to_target":""},"categories":[97,109,62,124,46,40,41,138,43],"tags":[117,102],"class_list":["post-2572","post","type-post","status-publish","format-standard","hentry","category-elcanillita","category-dc24","category-actualidad","category-diplomacia","category-europa","category-justicia","category-politica-esp","category-reino-unido","category-sociedad","tag-reino-unido","tag-union-europea","entry","rows"],"yoast_head":"<!-- This site is optimized with the Yoast SEO plugin v27.4 - https:\/\/yoast.com\/product\/yoast-seo-wordpress\/ -->\n<title>\ud83d\uddde\ufe0f\u2696\ufe0f\ud83d\uddf3\ufe0f La sombra que vuelve desde Bruselas: el caso Ferrari golpea a Farage - BlogDiario Magazine<\/title>\n<meta name=\"robots\" content=\"index, follow, max-snippet:-1, max-image-preview:large, max-video-preview:-1\" \/>\n<link rel=\"canonical\" href=\"https:\/\/blogdiario.info\/magazine\/2025\/10\/19\/la-sombra-que-vuelve-desde-bruselas-el-caso-ferrari-golpea-a-farage\/\" \/>\n<meta property=\"og:locale\" content=\"es_ES\" \/>\n<meta property=\"og:type\" content=\"article\" \/>\n<meta property=\"og:title\" content=\"\ud83d\uddde\ufe0f\u2696\ufe0f\ud83d\uddf3\ufe0f La sombra que vuelve desde Bruselas: el caso Ferrari golpea a Farage - BlogDiario Magazine\" \/>\n<meta property=\"og:description\" content=\"Laure Ferrari, pareja de Nigel Farage, encara un proceso por presunto fraude en la capital de la UE. No hay cargos contra el l\u00edder de Reforma UK, pero el esc\u00e1ndalo amenaza su narrativa pol\u00edtica y reabre viejas grietas de su pasado europeo.\" \/>\n<meta property=\"og:url\" content=\"https:\/\/blogdiario.info\/magazine\/2025\/10\/19\/la-sombra-que-vuelve-desde-bruselas-el-caso-ferrari-golpea-a-farage\/\" \/>\n<meta property=\"og:site_name\" content=\"BlogDiario Magazine\" \/>\n<meta property=\"article:published_time\" content=\"2025-10-19T05:59:53+00:00\" \/>\n<meta property=\"article:modified_time\" content=\"2025-10-19T06:07:45+00:00\" \/>\n<meta name=\"author\" content=\"World Press Service | Servicio de Prensa Mundial\" \/>\n<meta name=\"twitter:card\" content=\"summary_large_image\" \/>\n<meta name=\"twitter:label1\" content=\"Escrito por\" \/>\n\t<meta name=\"twitter:data1\" content=\"World Press Service | Servicio de Prensa Mundial\" \/>\n\t<meta name=\"twitter:label2\" content=\"Tiempo de lectura\" \/>\n\t<meta name=\"twitter:data2\" content=\"3 minutos\" \/>\n<script type=\"application\/ld+json\" class=\"yoast-schema-graph\">{\"@context\":\"https:\\\/\\\/schema.org\",\"@graph\":[{\"@type\":\"Article\",\"@id\":\"https:\\\/\\\/blogdiario.info\\\/magazine\\\/2025\\\/10\\\/19\\\/la-sombra-que-vuelve-desde-bruselas-el-caso-ferrari-golpea-a-farage\\\/#article\",\"isPartOf\":{\"@id\":\"https:\\\/\\\/blogdiario.info\\\/magazine\\\/2025\\\/10\\\/19\\\/la-sombra-que-vuelve-desde-bruselas-el-caso-ferrari-golpea-a-farage\\\/\"},\"author\":{\"name\":\"World Press Service | Servicio de Prensa Mundial\",\"@id\":\"https:\\\/\\\/blogdiario.info\\\/magazine\\\/#\\\/schema\\\/person\\\/b2422fe85574d945bad55513bb0c7354\"},\"headline\":\"\ud83d\uddde\ufe0f\u2696\ufe0f\ud83d\uddf3\ufe0f La sombra que vuelve desde Bruselas: el caso Ferrari golpea a Farage\",\"datePublished\":\"2025-10-19T05:59:53+00:00\",\"dateModified\":\"2025-10-19T06:07:45+00:00\",\"mainEntityOfPage\":{\"@id\":\"https:\\\/\\\/blogdiario.info\\\/magazine\\\/2025\\\/10\\\/19\\\/la-sombra-que-vuelve-desde-bruselas-el-caso-ferrari-golpea-a-farage\\\/\"},\"wordCount\":524,\"publisher\":{\"@id\":\"https:\\\/\\\/blogdiario.info\\\/magazine\\\/#organization\"},\"keywords\":[\"Reino Unido\",\"Uni\u00f3n Europea\"],\"articleSection\":[\".\",\".\",\"Actualidad\",\"Diplomacia\",\"Europa\",\"Justicia\",\"Politica\",\"Reino Unido\",\"Sociedad\"],\"inLanguage\":\"es-AR\"},{\"@type\":\"WebPage\",\"@id\":\"https:\\\/\\\/blogdiario.info\\\/magazine\\\/2025\\\/10\\\/19\\\/la-sombra-que-vuelve-desde-bruselas-el-caso-ferrari-golpea-a-farage\\\/\",\"url\":\"https:\\\/\\\/blogdiario.info\\\/magazine\\\/2025\\\/10\\\/19\\\/la-sombra-que-vuelve-desde-bruselas-el-caso-ferrari-golpea-a-farage\\\/\",\"name\":\"\ud83d\uddde\ufe0f\u2696\ufe0f\ud83d\uddf3\ufe0f La sombra que vuelve desde Bruselas: el caso Ferrari golpea a Farage - BlogDiario Magazine\",\"isPartOf\":{\"@id\":\"https:\\\/\\\/blogdiario.info\\\/magazine\\\/#website\"},\"datePublished\":\"2025-10-19T05:59:53+00:00\",\"dateModified\":\"2025-10-19T06:07:45+00:00\",\"breadcrumb\":{\"@id\":\"https:\\\/\\\/blogdiario.info\\\/magazine\\\/2025\\\/10\\\/19\\\/la-sombra-que-vuelve-desde-bruselas-el-caso-ferrari-golpea-a-farage\\\/#breadcrumb\"},\"inLanguage\":\"es-AR\",\"potentialAction\":[{\"@type\":\"ReadAction\",\"target\":[\"https:\\\/\\\/blogdiario.info\\\/magazine\\\/2025\\\/10\\\/19\\\/la-sombra-que-vuelve-desde-bruselas-el-caso-ferrari-golpea-a-farage\\\/\"]}]},{\"@type\":\"BreadcrumbList\",\"@id\":\"https:\\\/\\\/blogdiario.info\\\/magazine\\\/2025\\\/10\\\/19\\\/la-sombra-que-vuelve-desde-bruselas-el-caso-ferrari-golpea-a-farage\\\/#breadcrumb\",\"itemListElement\":[{\"@type\":\"ListItem\",\"position\":1,\"name\":\"Home\",\"item\":\"https:\\\/\\\/blogdiario.info\\\/magazine\\\/\"},{\"@type\":\"ListItem\",\"position\":2,\"name\":\"\ud83d\uddde\ufe0f\u2696\ufe0f\ud83d\uddf3\ufe0f La sombra que vuelve desde Bruselas: el caso Ferrari golpea a Farage\"}]},{\"@type\":\"WebSite\",\"@id\":\"https:\\\/\\\/blogdiario.info\\\/magazine\\\/#website\",\"url\":\"https:\\\/\\\/blogdiario.info\\\/magazine\\\/\",\"name\":\"BlogDiario Magazine\",\"description\":\"Suplemento multiling\u00fce de ElCanillita.Info\",\"publisher\":{\"@id\":\"https:\\\/\\\/blogdiario.info\\\/magazine\\\/#organization\"},\"potentialAction\":[{\"@type\":\"SearchAction\",\"target\":{\"@type\":\"EntryPoint\",\"urlTemplate\":\"https:\\\/\\\/blogdiario.info\\\/magazine\\\/?s={search_term_string}\"},\"query-input\":{\"@type\":\"PropertyValueSpecification\",\"valueRequired\":true,\"valueName\":\"search_term_string\"}}],\"inLanguage\":\"es-AR\"},{\"@type\":\"Organization\",\"@id\":\"https:\\\/\\\/blogdiario.info\\\/magazine\\\/#organization\",\"name\":\"Guzzo Photos & Graphic Publications\",\"url\":\"https:\\\/\\\/blogdiario.info\\\/magazine\\\/\",\"logo\":{\"@type\":\"ImageObject\",\"inLanguage\":\"es-AR\",\"@id\":\"https:\\\/\\\/blogdiario.info\\\/magazine\\\/#\\\/schema\\\/logo\\\/image\\\/\",\"url\":\"https:\\\/\\\/blogdiario.info\\\/magazine\\\/images\\\/2020\\\/01\\\/cropped-blogdia_magazine.jpg\",\"contentUrl\":\"https:\\\/\\\/blogdiario.info\\\/magazine\\\/images\\\/2020\\\/01\\\/cropped-blogdia_magazine.jpg\",\"width\":589,\"height\":55,\"caption\":\"Guzzo Photos & Graphic Publications\"},\"image\":{\"@id\":\"https:\\\/\\\/blogdiario.info\\\/magazine\\\/#\\\/schema\\\/logo\\\/image\\\/\"}},{\"@type\":\"Person\",\"@id\":\"https:\\\/\\\/blogdiario.info\\\/magazine\\\/#\\\/schema\\\/person\\\/b2422fe85574d945bad55513bb0c7354\",\"name\":\"World Press Service | Servicio de Prensa Mundial\"}]}<\/script>\n<!-- \/ Yoast SEO plugin. -->","yoast_head_json":{"title":"\ud83d\uddde\ufe0f\u2696\ufe0f\ud83d\uddf3\ufe0f La sombra que vuelve desde Bruselas: el caso Ferrari golpea a Farage - BlogDiario Magazine","robots":{"index":"index","follow":"follow","max-snippet":"max-snippet:-1","max-image-preview":"max-image-preview:large","max-video-preview":"max-video-preview:-1"},"canonical":"https:\/\/blogdiario.info\/magazine\/2025\/10\/19\/la-sombra-que-vuelve-desde-bruselas-el-caso-ferrari-golpea-a-farage\/","og_locale":"es_ES","og_type":"article","og_title":"\ud83d\uddde\ufe0f\u2696\ufe0f\ud83d\uddf3\ufe0f La sombra que vuelve desde Bruselas: el caso Ferrari golpea a Farage - BlogDiario Magazine","og_description":"Laure Ferrari, pareja de Nigel Farage, encara un proceso por presunto fraude en la capital de la UE. No hay cargos contra el l\u00edder de Reforma UK, pero el esc\u00e1ndalo amenaza su narrativa pol\u00edtica y reabre viejas grietas de su pasado europeo.","og_url":"https:\/\/blogdiario.info\/magazine\/2025\/10\/19\/la-sombra-que-vuelve-desde-bruselas-el-caso-ferrari-golpea-a-farage\/","og_site_name":"BlogDiario Magazine","article_published_time":"2025-10-19T05:59:53+00:00","article_modified_time":"2025-10-19T06:07:45+00:00","author":"World Press Service | Servicio de Prensa Mundial","twitter_card":"summary_large_image","twitter_misc":{"Escrito por":"World Press Service | Servicio de Prensa Mundial","Tiempo de lectura":"3 minutos"},"schema":{"@context":"https:\/\/schema.org","@graph":[{"@type":"Article","@id":"https:\/\/blogdiario.info\/magazine\/2025\/10\/19\/la-sombra-que-vuelve-desde-bruselas-el-caso-ferrari-golpea-a-farage\/#article","isPartOf":{"@id":"https:\/\/blogdiario.info\/magazine\/2025\/10\/19\/la-sombra-que-vuelve-desde-bruselas-el-caso-ferrari-golpea-a-farage\/"},"author":{"name":"World Press Service | Servicio de Prensa Mundial","@id":"https:\/\/blogdiario.info\/magazine\/#\/schema\/person\/b2422fe85574d945bad55513bb0c7354"},"headline":"\ud83d\uddde\ufe0f\u2696\ufe0f\ud83d\uddf3\ufe0f La sombra que vuelve desde Bruselas: el caso Ferrari golpea a Farage","datePublished":"2025-10-19T05:59:53+00:00","dateModified":"2025-10-19T06:07:45+00:00","mainEntityOfPage":{"@id":"https:\/\/blogdiario.info\/magazine\/2025\/10\/19\/la-sombra-que-vuelve-desde-bruselas-el-caso-ferrari-golpea-a-farage\/"},"wordCount":524,"publisher":{"@id":"https:\/\/blogdiario.info\/magazine\/#organization"},"keywords":["Reino Unido","Uni\u00f3n Europea"],"articleSection":[".",".","Actualidad","Diplomacia","Europa","Justicia","Politica","Reino Unido","Sociedad"],"inLanguage":"es-AR"},{"@type":"WebPage","@id":"https:\/\/blogdiario.info\/magazine\/2025\/10\/19\/la-sombra-que-vuelve-desde-bruselas-el-caso-ferrari-golpea-a-farage\/","url":"https:\/\/blogdiario.info\/magazine\/2025\/10\/19\/la-sombra-que-vuelve-desde-bruselas-el-caso-ferrari-golpea-a-farage\/","name":"\ud83d\uddde\ufe0f\u2696\ufe0f\ud83d\uddf3\ufe0f La sombra que vuelve desde Bruselas: el caso Ferrari golpea a Farage - BlogDiario Magazine","isPartOf":{"@id":"https:\/\/blogdiario.info\/magazine\/#website"},"datePublished":"2025-10-19T05:59:53+00:00","dateModified":"2025-10-19T06:07:45+00:00","breadcrumb":{"@id":"https:\/\/blogdiario.info\/magazine\/2025\/10\/19\/la-sombra-que-vuelve-desde-bruselas-el-caso-ferrari-golpea-a-farage\/#breadcrumb"},"inLanguage":"es-AR","potentialAction":[{"@type":"ReadAction","target":["https:\/\/blogdiario.info\/magazine\/2025\/10\/19\/la-sombra-que-vuelve-desde-bruselas-el-caso-ferrari-golpea-a-farage\/"]}]},{"@type":"BreadcrumbList","@id":"https:\/\/blogdiario.info\/magazine\/2025\/10\/19\/la-sombra-que-vuelve-desde-bruselas-el-caso-ferrari-golpea-a-farage\/#breadcrumb","itemListElement":[{"@type":"ListItem","position":1,"name":"Home","item":"https:\/\/blogdiario.info\/magazine\/"},{"@type":"ListItem","position":2,"name":"\ud83d\uddde\ufe0f\u2696\ufe0f\ud83d\uddf3\ufe0f La sombra que vuelve desde Bruselas: el caso Ferrari golpea a Farage"}]},{"@type":"WebSite","@id":"https:\/\/blogdiario.info\/magazine\/#website","url":"https:\/\/blogdiario.info\/magazine\/","name":"BlogDiario Magazine","description":"Suplemento multiling\u00fce de ElCanillita.Info","publisher":{"@id":"https:\/\/blogdiario.info\/magazine\/#organization"},"potentialAction":[{"@type":"SearchAction","target":{"@type":"EntryPoint","urlTemplate":"https:\/\/blogdiario.info\/magazine\/?s={search_term_string}"},"query-input":{"@type":"PropertyValueSpecification","valueRequired":true,"valueName":"search_term_string"}}],"inLanguage":"es-AR"},{"@type":"Organization","@id":"https:\/\/blogdiario.info\/magazine\/#organization","name":"Guzzo Photos & Graphic Publications","url":"https:\/\/blogdiario.info\/magazine\/","logo":{"@type":"ImageObject","inLanguage":"es-AR","@id":"https:\/\/blogdiario.info\/magazine\/#\/schema\/logo\/image\/","url":"https:\/\/blogdiario.info\/magazine\/images\/2020\/01\/cropped-blogdia_magazine.jpg","contentUrl":"https:\/\/blogdiario.info\/magazine\/images\/2020\/01\/cropped-blogdia_magazine.jpg","width":589,"height":55,"caption":"Guzzo Photos & Graphic Publications"},"image":{"@id":"https:\/\/blogdiario.info\/magazine\/#\/schema\/logo\/image\/"}},{"@type":"Person","@id":"https:\/\/blogdiario.info\/magazine\/#\/schema\/person\/b2422fe85574d945bad55513bb0c7354","name":"World Press Service | Servicio de Prensa Mundial"}]}},"views":219,"_links":{"self":[{"href":"https:\/\/blogdiario.info\/magazine\/wp-json\/wp\/v2\/posts\/2572","targetHints":{"allow":["GET"]}}],"collection":[{"href":"https:\/\/blogdiario.info\/magazine\/wp-json\/wp\/v2\/posts"}],"about":[{"href":"https:\/\/blogdiario.info\/magazine\/wp-json\/wp\/v2\/types\/post"}],"author":[{"embeddable":true,"href":"https:\/\/blogdiario.info\/magazine\/wp-json\/wp\/v2\/users\/1"}],"replies":[{"embeddable":true,"href":"https:\/\/blogdiario.info\/magazine\/wp-json\/wp\/v2\/comments?post=2572"}],"version-history":[{"count":0,"href":"https:\/\/blogdiario.info\/magazine\/wp-json\/wp\/v2\/posts\/2572\/revisions"}],"wp:attachment":[{"href":"https:\/\/blogdiario.info\/magazine\/wp-json\/wp\/v2\/media?parent=2572"}],"wp:term":[{"taxonomy":"category","embeddable":true,"href":"https:\/\/blogdiario.info\/magazine\/wp-json\/wp\/v2\/categories?post=2572"},{"taxonomy":"post_tag","embeddable":true,"href":"https:\/\/blogdiario.info\/magazine\/wp-json\/wp\/v2\/tags?post=2572"}],"curies":[{"name":"wp","href":"https:\/\/api.w.org\/{rel}","templated":true}]}}