{"id":2543,"date":"2025-10-09T23:57:09","date_gmt":"2025-10-09T22:57:09","guid":{"rendered":"https:\/\/blogdiario.info\/magazine\/?p=2543"},"modified":"2025-10-09T23:57:09","modified_gmt":"2025-10-09T22:57:09","slug":"el-mercante-de-la-muerte-premiara-la-paz","status":"publish","type":"post","link":"https:\/\/blogdiario.info\/magazine\/2025\/10\/09\/el-mercante-de-la-muerte-premiara-la-paz\/","title":{"rendered":"El mercante de la muerte premiar\u00e1 La Paz"},"content":{"rendered":"\n<figure class=\"wp-block-image size-large\"><img loading=\"lazy\" decoding=\"async\" width=\"1024\" height=\"1024\" src=\"https:\/\/blogdiario.info\/magazine\/images\/2025\/10\/img_0802.jpg\" alt=\"\" class=\"wp-image-2546\" srcset=\"https:\/\/blogdiario.info\/magazine\/images\/2025\/10\/img_0802.jpg 1024w, https:\/\/blogdiario.info\/magazine\/images\/2025\/10\/img_0802-300x300.jpg 300w, https:\/\/blogdiario.info\/magazine\/images\/2025\/10\/img_0802-150x150.jpg 150w, https:\/\/blogdiario.info\/magazine\/images\/2025\/10\/img_0802-768x768.jpg 768w\" sizes=\"auto, (max-width: 1024px) 100vw, 1024px\" \/><\/figure>\n\n\n\n<p class=\"p1\">Washington \/ Sharm el-Sheikh \u2013 Edici\u00f3n internacional con chispa y diplomacia de alto voltaje<\/p>\n\n\n\n<p class=\"p1\">Donald Trump, sonriente y dorado como nunca, se asom\u00f3 al Sal\u00f3n Oval para anunciar lo que muchos cre\u00edan imposible: Israel y Ham\u00e1s firmaron el acuerdo de paz de Gaza.<\/p>\n\n\n\n<p class=\"p1\">\u201cLos rehenes deber\u00edan ser liberados el lunes o el martes\u201d, proclam\u00f3 el magnate ante su gabinete, mientras preparaba maletas para su gira triunfal por Oriente Medio.<\/p>\n\n\n\n<p class=\"p1\">El documento fue rubricado en Sharm el-Sheikh, con mediaci\u00f3n de Egipto, Qatar y Turqu\u00eda bajo la supervisi\u00f3n directa de Washington. Se trata, dicen en la Casa Blanca, del golpe diplom\u00e1tico m\u00e1s espectacular de Trump, incluso m\u00e1s que los Acuerdos de Abraham de su primer mandato.<\/p>\n\n\n\n<p class=\"p1\">Ahora, el expresidente vuelve al tablero global con un \u00fanico objetivo en mente: el Premio Nobel de la Paz.<\/p>\n\n\n\n<blockquote class=\"wp-block-quote is-layout-flow wp-block-quote-is-layout-flow\">\n<p>\u201cHemos puesto fin a la guerra; creo que esto conducir\u00e1 a una paz duradera\u201d, declar\u00f3 el republicano, que planea viajar el domingo a Egipto y luego a Israel, donde podr\u00eda convertirse en el primer presidente estadounidense en dirigirse a la Kn\u00e9set.<\/p>\n<\/blockquote>\n\n\n\n<p class=\"p1\">El primer ministro Benjamin Netanyahu confirm\u00f3 una conversaci\u00f3n \u201cmuy emotiva y c\u00e1lida\u201d, y no tard\u00f3 en sumarse al coro \u2014que incluye al New York Times\u2014 que ya propone el nombre de Trump para el Nobel.<\/p>\n\n\n\n<p class=\"p4\">De la tregua al tablero mundial<\/p>\n\n\n\n<p class=\"p1\">El acuerdo prev\u00e9 una liberaci\u00f3n gradual de rehenes: 48 israel\u00edes, de los cuales 20 seguir\u00edan con vida, a cambio de 1.950 prisioneros palestinos, incluidos 250 condenados a cadena perpetua.<\/p>\n\n\n\n<p class=\"p1\">Israel vet\u00f3 la liberaci\u00f3n de Marwan Barghouti y Ahmad Saadat, pero acept\u00f3 la devoluci\u00f3n de 360 cuerpos de combatientes de Ham\u00e1s.<\/p>\n\n\n\n<p class=\"p1\">La tregua comenzar\u00e1 24 horas despu\u00e9s de su ratificaci\u00f3n en el gabinete israel\u00ed. No sin resistencia: los ministros ultranacionalistas Bezalel Smotrich e Itamar Ben Gvir ya anunciaron su oposici\u00f3n frontal.<\/p>\n\n\n\n<p class=\"p1\">Las Fuerzas de Defensa de Israel (FDI) se retirar\u00e1n hacia la l\u00ednea amarilla, manteniendo el control de un 53 % del territorio. En 72 horas, todos los rehenes deber\u00edan estar de regreso.<\/p>\n\n\n\n<p class=\"p4\">El Nobel y los fantasmas<\/p>\n\n\n\n<p class=\"p1\">Mientras el mundo celebra, los observadores apuntan a la fase m\u00e1s dif\u00edcil del plan: la reconstrucci\u00f3n y el gobierno de Gaza, la creaci\u00f3n de una fuerza internacional de paz bajo auspicio de la ONU y el desarme total de Ham\u00e1s.<\/p>\n\n\n\n<p class=\"p1\">En Par\u00eds, los ministros de Asuntos Exteriores occidentales y \u00e1rabes \u2014entre ellos Antonio Tajani por Italia\u2014 coincidieron en que la colonizaci\u00f3n de Cisjordania sigue siendo \u201cuna amenaza existencial para el Estado de Palestina\u201d.<\/p>\n\n\n\n<p class=\"p1\">Macron, fiel a su estilo, advirti\u00f3 que \u201cla paz no puede cimentarse sobre los cimientos de una nueva ocupaci\u00f3n\u201d.<\/p>\n\n\n\n<p class=\"p1\">Trump, por su parte, prefiri\u00f3 la ambig\u00fcedad calculada:<\/p>\n\n\n\n<blockquote class=\"wp-block-quote is-layout-flow wp-block-quote-is-layout-flow\">\n<p>\u201cNo tengo una opini\u00f3n clara sobre los dos Estados; me ce\u00f1ir\u00e9 a lo que acuerden los pueblos\u201d.<\/p>\n<\/blockquote>\n\n\n\n<p class=\"p4\">Todos los caminos conducen al Nilo<\/p>\n\n\n\n<p class=\"p1\">Egipto prepara una conferencia sobre el futuro palestino con la participaci\u00f3n de los pa\u00edses \u00e1rabes m\u00e1s ricos. Trump agradeci\u00f3 el rol de Erdogan, calific\u00e1ndolo de \u201cmagn\u00edfico mediador\u201d, y no descart\u00f3 incluso una cooperaci\u00f3n con Ir\u00e1n, despu\u00e9s de que Teher\u00e1n respaldara el acuerdo junto con Vladimir Putin.<\/p>\n\n\n\n<p class=\"p1\">En Gaza, la noticia encendi\u00f3 fuegos artificiales improvisados. En Tel Aviv, las familias de los rehenes lloraron de alivio.<\/p>\n\n\n\n<p class=\"p1\">Y en Washington, un magnate con la mirada fija en Oslo se saborea la escena:<\/p>\n\n\n\n<p class=\"p1\">el mercante de la muerte que podr\u00eda coronarse como el mercader de la paz.<\/p>\n\n\n\n<p class=\"p1\">\ud83d\udd8b\ufe0f Il Contraddittore \u2013 raccontare l\u2019Italia (e il mondo) delle regole infrante \u271d\ufe0f<\/p>\n\n\n\n<p class=\"p1\">\u00a9 2025 SalaStampa.eu \u2013 All rights reserved<\/p>\n\n\n\n<p><\/p>\n\n\n<p><small>\u00a9\ufe0f2025  Guzzo Photos  &#038; Graphic Publications \u2013 All Rights Reserved \u2013 Copyright \u00a9\ufe0f 2025 SalaStampa.eu, world press service \u2013 Guzzo Photos &#038; Graphic Publications \u2013 Registro Editori e Stampatori n. 1441 Turin, Italy<\/small><\/p>\n\n\n<p><\/p>\n","protected":false},"excerpt":{"rendered":"<p>\ud83d\udca5 El mercante de la muerte premiar\u00e1 la Paz<br \/>\nTrump logra la tregua Gaza\u2013Israel y anuncia la liberaci\u00f3n de rehenes desde el lunes.<br \/>\nNetanyahu lo felicita y el mundo ya lo propone para el Nobel.<br \/>\nEgipto, Qatar y Turqu\u00eda mediaron; Ham\u00e1s entrega 48 rehenes a cambio de 1.950 presos.<br \/>\nTrump sue\u00f1a con Oslo y con su retrato en la historia.<\/p>\n","protected":false},"author":1,"featured_media":2547,"comment_status":"closed","ping_status":"closed","sticky":false,"template":"","format":"standard","meta":{"footnotes":"","_links_to":"","_links_to_target":""},"categories":[97,109,62,151,124,119,54,134,168],"tags":[122],"class_list":["post-2543","post","type-post","status-publish","format-standard","has-post-thumbnail","hentry","category-elcanillita","category-dc24","category-actualidad","category-cisgiordania","category-diplomacia","category-guerra","category-medio-oriente","category-politicas-globales","category-sociedad-y-valores","tag-gaza","entry","rows"],"yoast_head":"<!-- This site is optimized with the Yoast SEO plugin v27.4 - https:\/\/yoast.com\/product\/yoast-seo-wordpress\/ -->\n<title>El mercante de la muerte premiar\u00e1 La Paz - BlogDiario Magazine<\/title>\n<meta name=\"robots\" content=\"index, follow, max-snippet:-1, max-image-preview:large, max-video-preview:-1\" \/>\n<link rel=\"canonical\" href=\"https:\/\/blogdiario.info\/magazine\/2025\/10\/09\/el-mercante-de-la-muerte-premiara-la-paz\/\" \/>\n<meta property=\"og:locale\" content=\"es_ES\" \/>\n<meta property=\"og:type\" content=\"article\" \/>\n<meta property=\"og:title\" content=\"El mercante de la muerte premiar\u00e1 La Paz - BlogDiario Magazine\" \/>\n<meta property=\"og:description\" content=\"\ud83d\udca5 El mercante de la muerte premiar\u00e1 la Paz Trump logra la tregua Gaza\u2013Israel y anuncia la liberaci\u00f3n de rehenes desde el lunes. Netanyahu lo felicita y el mundo ya lo propone para el Nobel. Egipto, Qatar y Turqu\u00eda mediaron; Ham\u00e1s entrega 48 rehenes a cambio de 1.950 presos. Trump sue\u00f1a con Oslo y con su retrato en la historia.\" \/>\n<meta property=\"og:url\" content=\"https:\/\/blogdiario.info\/magazine\/2025\/10\/09\/el-mercante-de-la-muerte-premiara-la-paz\/\" \/>\n<meta property=\"og:site_name\" content=\"BlogDiario Magazine\" \/>\n<meta property=\"article:published_time\" content=\"2025-10-09T22:57:09+00:00\" \/>\n<meta property=\"og:image\" content=\"https:\/\/blogdiario.info\/magazine\/images\/2025\/10\/img_0806-1.jpg\" \/>\n\t<meta property=\"og:image:width\" content=\"600\" \/>\n\t<meta property=\"og:image:height\" content=\"450\" \/>\n\t<meta property=\"og:image:type\" content=\"image\/jpeg\" \/>\n<meta name=\"author\" content=\"World Press Service | Servicio de Prensa Mundial\" \/>\n<meta name=\"twitter:card\" content=\"summary_large_image\" \/>\n<meta name=\"twitter:label1\" content=\"Escrito por\" \/>\n\t<meta name=\"twitter:data1\" content=\"World Press Service | Servicio de Prensa Mundial\" \/>\n\t<meta name=\"twitter:label2\" content=\"Tiempo de lectura\" \/>\n\t<meta name=\"twitter:data2\" content=\"3 minutos\" \/>\n<script type=\"application\/ld+json\" class=\"yoast-schema-graph\">{\"@context\":\"https:\\\/\\\/schema.org\",\"@graph\":[{\"@type\":\"Article\",\"@id\":\"https:\\\/\\\/blogdiario.info\\\/magazine\\\/2025\\\/10\\\/09\\\/el-mercante-de-la-muerte-premiara-la-paz\\\/#article\",\"isPartOf\":{\"@id\":\"https:\\\/\\\/blogdiario.info\\\/magazine\\\/2025\\\/10\\\/09\\\/el-mercante-de-la-muerte-premiara-la-paz\\\/\"},\"author\":{\"name\":\"World Press Service | Servicio de Prensa Mundial\",\"@id\":\"https:\\\/\\\/blogdiario.info\\\/magazine\\\/#\\\/schema\\\/person\\\/b2422fe85574d945bad55513bb0c7354\"},\"headline\":\"El mercante de la muerte premiar\u00e1 La Paz\",\"datePublished\":\"2025-10-09T22:57:09+00:00\",\"mainEntityOfPage\":{\"@id\":\"https:\\\/\\\/blogdiario.info\\\/magazine\\\/2025\\\/10\\\/09\\\/el-mercante-de-la-muerte-premiara-la-paz\\\/\"},\"wordCount\":634,\"publisher\":{\"@id\":\"https:\\\/\\\/blogdiario.info\\\/magazine\\\/#organization\"},\"image\":{\"@id\":\"https:\\\/\\\/blogdiario.info\\\/magazine\\\/2025\\\/10\\\/09\\\/el-mercante-de-la-muerte-premiara-la-paz\\\/#primaryimage\"},\"thumbnailUrl\":\"https:\\\/\\\/blogdiario.info\\\/magazine\\\/images\\\/2025\\\/10\\\/img_0806-1.jpg\",\"keywords\":[\"Gaza\"],\"articleSection\":[\".\",\".\",\"Actualidad\",\"Cisgiordania\",\"Diplomacia\",\"Guerra\",\"Medio Oriente\",\"Pol\u00edticas globales\",\"Sociedad y valores\"],\"inLanguage\":\"es-AR\"},{\"@type\":\"WebPage\",\"@id\":\"https:\\\/\\\/blogdiario.info\\\/magazine\\\/2025\\\/10\\\/09\\\/el-mercante-de-la-muerte-premiara-la-paz\\\/\",\"url\":\"https:\\\/\\\/blogdiario.info\\\/magazine\\\/2025\\\/10\\\/09\\\/el-mercante-de-la-muerte-premiara-la-paz\\\/\",\"name\":\"El mercante de la muerte premiar\u00e1 La Paz - BlogDiario Magazine\",\"isPartOf\":{\"@id\":\"https:\\\/\\\/blogdiario.info\\\/magazine\\\/#website\"},\"primaryImageOfPage\":{\"@id\":\"https:\\\/\\\/blogdiario.info\\\/magazine\\\/2025\\\/10\\\/09\\\/el-mercante-de-la-muerte-premiara-la-paz\\\/#primaryimage\"},\"image\":{\"@id\":\"https:\\\/\\\/blogdiario.info\\\/magazine\\\/2025\\\/10\\\/09\\\/el-mercante-de-la-muerte-premiara-la-paz\\\/#primaryimage\"},\"thumbnailUrl\":\"https:\\\/\\\/blogdiario.info\\\/magazine\\\/images\\\/2025\\\/10\\\/img_0806-1.jpg\",\"datePublished\":\"2025-10-09T22:57:09+00:00\",\"breadcrumb\":{\"@id\":\"https:\\\/\\\/blogdiario.info\\\/magazine\\\/2025\\\/10\\\/09\\\/el-mercante-de-la-muerte-premiara-la-paz\\\/#breadcrumb\"},\"inLanguage\":\"es-AR\",\"potentialAction\":[{\"@type\":\"ReadAction\",\"target\":[\"https:\\\/\\\/blogdiario.info\\\/magazine\\\/2025\\\/10\\\/09\\\/el-mercante-de-la-muerte-premiara-la-paz\\\/\"]}]},{\"@type\":\"ImageObject\",\"inLanguage\":\"es-AR\",\"@id\":\"https:\\\/\\\/blogdiario.info\\\/magazine\\\/2025\\\/10\\\/09\\\/el-mercante-de-la-muerte-premiara-la-paz\\\/#primaryimage\",\"url\":\"https:\\\/\\\/blogdiario.info\\\/magazine\\\/images\\\/2025\\\/10\\\/img_0806-1.jpg\",\"contentUrl\":\"https:\\\/\\\/blogdiario.info\\\/magazine\\\/images\\\/2025\\\/10\\\/img_0806-1.jpg\",\"width\":600,\"height\":450},{\"@type\":\"BreadcrumbList\",\"@id\":\"https:\\\/\\\/blogdiario.info\\\/magazine\\\/2025\\\/10\\\/09\\\/el-mercante-de-la-muerte-premiara-la-paz\\\/#breadcrumb\",\"itemListElement\":[{\"@type\":\"ListItem\",\"position\":1,\"name\":\"Home\",\"item\":\"https:\\\/\\\/blogdiario.info\\\/magazine\\\/\"},{\"@type\":\"ListItem\",\"position\":2,\"name\":\"El mercante de la muerte premiar\u00e1 La Paz\"}]},{\"@type\":\"WebSite\",\"@id\":\"https:\\\/\\\/blogdiario.info\\\/magazine\\\/#website\",\"url\":\"https:\\\/\\\/blogdiario.info\\\/magazine\\\/\",\"name\":\"BlogDiario Magazine\",\"description\":\"Suplemento multiling\u00fce de ElCanillita.Info\",\"publisher\":{\"@id\":\"https:\\\/\\\/blogdiario.info\\\/magazine\\\/#organization\"},\"potentialAction\":[{\"@type\":\"SearchAction\",\"target\":{\"@type\":\"EntryPoint\",\"urlTemplate\":\"https:\\\/\\\/blogdiario.info\\\/magazine\\\/?s={search_term_string}\"},\"query-input\":{\"@type\":\"PropertyValueSpecification\",\"valueRequired\":true,\"valueName\":\"search_term_string\"}}],\"inLanguage\":\"es-AR\"},{\"@type\":\"Organization\",\"@id\":\"https:\\\/\\\/blogdiario.info\\\/magazine\\\/#organization\",\"name\":\"Guzzo Photos & Graphic Publications\",\"url\":\"https:\\\/\\\/blogdiario.info\\\/magazine\\\/\",\"logo\":{\"@type\":\"ImageObject\",\"inLanguage\":\"es-AR\",\"@id\":\"https:\\\/\\\/blogdiario.info\\\/magazine\\\/#\\\/schema\\\/logo\\\/image\\\/\",\"url\":\"https:\\\/\\\/blogdiario.info\\\/magazine\\\/images\\\/2020\\\/01\\\/cropped-blogdia_magazine.jpg\",\"contentUrl\":\"https:\\\/\\\/blogdiario.info\\\/magazine\\\/images\\\/2020\\\/01\\\/cropped-blogdia_magazine.jpg\",\"width\":589,\"height\":55,\"caption\":\"Guzzo Photos & Graphic Publications\"},\"image\":{\"@id\":\"https:\\\/\\\/blogdiario.info\\\/magazine\\\/#\\\/schema\\\/logo\\\/image\\\/\"}},{\"@type\":\"Person\",\"@id\":\"https:\\\/\\\/blogdiario.info\\\/magazine\\\/#\\\/schema\\\/person\\\/b2422fe85574d945bad55513bb0c7354\",\"name\":\"World Press Service | Servicio de Prensa Mundial\"}]}<\/script>\n<!-- \/ Yoast SEO plugin. -->","yoast_head_json":{"title":"El mercante de la muerte premiar\u00e1 La Paz - BlogDiario Magazine","robots":{"index":"index","follow":"follow","max-snippet":"max-snippet:-1","max-image-preview":"max-image-preview:large","max-video-preview":"max-video-preview:-1"},"canonical":"https:\/\/blogdiario.info\/magazine\/2025\/10\/09\/el-mercante-de-la-muerte-premiara-la-paz\/","og_locale":"es_ES","og_type":"article","og_title":"El mercante de la muerte premiar\u00e1 La Paz - BlogDiario Magazine","og_description":"\ud83d\udca5 El mercante de la muerte premiar\u00e1 la Paz Trump logra la tregua Gaza\u2013Israel y anuncia la liberaci\u00f3n de rehenes desde el lunes. Netanyahu lo felicita y el mundo ya lo propone para el Nobel. Egipto, Qatar y Turqu\u00eda mediaron; Ham\u00e1s entrega 48 rehenes a cambio de 1.950 presos. Trump sue\u00f1a con Oslo y con su retrato en la historia.","og_url":"https:\/\/blogdiario.info\/magazine\/2025\/10\/09\/el-mercante-de-la-muerte-premiara-la-paz\/","og_site_name":"BlogDiario Magazine","article_published_time":"2025-10-09T22:57:09+00:00","og_image":[{"width":600,"height":450,"url":"https:\/\/blogdiario.info\/magazine\/images\/2025\/10\/img_0806-1.jpg","type":"image\/jpeg"}],"author":"World Press Service | Servicio de Prensa Mundial","twitter_card":"summary_large_image","twitter_misc":{"Escrito por":"World Press Service | Servicio de Prensa Mundial","Tiempo de lectura":"3 minutos"},"schema":{"@context":"https:\/\/schema.org","@graph":[{"@type":"Article","@id":"https:\/\/blogdiario.info\/magazine\/2025\/10\/09\/el-mercante-de-la-muerte-premiara-la-paz\/#article","isPartOf":{"@id":"https:\/\/blogdiario.info\/magazine\/2025\/10\/09\/el-mercante-de-la-muerte-premiara-la-paz\/"},"author":{"name":"World Press Service | Servicio de Prensa Mundial","@id":"https:\/\/blogdiario.info\/magazine\/#\/schema\/person\/b2422fe85574d945bad55513bb0c7354"},"headline":"El mercante de la muerte premiar\u00e1 La Paz","datePublished":"2025-10-09T22:57:09+00:00","mainEntityOfPage":{"@id":"https:\/\/blogdiario.info\/magazine\/2025\/10\/09\/el-mercante-de-la-muerte-premiara-la-paz\/"},"wordCount":634,"publisher":{"@id":"https:\/\/blogdiario.info\/magazine\/#organization"},"image":{"@id":"https:\/\/blogdiario.info\/magazine\/2025\/10\/09\/el-mercante-de-la-muerte-premiara-la-paz\/#primaryimage"},"thumbnailUrl":"https:\/\/blogdiario.info\/magazine\/images\/2025\/10\/img_0806-1.jpg","keywords":["Gaza"],"articleSection":[".",".","Actualidad","Cisgiordania","Diplomacia","Guerra","Medio Oriente","Pol\u00edticas globales","Sociedad y valores"],"inLanguage":"es-AR"},{"@type":"WebPage","@id":"https:\/\/blogdiario.info\/magazine\/2025\/10\/09\/el-mercante-de-la-muerte-premiara-la-paz\/","url":"https:\/\/blogdiario.info\/magazine\/2025\/10\/09\/el-mercante-de-la-muerte-premiara-la-paz\/","name":"El mercante de la muerte premiar\u00e1 La Paz - BlogDiario Magazine","isPartOf":{"@id":"https:\/\/blogdiario.info\/magazine\/#website"},"primaryImageOfPage":{"@id":"https:\/\/blogdiario.info\/magazine\/2025\/10\/09\/el-mercante-de-la-muerte-premiara-la-paz\/#primaryimage"},"image":{"@id":"https:\/\/blogdiario.info\/magazine\/2025\/10\/09\/el-mercante-de-la-muerte-premiara-la-paz\/#primaryimage"},"thumbnailUrl":"https:\/\/blogdiario.info\/magazine\/images\/2025\/10\/img_0806-1.jpg","datePublished":"2025-10-09T22:57:09+00:00","breadcrumb":{"@id":"https:\/\/blogdiario.info\/magazine\/2025\/10\/09\/el-mercante-de-la-muerte-premiara-la-paz\/#breadcrumb"},"inLanguage":"es-AR","potentialAction":[{"@type":"ReadAction","target":["https:\/\/blogdiario.info\/magazine\/2025\/10\/09\/el-mercante-de-la-muerte-premiara-la-paz\/"]}]},{"@type":"ImageObject","inLanguage":"es-AR","@id":"https:\/\/blogdiario.info\/magazine\/2025\/10\/09\/el-mercante-de-la-muerte-premiara-la-paz\/#primaryimage","url":"https:\/\/blogdiario.info\/magazine\/images\/2025\/10\/img_0806-1.jpg","contentUrl":"https:\/\/blogdiario.info\/magazine\/images\/2025\/10\/img_0806-1.jpg","width":600,"height":450},{"@type":"BreadcrumbList","@id":"https:\/\/blogdiario.info\/magazine\/2025\/10\/09\/el-mercante-de-la-muerte-premiara-la-paz\/#breadcrumb","itemListElement":[{"@type":"ListItem","position":1,"name":"Home","item":"https:\/\/blogdiario.info\/magazine\/"},{"@type":"ListItem","position":2,"name":"El mercante de la muerte premiar\u00e1 La Paz"}]},{"@type":"WebSite","@id":"https:\/\/blogdiario.info\/magazine\/#website","url":"https:\/\/blogdiario.info\/magazine\/","name":"BlogDiario Magazine","description":"Suplemento multiling\u00fce de ElCanillita.Info","publisher":{"@id":"https:\/\/blogdiario.info\/magazine\/#organization"},"potentialAction":[{"@type":"SearchAction","target":{"@type":"EntryPoint","urlTemplate":"https:\/\/blogdiario.info\/magazine\/?s={search_term_string}"},"query-input":{"@type":"PropertyValueSpecification","valueRequired":true,"valueName":"search_term_string"}}],"inLanguage":"es-AR"},{"@type":"Organization","@id":"https:\/\/blogdiario.info\/magazine\/#organization","name":"Guzzo Photos & Graphic Publications","url":"https:\/\/blogdiario.info\/magazine\/","logo":{"@type":"ImageObject","inLanguage":"es-AR","@id":"https:\/\/blogdiario.info\/magazine\/#\/schema\/logo\/image\/","url":"https:\/\/blogdiario.info\/magazine\/images\/2020\/01\/cropped-blogdia_magazine.jpg","contentUrl":"https:\/\/blogdiario.info\/magazine\/images\/2020\/01\/cropped-blogdia_magazine.jpg","width":589,"height":55,"caption":"Guzzo Photos & Graphic Publications"},"image":{"@id":"https:\/\/blogdiario.info\/magazine\/#\/schema\/logo\/image\/"}},{"@type":"Person","@id":"https:\/\/blogdiario.info\/magazine\/#\/schema\/person\/b2422fe85574d945bad55513bb0c7354","name":"World Press Service | Servicio de Prensa Mundial"}]}},"views":174,"_links":{"self":[{"href":"https:\/\/blogdiario.info\/magazine\/wp-json\/wp\/v2\/posts\/2543","targetHints":{"allow":["GET"]}}],"collection":[{"href":"https:\/\/blogdiario.info\/magazine\/wp-json\/wp\/v2\/posts"}],"about":[{"href":"https:\/\/blogdiario.info\/magazine\/wp-json\/wp\/v2\/types\/post"}],"author":[{"embeddable":true,"href":"https:\/\/blogdiario.info\/magazine\/wp-json\/wp\/v2\/users\/1"}],"replies":[{"embeddable":true,"href":"https:\/\/blogdiario.info\/magazine\/wp-json\/wp\/v2\/comments?post=2543"}],"version-history":[{"count":0,"href":"https:\/\/blogdiario.info\/magazine\/wp-json\/wp\/v2\/posts\/2543\/revisions"}],"wp:featuredmedia":[{"embeddable":true,"href":"https:\/\/blogdiario.info\/magazine\/wp-json\/wp\/v2\/media\/2547"}],"wp:attachment":[{"href":"https:\/\/blogdiario.info\/magazine\/wp-json\/wp\/v2\/media?parent=2543"}],"wp:term":[{"taxonomy":"category","embeddable":true,"href":"https:\/\/blogdiario.info\/magazine\/wp-json\/wp\/v2\/categories?post=2543"},{"taxonomy":"post_tag","embeddable":true,"href":"https:\/\/blogdiario.info\/magazine\/wp-json\/wp\/v2\/tags?post=2543"}],"curies":[{"name":"wp","href":"https:\/\/api.w.org\/{rel}","templated":true}]}}