{"id":2535,"date":"2025-10-07T19:29:38","date_gmt":"2025-10-07T18:29:38","guid":{"rendered":"https:\/\/blogdiario.info\/magazine\/?p=2535"},"modified":"2025-10-07T19:30:20","modified_gmt":"2025-10-07T18:30:20","slug":"el-trabajo-te-hace-libre","status":"publish","type":"post","link":"https:\/\/blogdiario.info\/magazine\/2025\/10\/07\/el-trabajo-te-hace-libre\/","title":{"rendered":"El trabajo te hace Libre"},"content":{"rendered":"<div class=\"wp-block-image\">\n<figure class=\"alignleft size-full is-resized\"><img loading=\"lazy\" decoding=\"async\" width=\"500\" height=\"500\" src=\"https:\/\/blogdiario.info\/magazine\/images\/2025\/10\/pagesam.jpg\" alt=\"\" class=\"wp-image-2536\" style=\"width:342px;height:auto\" srcset=\"https:\/\/blogdiario.info\/magazine\/images\/2025\/10\/pagesam.jpg 500w, https:\/\/blogdiario.info\/magazine\/images\/2025\/10\/pagesam-300x300.jpg 300w, https:\/\/blogdiario.info\/magazine\/images\/2025\/10\/pagesam-150x150.jpg 150w\" sizes=\"auto, (max-width: 500px) 100vw, 500px\" \/><\/figure><\/div>\n\n\n<p><strong>Londres, 7 octubre de 2025<\/strong><br><em>Por El int\u00e9rprete del c\u00f3digo silencioso<\/em><\/p>\n\n\n\n<p>Keir Starmer eligi\u00f3 el d\u00eda m\u00e1s sensible del calendario jud\u00edo moderno para trazar una l\u00ednea roja en la arena universitaria brit\u00e1nica: <strong>\u201cno participen en las protestas antibrit\u00e1nicas del 7 de octubre\u201d<\/strong>, advirti\u00f3.<br>Un mensaje dirigido a los estudiantes que este martes marchar\u00e1n en recuerdo \u2014o provocaci\u00f3n\u2014 del ataque de Ham\u00e1s contra Israel, hace exactamente dos a\u00f1os.<\/p>\n\n\n\n<p>\u201c<strong>Quienes celebran la violencia contra los jud\u00edos demuestran una p\u00e9rdida total de empat\u00eda y humanidad<\/strong>\u201d, escribi\u00f3 el primer ministro en un art\u00edculo publicado en <em>The Times<\/em>, evocando un tono moral que no se o\u00eda en Downing Street desde los tiempos de Blair.<\/p>\n\n\n\n<p>Starmer acusa a parte del pa\u00eds de haberse <strong>\u201cvuelto indiferente al antisemitismo\u201d<\/strong>, y exige a la polic\u00eda aplicar <em>\u201ctodo el peso de la ley\u201d<\/em> contra quienes inciten al odio.<\/p>\n\n\n\n<blockquote class=\"wp-block-quote is-layout-flow wp-block-quote-is-layout-flow\">\n<p>\u201cEsto no refleja nuestra identidad como pa\u00eds\u201d, sentenci\u00f3.<\/p>\n<\/blockquote>\n\n\n\n<h3 class=\"wp-block-heading\">\ud83d\udd25 Protestas en los campus y sombras recientes<\/h3>\n\n\n\n<p>M\u00e1s de una docena de universidades brit\u00e1nicas \u2014de Londres a Manchester, de Oxford a Birmingham\u2014 celebrar\u00e1n actos \u201cen honor a los m\u00e1rtires\u201d y para conmemorar \u201cdos a\u00f1os de resistencia\u201d, seg\u00fan los organizadores estudiantiles pro-Palestina.<br>El contexto no pod\u00eda ser m\u00e1s inflamable: <strong>apenas han pasado d\u00edas desde el atentado islamista frente a una sinagoga en Manchester<\/strong>, donde murieron dos fieles en pleno Yom Kippur.<\/p>\n\n\n\n<p>Starmer no oculta su hartazgo:<\/p>\n\n\n\n<blockquote class=\"wp-block-quote is-layout-flow wp-block-quote-is-layout-flow\">\n<p>\u201cMientras algunos ejercen su libertad para protestar contra las acciones del gobierno israel\u00ed, otros han usado eso como excusa despreciable para atacar a los jud\u00edos brit\u00e1nicos por algo de lo que no tienen ninguna responsabilidad.\u201d<\/p>\n<\/blockquote>\n\n\n\n<p>El l\u00edder laborista recurre incluso al lenguaje del humanismo elemental:<\/p>\n\n\n\n<blockquote class=\"wp-block-quote is-layout-flow wp-block-quote-is-layout-flow\">\n<p>\u201cGente en nuestras calles pidiendo el asesinato de jud\u00edos que ni siquiera conocen. Una p\u00e9rdida total de empat\u00eda y humanidad, aqu\u00ed, en el coraz\u00f3n de nuestro pa\u00eds.\u201d<\/p>\n<\/blockquote>\n\n\n\n<h3 class=\"wp-block-heading\">\ud83d\udd6f\ufe0f De Auschwitz a Westminster<\/h3>\n\n\n\n<p>El tono moral de su mensaje no es casual.<br>El pasado <strong>3 de enero<\/strong>, el primer ministro y su esposa, <em>Lady Victoria Starmer<\/em>, visitaron el campo de concentraci\u00f3n de <strong>Auschwitz-Birkenau<\/strong>, donde se fotografiaron ante el arco que todav\u00eda conserva la infame inscripci\u00f3n: <em>\u201cArbeit macht frei\u201d<\/em> \u2014<em>El trabajo te hace libre<\/em>.<br>La frase que hoy da t\u00edtulo a esta nota: iron\u00eda hist\u00f3rica, s\u00edmbolo de la deshumanizaci\u00f3n absoluta y de la advertencia que Starmer intenta rescatar para su propio tiempo.<\/p>\n\n\n\n<h3 class=\"wp-block-heading\">\u2696\ufe0f Reformas en la salud p\u00fablica<\/h3>\n\n\n\n<p>El discurso tuvo eco dentro del gabinete.<br>El ministro de Salud, <strong>Wes Streeting<\/strong>, denunci\u00f3 que los <strong>reguladores m\u00e9dicos del NHS \u201cest\u00e1n fallando por completo en proteger a los pacientes jud\u00edos\u201d<\/strong>, tras detectarse comentarios racistas y antisemitas entre personal sanitario.<br>Anunci\u00f3 una inminente reforma del <strong>Consejo M\u00e9dico General (GMC)<\/strong> para evitar que \u201clos prejuicios ideol\u00f3gicos se disfracen de libertad de expresi\u00f3n profesional\u201d.<\/p>\n\n\n\n<h3 class=\"wp-block-heading\">\ud83c\uddec\ud83c\udde7 Entre la memoria y la identidad<\/h3>\n\n\n\n<p>Con este movimiento, Downing Street intenta recuperar la autoridad moral perdida en los campus y reposicionar a Gran Breta\u00f1a como <strong>baluarte \u00e9tico en tiempos de polarizaci\u00f3n<\/strong>.<br>Pero el riesgo es evidente: las universidades, epicentro del debate sobre Gaza y el legado colonial brit\u00e1nico, no responden bien a las advertencias.<br>El martes sabremos si la advertencia de Starmer frena las consignas o las multiplica.<\/p>\n\n\n<hr style=\"border: none; height: 1px; background-color: #ccc; margin: 2em 0;\" \/>\n\n\n<p>\u2712\ufe0f <em>El int\u00e9rprete del c\u00f3digo silencioso<\/em><br><strong>\u00a9 2025 SalaStampa.eu \u2013 All rights reserved<\/strong><\/p>\n\n\n<hr style=\"border: none; height: 1px; background-color: #e0e0e0; max-width: 80%; margin: 2em auto;\" \/>\n<p>\u00bfQuieres decir algo ?<\/p>\n<p>\ud83d\udcec Envia tu texto a email@soapboxorators.org o bien sube a la Caja de los oradores: <br \/> SoapBoxOrators.org. <\/p>\n<p>\ud83c\udde6\ud83c\uddf7 CASTELLANO<\/p>\n<form action=\"https:\/\/formspree.io\/f\/mjkrjzed\" method=\"POST\">\n  <label for=\"name\">Nombre o seud\u00f3nimo:<\/label><br \/>\n  <input type=\"text\" id=\"name\" name=\"name\" required><\/p>\n<p>  <label for=\"title\">T\u00edtulo del discurso o editorial:<\/label><br \/>\n  <input type=\"text\" id=\"title\" name=\"title\" required><\/p>\n<p>  <label for=\"message\">Texto (m\u00e1x. 3.000 caracteres):<\/label><br \/>\n  <textarea id=\"message\" name=\"message\" rows=\"10\" maxlength=\"3000\" required><\/textarea><\/p>\n<p>  <label><br \/>\n    <input type=\"checkbox\" name=\"consent\" required><br \/>\n    Autorizo la publicaci\u00f3n de este texto en SoapboxOrators.org<br \/>\n  <\/label><\/p>\n<p>  <button type=\"submit\">Enviar<\/button><br \/>\n  <button type=\"reset\">Borrar<\/button><br \/>\n<\/form>\n\n\n<p><small>\u00a9 2025 BlogDiario.info \/ SoapboxOrators.org &#8211; All Rights Reserved &#8211; SalaStampa.eu, world press service &#8211; Guzzo Photos &amp; Graphic Publications \u2013 Registro Editori e Stampatori n. 1441 Turin, Italy<\/small><\/p>\n","protected":false},"excerpt":{"rendered":"<p>Starmer marca una l\u00ednea roja en los campus brit\u00e1nicos ante las protestas del 7 de octubre.<br \/>\nKeir Starmer advierte a los estudiantes brit\u00e1nicos que no participen en las protestas \u201cantibrit\u00e1nicas\u201d del 7 de octubre.<br \/>\n\u201cCelebrar la violencia contra los jud\u00edos es una p\u00e9rdida total de humanidad\u201d, dijo tras visitar Auschwitz.<br \/>\n\ud83d\udc49 Leer la nota completa en Castellano<\/p>\n","protected":false},"author":1,"featured_media":2537,"comment_status":"closed","ping_status":"closed","sticky":false,"template":"","format":"standard","meta":{"footnotes":"","_links_to":"","_links_to_target":""},"categories":[97,109,62,124,137,119,41,138,168],"tags":[117],"class_list":["post-2535","post","type-post","status-publish","format-standard","has-post-thumbnail","hentry","category-elcanillita","category-dc24","category-actualidad","category-diplomacia","category-educacion","category-guerra","category-politica-esp","category-reino-unido","category-sociedad-y-valores","tag-reino-unido","entry","rows"],"yoast_head":"<!-- This site is optimized with the Yoast SEO plugin v27.4 - https:\/\/yoast.com\/product\/yoast-seo-wordpress\/ -->\n<title>El trabajo te hace Libre - BlogDiario Magazine<\/title>\n<meta name=\"robots\" content=\"index, follow, max-snippet:-1, max-image-preview:large, max-video-preview:-1\" \/>\n<link rel=\"canonical\" href=\"https:\/\/blogdiario.info\/magazine\/2025\/10\/07\/el-trabajo-te-hace-libre\/\" \/>\n<meta property=\"og:locale\" content=\"es_ES\" \/>\n<meta property=\"og:type\" content=\"article\" \/>\n<meta property=\"og:title\" content=\"El trabajo te hace Libre - BlogDiario Magazine\" \/>\n<meta property=\"og:description\" content=\"Starmer marca una l\u00ednea roja en los campus brit\u00e1nicos ante las protestas del 7 de octubre. Keir Starmer advierte a los estudiantes brit\u00e1nicos que no participen en las protestas \u201cantibrit\u00e1nicas\u201d del 7 de octubre. \u201cCelebrar la violencia contra los jud\u00edos es una p\u00e9rdida total de humanidad\u201d, dijo tras visitar Auschwitz. \ud83d\udc49 Leer la nota completa en Castellano\" \/>\n<meta property=\"og:url\" content=\"https:\/\/blogdiario.info\/magazine\/2025\/10\/07\/el-trabajo-te-hace-libre\/\" \/>\n<meta property=\"og:site_name\" content=\"BlogDiario Magazine\" \/>\n<meta property=\"article:published_time\" content=\"2025-10-07T18:29:38+00:00\" \/>\n<meta property=\"article:modified_time\" content=\"2025-10-07T18:30:20+00:00\" \/>\n<meta property=\"og:image\" content=\"https:\/\/blogdiario.info\/magazine\/images\/2025\/10\/coversamB.jpg\" \/>\n\t<meta property=\"og:image:width\" content=\"600\" \/>\n\t<meta property=\"og:image:height\" content=\"400\" \/>\n\t<meta property=\"og:image:type\" content=\"image\/jpeg\" \/>\n<meta name=\"author\" content=\"World Press Service | Servicio de Prensa Mundial\" \/>\n<meta name=\"twitter:card\" content=\"summary_large_image\" \/>\n<meta name=\"twitter:label1\" content=\"Escrito por\" \/>\n\t<meta name=\"twitter:data1\" content=\"World Press Service | Servicio de Prensa Mundial\" \/>\n\t<meta name=\"twitter:label2\" content=\"Tiempo de lectura\" \/>\n\t<meta name=\"twitter:data2\" content=\"3 minutos\" \/>\n<script type=\"application\/ld+json\" class=\"yoast-schema-graph\">{\"@context\":\"https:\\\/\\\/schema.org\",\"@graph\":[{\"@type\":\"Article\",\"@id\":\"https:\\\/\\\/blogdiario.info\\\/magazine\\\/2025\\\/10\\\/07\\\/el-trabajo-te-hace-libre\\\/#article\",\"isPartOf\":{\"@id\":\"https:\\\/\\\/blogdiario.info\\\/magazine\\\/2025\\\/10\\\/07\\\/el-trabajo-te-hace-libre\\\/\"},\"author\":{\"name\":\"World Press Service | Servicio de Prensa Mundial\",\"@id\":\"https:\\\/\\\/blogdiario.info\\\/magazine\\\/#\\\/schema\\\/person\\\/b2422fe85574d945bad55513bb0c7354\"},\"headline\":\"El trabajo te hace Libre\",\"datePublished\":\"2025-10-07T18:29:38+00:00\",\"dateModified\":\"2025-10-07T18:30:20+00:00\",\"mainEntityOfPage\":{\"@id\":\"https:\\\/\\\/blogdiario.info\\\/magazine\\\/2025\\\/10\\\/07\\\/el-trabajo-te-hace-libre\\\/\"},\"wordCount\":653,\"publisher\":{\"@id\":\"https:\\\/\\\/blogdiario.info\\\/magazine\\\/#organization\"},\"image\":{\"@id\":\"https:\\\/\\\/blogdiario.info\\\/magazine\\\/2025\\\/10\\\/07\\\/el-trabajo-te-hace-libre\\\/#primaryimage\"},\"thumbnailUrl\":\"https:\\\/\\\/blogdiario.info\\\/magazine\\\/images\\\/2025\\\/10\\\/coversamB.jpg\",\"keywords\":[\"Reino Unido\"],\"articleSection\":[\".\",\".\",\"Actualidad\",\"Diplomacia\",\"Educaci\u00f3n\",\"Guerra\",\"Politica\",\"Reino Unido\",\"Sociedad y valores\"],\"inLanguage\":\"es-AR\"},{\"@type\":\"WebPage\",\"@id\":\"https:\\\/\\\/blogdiario.info\\\/magazine\\\/2025\\\/10\\\/07\\\/el-trabajo-te-hace-libre\\\/\",\"url\":\"https:\\\/\\\/blogdiario.info\\\/magazine\\\/2025\\\/10\\\/07\\\/el-trabajo-te-hace-libre\\\/\",\"name\":\"El trabajo te hace Libre - BlogDiario Magazine\",\"isPartOf\":{\"@id\":\"https:\\\/\\\/blogdiario.info\\\/magazine\\\/#website\"},\"primaryImageOfPage\":{\"@id\":\"https:\\\/\\\/blogdiario.info\\\/magazine\\\/2025\\\/10\\\/07\\\/el-trabajo-te-hace-libre\\\/#primaryimage\"},\"image\":{\"@id\":\"https:\\\/\\\/blogdiario.info\\\/magazine\\\/2025\\\/10\\\/07\\\/el-trabajo-te-hace-libre\\\/#primaryimage\"},\"thumbnailUrl\":\"https:\\\/\\\/blogdiario.info\\\/magazine\\\/images\\\/2025\\\/10\\\/coversamB.jpg\",\"datePublished\":\"2025-10-07T18:29:38+00:00\",\"dateModified\":\"2025-10-07T18:30:20+00:00\",\"breadcrumb\":{\"@id\":\"https:\\\/\\\/blogdiario.info\\\/magazine\\\/2025\\\/10\\\/07\\\/el-trabajo-te-hace-libre\\\/#breadcrumb\"},\"inLanguage\":\"es-AR\",\"potentialAction\":[{\"@type\":\"ReadAction\",\"target\":[\"https:\\\/\\\/blogdiario.info\\\/magazine\\\/2025\\\/10\\\/07\\\/el-trabajo-te-hace-libre\\\/\"]}]},{\"@type\":\"ImageObject\",\"inLanguage\":\"es-AR\",\"@id\":\"https:\\\/\\\/blogdiario.info\\\/magazine\\\/2025\\\/10\\\/07\\\/el-trabajo-te-hace-libre\\\/#primaryimage\",\"url\":\"https:\\\/\\\/blogdiario.info\\\/magazine\\\/images\\\/2025\\\/10\\\/coversamB.jpg\",\"contentUrl\":\"https:\\\/\\\/blogdiario.info\\\/magazine\\\/images\\\/2025\\\/10\\\/coversamB.jpg\",\"width\":600,\"height\":400},{\"@type\":\"BreadcrumbList\",\"@id\":\"https:\\\/\\\/blogdiario.info\\\/magazine\\\/2025\\\/10\\\/07\\\/el-trabajo-te-hace-libre\\\/#breadcrumb\",\"itemListElement\":[{\"@type\":\"ListItem\",\"position\":1,\"name\":\"Home\",\"item\":\"https:\\\/\\\/blogdiario.info\\\/magazine\\\/\"},{\"@type\":\"ListItem\",\"position\":2,\"name\":\"El trabajo te hace Libre\"}]},{\"@type\":\"WebSite\",\"@id\":\"https:\\\/\\\/blogdiario.info\\\/magazine\\\/#website\",\"url\":\"https:\\\/\\\/blogdiario.info\\\/magazine\\\/\",\"name\":\"BlogDiario Magazine\",\"description\":\"Suplemento multiling\u00fce de ElCanillita.Info\",\"publisher\":{\"@id\":\"https:\\\/\\\/blogdiario.info\\\/magazine\\\/#organization\"},\"potentialAction\":[{\"@type\":\"SearchAction\",\"target\":{\"@type\":\"EntryPoint\",\"urlTemplate\":\"https:\\\/\\\/blogdiario.info\\\/magazine\\\/?s={search_term_string}\"},\"query-input\":{\"@type\":\"PropertyValueSpecification\",\"valueRequired\":true,\"valueName\":\"search_term_string\"}}],\"inLanguage\":\"es-AR\"},{\"@type\":\"Organization\",\"@id\":\"https:\\\/\\\/blogdiario.info\\\/magazine\\\/#organization\",\"name\":\"Guzzo Photos & Graphic Publications\",\"url\":\"https:\\\/\\\/blogdiario.info\\\/magazine\\\/\",\"logo\":{\"@type\":\"ImageObject\",\"inLanguage\":\"es-AR\",\"@id\":\"https:\\\/\\\/blogdiario.info\\\/magazine\\\/#\\\/schema\\\/logo\\\/image\\\/\",\"url\":\"https:\\\/\\\/blogdiario.info\\\/magazine\\\/images\\\/2020\\\/01\\\/cropped-blogdia_magazine.jpg\",\"contentUrl\":\"https:\\\/\\\/blogdiario.info\\\/magazine\\\/images\\\/2020\\\/01\\\/cropped-blogdia_magazine.jpg\",\"width\":589,\"height\":55,\"caption\":\"Guzzo Photos & Graphic Publications\"},\"image\":{\"@id\":\"https:\\\/\\\/blogdiario.info\\\/magazine\\\/#\\\/schema\\\/logo\\\/image\\\/\"}},{\"@type\":\"Person\",\"@id\":\"https:\\\/\\\/blogdiario.info\\\/magazine\\\/#\\\/schema\\\/person\\\/b2422fe85574d945bad55513bb0c7354\",\"name\":\"World Press Service | Servicio de Prensa Mundial\"}]}<\/script>\n<!-- \/ Yoast SEO plugin. -->","yoast_head_json":{"title":"El trabajo te hace Libre - BlogDiario Magazine","robots":{"index":"index","follow":"follow","max-snippet":"max-snippet:-1","max-image-preview":"max-image-preview:large","max-video-preview":"max-video-preview:-1"},"canonical":"https:\/\/blogdiario.info\/magazine\/2025\/10\/07\/el-trabajo-te-hace-libre\/","og_locale":"es_ES","og_type":"article","og_title":"El trabajo te hace Libre - BlogDiario Magazine","og_description":"Starmer marca una l\u00ednea roja en los campus brit\u00e1nicos ante las protestas del 7 de octubre. Keir Starmer advierte a los estudiantes brit\u00e1nicos que no participen en las protestas \u201cantibrit\u00e1nicas\u201d del 7 de octubre. \u201cCelebrar la violencia contra los jud\u00edos es una p\u00e9rdida total de humanidad\u201d, dijo tras visitar Auschwitz. \ud83d\udc49 Leer la nota completa en Castellano","og_url":"https:\/\/blogdiario.info\/magazine\/2025\/10\/07\/el-trabajo-te-hace-libre\/","og_site_name":"BlogDiario Magazine","article_published_time":"2025-10-07T18:29:38+00:00","article_modified_time":"2025-10-07T18:30:20+00:00","og_image":[{"width":600,"height":400,"url":"https:\/\/blogdiario.info\/magazine\/images\/2025\/10\/coversamB.jpg","type":"image\/jpeg"}],"author":"World Press Service | Servicio de Prensa Mundial","twitter_card":"summary_large_image","twitter_misc":{"Escrito por":"World Press Service | Servicio de Prensa Mundial","Tiempo de lectura":"3 minutos"},"schema":{"@context":"https:\/\/schema.org","@graph":[{"@type":"Article","@id":"https:\/\/blogdiario.info\/magazine\/2025\/10\/07\/el-trabajo-te-hace-libre\/#article","isPartOf":{"@id":"https:\/\/blogdiario.info\/magazine\/2025\/10\/07\/el-trabajo-te-hace-libre\/"},"author":{"name":"World Press Service | Servicio de Prensa Mundial","@id":"https:\/\/blogdiario.info\/magazine\/#\/schema\/person\/b2422fe85574d945bad55513bb0c7354"},"headline":"El trabajo te hace Libre","datePublished":"2025-10-07T18:29:38+00:00","dateModified":"2025-10-07T18:30:20+00:00","mainEntityOfPage":{"@id":"https:\/\/blogdiario.info\/magazine\/2025\/10\/07\/el-trabajo-te-hace-libre\/"},"wordCount":653,"publisher":{"@id":"https:\/\/blogdiario.info\/magazine\/#organization"},"image":{"@id":"https:\/\/blogdiario.info\/magazine\/2025\/10\/07\/el-trabajo-te-hace-libre\/#primaryimage"},"thumbnailUrl":"https:\/\/blogdiario.info\/magazine\/images\/2025\/10\/coversamB.jpg","keywords":["Reino Unido"],"articleSection":[".",".","Actualidad","Diplomacia","Educaci\u00f3n","Guerra","Politica","Reino Unido","Sociedad y valores"],"inLanguage":"es-AR"},{"@type":"WebPage","@id":"https:\/\/blogdiario.info\/magazine\/2025\/10\/07\/el-trabajo-te-hace-libre\/","url":"https:\/\/blogdiario.info\/magazine\/2025\/10\/07\/el-trabajo-te-hace-libre\/","name":"El trabajo te hace Libre - BlogDiario Magazine","isPartOf":{"@id":"https:\/\/blogdiario.info\/magazine\/#website"},"primaryImageOfPage":{"@id":"https:\/\/blogdiario.info\/magazine\/2025\/10\/07\/el-trabajo-te-hace-libre\/#primaryimage"},"image":{"@id":"https:\/\/blogdiario.info\/magazine\/2025\/10\/07\/el-trabajo-te-hace-libre\/#primaryimage"},"thumbnailUrl":"https:\/\/blogdiario.info\/magazine\/images\/2025\/10\/coversamB.jpg","datePublished":"2025-10-07T18:29:38+00:00","dateModified":"2025-10-07T18:30:20+00:00","breadcrumb":{"@id":"https:\/\/blogdiario.info\/magazine\/2025\/10\/07\/el-trabajo-te-hace-libre\/#breadcrumb"},"inLanguage":"es-AR","potentialAction":[{"@type":"ReadAction","target":["https:\/\/blogdiario.info\/magazine\/2025\/10\/07\/el-trabajo-te-hace-libre\/"]}]},{"@type":"ImageObject","inLanguage":"es-AR","@id":"https:\/\/blogdiario.info\/magazine\/2025\/10\/07\/el-trabajo-te-hace-libre\/#primaryimage","url":"https:\/\/blogdiario.info\/magazine\/images\/2025\/10\/coversamB.jpg","contentUrl":"https:\/\/blogdiario.info\/magazine\/images\/2025\/10\/coversamB.jpg","width":600,"height":400},{"@type":"BreadcrumbList","@id":"https:\/\/blogdiario.info\/magazine\/2025\/10\/07\/el-trabajo-te-hace-libre\/#breadcrumb","itemListElement":[{"@type":"ListItem","position":1,"name":"Home","item":"https:\/\/blogdiario.info\/magazine\/"},{"@type":"ListItem","position":2,"name":"El trabajo te hace Libre"}]},{"@type":"WebSite","@id":"https:\/\/blogdiario.info\/magazine\/#website","url":"https:\/\/blogdiario.info\/magazine\/","name":"BlogDiario Magazine","description":"Suplemento multiling\u00fce de ElCanillita.Info","publisher":{"@id":"https:\/\/blogdiario.info\/magazine\/#organization"},"potentialAction":[{"@type":"SearchAction","target":{"@type":"EntryPoint","urlTemplate":"https:\/\/blogdiario.info\/magazine\/?s={search_term_string}"},"query-input":{"@type":"PropertyValueSpecification","valueRequired":true,"valueName":"search_term_string"}}],"inLanguage":"es-AR"},{"@type":"Organization","@id":"https:\/\/blogdiario.info\/magazine\/#organization","name":"Guzzo Photos & Graphic Publications","url":"https:\/\/blogdiario.info\/magazine\/","logo":{"@type":"ImageObject","inLanguage":"es-AR","@id":"https:\/\/blogdiario.info\/magazine\/#\/schema\/logo\/image\/","url":"https:\/\/blogdiario.info\/magazine\/images\/2020\/01\/cropped-blogdia_magazine.jpg","contentUrl":"https:\/\/blogdiario.info\/magazine\/images\/2020\/01\/cropped-blogdia_magazine.jpg","width":589,"height":55,"caption":"Guzzo Photos & Graphic Publications"},"image":{"@id":"https:\/\/blogdiario.info\/magazine\/#\/schema\/logo\/image\/"}},{"@type":"Person","@id":"https:\/\/blogdiario.info\/magazine\/#\/schema\/person\/b2422fe85574d945bad55513bb0c7354","name":"World Press Service | Servicio de Prensa Mundial"}]}},"views":182,"_links":{"self":[{"href":"https:\/\/blogdiario.info\/magazine\/wp-json\/wp\/v2\/posts\/2535","targetHints":{"allow":["GET"]}}],"collection":[{"href":"https:\/\/blogdiario.info\/magazine\/wp-json\/wp\/v2\/posts"}],"about":[{"href":"https:\/\/blogdiario.info\/magazine\/wp-json\/wp\/v2\/types\/post"}],"author":[{"embeddable":true,"href":"https:\/\/blogdiario.info\/magazine\/wp-json\/wp\/v2\/users\/1"}],"replies":[{"embeddable":true,"href":"https:\/\/blogdiario.info\/magazine\/wp-json\/wp\/v2\/comments?post=2535"}],"version-history":[{"count":0,"href":"https:\/\/blogdiario.info\/magazine\/wp-json\/wp\/v2\/posts\/2535\/revisions"}],"wp:featuredmedia":[{"embeddable":true,"href":"https:\/\/blogdiario.info\/magazine\/wp-json\/wp\/v2\/media\/2537"}],"wp:attachment":[{"href":"https:\/\/blogdiario.info\/magazine\/wp-json\/wp\/v2\/media?parent=2535"}],"wp:term":[{"taxonomy":"category","embeddable":true,"href":"https:\/\/blogdiario.info\/magazine\/wp-json\/wp\/v2\/categories?post=2535"},{"taxonomy":"post_tag","embeddable":true,"href":"https:\/\/blogdiario.info\/magazine\/wp-json\/wp\/v2\/tags?post=2535"}],"curies":[{"name":"wp","href":"https:\/\/api.w.org\/{rel}","templated":true}]}}