{"id":2519,"date":"2025-10-05T09:18:00","date_gmt":"2025-10-05T08:18:00","guid":{"rendered":"https:\/\/blogdiario.info\/magazine\/?p=2519"},"modified":"2025-10-06T09:24:04","modified_gmt":"2025-10-06T08:24:04","slug":"londres-le-gouvernement-britannique-accorde-plus-de-pouvoirs-a-la-police-pour-reprimer-les-manifestations-repetees","status":"publish","type":"post","link":"https:\/\/blogdiario.info\/magazine\/2025\/10\/05\/londres-le-gouvernement-britannique-accorde-plus-de-pouvoirs-a-la-police-pour-reprimer-les-manifestations-repetees\/","title":{"rendered":"\ud83d\uddde\ufe0f\ud83c\uddeb\ud83c\uddf7 Londres \u2013 Le gouvernement britannique accorde plus de pouvoirs \u00e0 la police pour r\u00e9primer les manifestations r\u00e9p\u00e9t\u00e9es"},"content":{"rendered":"\n<figure class=\"wp-block-image size-full\"><img loading=\"lazy\" decoding=\"async\" width=\"500\" height=\"500\" src=\"https:\/\/blogdiario.info\/magazine\/images\/2025\/10\/img_0736-1-1.jpg\" alt=\"\" class=\"wp-image-2514\" srcset=\"https:\/\/blogdiario.info\/magazine\/images\/2025\/10\/img_0736-1-1.jpg 500w, https:\/\/blogdiario.info\/magazine\/images\/2025\/10\/img_0736-1-1-300x300.jpg 300w, https:\/\/blogdiario.info\/magazine\/images\/2025\/10\/img_0736-1-1-150x150.jpg 150w\" sizes=\"auto, (max-width: 500px) 100vw, 500px\" \/><\/figure>\n\n\n\n<p>La ministre de l\u2019Int\u00e9rieur <strong>Shabana Mahmood<\/strong> a annonc\u00e9 dimanche que la police britannique recevrait de nouveaux pouvoirs pour restreindre les manifestations, en tenant compte de l\u2019<em>\u201cimpact cumulatif\u201d<\/em> des protestations r\u00e9p\u00e9t\u00e9es.<\/p>\n\n\n\n<p>Cette d\u00e9cision intervient apr\u00e8s l\u2019arrestation de <strong>pr\u00e8s de 500 personnes<\/strong> lors des marches pro-palestiniennes de samedi \u00e0 Londres, dont <strong>488<\/strong> accus\u00e9es de soutenir l\u2019organisation interdite <em>Action Palestine<\/em>.<\/p>\n\n\n\n<p>Mahmood a affirm\u00e9 que ces manifestations massives avaient provoqu\u00e9 <em>\u201cune peur consid\u00e9rable\u201d<\/em> au sein de la communaut\u00e9 juive, \u00e0 la suite de l\u2019<strong>attentat terroriste de jeudi contre la synagogue de Manchester<\/strong>, qui a fait deux morts et plusieurs bless\u00e9s.<\/p>\n\n\n\n<p>Le gouvernement modifiera les <strong>articles 12 et 14 du Public Order Act de 1986<\/strong>, afin de permettre \u00e0 la police d\u2019imposer des conditions ou m\u00eame de <strong>bannir compl\u00e8tement<\/strong> les manifestations si elles se r\u00e9p\u00e8tent aux m\u00eames endroits ou causent des d\u00e9sordres persistants.<\/p>\n\n\n\n<blockquote class=\"wp-block-quote is-layout-flow wp-block-quote-is-layout-flow\">\n<p>\u201cLe droit de manifester est une libert\u00e9 fondamentale dans notre pays. Cependant, cette libert\u00e9 doit \u00eatre \u00e9quilibr\u00e9e avec celle de vivre sans peur\u201d, a d\u00e9clar\u00e9 Mahmood.<\/p>\n<\/blockquote>\n\n\n\n<p>Les forces de l\u2019ordre recevront \u00e9galement des instructions pour utiliser \u201ctoute la gamme de pouvoirs\u201d disponibles pour pr\u00e9venir les troubles publics. Les autorit\u00e9s locales sont invit\u00e9es \u00e0 coop\u00e9rer, et la s\u00e9curit\u00e9 a \u00e9t\u00e9 renforc\u00e9e dans <strong>538 synagogues et lieux communautaires juifs<\/strong> \u00e0 travers le pays, avec l\u2019appui du <em>Community Security Trust<\/em>.<\/p>\n\n\n\n<p>La <strong>Board of Deputies of British Jews<\/strong> a salu\u00e9 cette d\u00e9cision :<\/p>\n\n\n\n<blockquote class=\"wp-block-quote is-layout-flow wp-block-quote-is-layout-flow\">\n<p>\u201cNous demandions ces pouvoirs depuis des mois. Les r\u00e9centes manifestations ont \u00e9t\u00e9 irresponsables et offensantes apr\u00e8s l\u2019attentat de Manchester.\u201d<\/p>\n<\/blockquote>\n\n\n\n<p>De son c\u00f4t\u00e9, le Premier ministre <strong>Keir Starmer<\/strong> a exhort\u00e9 les manifestants pro-Gaza \u00e0 <em>\u201cfaire preuve de respect envers les juifs en deuil\u201d<\/em>, cherchant un \u00e9quilibre entre libert\u00e9 d\u2019expression et coh\u00e9sion sociale dans une capitale de plus en plus tendue sur les plans religieux et politique.<br><br>\u270d\ufe0f<small>\u00a92025 La Voix du Trottoir \u2013 All Rights Reserved<\/small><br><br><small>\u00a92025 La Voix du Trottoir \u2013 All Rights Reserved &#8211; Copyright \u00a9 2025 ElCanillita.info \/ BlogDiario.info \/SalaStampa.eu, world press service &#8211; Guzzo Photos &amp; Graphic Publications \u2013 Registro Editori e Stampatori n. 1441 Turin, Italy<\/small><br><br><\/p>\n","protected":false},"excerpt":{"rendered":"<p>La ministre de l\u2019Int\u00e9rieur Shabana Mahmood a annonc\u00e9 dimanche que la police britannique recevrait de nouveaux pouvoirs pour restreindre les manifestations, en tenant compte de&#8230;<\/p>\n","protected":false},"author":1,"featured_media":2514,"comment_status":"closed","ping_status":"closed","sticky":false,"template":"","format":"standard","meta":{"footnotes":"","_links_to":"","_links_to_target":""},"categories":[109,97,65,28,29,182,31],"tags":[183],"class_list":["post-2519","post","type-post","status-publish","format-standard","has-post-thumbnail","hentry","category-dc24","category-elcanillita","category-actualite","category-justice-fra","category-politique","category-royaume-uni","category-societe","tag-royaume-uni","entry","rows"],"yoast_head":"<!-- This site is optimized with the Yoast SEO plugin v27.4 - https:\/\/yoast.com\/product\/yoast-seo-wordpress\/ -->\n<title>\ud83d\uddde\ufe0f\ud83c\uddeb\ud83c\uddf7 Londres \u2013 Le gouvernement britannique accorde plus de pouvoirs \u00e0 la police pour r\u00e9primer les manifestations r\u00e9p\u00e9t\u00e9es - BlogDiario Magazine<\/title>\n<meta name=\"robots\" content=\"index, follow, max-snippet:-1, max-image-preview:large, max-video-preview:-1\" \/>\n<link rel=\"canonical\" href=\"https:\/\/blogdiario.info\/magazine\/2025\/10\/05\/londres-le-gouvernement-britannique-accorde-plus-de-pouvoirs-a-la-police-pour-reprimer-les-manifestations-repetees\/\" \/>\n<meta property=\"og:locale\" content=\"es_ES\" \/>\n<meta property=\"og:type\" content=\"article\" \/>\n<meta property=\"og:title\" content=\"\ud83d\uddde\ufe0f\ud83c\uddeb\ud83c\uddf7 Londres \u2013 Le gouvernement britannique accorde plus de pouvoirs \u00e0 la police pour r\u00e9primer les manifestations r\u00e9p\u00e9t\u00e9es - BlogDiario Magazine\" \/>\n<meta property=\"og:description\" content=\"La ministre de l\u2019Int\u00e9rieur Shabana Mahmood a annonc\u00e9 dimanche que la police britannique recevrait de nouveaux pouvoirs pour restreindre les manifestations, en tenant compte de&#8230;\" \/>\n<meta property=\"og:url\" content=\"https:\/\/blogdiario.info\/magazine\/2025\/10\/05\/londres-le-gouvernement-britannique-accorde-plus-de-pouvoirs-a-la-police-pour-reprimer-les-manifestations-repetees\/\" \/>\n<meta property=\"og:site_name\" content=\"BlogDiario Magazine\" \/>\n<meta property=\"article:published_time\" content=\"2025-10-05T08:18:00+00:00\" \/>\n<meta property=\"article:modified_time\" content=\"2025-10-06T08:24:04+00:00\" \/>\n<meta property=\"og:image\" content=\"https:\/\/blogdiario.info\/magazine\/images\/2025\/10\/img_0736-1-1.jpg\" \/>\n\t<meta property=\"og:image:width\" content=\"500\" \/>\n\t<meta property=\"og:image:height\" content=\"500\" \/>\n\t<meta property=\"og:image:type\" content=\"image\/jpeg\" \/>\n<meta name=\"author\" content=\"World Press Service | Servicio de Prensa Mundial\" \/>\n<meta name=\"twitter:card\" content=\"summary_large_image\" \/>\n<meta name=\"twitter:label1\" content=\"Escrito por\" \/>\n\t<meta name=\"twitter:data1\" content=\"World Press Service | Servicio de Prensa Mundial\" \/>\n\t<meta name=\"twitter:label2\" content=\"Tiempo de lectura\" \/>\n\t<meta name=\"twitter:data2\" content=\"2 minutos\" \/>\n<script type=\"application\/ld+json\" class=\"yoast-schema-graph\">{\"@context\":\"https:\\\/\\\/schema.org\",\"@graph\":[{\"@type\":\"Article\",\"@id\":\"https:\\\/\\\/blogdiario.info\\\/magazine\\\/2025\\\/10\\\/05\\\/londres-le-gouvernement-britannique-accorde-plus-de-pouvoirs-a-la-police-pour-reprimer-les-manifestations-repetees\\\/#article\",\"isPartOf\":{\"@id\":\"https:\\\/\\\/blogdiario.info\\\/magazine\\\/2025\\\/10\\\/05\\\/londres-le-gouvernement-britannique-accorde-plus-de-pouvoirs-a-la-police-pour-reprimer-les-manifestations-repetees\\\/\"},\"author\":{\"name\":\"World Press Service | Servicio de Prensa Mundial\",\"@id\":\"https:\\\/\\\/blogdiario.info\\\/magazine\\\/#\\\/schema\\\/person\\\/b2422fe85574d945bad55513bb0c7354\"},\"headline\":\"\ud83d\uddde\ufe0f\ud83c\uddeb\ud83c\uddf7 Londres \u2013 Le gouvernement britannique accorde plus de pouvoirs \u00e0 la police pour r\u00e9primer les manifestations r\u00e9p\u00e9t\u00e9es\",\"datePublished\":\"2025-10-05T08:18:00+00:00\",\"dateModified\":\"2025-10-06T08:24:04+00:00\",\"mainEntityOfPage\":{\"@id\":\"https:\\\/\\\/blogdiario.info\\\/magazine\\\/2025\\\/10\\\/05\\\/londres-le-gouvernement-britannique-accorde-plus-de-pouvoirs-a-la-police-pour-reprimer-les-manifestations-repetees\\\/\"},\"wordCount\":375,\"publisher\":{\"@id\":\"https:\\\/\\\/blogdiario.info\\\/magazine\\\/#organization\"},\"image\":{\"@id\":\"https:\\\/\\\/blogdiario.info\\\/magazine\\\/2025\\\/10\\\/05\\\/londres-le-gouvernement-britannique-accorde-plus-de-pouvoirs-a-la-police-pour-reprimer-les-manifestations-repetees\\\/#primaryimage\"},\"thumbnailUrl\":\"https:\\\/\\\/blogdiario.info\\\/magazine\\\/images\\\/2025\\\/10\\\/img_0736-1-1.jpg\",\"keywords\":[\"Royaume-Uni\"],\"articleSection\":[\".\",\".\",\"Actualit\u00e9\",\"Justice\",\"Politique\",\"Royaume-Uni\",\"Soci\u00e9t\u00e9\"],\"inLanguage\":\"es-AR\"},{\"@type\":\"WebPage\",\"@id\":\"https:\\\/\\\/blogdiario.info\\\/magazine\\\/2025\\\/10\\\/05\\\/londres-le-gouvernement-britannique-accorde-plus-de-pouvoirs-a-la-police-pour-reprimer-les-manifestations-repetees\\\/\",\"url\":\"https:\\\/\\\/blogdiario.info\\\/magazine\\\/2025\\\/10\\\/05\\\/londres-le-gouvernement-britannique-accorde-plus-de-pouvoirs-a-la-police-pour-reprimer-les-manifestations-repetees\\\/\",\"name\":\"\ud83d\uddde\ufe0f\ud83c\uddeb\ud83c\uddf7 Londres \u2013 Le gouvernement britannique accorde plus de pouvoirs \u00e0 la police pour r\u00e9primer les manifestations r\u00e9p\u00e9t\u00e9es - BlogDiario Magazine\",\"isPartOf\":{\"@id\":\"https:\\\/\\\/blogdiario.info\\\/magazine\\\/#website\"},\"primaryImageOfPage\":{\"@id\":\"https:\\\/\\\/blogdiario.info\\\/magazine\\\/2025\\\/10\\\/05\\\/londres-le-gouvernement-britannique-accorde-plus-de-pouvoirs-a-la-police-pour-reprimer-les-manifestations-repetees\\\/#primaryimage\"},\"image\":{\"@id\":\"https:\\\/\\\/blogdiario.info\\\/magazine\\\/2025\\\/10\\\/05\\\/londres-le-gouvernement-britannique-accorde-plus-de-pouvoirs-a-la-police-pour-reprimer-les-manifestations-repetees\\\/#primaryimage\"},\"thumbnailUrl\":\"https:\\\/\\\/blogdiario.info\\\/magazine\\\/images\\\/2025\\\/10\\\/img_0736-1-1.jpg\",\"datePublished\":\"2025-10-05T08:18:00+00:00\",\"dateModified\":\"2025-10-06T08:24:04+00:00\",\"breadcrumb\":{\"@id\":\"https:\\\/\\\/blogdiario.info\\\/magazine\\\/2025\\\/10\\\/05\\\/londres-le-gouvernement-britannique-accorde-plus-de-pouvoirs-a-la-police-pour-reprimer-les-manifestations-repetees\\\/#breadcrumb\"},\"inLanguage\":\"es-AR\",\"potentialAction\":[{\"@type\":\"ReadAction\",\"target\":[\"https:\\\/\\\/blogdiario.info\\\/magazine\\\/2025\\\/10\\\/05\\\/londres-le-gouvernement-britannique-accorde-plus-de-pouvoirs-a-la-police-pour-reprimer-les-manifestations-repetees\\\/\"]}]},{\"@type\":\"ImageObject\",\"inLanguage\":\"es-AR\",\"@id\":\"https:\\\/\\\/blogdiario.info\\\/magazine\\\/2025\\\/10\\\/05\\\/londres-le-gouvernement-britannique-accorde-plus-de-pouvoirs-a-la-police-pour-reprimer-les-manifestations-repetees\\\/#primaryimage\",\"url\":\"https:\\\/\\\/blogdiario.info\\\/magazine\\\/images\\\/2025\\\/10\\\/img_0736-1-1.jpg\",\"contentUrl\":\"https:\\\/\\\/blogdiario.info\\\/magazine\\\/images\\\/2025\\\/10\\\/img_0736-1-1.jpg\",\"width\":500,\"height\":500},{\"@type\":\"BreadcrumbList\",\"@id\":\"https:\\\/\\\/blogdiario.info\\\/magazine\\\/2025\\\/10\\\/05\\\/londres-le-gouvernement-britannique-accorde-plus-de-pouvoirs-a-la-police-pour-reprimer-les-manifestations-repetees\\\/#breadcrumb\",\"itemListElement\":[{\"@type\":\"ListItem\",\"position\":1,\"name\":\"Home\",\"item\":\"https:\\\/\\\/blogdiario.info\\\/magazine\\\/\"},{\"@type\":\"ListItem\",\"position\":2,\"name\":\"\ud83d\uddde\ufe0f\ud83c\uddeb\ud83c\uddf7 Londres \u2013 Le gouvernement britannique accorde plus de pouvoirs \u00e0 la police pour r\u00e9primer les manifestations r\u00e9p\u00e9t\u00e9es\"}]},{\"@type\":\"WebSite\",\"@id\":\"https:\\\/\\\/blogdiario.info\\\/magazine\\\/#website\",\"url\":\"https:\\\/\\\/blogdiario.info\\\/magazine\\\/\",\"name\":\"BlogDiario Magazine\",\"description\":\"Suplemento multiling\u00fce de ElCanillita.Info\",\"publisher\":{\"@id\":\"https:\\\/\\\/blogdiario.info\\\/magazine\\\/#organization\"},\"potentialAction\":[{\"@type\":\"SearchAction\",\"target\":{\"@type\":\"EntryPoint\",\"urlTemplate\":\"https:\\\/\\\/blogdiario.info\\\/magazine\\\/?s={search_term_string}\"},\"query-input\":{\"@type\":\"PropertyValueSpecification\",\"valueRequired\":true,\"valueName\":\"search_term_string\"}}],\"inLanguage\":\"es-AR\"},{\"@type\":\"Organization\",\"@id\":\"https:\\\/\\\/blogdiario.info\\\/magazine\\\/#organization\",\"name\":\"Guzzo Photos & Graphic Publications\",\"url\":\"https:\\\/\\\/blogdiario.info\\\/magazine\\\/\",\"logo\":{\"@type\":\"ImageObject\",\"inLanguage\":\"es-AR\",\"@id\":\"https:\\\/\\\/blogdiario.info\\\/magazine\\\/#\\\/schema\\\/logo\\\/image\\\/\",\"url\":\"https:\\\/\\\/blogdiario.info\\\/magazine\\\/images\\\/2020\\\/01\\\/cropped-blogdia_magazine.jpg\",\"contentUrl\":\"https:\\\/\\\/blogdiario.info\\\/magazine\\\/images\\\/2020\\\/01\\\/cropped-blogdia_magazine.jpg\",\"width\":589,\"height\":55,\"caption\":\"Guzzo Photos & Graphic Publications\"},\"image\":{\"@id\":\"https:\\\/\\\/blogdiario.info\\\/magazine\\\/#\\\/schema\\\/logo\\\/image\\\/\"}},{\"@type\":\"Person\",\"@id\":\"https:\\\/\\\/blogdiario.info\\\/magazine\\\/#\\\/schema\\\/person\\\/b2422fe85574d945bad55513bb0c7354\",\"name\":\"World Press Service | Servicio de Prensa Mundial\"}]}<\/script>\n<!-- \/ Yoast SEO plugin. -->","yoast_head_json":{"title":"\ud83d\uddde\ufe0f\ud83c\uddeb\ud83c\uddf7 Londres \u2013 Le gouvernement britannique accorde plus de pouvoirs \u00e0 la police pour r\u00e9primer les manifestations r\u00e9p\u00e9t\u00e9es - BlogDiario Magazine","robots":{"index":"index","follow":"follow","max-snippet":"max-snippet:-1","max-image-preview":"max-image-preview:large","max-video-preview":"max-video-preview:-1"},"canonical":"https:\/\/blogdiario.info\/magazine\/2025\/10\/05\/londres-le-gouvernement-britannique-accorde-plus-de-pouvoirs-a-la-police-pour-reprimer-les-manifestations-repetees\/","og_locale":"es_ES","og_type":"article","og_title":"\ud83d\uddde\ufe0f\ud83c\uddeb\ud83c\uddf7 Londres \u2013 Le gouvernement britannique accorde plus de pouvoirs \u00e0 la police pour r\u00e9primer les manifestations r\u00e9p\u00e9t\u00e9es - BlogDiario Magazine","og_description":"La ministre de l\u2019Int\u00e9rieur Shabana Mahmood a annonc\u00e9 dimanche que la police britannique recevrait de nouveaux pouvoirs pour restreindre les manifestations, en tenant compte de&#8230;","og_url":"https:\/\/blogdiario.info\/magazine\/2025\/10\/05\/londres-le-gouvernement-britannique-accorde-plus-de-pouvoirs-a-la-police-pour-reprimer-les-manifestations-repetees\/","og_site_name":"BlogDiario Magazine","article_published_time":"2025-10-05T08:18:00+00:00","article_modified_time":"2025-10-06T08:24:04+00:00","og_image":[{"width":500,"height":500,"url":"https:\/\/blogdiario.info\/magazine\/images\/2025\/10\/img_0736-1-1.jpg","type":"image\/jpeg"}],"author":"World Press Service | Servicio de Prensa Mundial","twitter_card":"summary_large_image","twitter_misc":{"Escrito por":"World Press Service | Servicio de Prensa Mundial","Tiempo de lectura":"2 minutos"},"schema":{"@context":"https:\/\/schema.org","@graph":[{"@type":"Article","@id":"https:\/\/blogdiario.info\/magazine\/2025\/10\/05\/londres-le-gouvernement-britannique-accorde-plus-de-pouvoirs-a-la-police-pour-reprimer-les-manifestations-repetees\/#article","isPartOf":{"@id":"https:\/\/blogdiario.info\/magazine\/2025\/10\/05\/londres-le-gouvernement-britannique-accorde-plus-de-pouvoirs-a-la-police-pour-reprimer-les-manifestations-repetees\/"},"author":{"name":"World Press Service | Servicio de Prensa Mundial","@id":"https:\/\/blogdiario.info\/magazine\/#\/schema\/person\/b2422fe85574d945bad55513bb0c7354"},"headline":"\ud83d\uddde\ufe0f\ud83c\uddeb\ud83c\uddf7 Londres \u2013 Le gouvernement britannique accorde plus de pouvoirs \u00e0 la police pour r\u00e9primer les manifestations r\u00e9p\u00e9t\u00e9es","datePublished":"2025-10-05T08:18:00+00:00","dateModified":"2025-10-06T08:24:04+00:00","mainEntityOfPage":{"@id":"https:\/\/blogdiario.info\/magazine\/2025\/10\/05\/londres-le-gouvernement-britannique-accorde-plus-de-pouvoirs-a-la-police-pour-reprimer-les-manifestations-repetees\/"},"wordCount":375,"publisher":{"@id":"https:\/\/blogdiario.info\/magazine\/#organization"},"image":{"@id":"https:\/\/blogdiario.info\/magazine\/2025\/10\/05\/londres-le-gouvernement-britannique-accorde-plus-de-pouvoirs-a-la-police-pour-reprimer-les-manifestations-repetees\/#primaryimage"},"thumbnailUrl":"https:\/\/blogdiario.info\/magazine\/images\/2025\/10\/img_0736-1-1.jpg","keywords":["Royaume-Uni"],"articleSection":[".",".","Actualit\u00e9","Justice","Politique","Royaume-Uni","Soci\u00e9t\u00e9"],"inLanguage":"es-AR"},{"@type":"WebPage","@id":"https:\/\/blogdiario.info\/magazine\/2025\/10\/05\/londres-le-gouvernement-britannique-accorde-plus-de-pouvoirs-a-la-police-pour-reprimer-les-manifestations-repetees\/","url":"https:\/\/blogdiario.info\/magazine\/2025\/10\/05\/londres-le-gouvernement-britannique-accorde-plus-de-pouvoirs-a-la-police-pour-reprimer-les-manifestations-repetees\/","name":"\ud83d\uddde\ufe0f\ud83c\uddeb\ud83c\uddf7 Londres \u2013 Le gouvernement britannique accorde plus de pouvoirs \u00e0 la police pour r\u00e9primer les manifestations r\u00e9p\u00e9t\u00e9es - BlogDiario Magazine","isPartOf":{"@id":"https:\/\/blogdiario.info\/magazine\/#website"},"primaryImageOfPage":{"@id":"https:\/\/blogdiario.info\/magazine\/2025\/10\/05\/londres-le-gouvernement-britannique-accorde-plus-de-pouvoirs-a-la-police-pour-reprimer-les-manifestations-repetees\/#primaryimage"},"image":{"@id":"https:\/\/blogdiario.info\/magazine\/2025\/10\/05\/londres-le-gouvernement-britannique-accorde-plus-de-pouvoirs-a-la-police-pour-reprimer-les-manifestations-repetees\/#primaryimage"},"thumbnailUrl":"https:\/\/blogdiario.info\/magazine\/images\/2025\/10\/img_0736-1-1.jpg","datePublished":"2025-10-05T08:18:00+00:00","dateModified":"2025-10-06T08:24:04+00:00","breadcrumb":{"@id":"https:\/\/blogdiario.info\/magazine\/2025\/10\/05\/londres-le-gouvernement-britannique-accorde-plus-de-pouvoirs-a-la-police-pour-reprimer-les-manifestations-repetees\/#breadcrumb"},"inLanguage":"es-AR","potentialAction":[{"@type":"ReadAction","target":["https:\/\/blogdiario.info\/magazine\/2025\/10\/05\/londres-le-gouvernement-britannique-accorde-plus-de-pouvoirs-a-la-police-pour-reprimer-les-manifestations-repetees\/"]}]},{"@type":"ImageObject","inLanguage":"es-AR","@id":"https:\/\/blogdiario.info\/magazine\/2025\/10\/05\/londres-le-gouvernement-britannique-accorde-plus-de-pouvoirs-a-la-police-pour-reprimer-les-manifestations-repetees\/#primaryimage","url":"https:\/\/blogdiario.info\/magazine\/images\/2025\/10\/img_0736-1-1.jpg","contentUrl":"https:\/\/blogdiario.info\/magazine\/images\/2025\/10\/img_0736-1-1.jpg","width":500,"height":500},{"@type":"BreadcrumbList","@id":"https:\/\/blogdiario.info\/magazine\/2025\/10\/05\/londres-le-gouvernement-britannique-accorde-plus-de-pouvoirs-a-la-police-pour-reprimer-les-manifestations-repetees\/#breadcrumb","itemListElement":[{"@type":"ListItem","position":1,"name":"Home","item":"https:\/\/blogdiario.info\/magazine\/"},{"@type":"ListItem","position":2,"name":"\ud83d\uddde\ufe0f\ud83c\uddeb\ud83c\uddf7 Londres \u2013 Le gouvernement britannique accorde plus de pouvoirs \u00e0 la police pour r\u00e9primer les manifestations r\u00e9p\u00e9t\u00e9es"}]},{"@type":"WebSite","@id":"https:\/\/blogdiario.info\/magazine\/#website","url":"https:\/\/blogdiario.info\/magazine\/","name":"BlogDiario Magazine","description":"Suplemento multiling\u00fce de ElCanillita.Info","publisher":{"@id":"https:\/\/blogdiario.info\/magazine\/#organization"},"potentialAction":[{"@type":"SearchAction","target":{"@type":"EntryPoint","urlTemplate":"https:\/\/blogdiario.info\/magazine\/?s={search_term_string}"},"query-input":{"@type":"PropertyValueSpecification","valueRequired":true,"valueName":"search_term_string"}}],"inLanguage":"es-AR"},{"@type":"Organization","@id":"https:\/\/blogdiario.info\/magazine\/#organization","name":"Guzzo Photos & Graphic Publications","url":"https:\/\/blogdiario.info\/magazine\/","logo":{"@type":"ImageObject","inLanguage":"es-AR","@id":"https:\/\/blogdiario.info\/magazine\/#\/schema\/logo\/image\/","url":"https:\/\/blogdiario.info\/magazine\/images\/2020\/01\/cropped-blogdia_magazine.jpg","contentUrl":"https:\/\/blogdiario.info\/magazine\/images\/2020\/01\/cropped-blogdia_magazine.jpg","width":589,"height":55,"caption":"Guzzo Photos & Graphic Publications"},"image":{"@id":"https:\/\/blogdiario.info\/magazine\/#\/schema\/logo\/image\/"}},{"@type":"Person","@id":"https:\/\/blogdiario.info\/magazine\/#\/schema\/person\/b2422fe85574d945bad55513bb0c7354","name":"World Press Service | Servicio de Prensa Mundial"}]}},"views":230,"_links":{"self":[{"href":"https:\/\/blogdiario.info\/magazine\/wp-json\/wp\/v2\/posts\/2519","targetHints":{"allow":["GET"]}}],"collection":[{"href":"https:\/\/blogdiario.info\/magazine\/wp-json\/wp\/v2\/posts"}],"about":[{"href":"https:\/\/blogdiario.info\/magazine\/wp-json\/wp\/v2\/types\/post"}],"author":[{"embeddable":true,"href":"https:\/\/blogdiario.info\/magazine\/wp-json\/wp\/v2\/users\/1"}],"replies":[{"embeddable":true,"href":"https:\/\/blogdiario.info\/magazine\/wp-json\/wp\/v2\/comments?post=2519"}],"version-history":[{"count":0,"href":"https:\/\/blogdiario.info\/magazine\/wp-json\/wp\/v2\/posts\/2519\/revisions"}],"wp:featuredmedia":[{"embeddable":true,"href":"https:\/\/blogdiario.info\/magazine\/wp-json\/wp\/v2\/media\/2514"}],"wp:attachment":[{"href":"https:\/\/blogdiario.info\/magazine\/wp-json\/wp\/v2\/media?parent=2519"}],"wp:term":[{"taxonomy":"category","embeddable":true,"href":"https:\/\/blogdiario.info\/magazine\/wp-json\/wp\/v2\/categories?post=2519"},{"taxonomy":"post_tag","embeddable":true,"href":"https:\/\/blogdiario.info\/magazine\/wp-json\/wp\/v2\/tags?post=2519"}],"curies":[{"name":"wp","href":"https:\/\/api.w.org\/{rel}","templated":true}]}}