{"id":2513,"date":"2025-10-05T18:14:22","date_gmt":"2025-10-05T17:14:22","guid":{"rendered":"https:\/\/blogdiario.info\/magazine\/?p=2513"},"modified":"2025-10-06T09:07:45","modified_gmt":"2025-10-06T08:07:45","slug":"londra-il-governo-britannico-concede-nuovi-poteri-alla-polizia-per-reprimere-le-proteste-ripetute","status":"publish","type":"post","link":"https:\/\/blogdiario.info\/magazine\/2025\/10\/05\/londra-il-governo-britannico-concede-nuovi-poteri-alla-polizia-per-reprimere-le-proteste-ripetute\/","title":{"rendered":"\ud83d\uddde\ufe0f\ud83c\uddee\ud83c\uddf9 Londra \u2013 Il governo britannico concede nuovi poteri alla polizia per reprimere le proteste ripetute"},"content":{"rendered":"\n<figure class=\"wp-block-image size-large\"><img loading=\"lazy\" decoding=\"async\" width=\"500\" height=\"500\" src=\"https:\/\/blogdiario.info\/magazine\/images\/2025\/10\/img_0736-1-1.jpg\" alt=\"\" class=\"wp-image-2514\" srcset=\"https:\/\/blogdiario.info\/magazine\/images\/2025\/10\/img_0736-1-1.jpg 500w, https:\/\/blogdiario.info\/magazine\/images\/2025\/10\/img_0736-1-1-300x300.jpg 300w, https:\/\/blogdiario.info\/magazine\/images\/2025\/10\/img_0736-1-1-150x150.jpg 150w\" sizes=\"auto, (max-width: 500px) 100vw, 500px\" \/><\/figure>\n\n\n\n<p class=\"p1\">La ministra dell\u2019Interno Shabana Mahmood ha annunciato domenica che la polizia britannica ricever\u00e0 nuovi poteri per limitare le manifestazioni, tenendo conto dell\u2019\u201cimpatto cumulativo\u201d delle proteste ripetute.<\/p>\n\n\n\n<p class=\"p1\">La decisione arriva dopo l\u2019arresto di quasi 500 persone durante le marce pro-palestinesi di sabato a Londra, dove 488 manifestanti sono stati accusati di sostenere l\u2019organizzazione vietata Azione Palestina.<\/p>\n\n\n\n<p class=\"p1\">Mahmood ha dichiarato che le proteste su larga scala hanno provocato \u201cun timore considerevole\u201d all\u2019interno della comunit\u00e0 ebraica, dopo l\u2019attacco terroristico di gioved\u00ec contro la sinagoga di Manchester, in cui due persone sono state uccise e diverse ferite.<\/p>\n\n\n\n<p class=\"p1\">Il governo modificher\u00e0 gli articoli 12 e 14 del Public Order Act del 1986, consentendo alla polizia di imporre condizioni o addirittura di vietare completamente le proteste se queste si ripetono negli stessi luoghi o causano disordini continui.<\/p>\n\n\n\n<blockquote class=\"wp-block-quote is-layout-flow wp-block-quote-is-layout-flow\">\n<p>\u201cIl diritto di protestare \u00e8 una libert\u00e0 fondamentale nel nostro Paese. Tuttavia, questa libert\u00e0 deve essere bilanciata con il diritto dei vicini di vivere senza paura\u201d, ha dichiarato Mahmood.<\/p>\n<\/blockquote>\n\n\n\n<p class=\"p1\">Le forze di polizia riceveranno inoltre istruzioni per utilizzare \u201ctutta la gamma di poteri\u201d disponibili per prevenire disordini pubblici. I consigli locali sono stati invitati a collaborare, mentre \u00e8 stata rafforzata la protezione in 538 sinagoghe e centri ebraici del Paese, in collaborazione con il Community Security Trust.<\/p>\n\n\n\n<p class=\"p1\">La Board of Deputies of British Jews ha accolto con favore la misura:<\/p>\n\n\n\n<blockquote class=\"wp-block-quote is-layout-flow wp-block-quote-is-layout-flow\">\n<p>\u201cAbbiamo chiesto questi poteri per mesi. Le recenti proteste sono state irresponsabili e offensive dopo l\u2019attacco di Manchester.\u201d<\/p>\n<\/blockquote>\n\n\n\n<p class=\"p1\">Nel frattempo, il primo ministro Keir Starmer ha invitato i manifestanti pro-Gaza a \u201cmostrare rispetto per gli ebrei in lutto\u201d, tentando di equilibrare libert\u00e0 di espressione e coesione sociale in una Londra sempre pi\u00f9 segnata da tensioni religiose e politiche.<\/p>\n\n\n\n<p><\/p>\n\n\n\n<p>\u270d\ufe0f \u00a92025 La voce della strada &#8211; All Rights Reserved<\/p>\n\n\n\n<p><\/p>\n\n\n<hr style=\"\n    border: none;\n    height: 1px;\n    background: linear-gradient(to right, transparent, #ccc, transparent);\n    margin: 0;\n\" \/><\/p>\n<p><strong>Vuoi dire qualcosa?<\/strong><\/p>\n<p>\ud83d\udcec Invia il tuo testo a elcanillita@yahoo.com oppure caricalo nella Speakers&#8217; Box: SoapBoxOrators.org.<\/p>\n<p><!-- \/wp:post-content --><\/p>\n<form action=\"https:\/\/formspree.io\/f\/mjkrjzed\" method=\"POST\">\n  <label for=\"name\">Nome o pseudonimo:<\/label><br \/>\n  <input type=\"text\" id=\"name\" name=\"name\" required><\/p>\n<p>  <label for=\"title\">Titolo dell\u2019intervento\/editoriale:<\/label><br \/>\n  <input type=\"text\" id=\"title\" name=\"title\" required><\/p>\n<p>  <label for=\"message\">Testo (max. 3.000 caratteri):<\/label><br \/>\n  <textarea id=\"message\" name=\"message\" rows=\"10\" maxlength=\"3000\" required><\/textarea><\/p>\n<p>  <label><br \/>\n    <input type=\"checkbox\" name=\"consent\" required><br \/>\n    Autorizzo la pubblicazione di questo testo su SoapboxOrators.org<br \/>\n  <\/label><\/p>\n<p>  <button type=\"submit\">Invia<\/button><br \/>\n  <button type=\"reset\">Cancella modulo<\/button><\/p>\n<\/form>\n<p><!-- wp:paragraph --><\/p>\n<p><!-- \/wp:paragraph --><\/p>\n<p><small>\u00a9\ufe0f2025  Guzzo Photos  &#038; Graphic Publications \u2013 All Rights Reserved \u2013 Copyright \u00a9\ufe0f 2025 ElCanillita.info \/ SoapBoxOrators.org \/SalaStampa.eu, world press service \u2013 Guzzo Photos &#038; Graphic Publications \u2013 Registro Editori e Stampatori n. 1441 Turin, Italy<\/small><\/p>\n<p><!-- wp:paragraph --><\/p>\n<p><!-- \/wp:paragraph --><\/p>","protected":false},"excerpt":{"rendered":"<p>\ud83c\uddee\ud83c\uddf9 Starmer chiede rispetto ai manifestanti di Gaza per gli ebrei in lutto.<\/p>\n","protected":false},"author":1,"featured_media":2512,"comment_status":"closed","ping_status":"closed","sticky":false,"template":"","format":"standard","meta":{"footnotes":"","_links_to":"","_links_to_target":""},"categories":[97,109,61,18,20],"tags":[176],"class_list":["post-2513","post","type-post","status-publish","format-standard","has-post-thumbnail","hentry","category-elcanillita","category-dc24","category-attualita","category-politica-ita","category-societa","tag-regno-unido","entry","rows"],"yoast_head":"<!-- This site is optimized with the Yoast SEO plugin v27.4 - https:\/\/yoast.com\/product\/yoast-seo-wordpress\/ -->\n<title>\ud83d\uddde\ufe0f\ud83c\uddee\ud83c\uddf9 Londra \u2013 Il governo britannico concede nuovi poteri alla polizia per reprimere le proteste ripetute - BlogDiario Magazine<\/title>\n<meta name=\"robots\" content=\"index, follow, max-snippet:-1, max-image-preview:large, max-video-preview:-1\" \/>\n<link rel=\"canonical\" href=\"https:\/\/blogdiario.info\/magazine\/2025\/10\/05\/londra-il-governo-britannico-concede-nuovi-poteri-alla-polizia-per-reprimere-le-proteste-ripetute\/\" \/>\n<meta property=\"og:locale\" content=\"es_ES\" \/>\n<meta property=\"og:type\" content=\"article\" \/>\n<meta property=\"og:title\" content=\"\ud83d\uddde\ufe0f\ud83c\uddee\ud83c\uddf9 Londra \u2013 Il governo britannico concede nuovi poteri alla polizia per reprimere le proteste ripetute - BlogDiario Magazine\" \/>\n<meta property=\"og:description\" content=\"\ud83c\uddee\ud83c\uddf9 Starmer chiede rispetto ai manifestanti di Gaza per gli ebrei in lutto.\" \/>\n<meta property=\"og:url\" content=\"https:\/\/blogdiario.info\/magazine\/2025\/10\/05\/londra-il-governo-britannico-concede-nuovi-poteri-alla-polizia-per-reprimere-le-proteste-ripetute\/\" \/>\n<meta property=\"og:site_name\" content=\"BlogDiario Magazine\" \/>\n<meta property=\"article:published_time\" content=\"2025-10-05T17:14:22+00:00\" \/>\n<meta property=\"article:modified_time\" content=\"2025-10-06T08:07:45+00:00\" \/>\n<meta property=\"og:image\" content=\"https:\/\/blogdiario.info\/magazine\/images\/2025\/10\/img_0736-2.jpg\" \/>\n\t<meta property=\"og:image:width\" content=\"500\" \/>\n\t<meta property=\"og:image:height\" content=\"500\" \/>\n\t<meta property=\"og:image:type\" content=\"image\/jpeg\" \/>\n<meta name=\"author\" content=\"World Press Service | Servicio de Prensa Mundial\" \/>\n<meta name=\"twitter:card\" content=\"summary_large_image\" \/>\n<meta name=\"twitter:label1\" content=\"Escrito por\" \/>\n\t<meta name=\"twitter:data1\" content=\"World Press Service | Servicio de Prensa Mundial\" \/>\n\t<meta name=\"twitter:label2\" content=\"Tiempo de lectura\" \/>\n\t<meta name=\"twitter:data2\" content=\"2 minutos\" \/>\n<script type=\"application\/ld+json\" class=\"yoast-schema-graph\">{\"@context\":\"https:\\\/\\\/schema.org\",\"@graph\":[{\"@type\":\"Article\",\"@id\":\"https:\\\/\\\/blogdiario.info\\\/magazine\\\/2025\\\/10\\\/05\\\/londra-il-governo-britannico-concede-nuovi-poteri-alla-polizia-per-reprimere-le-proteste-ripetute\\\/#article\",\"isPartOf\":{\"@id\":\"https:\\\/\\\/blogdiario.info\\\/magazine\\\/2025\\\/10\\\/05\\\/londra-il-governo-britannico-concede-nuovi-poteri-alla-polizia-per-reprimere-le-proteste-ripetute\\\/\"},\"author\":{\"name\":\"World Press Service | Servicio de Prensa Mundial\",\"@id\":\"https:\\\/\\\/blogdiario.info\\\/magazine\\\/#\\\/schema\\\/person\\\/b2422fe85574d945bad55513bb0c7354\"},\"headline\":\"\ud83d\uddde\ufe0f\ud83c\uddee\ud83c\uddf9 Londra \u2013 Il governo britannico concede nuovi poteri alla polizia per reprimere le proteste ripetute\",\"datePublished\":\"2025-10-05T17:14:22+00:00\",\"dateModified\":\"2025-10-06T08:07:45+00:00\",\"mainEntityOfPage\":{\"@id\":\"https:\\\/\\\/blogdiario.info\\\/magazine\\\/2025\\\/10\\\/05\\\/londra-il-governo-britannico-concede-nuovi-poteri-alla-polizia-per-reprimere-le-proteste-ripetute\\\/\"},\"wordCount\":368,\"publisher\":{\"@id\":\"https:\\\/\\\/blogdiario.info\\\/magazine\\\/#organization\"},\"image\":{\"@id\":\"https:\\\/\\\/blogdiario.info\\\/magazine\\\/2025\\\/10\\\/05\\\/londra-il-governo-britannico-concede-nuovi-poteri-alla-polizia-per-reprimere-le-proteste-ripetute\\\/#primaryimage\"},\"thumbnailUrl\":\"https:\\\/\\\/blogdiario.info\\\/magazine\\\/images\\\/2025\\\/10\\\/img_0736-2.jpg\",\"keywords\":[\"Regno Unido\"],\"articleSection\":[\".\",\".\",\"Attualit\u00e0\",\"Politica\",\"Societ\u00e0\"],\"inLanguage\":\"es-AR\"},{\"@type\":\"WebPage\",\"@id\":\"https:\\\/\\\/blogdiario.info\\\/magazine\\\/2025\\\/10\\\/05\\\/londra-il-governo-britannico-concede-nuovi-poteri-alla-polizia-per-reprimere-le-proteste-ripetute\\\/\",\"url\":\"https:\\\/\\\/blogdiario.info\\\/magazine\\\/2025\\\/10\\\/05\\\/londra-il-governo-britannico-concede-nuovi-poteri-alla-polizia-per-reprimere-le-proteste-ripetute\\\/\",\"name\":\"\ud83d\uddde\ufe0f\ud83c\uddee\ud83c\uddf9 Londra \u2013 Il governo britannico concede nuovi poteri alla polizia per reprimere le proteste ripetute - BlogDiario Magazine\",\"isPartOf\":{\"@id\":\"https:\\\/\\\/blogdiario.info\\\/magazine\\\/#website\"},\"primaryImageOfPage\":{\"@id\":\"https:\\\/\\\/blogdiario.info\\\/magazine\\\/2025\\\/10\\\/05\\\/londra-il-governo-britannico-concede-nuovi-poteri-alla-polizia-per-reprimere-le-proteste-ripetute\\\/#primaryimage\"},\"image\":{\"@id\":\"https:\\\/\\\/blogdiario.info\\\/magazine\\\/2025\\\/10\\\/05\\\/londra-il-governo-britannico-concede-nuovi-poteri-alla-polizia-per-reprimere-le-proteste-ripetute\\\/#primaryimage\"},\"thumbnailUrl\":\"https:\\\/\\\/blogdiario.info\\\/magazine\\\/images\\\/2025\\\/10\\\/img_0736-2.jpg\",\"datePublished\":\"2025-10-05T17:14:22+00:00\",\"dateModified\":\"2025-10-06T08:07:45+00:00\",\"breadcrumb\":{\"@id\":\"https:\\\/\\\/blogdiario.info\\\/magazine\\\/2025\\\/10\\\/05\\\/londra-il-governo-britannico-concede-nuovi-poteri-alla-polizia-per-reprimere-le-proteste-ripetute\\\/#breadcrumb\"},\"inLanguage\":\"es-AR\",\"potentialAction\":[{\"@type\":\"ReadAction\",\"target\":[\"https:\\\/\\\/blogdiario.info\\\/magazine\\\/2025\\\/10\\\/05\\\/londra-il-governo-britannico-concede-nuovi-poteri-alla-polizia-per-reprimere-le-proteste-ripetute\\\/\"]}]},{\"@type\":\"ImageObject\",\"inLanguage\":\"es-AR\",\"@id\":\"https:\\\/\\\/blogdiario.info\\\/magazine\\\/2025\\\/10\\\/05\\\/londra-il-governo-britannico-concede-nuovi-poteri-alla-polizia-per-reprimere-le-proteste-ripetute\\\/#primaryimage\",\"url\":\"https:\\\/\\\/blogdiario.info\\\/magazine\\\/images\\\/2025\\\/10\\\/img_0736-2.jpg\",\"contentUrl\":\"https:\\\/\\\/blogdiario.info\\\/magazine\\\/images\\\/2025\\\/10\\\/img_0736-2.jpg\",\"width\":500,\"height\":500},{\"@type\":\"BreadcrumbList\",\"@id\":\"https:\\\/\\\/blogdiario.info\\\/magazine\\\/2025\\\/10\\\/05\\\/londra-il-governo-britannico-concede-nuovi-poteri-alla-polizia-per-reprimere-le-proteste-ripetute\\\/#breadcrumb\",\"itemListElement\":[{\"@type\":\"ListItem\",\"position\":1,\"name\":\"Home\",\"item\":\"https:\\\/\\\/blogdiario.info\\\/magazine\\\/\"},{\"@type\":\"ListItem\",\"position\":2,\"name\":\"\ud83d\uddde\ufe0f\ud83c\uddee\ud83c\uddf9 Londra \u2013 Il governo britannico concede nuovi poteri alla polizia per reprimere le proteste ripetute\"}]},{\"@type\":\"WebSite\",\"@id\":\"https:\\\/\\\/blogdiario.info\\\/magazine\\\/#website\",\"url\":\"https:\\\/\\\/blogdiario.info\\\/magazine\\\/\",\"name\":\"BlogDiario Magazine\",\"description\":\"Suplemento multiling\u00fce de ElCanillita.Info\",\"publisher\":{\"@id\":\"https:\\\/\\\/blogdiario.info\\\/magazine\\\/#organization\"},\"potentialAction\":[{\"@type\":\"SearchAction\",\"target\":{\"@type\":\"EntryPoint\",\"urlTemplate\":\"https:\\\/\\\/blogdiario.info\\\/magazine\\\/?s={search_term_string}\"},\"query-input\":{\"@type\":\"PropertyValueSpecification\",\"valueRequired\":true,\"valueName\":\"search_term_string\"}}],\"inLanguage\":\"es-AR\"},{\"@type\":\"Organization\",\"@id\":\"https:\\\/\\\/blogdiario.info\\\/magazine\\\/#organization\",\"name\":\"Guzzo Photos & Graphic Publications\",\"url\":\"https:\\\/\\\/blogdiario.info\\\/magazine\\\/\",\"logo\":{\"@type\":\"ImageObject\",\"inLanguage\":\"es-AR\",\"@id\":\"https:\\\/\\\/blogdiario.info\\\/magazine\\\/#\\\/schema\\\/logo\\\/image\\\/\",\"url\":\"https:\\\/\\\/blogdiario.info\\\/magazine\\\/images\\\/2020\\\/01\\\/cropped-blogdia_magazine.jpg\",\"contentUrl\":\"https:\\\/\\\/blogdiario.info\\\/magazine\\\/images\\\/2020\\\/01\\\/cropped-blogdia_magazine.jpg\",\"width\":589,\"height\":55,\"caption\":\"Guzzo Photos & Graphic Publications\"},\"image\":{\"@id\":\"https:\\\/\\\/blogdiario.info\\\/magazine\\\/#\\\/schema\\\/logo\\\/image\\\/\"}},{\"@type\":\"Person\",\"@id\":\"https:\\\/\\\/blogdiario.info\\\/magazine\\\/#\\\/schema\\\/person\\\/b2422fe85574d945bad55513bb0c7354\",\"name\":\"World Press Service | Servicio de Prensa Mundial\"}]}<\/script>\n<!-- \/ Yoast SEO plugin. -->","yoast_head_json":{"title":"\ud83d\uddde\ufe0f\ud83c\uddee\ud83c\uddf9 Londra \u2013 Il governo britannico concede nuovi poteri alla polizia per reprimere le proteste ripetute - BlogDiario Magazine","robots":{"index":"index","follow":"follow","max-snippet":"max-snippet:-1","max-image-preview":"max-image-preview:large","max-video-preview":"max-video-preview:-1"},"canonical":"https:\/\/blogdiario.info\/magazine\/2025\/10\/05\/londra-il-governo-britannico-concede-nuovi-poteri-alla-polizia-per-reprimere-le-proteste-ripetute\/","og_locale":"es_ES","og_type":"article","og_title":"\ud83d\uddde\ufe0f\ud83c\uddee\ud83c\uddf9 Londra \u2013 Il governo britannico concede nuovi poteri alla polizia per reprimere le proteste ripetute - BlogDiario Magazine","og_description":"\ud83c\uddee\ud83c\uddf9 Starmer chiede rispetto ai manifestanti di Gaza per gli ebrei in lutto.","og_url":"https:\/\/blogdiario.info\/magazine\/2025\/10\/05\/londra-il-governo-britannico-concede-nuovi-poteri-alla-polizia-per-reprimere-le-proteste-ripetute\/","og_site_name":"BlogDiario Magazine","article_published_time":"2025-10-05T17:14:22+00:00","article_modified_time":"2025-10-06T08:07:45+00:00","og_image":[{"width":500,"height":500,"url":"https:\/\/blogdiario.info\/magazine\/images\/2025\/10\/img_0736-2.jpg","type":"image\/jpeg"}],"author":"World Press Service | Servicio de Prensa Mundial","twitter_card":"summary_large_image","twitter_misc":{"Escrito por":"World Press Service | Servicio de Prensa Mundial","Tiempo de lectura":"2 minutos"},"schema":{"@context":"https:\/\/schema.org","@graph":[{"@type":"Article","@id":"https:\/\/blogdiario.info\/magazine\/2025\/10\/05\/londra-il-governo-britannico-concede-nuovi-poteri-alla-polizia-per-reprimere-le-proteste-ripetute\/#article","isPartOf":{"@id":"https:\/\/blogdiario.info\/magazine\/2025\/10\/05\/londra-il-governo-britannico-concede-nuovi-poteri-alla-polizia-per-reprimere-le-proteste-ripetute\/"},"author":{"name":"World Press Service | Servicio de Prensa Mundial","@id":"https:\/\/blogdiario.info\/magazine\/#\/schema\/person\/b2422fe85574d945bad55513bb0c7354"},"headline":"\ud83d\uddde\ufe0f\ud83c\uddee\ud83c\uddf9 Londra \u2013 Il governo britannico concede nuovi poteri alla polizia per reprimere le proteste ripetute","datePublished":"2025-10-05T17:14:22+00:00","dateModified":"2025-10-06T08:07:45+00:00","mainEntityOfPage":{"@id":"https:\/\/blogdiario.info\/magazine\/2025\/10\/05\/londra-il-governo-britannico-concede-nuovi-poteri-alla-polizia-per-reprimere-le-proteste-ripetute\/"},"wordCount":368,"publisher":{"@id":"https:\/\/blogdiario.info\/magazine\/#organization"},"image":{"@id":"https:\/\/blogdiario.info\/magazine\/2025\/10\/05\/londra-il-governo-britannico-concede-nuovi-poteri-alla-polizia-per-reprimere-le-proteste-ripetute\/#primaryimage"},"thumbnailUrl":"https:\/\/blogdiario.info\/magazine\/images\/2025\/10\/img_0736-2.jpg","keywords":["Regno Unido"],"articleSection":[".",".","Attualit\u00e0","Politica","Societ\u00e0"],"inLanguage":"es-AR"},{"@type":"WebPage","@id":"https:\/\/blogdiario.info\/magazine\/2025\/10\/05\/londra-il-governo-britannico-concede-nuovi-poteri-alla-polizia-per-reprimere-le-proteste-ripetute\/","url":"https:\/\/blogdiario.info\/magazine\/2025\/10\/05\/londra-il-governo-britannico-concede-nuovi-poteri-alla-polizia-per-reprimere-le-proteste-ripetute\/","name":"\ud83d\uddde\ufe0f\ud83c\uddee\ud83c\uddf9 Londra \u2013 Il governo britannico concede nuovi poteri alla polizia per reprimere le proteste ripetute - BlogDiario Magazine","isPartOf":{"@id":"https:\/\/blogdiario.info\/magazine\/#website"},"primaryImageOfPage":{"@id":"https:\/\/blogdiario.info\/magazine\/2025\/10\/05\/londra-il-governo-britannico-concede-nuovi-poteri-alla-polizia-per-reprimere-le-proteste-ripetute\/#primaryimage"},"image":{"@id":"https:\/\/blogdiario.info\/magazine\/2025\/10\/05\/londra-il-governo-britannico-concede-nuovi-poteri-alla-polizia-per-reprimere-le-proteste-ripetute\/#primaryimage"},"thumbnailUrl":"https:\/\/blogdiario.info\/magazine\/images\/2025\/10\/img_0736-2.jpg","datePublished":"2025-10-05T17:14:22+00:00","dateModified":"2025-10-06T08:07:45+00:00","breadcrumb":{"@id":"https:\/\/blogdiario.info\/magazine\/2025\/10\/05\/londra-il-governo-britannico-concede-nuovi-poteri-alla-polizia-per-reprimere-le-proteste-ripetute\/#breadcrumb"},"inLanguage":"es-AR","potentialAction":[{"@type":"ReadAction","target":["https:\/\/blogdiario.info\/magazine\/2025\/10\/05\/londra-il-governo-britannico-concede-nuovi-poteri-alla-polizia-per-reprimere-le-proteste-ripetute\/"]}]},{"@type":"ImageObject","inLanguage":"es-AR","@id":"https:\/\/blogdiario.info\/magazine\/2025\/10\/05\/londra-il-governo-britannico-concede-nuovi-poteri-alla-polizia-per-reprimere-le-proteste-ripetute\/#primaryimage","url":"https:\/\/blogdiario.info\/magazine\/images\/2025\/10\/img_0736-2.jpg","contentUrl":"https:\/\/blogdiario.info\/magazine\/images\/2025\/10\/img_0736-2.jpg","width":500,"height":500},{"@type":"BreadcrumbList","@id":"https:\/\/blogdiario.info\/magazine\/2025\/10\/05\/londra-il-governo-britannico-concede-nuovi-poteri-alla-polizia-per-reprimere-le-proteste-ripetute\/#breadcrumb","itemListElement":[{"@type":"ListItem","position":1,"name":"Home","item":"https:\/\/blogdiario.info\/magazine\/"},{"@type":"ListItem","position":2,"name":"\ud83d\uddde\ufe0f\ud83c\uddee\ud83c\uddf9 Londra \u2013 Il governo britannico concede nuovi poteri alla polizia per reprimere le proteste ripetute"}]},{"@type":"WebSite","@id":"https:\/\/blogdiario.info\/magazine\/#website","url":"https:\/\/blogdiario.info\/magazine\/","name":"BlogDiario Magazine","description":"Suplemento multiling\u00fce de ElCanillita.Info","publisher":{"@id":"https:\/\/blogdiario.info\/magazine\/#organization"},"potentialAction":[{"@type":"SearchAction","target":{"@type":"EntryPoint","urlTemplate":"https:\/\/blogdiario.info\/magazine\/?s={search_term_string}"},"query-input":{"@type":"PropertyValueSpecification","valueRequired":true,"valueName":"search_term_string"}}],"inLanguage":"es-AR"},{"@type":"Organization","@id":"https:\/\/blogdiario.info\/magazine\/#organization","name":"Guzzo Photos & Graphic Publications","url":"https:\/\/blogdiario.info\/magazine\/","logo":{"@type":"ImageObject","inLanguage":"es-AR","@id":"https:\/\/blogdiario.info\/magazine\/#\/schema\/logo\/image\/","url":"https:\/\/blogdiario.info\/magazine\/images\/2020\/01\/cropped-blogdia_magazine.jpg","contentUrl":"https:\/\/blogdiario.info\/magazine\/images\/2020\/01\/cropped-blogdia_magazine.jpg","width":589,"height":55,"caption":"Guzzo Photos & Graphic Publications"},"image":{"@id":"https:\/\/blogdiario.info\/magazine\/#\/schema\/logo\/image\/"}},{"@type":"Person","@id":"https:\/\/blogdiario.info\/magazine\/#\/schema\/person\/b2422fe85574d945bad55513bb0c7354","name":"World Press Service | Servicio de Prensa Mundial"}]}},"views":210,"_links":{"self":[{"href":"https:\/\/blogdiario.info\/magazine\/wp-json\/wp\/v2\/posts\/2513","targetHints":{"allow":["GET"]}}],"collection":[{"href":"https:\/\/blogdiario.info\/magazine\/wp-json\/wp\/v2\/posts"}],"about":[{"href":"https:\/\/blogdiario.info\/magazine\/wp-json\/wp\/v2\/types\/post"}],"author":[{"embeddable":true,"href":"https:\/\/blogdiario.info\/magazine\/wp-json\/wp\/v2\/users\/1"}],"replies":[{"embeddable":true,"href":"https:\/\/blogdiario.info\/magazine\/wp-json\/wp\/v2\/comments?post=2513"}],"version-history":[{"count":0,"href":"https:\/\/blogdiario.info\/magazine\/wp-json\/wp\/v2\/posts\/2513\/revisions"}],"wp:featuredmedia":[{"embeddable":true,"href":"https:\/\/blogdiario.info\/magazine\/wp-json\/wp\/v2\/media\/2512"}],"wp:attachment":[{"href":"https:\/\/blogdiario.info\/magazine\/wp-json\/wp\/v2\/media?parent=2513"}],"wp:term":[{"taxonomy":"category","embeddable":true,"href":"https:\/\/blogdiario.info\/magazine\/wp-json\/wp\/v2\/categories?post=2513"},{"taxonomy":"post_tag","embeddable":true,"href":"https:\/\/blogdiario.info\/magazine\/wp-json\/wp\/v2\/tags?post=2513"}],"curies":[{"name":"wp","href":"https:\/\/api.w.org\/{rel}","templated":true}]}}