{"id":2509,"date":"2025-10-05T17:40:31","date_gmt":"2025-10-05T16:40:31","guid":{"rendered":"https:\/\/blogdiario.info\/magazine\/?p=2509"},"modified":"2025-10-05T18:20:51","modified_gmt":"2025-10-05T17:20:51","slug":"londres-poderes-extendidos-para-la-policia-britanica","status":"publish","type":"post","link":"https:\/\/blogdiario.info\/magazine\/2025\/10\/05\/londres-poderes-extendidos-para-la-policia-britanica\/","title":{"rendered":"\ud83d\uddde\ufe0f Londres: Poderes extendidos para la polic\u00eda brit\u00e1nica"},"content":{"rendered":"\n<figure class=\"wp-block-image size-large\"><img loading=\"lazy\" decoding=\"async\" width=\"500\" height=\"500\" src=\"https:\/\/blogdiario.info\/magazine\/images\/2025\/10\/img_0736.jpg\" alt=\"\" class=\"wp-image-2510\" srcset=\"https:\/\/blogdiario.info\/magazine\/images\/2025\/10\/img_0736.jpg 500w, https:\/\/blogdiario.info\/magazine\/images\/2025\/10\/img_0736-300x300.jpg 300w, https:\/\/blogdiario.info\/magazine\/images\/2025\/10\/img_0736-150x150.jpg 150w\" sizes=\"auto, (max-width: 500px) 100vw, 500px\" \/><\/figure>\n\n\n\n<p class=\"p1\">El gobierno endurece la Ley de Orden P\u00fablico tras las marchas pro-Palestina<\/p>\n\n\n\n<p class=\"p3\">LONDRES. \u2014 La ministra del Interior, Shabana Mahmood, anunci\u00f3 este domingo que la polic\u00eda brit\u00e1nica obtendr\u00e1 nuevos poderes para restringir las protestas, considerando el \u201cimpacto acumulativo\u201d de las manifestaciones repetidas.<\/p>\n\n\n\n<p class=\"p3\">La decisi\u00f3n llega tras el arresto de casi 500 personas en las marchas pro-palestinas del s\u00e1bado en Londres, donde se acus\u00f3 a 488 manifestantes de apoyar a la organizaci\u00f3n prohibida Acci\u00f3n Palestina.<\/p>\n\n\n\n<p class=\"p3\">Mahmood dijo que las protestas masivas hab\u00edan generado \u201cun temor considerable\u201d en la comunidad jud\u00eda despu\u00e9s del ataque terrorista del jueves a la sinagoga de Manchester, donde murieron dos personas.<\/p>\n\n\n\n<p class=\"p3\">El gobierno modificar\u00e1 los art\u00edculos 12 y 14 de la Ley de Orden P\u00fablico de 1986, permitiendo a la polic\u00eda imponer condiciones o incluso prohibir protestas si \u00e9stas se repiten en los mismos lugares o generan disturbios reiterados.<\/p>\n\n\n\n<blockquote class=\"wp-block-quote is-layout-flow wp-block-quote-is-layout-flow\">\n<p>\u201cEl derecho a protestar es una libertad fundamental, pero debe equilibrarse con el derecho de los dem\u00e1s a vivir sin miedo\u201d, sostuvo la ministra.<\/p>\n<\/blockquote>\n\n\n\n<p class=\"p3\">Las fuerzas policiales recibir\u00e1n adem\u00e1s instrucciones de usar \u201ctoda la gama de poderes\u201d para prevenir des\u00f3rdenes. Los consejos locales fueron exhortados a cooperar, y se reforz\u00f3 la vigilancia en 538 sinagogas y sitios comunitarios jud\u00edos con apoyo del Community Security Trust.<\/p>\n\n\n\n<p class=\"p3\">La Junta de Diputados de Jud\u00edos Brit\u00e1nicos celebr\u00f3 las medidas:<\/p>\n\n\n\n<blockquote class=\"wp-block-quote is-layout-flow wp-block-quote-is-layout-flow\">\n<p>\u201cLlevamos meses reclamando estas facultades. Las protestas recientes han sido irresponsables y ofensivas tras el ataque de Manchester.\u201d<\/p>\n<\/blockquote>\n\n\n\n<p class=\"p3\">Mientras tanto, el primer ministro Keir Starmer pidi\u00f3 a los manifestantes de Gaza \u201cmostrar respeto por los jud\u00edos en duelo\u201d, intentando equilibrar la libertad de expresi\u00f3n y la cohesi\u00f3n social en una capital donde las calles se han convertido en tablero de tensi\u00f3n religiosa y pol\u00edtica.<\/p>\n\n\n\n<p><\/p>\n\n\n\n<p>\u270d\ufe0f \u00a92025 The Voice of the Sidewalk &#8211; All Rights Reserved&nbsp;<\/p>\n\n\n\n<p><\/p>\n\n\n<hr style=\"\n    border: none;\n    height: 1px;\n    background: linear-gradient(to right, transparent, #ccc, transparent);\n    margin: 0;\n\" \/>\n<\/p>\n<p><strong>\u00bfQuieres decir algo?<\/strong><\/p>\n<p>\ud83d\udcec Env\u00eda tu texto a : email@soapboxorators.org o s\u00fabelo a la Speakers&#8217; Box: SoapBoxOrators.org.<\/p>\n<p><!-- \/wp:post-content --><\/p>\n<form action=\"https:\/\/formspree.io\/f\/mjkrjzed\" method=\"POST\">\n  <label for=\"name\">Nombre o seud\u00f3nimo:<\/label><br \/>\n  <input type=\"text\" id=\"name\" name=\"name\" required><\/p>\n<p>  <label for=\"title\">T\u00edtulo del discurso\/editorial:<\/label><br \/>\n  <input type=\"text\" id=\"title\" name=\"title\" required><\/p>\n<p>  <label for=\"message\">Texto (m\u00e1x. 3.000 caracteres):<\/label><br \/>\n  <textarea id=\"message\" name=\"message\" rows=\"10\" maxlength=\"3000\" required><\/textarea><\/p>\n<p>  <label><br \/>\n    <input type=\"checkbox\" name=\"consent\" required><br \/>\n    Autorizo la publicaci\u00f3n de este texto en SoapboxOrators.org<br \/>\n  <\/label><\/p>\n<p>  <button type=\"submit\">Enviar<\/button><br \/>\n  <button type=\"reset\">Borrar formulario<\/button><\/p>\n<\/form>\n<p><!-- wp:paragraph --><\/p>\n<p><!-- \/wp:paragraph --><\/p>\n<p><!-- wp:paragraph --><\/p>\n<p><!-- \/wp:paragraph --><\/p>\n<p><small>\u00a9\ufe0f2025  Guzzo Photos  &#038; Graphic Publications \u2013 All Rights Reserved \u2013 Copyright \u00a9\ufe0f 2025 ElCanillita.info \/ SoapBoxOrators.org \/SalaStampa.eu, world press service \u2013 Guzzo Photos &#038; Graphic Publications \u2013 Registro Editori e Stampatori n. 1441 Turin, Italy<\/small><\/p>\n<p><!-- wp:paragraph --><\/p>\n<p><!-- \/wp:paragraph -->Ku<\/p>","protected":false},"excerpt":{"rendered":"<p>\ud83d\uddde\ufe0f Londres endurece su Ley de Orden P\u00fablico: casi 500 detenidos en marchas pro-Palestina.<br \/>\n\ud83c\uddec\ud83c\udde7 Mahmood da luz verde a la polic\u00eda para prohibir protestas repetidas.<\/p>\n","protected":false},"author":1,"featured_media":2511,"comment_status":"closed","ping_status":"closed","sticky":false,"template":"","format":"standard","meta":{"footnotes":"","_links_to":"","_links_to_target":""},"categories":[97,109,62,41,138,43],"tags":[117],"class_list":["post-2509","post","type-post","status-publish","format-standard","has-post-thumbnail","hentry","category-elcanillita","category-dc24","category-actualidad","category-politica-esp","category-reino-unido","category-sociedad","tag-reino-unido","entry","rows"],"yoast_head":"<!-- This site is optimized with the Yoast SEO plugin v27.4 - https:\/\/yoast.com\/product\/yoast-seo-wordpress\/ -->\n<title>\ud83d\uddde\ufe0f Londres: Poderes extendidos para la polic\u00eda brit\u00e1nica - BlogDiario Magazine<\/title>\n<meta name=\"robots\" content=\"index, follow, max-snippet:-1, max-image-preview:large, max-video-preview:-1\" \/>\n<link rel=\"canonical\" href=\"https:\/\/blogdiario.info\/magazine\/2025\/10\/05\/londres-poderes-extendidos-para-la-policia-britanica\/\" \/>\n<meta property=\"og:locale\" content=\"es_ES\" \/>\n<meta property=\"og:type\" content=\"article\" \/>\n<meta property=\"og:title\" content=\"\ud83d\uddde\ufe0f Londres: Poderes extendidos para la polic\u00eda brit\u00e1nica - BlogDiario Magazine\" \/>\n<meta property=\"og:description\" content=\"\ud83d\uddde\ufe0f Londres endurece su Ley de Orden P\u00fablico: casi 500 detenidos en marchas pro-Palestina. \ud83c\uddec\ud83c\udde7 Mahmood da luz verde a la polic\u00eda para prohibir protestas repetidas.\" \/>\n<meta property=\"og:url\" content=\"https:\/\/blogdiario.info\/magazine\/2025\/10\/05\/londres-poderes-extendidos-para-la-policia-britanica\/\" \/>\n<meta property=\"og:site_name\" content=\"BlogDiario Magazine\" \/>\n<meta property=\"article:published_time\" content=\"2025-10-05T16:40:31+00:00\" \/>\n<meta property=\"article:modified_time\" content=\"2025-10-05T17:20:51+00:00\" \/>\n<meta property=\"og:image\" content=\"https:\/\/blogdiario.info\/magazine\/images\/2025\/10\/img_0736-1.jpg\" \/>\n\t<meta property=\"og:image:width\" content=\"500\" \/>\n\t<meta property=\"og:image:height\" content=\"500\" \/>\n\t<meta property=\"og:image:type\" content=\"image\/jpeg\" \/>\n<meta name=\"author\" content=\"World Press Service | Servicio de Prensa Mundial\" \/>\n<meta name=\"twitter:card\" content=\"summary_large_image\" \/>\n<meta name=\"twitter:label1\" content=\"Escrito por\" \/>\n\t<meta name=\"twitter:data1\" content=\"World Press Service | Servicio de Prensa Mundial\" \/>\n\t<meta name=\"twitter:label2\" content=\"Tiempo de lectura\" \/>\n\t<meta name=\"twitter:data2\" content=\"2 minutos\" \/>\n<script type=\"application\/ld+json\" class=\"yoast-schema-graph\">{\"@context\":\"https:\\\/\\\/schema.org\",\"@graph\":[{\"@type\":\"Article\",\"@id\":\"https:\\\/\\\/blogdiario.info\\\/magazine\\\/2025\\\/10\\\/05\\\/londres-poderes-extendidos-para-la-policia-britanica\\\/#article\",\"isPartOf\":{\"@id\":\"https:\\\/\\\/blogdiario.info\\\/magazine\\\/2025\\\/10\\\/05\\\/londres-poderes-extendidos-para-la-policia-britanica\\\/\"},\"author\":{\"name\":\"World Press Service | Servicio de Prensa Mundial\",\"@id\":\"https:\\\/\\\/blogdiario.info\\\/magazine\\\/#\\\/schema\\\/person\\\/b2422fe85574d945bad55513bb0c7354\"},\"headline\":\"\ud83d\uddde\ufe0f Londres: Poderes extendidos para la polic\u00eda brit\u00e1nica\",\"datePublished\":\"2025-10-05T16:40:31+00:00\",\"dateModified\":\"2025-10-05T17:20:51+00:00\",\"mainEntityOfPage\":{\"@id\":\"https:\\\/\\\/blogdiario.info\\\/magazine\\\/2025\\\/10\\\/05\\\/londres-poderes-extendidos-para-la-policia-britanica\\\/\"},\"wordCount\":393,\"publisher\":{\"@id\":\"https:\\\/\\\/blogdiario.info\\\/magazine\\\/#organization\"},\"image\":{\"@id\":\"https:\\\/\\\/blogdiario.info\\\/magazine\\\/2025\\\/10\\\/05\\\/londres-poderes-extendidos-para-la-policia-britanica\\\/#primaryimage\"},\"thumbnailUrl\":\"https:\\\/\\\/blogdiario.info\\\/magazine\\\/images\\\/2025\\\/10\\\/img_0736-1.jpg\",\"keywords\":[\"Reino Unido\"],\"articleSection\":[\".\",\".\",\"Actualidad\",\"Politica\",\"Reino Unido\",\"Sociedad\"],\"inLanguage\":\"es-AR\"},{\"@type\":\"WebPage\",\"@id\":\"https:\\\/\\\/blogdiario.info\\\/magazine\\\/2025\\\/10\\\/05\\\/londres-poderes-extendidos-para-la-policia-britanica\\\/\",\"url\":\"https:\\\/\\\/blogdiario.info\\\/magazine\\\/2025\\\/10\\\/05\\\/londres-poderes-extendidos-para-la-policia-britanica\\\/\",\"name\":\"\ud83d\uddde\ufe0f Londres: Poderes extendidos para la polic\u00eda brit\u00e1nica - BlogDiario Magazine\",\"isPartOf\":{\"@id\":\"https:\\\/\\\/blogdiario.info\\\/magazine\\\/#website\"},\"primaryImageOfPage\":{\"@id\":\"https:\\\/\\\/blogdiario.info\\\/magazine\\\/2025\\\/10\\\/05\\\/londres-poderes-extendidos-para-la-policia-britanica\\\/#primaryimage\"},\"image\":{\"@id\":\"https:\\\/\\\/blogdiario.info\\\/magazine\\\/2025\\\/10\\\/05\\\/londres-poderes-extendidos-para-la-policia-britanica\\\/#primaryimage\"},\"thumbnailUrl\":\"https:\\\/\\\/blogdiario.info\\\/magazine\\\/images\\\/2025\\\/10\\\/img_0736-1.jpg\",\"datePublished\":\"2025-10-05T16:40:31+00:00\",\"dateModified\":\"2025-10-05T17:20:51+00:00\",\"breadcrumb\":{\"@id\":\"https:\\\/\\\/blogdiario.info\\\/magazine\\\/2025\\\/10\\\/05\\\/londres-poderes-extendidos-para-la-policia-britanica\\\/#breadcrumb\"},\"inLanguage\":\"es-AR\",\"potentialAction\":[{\"@type\":\"ReadAction\",\"target\":[\"https:\\\/\\\/blogdiario.info\\\/magazine\\\/2025\\\/10\\\/05\\\/londres-poderes-extendidos-para-la-policia-britanica\\\/\"]}]},{\"@type\":\"ImageObject\",\"inLanguage\":\"es-AR\",\"@id\":\"https:\\\/\\\/blogdiario.info\\\/magazine\\\/2025\\\/10\\\/05\\\/londres-poderes-extendidos-para-la-policia-britanica\\\/#primaryimage\",\"url\":\"https:\\\/\\\/blogdiario.info\\\/magazine\\\/images\\\/2025\\\/10\\\/img_0736-1.jpg\",\"contentUrl\":\"https:\\\/\\\/blogdiario.info\\\/magazine\\\/images\\\/2025\\\/10\\\/img_0736-1.jpg\",\"width\":500,\"height\":500},{\"@type\":\"BreadcrumbList\",\"@id\":\"https:\\\/\\\/blogdiario.info\\\/magazine\\\/2025\\\/10\\\/05\\\/londres-poderes-extendidos-para-la-policia-britanica\\\/#breadcrumb\",\"itemListElement\":[{\"@type\":\"ListItem\",\"position\":1,\"name\":\"Home\",\"item\":\"https:\\\/\\\/blogdiario.info\\\/magazine\\\/\"},{\"@type\":\"ListItem\",\"position\":2,\"name\":\"\ud83d\uddde\ufe0f Londres: Poderes extendidos para la polic\u00eda brit\u00e1nica\"}]},{\"@type\":\"WebSite\",\"@id\":\"https:\\\/\\\/blogdiario.info\\\/magazine\\\/#website\",\"url\":\"https:\\\/\\\/blogdiario.info\\\/magazine\\\/\",\"name\":\"BlogDiario Magazine\",\"description\":\"Suplemento multiling\u00fce de ElCanillita.Info\",\"publisher\":{\"@id\":\"https:\\\/\\\/blogdiario.info\\\/magazine\\\/#organization\"},\"potentialAction\":[{\"@type\":\"SearchAction\",\"target\":{\"@type\":\"EntryPoint\",\"urlTemplate\":\"https:\\\/\\\/blogdiario.info\\\/magazine\\\/?s={search_term_string}\"},\"query-input\":{\"@type\":\"PropertyValueSpecification\",\"valueRequired\":true,\"valueName\":\"search_term_string\"}}],\"inLanguage\":\"es-AR\"},{\"@type\":\"Organization\",\"@id\":\"https:\\\/\\\/blogdiario.info\\\/magazine\\\/#organization\",\"name\":\"Guzzo Photos & Graphic Publications\",\"url\":\"https:\\\/\\\/blogdiario.info\\\/magazine\\\/\",\"logo\":{\"@type\":\"ImageObject\",\"inLanguage\":\"es-AR\",\"@id\":\"https:\\\/\\\/blogdiario.info\\\/magazine\\\/#\\\/schema\\\/logo\\\/image\\\/\",\"url\":\"https:\\\/\\\/blogdiario.info\\\/magazine\\\/images\\\/2020\\\/01\\\/cropped-blogdia_magazine.jpg\",\"contentUrl\":\"https:\\\/\\\/blogdiario.info\\\/magazine\\\/images\\\/2020\\\/01\\\/cropped-blogdia_magazine.jpg\",\"width\":589,\"height\":55,\"caption\":\"Guzzo Photos & Graphic Publications\"},\"image\":{\"@id\":\"https:\\\/\\\/blogdiario.info\\\/magazine\\\/#\\\/schema\\\/logo\\\/image\\\/\"}},{\"@type\":\"Person\",\"@id\":\"https:\\\/\\\/blogdiario.info\\\/magazine\\\/#\\\/schema\\\/person\\\/b2422fe85574d945bad55513bb0c7354\",\"name\":\"World Press Service | Servicio de Prensa Mundial\"}]}<\/script>\n<!-- \/ Yoast SEO plugin. -->","yoast_head_json":{"title":"\ud83d\uddde\ufe0f Londres: Poderes extendidos para la polic\u00eda brit\u00e1nica - BlogDiario Magazine","robots":{"index":"index","follow":"follow","max-snippet":"max-snippet:-1","max-image-preview":"max-image-preview:large","max-video-preview":"max-video-preview:-1"},"canonical":"https:\/\/blogdiario.info\/magazine\/2025\/10\/05\/londres-poderes-extendidos-para-la-policia-britanica\/","og_locale":"es_ES","og_type":"article","og_title":"\ud83d\uddde\ufe0f Londres: Poderes extendidos para la polic\u00eda brit\u00e1nica - BlogDiario Magazine","og_description":"\ud83d\uddde\ufe0f Londres endurece su Ley de Orden P\u00fablico: casi 500 detenidos en marchas pro-Palestina. \ud83c\uddec\ud83c\udde7 Mahmood da luz verde a la polic\u00eda para prohibir protestas repetidas.","og_url":"https:\/\/blogdiario.info\/magazine\/2025\/10\/05\/londres-poderes-extendidos-para-la-policia-britanica\/","og_site_name":"BlogDiario Magazine","article_published_time":"2025-10-05T16:40:31+00:00","article_modified_time":"2025-10-05T17:20:51+00:00","og_image":[{"width":500,"height":500,"url":"https:\/\/blogdiario.info\/magazine\/images\/2025\/10\/img_0736-1.jpg","type":"image\/jpeg"}],"author":"World Press Service | Servicio de Prensa Mundial","twitter_card":"summary_large_image","twitter_misc":{"Escrito por":"World Press Service | Servicio de Prensa Mundial","Tiempo de lectura":"2 minutos"},"schema":{"@context":"https:\/\/schema.org","@graph":[{"@type":"Article","@id":"https:\/\/blogdiario.info\/magazine\/2025\/10\/05\/londres-poderes-extendidos-para-la-policia-britanica\/#article","isPartOf":{"@id":"https:\/\/blogdiario.info\/magazine\/2025\/10\/05\/londres-poderes-extendidos-para-la-policia-britanica\/"},"author":{"name":"World Press Service | Servicio de Prensa Mundial","@id":"https:\/\/blogdiario.info\/magazine\/#\/schema\/person\/b2422fe85574d945bad55513bb0c7354"},"headline":"\ud83d\uddde\ufe0f Londres: Poderes extendidos para la polic\u00eda brit\u00e1nica","datePublished":"2025-10-05T16:40:31+00:00","dateModified":"2025-10-05T17:20:51+00:00","mainEntityOfPage":{"@id":"https:\/\/blogdiario.info\/magazine\/2025\/10\/05\/londres-poderes-extendidos-para-la-policia-britanica\/"},"wordCount":393,"publisher":{"@id":"https:\/\/blogdiario.info\/magazine\/#organization"},"image":{"@id":"https:\/\/blogdiario.info\/magazine\/2025\/10\/05\/londres-poderes-extendidos-para-la-policia-britanica\/#primaryimage"},"thumbnailUrl":"https:\/\/blogdiario.info\/magazine\/images\/2025\/10\/img_0736-1.jpg","keywords":["Reino Unido"],"articleSection":[".",".","Actualidad","Politica","Reino Unido","Sociedad"],"inLanguage":"es-AR"},{"@type":"WebPage","@id":"https:\/\/blogdiario.info\/magazine\/2025\/10\/05\/londres-poderes-extendidos-para-la-policia-britanica\/","url":"https:\/\/blogdiario.info\/magazine\/2025\/10\/05\/londres-poderes-extendidos-para-la-policia-britanica\/","name":"\ud83d\uddde\ufe0f Londres: Poderes extendidos para la polic\u00eda brit\u00e1nica - BlogDiario Magazine","isPartOf":{"@id":"https:\/\/blogdiario.info\/magazine\/#website"},"primaryImageOfPage":{"@id":"https:\/\/blogdiario.info\/magazine\/2025\/10\/05\/londres-poderes-extendidos-para-la-policia-britanica\/#primaryimage"},"image":{"@id":"https:\/\/blogdiario.info\/magazine\/2025\/10\/05\/londres-poderes-extendidos-para-la-policia-britanica\/#primaryimage"},"thumbnailUrl":"https:\/\/blogdiario.info\/magazine\/images\/2025\/10\/img_0736-1.jpg","datePublished":"2025-10-05T16:40:31+00:00","dateModified":"2025-10-05T17:20:51+00:00","breadcrumb":{"@id":"https:\/\/blogdiario.info\/magazine\/2025\/10\/05\/londres-poderes-extendidos-para-la-policia-britanica\/#breadcrumb"},"inLanguage":"es-AR","potentialAction":[{"@type":"ReadAction","target":["https:\/\/blogdiario.info\/magazine\/2025\/10\/05\/londres-poderes-extendidos-para-la-policia-britanica\/"]}]},{"@type":"ImageObject","inLanguage":"es-AR","@id":"https:\/\/blogdiario.info\/magazine\/2025\/10\/05\/londres-poderes-extendidos-para-la-policia-britanica\/#primaryimage","url":"https:\/\/blogdiario.info\/magazine\/images\/2025\/10\/img_0736-1.jpg","contentUrl":"https:\/\/blogdiario.info\/magazine\/images\/2025\/10\/img_0736-1.jpg","width":500,"height":500},{"@type":"BreadcrumbList","@id":"https:\/\/blogdiario.info\/magazine\/2025\/10\/05\/londres-poderes-extendidos-para-la-policia-britanica\/#breadcrumb","itemListElement":[{"@type":"ListItem","position":1,"name":"Home","item":"https:\/\/blogdiario.info\/magazine\/"},{"@type":"ListItem","position":2,"name":"\ud83d\uddde\ufe0f Londres: Poderes extendidos para la polic\u00eda brit\u00e1nica"}]},{"@type":"WebSite","@id":"https:\/\/blogdiario.info\/magazine\/#website","url":"https:\/\/blogdiario.info\/magazine\/","name":"BlogDiario Magazine","description":"Suplemento multiling\u00fce de ElCanillita.Info","publisher":{"@id":"https:\/\/blogdiario.info\/magazine\/#organization"},"potentialAction":[{"@type":"SearchAction","target":{"@type":"EntryPoint","urlTemplate":"https:\/\/blogdiario.info\/magazine\/?s={search_term_string}"},"query-input":{"@type":"PropertyValueSpecification","valueRequired":true,"valueName":"search_term_string"}}],"inLanguage":"es-AR"},{"@type":"Organization","@id":"https:\/\/blogdiario.info\/magazine\/#organization","name":"Guzzo Photos & Graphic Publications","url":"https:\/\/blogdiario.info\/magazine\/","logo":{"@type":"ImageObject","inLanguage":"es-AR","@id":"https:\/\/blogdiario.info\/magazine\/#\/schema\/logo\/image\/","url":"https:\/\/blogdiario.info\/magazine\/images\/2020\/01\/cropped-blogdia_magazine.jpg","contentUrl":"https:\/\/blogdiario.info\/magazine\/images\/2020\/01\/cropped-blogdia_magazine.jpg","width":589,"height":55,"caption":"Guzzo Photos & Graphic Publications"},"image":{"@id":"https:\/\/blogdiario.info\/magazine\/#\/schema\/logo\/image\/"}},{"@type":"Person","@id":"https:\/\/blogdiario.info\/magazine\/#\/schema\/person\/b2422fe85574d945bad55513bb0c7354","name":"World Press Service | Servicio de Prensa Mundial"}]}},"views":217,"_links":{"self":[{"href":"https:\/\/blogdiario.info\/magazine\/wp-json\/wp\/v2\/posts\/2509","targetHints":{"allow":["GET"]}}],"collection":[{"href":"https:\/\/blogdiario.info\/magazine\/wp-json\/wp\/v2\/posts"}],"about":[{"href":"https:\/\/blogdiario.info\/magazine\/wp-json\/wp\/v2\/types\/post"}],"author":[{"embeddable":true,"href":"https:\/\/blogdiario.info\/magazine\/wp-json\/wp\/v2\/users\/1"}],"replies":[{"embeddable":true,"href":"https:\/\/blogdiario.info\/magazine\/wp-json\/wp\/v2\/comments?post=2509"}],"version-history":[{"count":0,"href":"https:\/\/blogdiario.info\/magazine\/wp-json\/wp\/v2\/posts\/2509\/revisions"}],"wp:featuredmedia":[{"embeddable":true,"href":"https:\/\/blogdiario.info\/magazine\/wp-json\/wp\/v2\/media\/2511"}],"wp:attachment":[{"href":"https:\/\/blogdiario.info\/magazine\/wp-json\/wp\/v2\/media?parent=2509"}],"wp:term":[{"taxonomy":"category","embeddable":true,"href":"https:\/\/blogdiario.info\/magazine\/wp-json\/wp\/v2\/categories?post=2509"},{"taxonomy":"post_tag","embeddable":true,"href":"https:\/\/blogdiario.info\/magazine\/wp-json\/wp\/v2\/tags?post=2509"}],"curies":[{"name":"wp","href":"https:\/\/api.w.org\/{rel}","templated":true}]}}