{"id":2489,"date":"2025-10-01T16:20:29","date_gmt":"2025-10-01T15:20:29","guid":{"rendered":"https:\/\/blogdiario.info\/magazine\/?p=2489"},"modified":"2025-10-01T16:20:51","modified_gmt":"2025-10-01T15:20:51","slug":"trump-et-hegseth-relancent-le-departement-de-la-guerre-pas-de-subtilites-tout-a-coups-de-gueule","status":"publish","type":"post","link":"https:\/\/blogdiario.info\/magazine\/2025\/10\/01\/trump-et-hegseth-relancent-le-departement-de-la-guerre-pas-de-subtilites-tout-a-coups-de-gueule\/","title":{"rendered":"\ud83c\uddeb\ud83c\uddf7 Trump et Hegseth relancent le D\u00e9partement de la Guerre : pas de subtilit\u00e9s, tout \u00e0 coups de gueule."},"content":{"rendered":"<div class=\"wp-block-image\">\n<figure class=\"alignleft size-full is-resized\"><img loading=\"lazy\" decoding=\"async\" width=\"400\" height=\"600\" src=\"https:\/\/blogdiario.info\/magazine\/images\/2025\/10\/sergarpage.jpg\" alt=\"\" class=\"wp-image-2487\" style=\"width:352px;height:auto\" srcset=\"https:\/\/blogdiario.info\/magazine\/images\/2025\/10\/sergarpage.jpg 400w, https:\/\/blogdiario.info\/magazine\/images\/2025\/10\/sergarpage-200x300.jpg 200w\" sizes=\"auto, (max-width: 400px) 100vw, 400px\" \/><\/figure><\/div>\n\n\n<p>\ud83d\udccd <em>Quantico, Virginie<\/em> \u2013 Dans un auditorium rempli d\u2019uniformes d\u00e9cor\u00e9s et de visages tendus, Pete Hegseth, nouveau secr\u00e9taire \u00e0 la D\u00e9fense de Donald Trump, a l\u00e2ch\u00e9 sa bombe :<br>\ud83d\udc49 \u201cG\u00e9n\u00e9raux gros, hors du Pentagone.\u201d<br>\ud83d\udc49 \u201cBarbes interdites.\u201d<br>\ud83d\udc49 \u201cPes\u00e9es deux fois par an pour tout le personnel.\u201d<\/p>\n\n\n\n<p>Le retour du <strong>D\u00e9partement de la Guerre<\/strong> ne fait pas dans la demi-mesure. \u201cLa mission est unique : faire la guerre, se pr\u00e9parer \u00e0 la guerre et la gagner\u201d, a tonn\u00e9 Hegseth dans son discours de 45 minutes, avec Trump acquies\u00e7ant en premi\u00e8re ligne.<\/p>\n\n\n\n<h3 class=\"wp-block-heading\">\u201cFini de marcher sur des \u0153ufs\u201d<\/h3>\n\n\n\n<p>La nouvelle politique a \u00e9t\u00e9 lanc\u00e9e avec un slogan digne d\u2019une t\u00e9l\u00e9-r\u00e9alit\u00e9 : <em>\u201cno more walking on eggshells\u201d<\/em>. Adieu protocoles de sensibilit\u00e9, bonjour vieille \u00e9cole de bottes, cris et lits qui volent.<\/p>\n\n\n\n<p>Hegseth a m\u00eame cit\u00e9 son fils de 15 ans :<br>\u201cJe ne veux pas que mon fils serve aux c\u00f4t\u00e9s de troupes en surpoids ou de camarades incapables de respecter les m\u00eames standards physiques de combat.\u201d<\/p>\n\n\n\n<h3 class=\"wp-block-heading\">Trump met Chicago sur le champ de bataille<\/h3>\n\n\n\n<p>Le pr\u00e9sident a ajout\u00e9 son \u00e9tincelle :<br>\u201cChicago devrait \u00eatre un champ d\u2019entra\u00eenement urbain pour nos troupes. Nous sommes envahis de l\u2019int\u00e9rieur\u201d, a-t-il lanc\u00e9.<\/p>\n\n\n\n<h3 class=\"wp-block-heading\">Un Pentagone en guerre contre lui-m\u00eame<\/h3>\n\n\n\n<p>Les hauts grad\u00e9s, jusque-l\u00e0 intouchables, seront pes\u00e9s deux fois par an. \u201cSi cela ne vous pla\u00eet pas, d\u00e9missionnez avec honneur\u201d, a tranch\u00e9 Hegseth.<\/p>\n\n\n\n<p>Mais au Pentagone, la tension monte : certains craignent que l\u2019obsession pour \u201cles gros et les barbus\u201d ne d\u00e9tourne de la vraie menace : la Chine.<\/p>\n\n\n\n<p>Trump a r\u00e9sum\u00e9 avec un sourire :<br>\u201cL\u2019arm\u00e9e des excuses est finie. Nous aurons d\u00e9sormais une arm\u00e9e de combattants de guerre.\u201d<\/p>\n\n\n\n<p>\ud83d\udc49 <em>Si m\u00eame l\u2019inoubliable sergent Garc\u00eda \u00e9tait \u00e9cart\u00e9 de l\u2019arm\u00e9e de Trump pour \u00eatre \u201cgros et maladroit\u201d\u2026 que fera maintenant notre personnage l\u00e9gendaire de Zorro ?<\/em><\/p>\n\n\n\n<p>\u270d\ufe0f<small>\u00a92025 La Voix du Trottoir \u2013 All Rights Reserved<\/small><\/p>\n\n\n<hr style=\"border: none; height: 1px; background-color: #e0e0e0; max-width: 80%; margin: 2em auto;\" \/>\n<p>Tu veux dire quelque chose ?<\/p>\n<p>\ud83d\udcec Envoyez votre texte \u00e0 elcanillita@yahoo.com ou t\u00e9l\u00e9chargez-le dans la Speakers Box : SoapBoxOrators.org.<\/p>\n<p>\ud83c\uddeb\ud83c\uddf7 FRAN\u00c7AIS<\/p>\n<form action=\"https:\/\/formspree.io\/f\/mjkrjzed\" method=\"POST\"><label for=\"name\">Nom ou pseudonyme :<\/label><br \/><input id=\"name\" name=\"name\" required=\"\" type=\"text\" \/>\n<p><label for=\"title\">Titre du discours ou \u00e9ditorial :<\/label><br \/><input id=\"title\" name=\"title\" required=\"\" type=\"text\" \/><\/p>\n<p><label for=\"message\">Texte (max. 3 000 caract\u00e8res) :<\/label><br \/><textarea id=\"message\" maxlength=\"3000\" name=\"message\" required=\"\" rows=\"10\"><\/textarea><\/p>\n<p><label><br \/><input name=\"consent\" required=\"\" type=\"checkbox\" \/><br \/>J&#8217;autorise la publication de ce texte sur SoapboxOrators.org<br \/><\/label><\/p>\n<p><button type=\"submit\">Envoyer<\/button><br \/><button type=\"reset\">Effacer<\/button><\/p>\n<\/form>\n\n\n<p><small>\u00a9 2025 ElCanillita.info \/ SoapboxOrators.org &#8211; All Rights Reserved &#8211; SalaStampa.eu, world press service &#8211; Guzzo Photos &amp; Graphic Publications \u2013 Registro Editori e Stampatori n. 1441 Turin, Italy<\/small><\/p>\n","protected":false},"excerpt":{"rendered":"<p>\ud83d\udc49 Si m\u00eame l\u2019inoubliable sergent Garc\u00eda \u00e9tait \u00e9cart\u00e9 de l\u2019arm\u00e9e de Trump pour \u00eatre \u201cgros et maladroit\u201d\u2026 que fera maintenant notre personnage l\u00e9gendaire de Zorro ?<\/p>\n","protected":false},"author":1,"featured_media":2486,"comment_status":"closed","ping_status":"closed","sticky":false,"template":"","format":"standard","meta":{"footnotes":"","_links_to":"","_links_to_target":""},"categories":[97,109,65,185,190,29,171],"tags":[74],"class_list":["post-2489","post","type-post","status-publish","format-standard","has-post-thumbnail","hentry","category-elcanillita","category-dc24","category-actualite","category-amerique-du-nord","category-forces-armees","category-politique","category-societe-valeurs","tag-usa","entry","rows"],"yoast_head":"<!-- This site is optimized with the Yoast SEO plugin v27.4 - https:\/\/yoast.com\/product\/yoast-seo-wordpress\/ -->\n<title>\ud83c\uddeb\ud83c\uddf7 Trump et Hegseth relancent le D\u00e9partement de la Guerre : pas de subtilit\u00e9s, tout \u00e0 coups de gueule. - BlogDiario Magazine<\/title>\n<meta name=\"robots\" content=\"index, follow, max-snippet:-1, max-image-preview:large, max-video-preview:-1\" \/>\n<link rel=\"canonical\" href=\"https:\/\/blogdiario.info\/magazine\/2025\/10\/01\/trump-et-hegseth-relancent-le-departement-de-la-guerre-pas-de-subtilites-tout-a-coups-de-gueule\/\" \/>\n<meta property=\"og:locale\" content=\"es_ES\" \/>\n<meta property=\"og:type\" content=\"article\" \/>\n<meta property=\"og:title\" content=\"\ud83c\uddeb\ud83c\uddf7 Trump et Hegseth relancent le D\u00e9partement de la Guerre : pas de subtilit\u00e9s, tout \u00e0 coups de gueule. - BlogDiario Magazine\" \/>\n<meta property=\"og:description\" content=\"\ud83d\udc49 Si m\u00eame l\u2019inoubliable sergent Garc\u00eda \u00e9tait \u00e9cart\u00e9 de l\u2019arm\u00e9e de Trump pour \u00eatre \u201cgros et maladroit\u201d\u2026 que fera maintenant notre personnage l\u00e9gendaire de Zorro ?\" \/>\n<meta property=\"og:url\" content=\"https:\/\/blogdiario.info\/magazine\/2025\/10\/01\/trump-et-hegseth-relancent-le-departement-de-la-guerre-pas-de-subtilites-tout-a-coups-de-gueule\/\" \/>\n<meta property=\"og:site_name\" content=\"BlogDiario Magazine\" \/>\n<meta property=\"article:published_time\" content=\"2025-10-01T15:20:29+00:00\" \/>\n<meta property=\"article:modified_time\" content=\"2025-10-01T15:20:51+00:00\" \/>\n<meta property=\"og:image\" content=\"https:\/\/blogdiario.info\/magazine\/images\/2025\/10\/coversergar.jpg\" \/>\n\t<meta property=\"og:image:width\" content=\"550\" \/>\n\t<meta property=\"og:image:height\" content=\"408\" \/>\n\t<meta property=\"og:image:type\" content=\"image\/jpeg\" \/>\n<meta name=\"author\" content=\"World Press Service | Servicio de Prensa Mundial\" \/>\n<meta name=\"twitter:card\" content=\"summary_large_image\" \/>\n<meta name=\"twitter:label1\" content=\"Escrito por\" \/>\n\t<meta name=\"twitter:data1\" content=\"World Press Service | Servicio de Prensa Mundial\" \/>\n\t<meta name=\"twitter:label2\" content=\"Tiempo de lectura\" \/>\n\t<meta name=\"twitter:data2\" content=\"3 minutos\" \/>\n<script type=\"application\/ld+json\" class=\"yoast-schema-graph\">{\"@context\":\"https:\\\/\\\/schema.org\",\"@graph\":[{\"@type\":\"Article\",\"@id\":\"https:\\\/\\\/blogdiario.info\\\/magazine\\\/2025\\\/10\\\/01\\\/trump-et-hegseth-relancent-le-departement-de-la-guerre-pas-de-subtilites-tout-a-coups-de-gueule\\\/#article\",\"isPartOf\":{\"@id\":\"https:\\\/\\\/blogdiario.info\\\/magazine\\\/2025\\\/10\\\/01\\\/trump-et-hegseth-relancent-le-departement-de-la-guerre-pas-de-subtilites-tout-a-coups-de-gueule\\\/\"},\"author\":{\"name\":\"World Press Service | Servicio de Prensa Mundial\",\"@id\":\"https:\\\/\\\/blogdiario.info\\\/magazine\\\/#\\\/schema\\\/person\\\/b2422fe85574d945bad55513bb0c7354\"},\"headline\":\"\ud83c\uddeb\ud83c\uddf7 Trump et Hegseth relancent le D\u00e9partement de la Guerre : pas de subtilit\u00e9s, tout \u00e0 coups de gueule.\",\"datePublished\":\"2025-10-01T15:20:29+00:00\",\"dateModified\":\"2025-10-01T15:20:51+00:00\",\"mainEntityOfPage\":{\"@id\":\"https:\\\/\\\/blogdiario.info\\\/magazine\\\/2025\\\/10\\\/01\\\/trump-et-hegseth-relancent-le-departement-de-la-guerre-pas-de-subtilites-tout-a-coups-de-gueule\\\/\"},\"wordCount\":425,\"publisher\":{\"@id\":\"https:\\\/\\\/blogdiario.info\\\/magazine\\\/#organization\"},\"image\":{\"@id\":\"https:\\\/\\\/blogdiario.info\\\/magazine\\\/2025\\\/10\\\/01\\\/trump-et-hegseth-relancent-le-departement-de-la-guerre-pas-de-subtilites-tout-a-coups-de-gueule\\\/#primaryimage\"},\"thumbnailUrl\":\"https:\\\/\\\/blogdiario.info\\\/magazine\\\/images\\\/2025\\\/10\\\/coversergar.jpg\",\"keywords\":[\"USA\"],\"articleSection\":[\".\",\".\",\"Actualit\u00e9\",\"Am\u00e9rique du Nord\",\"Forces Arm\u00e9es\",\"Politique\",\"Soci\u00e9t\u00e9 &amp; Valeurs\"],\"inLanguage\":\"es-AR\"},{\"@type\":\"WebPage\",\"@id\":\"https:\\\/\\\/blogdiario.info\\\/magazine\\\/2025\\\/10\\\/01\\\/trump-et-hegseth-relancent-le-departement-de-la-guerre-pas-de-subtilites-tout-a-coups-de-gueule\\\/\",\"url\":\"https:\\\/\\\/blogdiario.info\\\/magazine\\\/2025\\\/10\\\/01\\\/trump-et-hegseth-relancent-le-departement-de-la-guerre-pas-de-subtilites-tout-a-coups-de-gueule\\\/\",\"name\":\"\ud83c\uddeb\ud83c\uddf7 Trump et Hegseth relancent le D\u00e9partement de la Guerre : pas de subtilit\u00e9s, tout \u00e0 coups de gueule. - BlogDiario Magazine\",\"isPartOf\":{\"@id\":\"https:\\\/\\\/blogdiario.info\\\/magazine\\\/#website\"},\"primaryImageOfPage\":{\"@id\":\"https:\\\/\\\/blogdiario.info\\\/magazine\\\/2025\\\/10\\\/01\\\/trump-et-hegseth-relancent-le-departement-de-la-guerre-pas-de-subtilites-tout-a-coups-de-gueule\\\/#primaryimage\"},\"image\":{\"@id\":\"https:\\\/\\\/blogdiario.info\\\/magazine\\\/2025\\\/10\\\/01\\\/trump-et-hegseth-relancent-le-departement-de-la-guerre-pas-de-subtilites-tout-a-coups-de-gueule\\\/#primaryimage\"},\"thumbnailUrl\":\"https:\\\/\\\/blogdiario.info\\\/magazine\\\/images\\\/2025\\\/10\\\/coversergar.jpg\",\"datePublished\":\"2025-10-01T15:20:29+00:00\",\"dateModified\":\"2025-10-01T15:20:51+00:00\",\"breadcrumb\":{\"@id\":\"https:\\\/\\\/blogdiario.info\\\/magazine\\\/2025\\\/10\\\/01\\\/trump-et-hegseth-relancent-le-departement-de-la-guerre-pas-de-subtilites-tout-a-coups-de-gueule\\\/#breadcrumb\"},\"inLanguage\":\"es-AR\",\"potentialAction\":[{\"@type\":\"ReadAction\",\"target\":[\"https:\\\/\\\/blogdiario.info\\\/magazine\\\/2025\\\/10\\\/01\\\/trump-et-hegseth-relancent-le-departement-de-la-guerre-pas-de-subtilites-tout-a-coups-de-gueule\\\/\"]}]},{\"@type\":\"ImageObject\",\"inLanguage\":\"es-AR\",\"@id\":\"https:\\\/\\\/blogdiario.info\\\/magazine\\\/2025\\\/10\\\/01\\\/trump-et-hegseth-relancent-le-departement-de-la-guerre-pas-de-subtilites-tout-a-coups-de-gueule\\\/#primaryimage\",\"url\":\"https:\\\/\\\/blogdiario.info\\\/magazine\\\/images\\\/2025\\\/10\\\/coversergar.jpg\",\"contentUrl\":\"https:\\\/\\\/blogdiario.info\\\/magazine\\\/images\\\/2025\\\/10\\\/coversergar.jpg\",\"width\":550,\"height\":408},{\"@type\":\"BreadcrumbList\",\"@id\":\"https:\\\/\\\/blogdiario.info\\\/magazine\\\/2025\\\/10\\\/01\\\/trump-et-hegseth-relancent-le-departement-de-la-guerre-pas-de-subtilites-tout-a-coups-de-gueule\\\/#breadcrumb\",\"itemListElement\":[{\"@type\":\"ListItem\",\"position\":1,\"name\":\"Home\",\"item\":\"https:\\\/\\\/blogdiario.info\\\/magazine\\\/\"},{\"@type\":\"ListItem\",\"position\":2,\"name\":\"\ud83c\uddeb\ud83c\uddf7 Trump et Hegseth relancent le D\u00e9partement de la Guerre : pas de subtilit\u00e9s, tout \u00e0 coups de gueule.\"}]},{\"@type\":\"WebSite\",\"@id\":\"https:\\\/\\\/blogdiario.info\\\/magazine\\\/#website\",\"url\":\"https:\\\/\\\/blogdiario.info\\\/magazine\\\/\",\"name\":\"BlogDiario Magazine\",\"description\":\"Suplemento multiling\u00fce de ElCanillita.Info\",\"publisher\":{\"@id\":\"https:\\\/\\\/blogdiario.info\\\/magazine\\\/#organization\"},\"potentialAction\":[{\"@type\":\"SearchAction\",\"target\":{\"@type\":\"EntryPoint\",\"urlTemplate\":\"https:\\\/\\\/blogdiario.info\\\/magazine\\\/?s={search_term_string}\"},\"query-input\":{\"@type\":\"PropertyValueSpecification\",\"valueRequired\":true,\"valueName\":\"search_term_string\"}}],\"inLanguage\":\"es-AR\"},{\"@type\":\"Organization\",\"@id\":\"https:\\\/\\\/blogdiario.info\\\/magazine\\\/#organization\",\"name\":\"Guzzo Photos & Graphic Publications\",\"url\":\"https:\\\/\\\/blogdiario.info\\\/magazine\\\/\",\"logo\":{\"@type\":\"ImageObject\",\"inLanguage\":\"es-AR\",\"@id\":\"https:\\\/\\\/blogdiario.info\\\/magazine\\\/#\\\/schema\\\/logo\\\/image\\\/\",\"url\":\"https:\\\/\\\/blogdiario.info\\\/magazine\\\/images\\\/2020\\\/01\\\/cropped-blogdia_magazine.jpg\",\"contentUrl\":\"https:\\\/\\\/blogdiario.info\\\/magazine\\\/images\\\/2020\\\/01\\\/cropped-blogdia_magazine.jpg\",\"width\":589,\"height\":55,\"caption\":\"Guzzo Photos & Graphic Publications\"},\"image\":{\"@id\":\"https:\\\/\\\/blogdiario.info\\\/magazine\\\/#\\\/schema\\\/logo\\\/image\\\/\"}},{\"@type\":\"Person\",\"@id\":\"https:\\\/\\\/blogdiario.info\\\/magazine\\\/#\\\/schema\\\/person\\\/b2422fe85574d945bad55513bb0c7354\",\"name\":\"World Press Service | Servicio de Prensa Mundial\"}]}<\/script>\n<!-- \/ Yoast SEO plugin. -->","yoast_head_json":{"title":"\ud83c\uddeb\ud83c\uddf7 Trump et Hegseth relancent le D\u00e9partement de la Guerre : pas de subtilit\u00e9s, tout \u00e0 coups de gueule. - BlogDiario Magazine","robots":{"index":"index","follow":"follow","max-snippet":"max-snippet:-1","max-image-preview":"max-image-preview:large","max-video-preview":"max-video-preview:-1"},"canonical":"https:\/\/blogdiario.info\/magazine\/2025\/10\/01\/trump-et-hegseth-relancent-le-departement-de-la-guerre-pas-de-subtilites-tout-a-coups-de-gueule\/","og_locale":"es_ES","og_type":"article","og_title":"\ud83c\uddeb\ud83c\uddf7 Trump et Hegseth relancent le D\u00e9partement de la Guerre : pas de subtilit\u00e9s, tout \u00e0 coups de gueule. - BlogDiario Magazine","og_description":"\ud83d\udc49 Si m\u00eame l\u2019inoubliable sergent Garc\u00eda \u00e9tait \u00e9cart\u00e9 de l\u2019arm\u00e9e de Trump pour \u00eatre \u201cgros et maladroit\u201d\u2026 que fera maintenant notre personnage l\u00e9gendaire de Zorro ?","og_url":"https:\/\/blogdiario.info\/magazine\/2025\/10\/01\/trump-et-hegseth-relancent-le-departement-de-la-guerre-pas-de-subtilites-tout-a-coups-de-gueule\/","og_site_name":"BlogDiario Magazine","article_published_time":"2025-10-01T15:20:29+00:00","article_modified_time":"2025-10-01T15:20:51+00:00","og_image":[{"width":550,"height":408,"url":"https:\/\/blogdiario.info\/magazine\/images\/2025\/10\/coversergar.jpg","type":"image\/jpeg"}],"author":"World Press Service | Servicio de Prensa Mundial","twitter_card":"summary_large_image","twitter_misc":{"Escrito por":"World Press Service | Servicio de Prensa Mundial","Tiempo de lectura":"3 minutos"},"schema":{"@context":"https:\/\/schema.org","@graph":[{"@type":"Article","@id":"https:\/\/blogdiario.info\/magazine\/2025\/10\/01\/trump-et-hegseth-relancent-le-departement-de-la-guerre-pas-de-subtilites-tout-a-coups-de-gueule\/#article","isPartOf":{"@id":"https:\/\/blogdiario.info\/magazine\/2025\/10\/01\/trump-et-hegseth-relancent-le-departement-de-la-guerre-pas-de-subtilites-tout-a-coups-de-gueule\/"},"author":{"name":"World Press Service | Servicio de Prensa Mundial","@id":"https:\/\/blogdiario.info\/magazine\/#\/schema\/person\/b2422fe85574d945bad55513bb0c7354"},"headline":"\ud83c\uddeb\ud83c\uddf7 Trump et Hegseth relancent le D\u00e9partement de la Guerre : pas de subtilit\u00e9s, tout \u00e0 coups de gueule.","datePublished":"2025-10-01T15:20:29+00:00","dateModified":"2025-10-01T15:20:51+00:00","mainEntityOfPage":{"@id":"https:\/\/blogdiario.info\/magazine\/2025\/10\/01\/trump-et-hegseth-relancent-le-departement-de-la-guerre-pas-de-subtilites-tout-a-coups-de-gueule\/"},"wordCount":425,"publisher":{"@id":"https:\/\/blogdiario.info\/magazine\/#organization"},"image":{"@id":"https:\/\/blogdiario.info\/magazine\/2025\/10\/01\/trump-et-hegseth-relancent-le-departement-de-la-guerre-pas-de-subtilites-tout-a-coups-de-gueule\/#primaryimage"},"thumbnailUrl":"https:\/\/blogdiario.info\/magazine\/images\/2025\/10\/coversergar.jpg","keywords":["USA"],"articleSection":[".",".","Actualit\u00e9","Am\u00e9rique du Nord","Forces Arm\u00e9es","Politique","Soci\u00e9t\u00e9 &amp; Valeurs"],"inLanguage":"es-AR"},{"@type":"WebPage","@id":"https:\/\/blogdiario.info\/magazine\/2025\/10\/01\/trump-et-hegseth-relancent-le-departement-de-la-guerre-pas-de-subtilites-tout-a-coups-de-gueule\/","url":"https:\/\/blogdiario.info\/magazine\/2025\/10\/01\/trump-et-hegseth-relancent-le-departement-de-la-guerre-pas-de-subtilites-tout-a-coups-de-gueule\/","name":"\ud83c\uddeb\ud83c\uddf7 Trump et Hegseth relancent le D\u00e9partement de la Guerre : pas de subtilit\u00e9s, tout \u00e0 coups de gueule. - BlogDiario Magazine","isPartOf":{"@id":"https:\/\/blogdiario.info\/magazine\/#website"},"primaryImageOfPage":{"@id":"https:\/\/blogdiario.info\/magazine\/2025\/10\/01\/trump-et-hegseth-relancent-le-departement-de-la-guerre-pas-de-subtilites-tout-a-coups-de-gueule\/#primaryimage"},"image":{"@id":"https:\/\/blogdiario.info\/magazine\/2025\/10\/01\/trump-et-hegseth-relancent-le-departement-de-la-guerre-pas-de-subtilites-tout-a-coups-de-gueule\/#primaryimage"},"thumbnailUrl":"https:\/\/blogdiario.info\/magazine\/images\/2025\/10\/coversergar.jpg","datePublished":"2025-10-01T15:20:29+00:00","dateModified":"2025-10-01T15:20:51+00:00","breadcrumb":{"@id":"https:\/\/blogdiario.info\/magazine\/2025\/10\/01\/trump-et-hegseth-relancent-le-departement-de-la-guerre-pas-de-subtilites-tout-a-coups-de-gueule\/#breadcrumb"},"inLanguage":"es-AR","potentialAction":[{"@type":"ReadAction","target":["https:\/\/blogdiario.info\/magazine\/2025\/10\/01\/trump-et-hegseth-relancent-le-departement-de-la-guerre-pas-de-subtilites-tout-a-coups-de-gueule\/"]}]},{"@type":"ImageObject","inLanguage":"es-AR","@id":"https:\/\/blogdiario.info\/magazine\/2025\/10\/01\/trump-et-hegseth-relancent-le-departement-de-la-guerre-pas-de-subtilites-tout-a-coups-de-gueule\/#primaryimage","url":"https:\/\/blogdiario.info\/magazine\/images\/2025\/10\/coversergar.jpg","contentUrl":"https:\/\/blogdiario.info\/magazine\/images\/2025\/10\/coversergar.jpg","width":550,"height":408},{"@type":"BreadcrumbList","@id":"https:\/\/blogdiario.info\/magazine\/2025\/10\/01\/trump-et-hegseth-relancent-le-departement-de-la-guerre-pas-de-subtilites-tout-a-coups-de-gueule\/#breadcrumb","itemListElement":[{"@type":"ListItem","position":1,"name":"Home","item":"https:\/\/blogdiario.info\/magazine\/"},{"@type":"ListItem","position":2,"name":"\ud83c\uddeb\ud83c\uddf7 Trump et Hegseth relancent le D\u00e9partement de la Guerre : pas de subtilit\u00e9s, tout \u00e0 coups de gueule."}]},{"@type":"WebSite","@id":"https:\/\/blogdiario.info\/magazine\/#website","url":"https:\/\/blogdiario.info\/magazine\/","name":"BlogDiario Magazine","description":"Suplemento multiling\u00fce de ElCanillita.Info","publisher":{"@id":"https:\/\/blogdiario.info\/magazine\/#organization"},"potentialAction":[{"@type":"SearchAction","target":{"@type":"EntryPoint","urlTemplate":"https:\/\/blogdiario.info\/magazine\/?s={search_term_string}"},"query-input":{"@type":"PropertyValueSpecification","valueRequired":true,"valueName":"search_term_string"}}],"inLanguage":"es-AR"},{"@type":"Organization","@id":"https:\/\/blogdiario.info\/magazine\/#organization","name":"Guzzo Photos & Graphic Publications","url":"https:\/\/blogdiario.info\/magazine\/","logo":{"@type":"ImageObject","inLanguage":"es-AR","@id":"https:\/\/blogdiario.info\/magazine\/#\/schema\/logo\/image\/","url":"https:\/\/blogdiario.info\/magazine\/images\/2020\/01\/cropped-blogdia_magazine.jpg","contentUrl":"https:\/\/blogdiario.info\/magazine\/images\/2020\/01\/cropped-blogdia_magazine.jpg","width":589,"height":55,"caption":"Guzzo Photos & Graphic Publications"},"image":{"@id":"https:\/\/blogdiario.info\/magazine\/#\/schema\/logo\/image\/"}},{"@type":"Person","@id":"https:\/\/blogdiario.info\/magazine\/#\/schema\/person\/b2422fe85574d945bad55513bb0c7354","name":"World Press Service | Servicio de Prensa Mundial"}]}},"views":232,"_links":{"self":[{"href":"https:\/\/blogdiario.info\/magazine\/wp-json\/wp\/v2\/posts\/2489","targetHints":{"allow":["GET"]}}],"collection":[{"href":"https:\/\/blogdiario.info\/magazine\/wp-json\/wp\/v2\/posts"}],"about":[{"href":"https:\/\/blogdiario.info\/magazine\/wp-json\/wp\/v2\/types\/post"}],"author":[{"embeddable":true,"href":"https:\/\/blogdiario.info\/magazine\/wp-json\/wp\/v2\/users\/1"}],"replies":[{"embeddable":true,"href":"https:\/\/blogdiario.info\/magazine\/wp-json\/wp\/v2\/comments?post=2489"}],"version-history":[{"count":0,"href":"https:\/\/blogdiario.info\/magazine\/wp-json\/wp\/v2\/posts\/2489\/revisions"}],"wp:featuredmedia":[{"embeddable":true,"href":"https:\/\/blogdiario.info\/magazine\/wp-json\/wp\/v2\/media\/2486"}],"wp:attachment":[{"href":"https:\/\/blogdiario.info\/magazine\/wp-json\/wp\/v2\/media?parent=2489"}],"wp:term":[{"taxonomy":"category","embeddable":true,"href":"https:\/\/blogdiario.info\/magazine\/wp-json\/wp\/v2\/categories?post=2489"},{"taxonomy":"post_tag","embeddable":true,"href":"https:\/\/blogdiario.info\/magazine\/wp-json\/wp\/v2\/tags?post=2489"}],"curies":[{"name":"wp","href":"https:\/\/api.w.org\/{rel}","templated":true}]}}