{"id":2485,"date":"2025-10-01T16:21:06","date_gmt":"2025-10-01T15:21:06","guid":{"rendered":"https:\/\/blogdiario.info\/magazine\/?p=2485"},"modified":"2025-10-01T16:21:23","modified_gmt":"2025-10-01T15:21:23","slug":"generales-gordos-barbas-prohibidas-y-un-ejercito-sin-medias-tintas","status":"publish","type":"post","link":"https:\/\/blogdiario.info\/magazine\/2025\/10\/01\/generales-gordos-barbas-prohibidas-y-un-ejercito-sin-medias-tintas\/","title":{"rendered":"\ud83e\ude96 Generales gordos, barbas prohibidas y un ej\u00e9rcito sin medias tintas"},"content":{"rendered":"<div class=\"wp-block-image\">\n<figure class=\"alignleft size-full is-resized\"><img loading=\"lazy\" decoding=\"async\" width=\"400\" height=\"600\" src=\"https:\/\/blogdiario.info\/magazine\/images\/2025\/10\/sergarpage.jpg\" alt=\"\" class=\"wp-image-2487\" style=\"width:338px;height:auto\" srcset=\"https:\/\/blogdiario.info\/magazine\/images\/2025\/10\/sergarpage.jpg 400w, https:\/\/blogdiario.info\/magazine\/images\/2025\/10\/sergarpage-200x300.jpg 200w\" sizes=\"auto, (max-width: 400px) 100vw, 400px\" \/><\/figure><\/div>\n\n\n<p>\ud83d\udccd <em>Quantico, Virginia<\/em> \u2013 En un auditorio repleto de uniformes condecorados y miradas tensas, Pete Hegseth, el flamante secretario de Defensa de Donald Trump, solt\u00f3 su bomba:<br>\ud83d\udc49 \u201cGenerales gordos, fuera del Pent\u00e1gono\u201d.<br>\ud83d\udc49 \u201cProhibidas las barbas\u201d.<br>\ud83d\udc49 \u201cPesajes dos veces al a\u00f1o para todo el personal\u201d.<\/p>\n\n\n\n<p>El regreso del <strong>Departamento de Guerra<\/strong> no vino con medias tintas. \u201cLa misi\u00f3n es una sola: luchar en la guerra, prepararse para la guerra y ganar\u201d, tron\u00f3 Hegseth en su discurso de 45 minutos, con Trump asentando desde primera fila.<\/p>\n\n\n\n<h3 class=\"wp-block-heading\">\u201cNo m\u00e1s caminar sobre c\u00e1scaras de huevo\u201d<\/h3>\n\n\n\n<p>La nueva pol\u00edtica fue bautizada con un eslogan digno de reality: <em>\u201cno more walking on eggshells\u201d<\/em>. Adi\u00f3s a los protocolos de sensibilidad, bienvenida la vieja escuela de botas, gritos y literas volando.<\/p>\n\n\n\n<p>Hegseth incluso puso a su hijo de 15 a\u00f1os como ejemplo:<br>\u201cNo quiero que mi hijo sirva junto a tropas fuera de forma ni con compa\u00f1eras incapaces de cumplir los mismos est\u00e1ndares f\u00edsicos de combate\u201d.<\/p>\n\n\n\n<h3 class=\"wp-block-heading\"><strong>Trump mete a Chicago en el campo de batalla<\/strong><\/h3>\n\n\n\n<p>El presidente tambi\u00e9n quiso meter chispa:<br>\u201cChicago deber\u00eda ser un campo de batalla urbano para nuestras tropas. Estamos bajo invasi\u00f3n desde dentro\u201d, dispar\u00f3.<\/p>\n\n\n\n<h3 class=\"wp-block-heading\"><strong>Un Pent\u00e1gono en guerra consigo mismo<\/strong><\/h3>\n\n\n\n<p>Los altos mandos, incluidos generales que hasta ayer gozaban de inmunidad burocr\u00e1tica, ser\u00e1n pesados dos veces al a\u00f1o. \u201cSi no les gusta, renuncien con honor\u201d, sentenci\u00f3.<\/p>\n\n\n\n<p>Dentro del Pent\u00e1gono ya hay ruido de sables: algunos advierten que tanta obsesi\u00f3n con \u201clos gordos y las barbas\u201d puede distraer de China.<\/p>\n\n\n\n<p>Trump lo resumi\u00f3 con una sonrisa:<br>\u201cSe acab\u00f3 el ej\u00e9rcito de las excusas. Ahora tendremos un ej\u00e9rcito de combatientes de guerra\u201d.<\/p>\n\n\n\n<p>\ud83d\udc49 <em>Si hasta el entra\u00f1able Sargento Garc\u00eda quedar\u00eda fuera del ej\u00e9rcito de Trump por \u201cgordo y torpe\u201d\u2026 \u00bfqu\u00e9 har\u00e1 ahora nuestro inolvidable personaje de El Zorro?<\/em><br><br>\u270d\ufe0f <small>\u00a9 2025 ElCanillita.info &#8211; All Rights Reserved<\/small><\/p>\n\n\n<p>\u00bfQuieres decir algo ?<\/p>\n<p>\ud83d\udcec Envia tu texto a elcanillita@yahoo.com o sube a la Caja de los oradores: <br \/> SoapBoxOrators.org. <\/p>\n<p>\ud83c\udde6\ud83c\uddf7 CASTELLANO<\/p>\n<form action=\"https:\/\/formspree.io\/f\/mjkrjzed\" method=\"POST\">\n  <label for=\"name\">Nombre o seud\u00f3nimo:<\/label><br \/>\n  <input type=\"text\" id=\"name\" name=\"name\" required><\/p>\n<p>  <label for=\"title\">T\u00edtulo del discurso o editorial:<\/label><br \/>\n  <input type=\"text\" id=\"title\" name=\"title\" required><\/p>\n<p>  <label for=\"message\">Texto (m\u00e1x. 3.000 caracteres):<\/label><br \/>\n  <textarea id=\"message\" name=\"message\" rows=\"10\" maxlength=\"3000\" required><\/textarea><\/p>\n<p>  <label><br \/>\n    <input type=\"checkbox\" name=\"consent\" required><br \/>\n    Autorizo la publicaci\u00f3n de este texto en SoapboxOrators.org<br \/>\n  <\/label><\/p>\n<p>  <button type=\"submit\">Enviar<\/button><br \/>\n  <button type=\"reset\">Borrar<\/button><br \/>\n<\/form>\n\n\n<p><small><small>\u00a9 2025 ElCanillita.info \/ SoapboxOrators.org &#8211; All Rights Reserved &#8211; SalaStampa.eu, world press service &#8211; Guzzo Photos &amp; Graphic Publications \u2013 Registro Editori e Stampatori n. 1441 Turin, Italy<\/small><\/small><\/p>\n","protected":false},"excerpt":{"rendered":"<p>\ud83d\udc49 Si hasta el entra\u00f1able Sargento Garc\u00eda quedar\u00eda fuera del ej\u00e9rcito de Trump por \u201cgordo y torpe\u201d&#8230; \u00bfqu\u00e9 har\u00e1 ahora nuestro inolvidable personaje de El Zorro?<\/p>\n","protected":false},"author":1,"featured_media":2486,"comment_status":"closed","ping_status":"closed","sticky":false,"template":"","format":"standard","meta":{"footnotes":"","_links_to":"","_links_to_target":""},"categories":[109,97,62,49,188,41,168],"tags":[74],"class_list":["post-2485","post","type-post","status-publish","format-standard","has-post-thumbnail","hentry","category-dc24","category-elcanillita","category-actualidad","category-america-del-nord","category-fuerzas-armadas","category-politica-esp","category-sociedad-y-valores","tag-usa","entry","rows"],"yoast_head":"<!-- This site is optimized with the Yoast SEO plugin v27.4 - https:\/\/yoast.com\/product\/yoast-seo-wordpress\/ -->\n<title>\ud83e\ude96 Generales gordos, barbas prohibidas y un ej\u00e9rcito sin medias tintas - BlogDiario Magazine<\/title>\n<meta name=\"robots\" content=\"index, follow, max-snippet:-1, max-image-preview:large, max-video-preview:-1\" \/>\n<link rel=\"canonical\" href=\"https:\/\/blogdiario.info\/magazine\/2025\/10\/01\/generales-gordos-barbas-prohibidas-y-un-ejercito-sin-medias-tintas\/\" \/>\n<meta property=\"og:locale\" content=\"es_ES\" \/>\n<meta property=\"og:type\" content=\"article\" \/>\n<meta property=\"og:title\" content=\"\ud83e\ude96 Generales gordos, barbas prohibidas y un ej\u00e9rcito sin medias tintas - BlogDiario Magazine\" \/>\n<meta property=\"og:description\" content=\"\ud83d\udc49 Si hasta el entra\u00f1able Sargento Garc\u00eda quedar\u00eda fuera del ej\u00e9rcito de Trump por \u201cgordo y torpe\u201d... \u00bfqu\u00e9 har\u00e1 ahora nuestro inolvidable personaje de El Zorro?\" \/>\n<meta property=\"og:url\" content=\"https:\/\/blogdiario.info\/magazine\/2025\/10\/01\/generales-gordos-barbas-prohibidas-y-un-ejercito-sin-medias-tintas\/\" \/>\n<meta property=\"og:site_name\" content=\"BlogDiario Magazine\" \/>\n<meta property=\"article:published_time\" content=\"2025-10-01T15:21:06+00:00\" \/>\n<meta property=\"article:modified_time\" content=\"2025-10-01T15:21:23+00:00\" \/>\n<meta property=\"og:image\" content=\"https:\/\/blogdiario.info\/magazine\/images\/2025\/10\/coversergar.jpg\" \/>\n\t<meta property=\"og:image:width\" content=\"550\" \/>\n\t<meta property=\"og:image:height\" content=\"408\" \/>\n\t<meta property=\"og:image:type\" content=\"image\/jpeg\" \/>\n<meta name=\"author\" content=\"World Press Service | Servicio de Prensa Mundial\" \/>\n<meta name=\"twitter:card\" content=\"summary_large_image\" \/>\n<meta name=\"twitter:label1\" content=\"Escrito por\" \/>\n\t<meta name=\"twitter:data1\" content=\"World Press Service | Servicio de Prensa Mundial\" \/>\n\t<meta name=\"twitter:label2\" content=\"Tiempo de lectura\" \/>\n\t<meta name=\"twitter:data2\" content=\"3 minutos\" \/>\n<script type=\"application\/ld+json\" class=\"yoast-schema-graph\">{\"@context\":\"https:\\\/\\\/schema.org\",\"@graph\":[{\"@type\":\"Article\",\"@id\":\"https:\\\/\\\/blogdiario.info\\\/magazine\\\/2025\\\/10\\\/01\\\/generales-gordos-barbas-prohibidas-y-un-ejercito-sin-medias-tintas\\\/#article\",\"isPartOf\":{\"@id\":\"https:\\\/\\\/blogdiario.info\\\/magazine\\\/2025\\\/10\\\/01\\\/generales-gordos-barbas-prohibidas-y-un-ejercito-sin-medias-tintas\\\/\"},\"author\":{\"name\":\"World Press Service | Servicio de Prensa Mundial\",\"@id\":\"https:\\\/\\\/blogdiario.info\\\/magazine\\\/#\\\/schema\\\/person\\\/b2422fe85574d945bad55513bb0c7354\"},\"headline\":\"\ud83e\ude96 Generales gordos, barbas prohibidas y un ej\u00e9rcito sin medias tintas\",\"datePublished\":\"2025-10-01T15:21:06+00:00\",\"dateModified\":\"2025-10-01T15:21:23+00:00\",\"mainEntityOfPage\":{\"@id\":\"https:\\\/\\\/blogdiario.info\\\/magazine\\\/2025\\\/10\\\/01\\\/generales-gordos-barbas-prohibidas-y-un-ejercito-sin-medias-tintas\\\/\"},\"wordCount\":404,\"publisher\":{\"@id\":\"https:\\\/\\\/blogdiario.info\\\/magazine\\\/#organization\"},\"image\":{\"@id\":\"https:\\\/\\\/blogdiario.info\\\/magazine\\\/2025\\\/10\\\/01\\\/generales-gordos-barbas-prohibidas-y-un-ejercito-sin-medias-tintas\\\/#primaryimage\"},\"thumbnailUrl\":\"https:\\\/\\\/blogdiario.info\\\/magazine\\\/images\\\/2025\\\/10\\\/coversergar.jpg\",\"keywords\":[\"USA\"],\"articleSection\":[\".\",\".\",\"Actualidad\",\"America del Nord\",\"Fuerzas Armadas\",\"Politica\",\"Sociedad y valores\"],\"inLanguage\":\"es-AR\"},{\"@type\":\"WebPage\",\"@id\":\"https:\\\/\\\/blogdiario.info\\\/magazine\\\/2025\\\/10\\\/01\\\/generales-gordos-barbas-prohibidas-y-un-ejercito-sin-medias-tintas\\\/\",\"url\":\"https:\\\/\\\/blogdiario.info\\\/magazine\\\/2025\\\/10\\\/01\\\/generales-gordos-barbas-prohibidas-y-un-ejercito-sin-medias-tintas\\\/\",\"name\":\"\ud83e\ude96 Generales gordos, barbas prohibidas y un ej\u00e9rcito sin medias tintas - BlogDiario Magazine\",\"isPartOf\":{\"@id\":\"https:\\\/\\\/blogdiario.info\\\/magazine\\\/#website\"},\"primaryImageOfPage\":{\"@id\":\"https:\\\/\\\/blogdiario.info\\\/magazine\\\/2025\\\/10\\\/01\\\/generales-gordos-barbas-prohibidas-y-un-ejercito-sin-medias-tintas\\\/#primaryimage\"},\"image\":{\"@id\":\"https:\\\/\\\/blogdiario.info\\\/magazine\\\/2025\\\/10\\\/01\\\/generales-gordos-barbas-prohibidas-y-un-ejercito-sin-medias-tintas\\\/#primaryimage\"},\"thumbnailUrl\":\"https:\\\/\\\/blogdiario.info\\\/magazine\\\/images\\\/2025\\\/10\\\/coversergar.jpg\",\"datePublished\":\"2025-10-01T15:21:06+00:00\",\"dateModified\":\"2025-10-01T15:21:23+00:00\",\"breadcrumb\":{\"@id\":\"https:\\\/\\\/blogdiario.info\\\/magazine\\\/2025\\\/10\\\/01\\\/generales-gordos-barbas-prohibidas-y-un-ejercito-sin-medias-tintas\\\/#breadcrumb\"},\"inLanguage\":\"es-AR\",\"potentialAction\":[{\"@type\":\"ReadAction\",\"target\":[\"https:\\\/\\\/blogdiario.info\\\/magazine\\\/2025\\\/10\\\/01\\\/generales-gordos-barbas-prohibidas-y-un-ejercito-sin-medias-tintas\\\/\"]}]},{\"@type\":\"ImageObject\",\"inLanguage\":\"es-AR\",\"@id\":\"https:\\\/\\\/blogdiario.info\\\/magazine\\\/2025\\\/10\\\/01\\\/generales-gordos-barbas-prohibidas-y-un-ejercito-sin-medias-tintas\\\/#primaryimage\",\"url\":\"https:\\\/\\\/blogdiario.info\\\/magazine\\\/images\\\/2025\\\/10\\\/coversergar.jpg\",\"contentUrl\":\"https:\\\/\\\/blogdiario.info\\\/magazine\\\/images\\\/2025\\\/10\\\/coversergar.jpg\",\"width\":550,\"height\":408},{\"@type\":\"BreadcrumbList\",\"@id\":\"https:\\\/\\\/blogdiario.info\\\/magazine\\\/2025\\\/10\\\/01\\\/generales-gordos-barbas-prohibidas-y-un-ejercito-sin-medias-tintas\\\/#breadcrumb\",\"itemListElement\":[{\"@type\":\"ListItem\",\"position\":1,\"name\":\"Home\",\"item\":\"https:\\\/\\\/blogdiario.info\\\/magazine\\\/\"},{\"@type\":\"ListItem\",\"position\":2,\"name\":\"\ud83e\ude96 Generales gordos, barbas prohibidas y un ej\u00e9rcito sin medias tintas\"}]},{\"@type\":\"WebSite\",\"@id\":\"https:\\\/\\\/blogdiario.info\\\/magazine\\\/#website\",\"url\":\"https:\\\/\\\/blogdiario.info\\\/magazine\\\/\",\"name\":\"BlogDiario Magazine\",\"description\":\"Suplemento multiling\u00fce de ElCanillita.Info\",\"publisher\":{\"@id\":\"https:\\\/\\\/blogdiario.info\\\/magazine\\\/#organization\"},\"potentialAction\":[{\"@type\":\"SearchAction\",\"target\":{\"@type\":\"EntryPoint\",\"urlTemplate\":\"https:\\\/\\\/blogdiario.info\\\/magazine\\\/?s={search_term_string}\"},\"query-input\":{\"@type\":\"PropertyValueSpecification\",\"valueRequired\":true,\"valueName\":\"search_term_string\"}}],\"inLanguage\":\"es-AR\"},{\"@type\":\"Organization\",\"@id\":\"https:\\\/\\\/blogdiario.info\\\/magazine\\\/#organization\",\"name\":\"Guzzo Photos & Graphic Publications\",\"url\":\"https:\\\/\\\/blogdiario.info\\\/magazine\\\/\",\"logo\":{\"@type\":\"ImageObject\",\"inLanguage\":\"es-AR\",\"@id\":\"https:\\\/\\\/blogdiario.info\\\/magazine\\\/#\\\/schema\\\/logo\\\/image\\\/\",\"url\":\"https:\\\/\\\/blogdiario.info\\\/magazine\\\/images\\\/2020\\\/01\\\/cropped-blogdia_magazine.jpg\",\"contentUrl\":\"https:\\\/\\\/blogdiario.info\\\/magazine\\\/images\\\/2020\\\/01\\\/cropped-blogdia_magazine.jpg\",\"width\":589,\"height\":55,\"caption\":\"Guzzo Photos & Graphic Publications\"},\"image\":{\"@id\":\"https:\\\/\\\/blogdiario.info\\\/magazine\\\/#\\\/schema\\\/logo\\\/image\\\/\"}},{\"@type\":\"Person\",\"@id\":\"https:\\\/\\\/blogdiario.info\\\/magazine\\\/#\\\/schema\\\/person\\\/b2422fe85574d945bad55513bb0c7354\",\"name\":\"World Press Service | Servicio de Prensa Mundial\"}]}<\/script>\n<!-- \/ Yoast SEO plugin. -->","yoast_head_json":{"title":"\ud83e\ude96 Generales gordos, barbas prohibidas y un ej\u00e9rcito sin medias tintas - BlogDiario Magazine","robots":{"index":"index","follow":"follow","max-snippet":"max-snippet:-1","max-image-preview":"max-image-preview:large","max-video-preview":"max-video-preview:-1"},"canonical":"https:\/\/blogdiario.info\/magazine\/2025\/10\/01\/generales-gordos-barbas-prohibidas-y-un-ejercito-sin-medias-tintas\/","og_locale":"es_ES","og_type":"article","og_title":"\ud83e\ude96 Generales gordos, barbas prohibidas y un ej\u00e9rcito sin medias tintas - BlogDiario Magazine","og_description":"\ud83d\udc49 Si hasta el entra\u00f1able Sargento Garc\u00eda quedar\u00eda fuera del ej\u00e9rcito de Trump por \u201cgordo y torpe\u201d... \u00bfqu\u00e9 har\u00e1 ahora nuestro inolvidable personaje de El Zorro?","og_url":"https:\/\/blogdiario.info\/magazine\/2025\/10\/01\/generales-gordos-barbas-prohibidas-y-un-ejercito-sin-medias-tintas\/","og_site_name":"BlogDiario Magazine","article_published_time":"2025-10-01T15:21:06+00:00","article_modified_time":"2025-10-01T15:21:23+00:00","og_image":[{"width":550,"height":408,"url":"https:\/\/blogdiario.info\/magazine\/images\/2025\/10\/coversergar.jpg","type":"image\/jpeg"}],"author":"World Press Service | Servicio de Prensa Mundial","twitter_card":"summary_large_image","twitter_misc":{"Escrito por":"World Press Service | Servicio de Prensa Mundial","Tiempo de lectura":"3 minutos"},"schema":{"@context":"https:\/\/schema.org","@graph":[{"@type":"Article","@id":"https:\/\/blogdiario.info\/magazine\/2025\/10\/01\/generales-gordos-barbas-prohibidas-y-un-ejercito-sin-medias-tintas\/#article","isPartOf":{"@id":"https:\/\/blogdiario.info\/magazine\/2025\/10\/01\/generales-gordos-barbas-prohibidas-y-un-ejercito-sin-medias-tintas\/"},"author":{"name":"World Press Service | Servicio de Prensa Mundial","@id":"https:\/\/blogdiario.info\/magazine\/#\/schema\/person\/b2422fe85574d945bad55513bb0c7354"},"headline":"\ud83e\ude96 Generales gordos, barbas prohibidas y un ej\u00e9rcito sin medias tintas","datePublished":"2025-10-01T15:21:06+00:00","dateModified":"2025-10-01T15:21:23+00:00","mainEntityOfPage":{"@id":"https:\/\/blogdiario.info\/magazine\/2025\/10\/01\/generales-gordos-barbas-prohibidas-y-un-ejercito-sin-medias-tintas\/"},"wordCount":404,"publisher":{"@id":"https:\/\/blogdiario.info\/magazine\/#organization"},"image":{"@id":"https:\/\/blogdiario.info\/magazine\/2025\/10\/01\/generales-gordos-barbas-prohibidas-y-un-ejercito-sin-medias-tintas\/#primaryimage"},"thumbnailUrl":"https:\/\/blogdiario.info\/magazine\/images\/2025\/10\/coversergar.jpg","keywords":["USA"],"articleSection":[".",".","Actualidad","America del Nord","Fuerzas Armadas","Politica","Sociedad y valores"],"inLanguage":"es-AR"},{"@type":"WebPage","@id":"https:\/\/blogdiario.info\/magazine\/2025\/10\/01\/generales-gordos-barbas-prohibidas-y-un-ejercito-sin-medias-tintas\/","url":"https:\/\/blogdiario.info\/magazine\/2025\/10\/01\/generales-gordos-barbas-prohibidas-y-un-ejercito-sin-medias-tintas\/","name":"\ud83e\ude96 Generales gordos, barbas prohibidas y un ej\u00e9rcito sin medias tintas - BlogDiario Magazine","isPartOf":{"@id":"https:\/\/blogdiario.info\/magazine\/#website"},"primaryImageOfPage":{"@id":"https:\/\/blogdiario.info\/magazine\/2025\/10\/01\/generales-gordos-barbas-prohibidas-y-un-ejercito-sin-medias-tintas\/#primaryimage"},"image":{"@id":"https:\/\/blogdiario.info\/magazine\/2025\/10\/01\/generales-gordos-barbas-prohibidas-y-un-ejercito-sin-medias-tintas\/#primaryimage"},"thumbnailUrl":"https:\/\/blogdiario.info\/magazine\/images\/2025\/10\/coversergar.jpg","datePublished":"2025-10-01T15:21:06+00:00","dateModified":"2025-10-01T15:21:23+00:00","breadcrumb":{"@id":"https:\/\/blogdiario.info\/magazine\/2025\/10\/01\/generales-gordos-barbas-prohibidas-y-un-ejercito-sin-medias-tintas\/#breadcrumb"},"inLanguage":"es-AR","potentialAction":[{"@type":"ReadAction","target":["https:\/\/blogdiario.info\/magazine\/2025\/10\/01\/generales-gordos-barbas-prohibidas-y-un-ejercito-sin-medias-tintas\/"]}]},{"@type":"ImageObject","inLanguage":"es-AR","@id":"https:\/\/blogdiario.info\/magazine\/2025\/10\/01\/generales-gordos-barbas-prohibidas-y-un-ejercito-sin-medias-tintas\/#primaryimage","url":"https:\/\/blogdiario.info\/magazine\/images\/2025\/10\/coversergar.jpg","contentUrl":"https:\/\/blogdiario.info\/magazine\/images\/2025\/10\/coversergar.jpg","width":550,"height":408},{"@type":"BreadcrumbList","@id":"https:\/\/blogdiario.info\/magazine\/2025\/10\/01\/generales-gordos-barbas-prohibidas-y-un-ejercito-sin-medias-tintas\/#breadcrumb","itemListElement":[{"@type":"ListItem","position":1,"name":"Home","item":"https:\/\/blogdiario.info\/magazine\/"},{"@type":"ListItem","position":2,"name":"\ud83e\ude96 Generales gordos, barbas prohibidas y un ej\u00e9rcito sin medias tintas"}]},{"@type":"WebSite","@id":"https:\/\/blogdiario.info\/magazine\/#website","url":"https:\/\/blogdiario.info\/magazine\/","name":"BlogDiario Magazine","description":"Suplemento multiling\u00fce de ElCanillita.Info","publisher":{"@id":"https:\/\/blogdiario.info\/magazine\/#organization"},"potentialAction":[{"@type":"SearchAction","target":{"@type":"EntryPoint","urlTemplate":"https:\/\/blogdiario.info\/magazine\/?s={search_term_string}"},"query-input":{"@type":"PropertyValueSpecification","valueRequired":true,"valueName":"search_term_string"}}],"inLanguage":"es-AR"},{"@type":"Organization","@id":"https:\/\/blogdiario.info\/magazine\/#organization","name":"Guzzo Photos & Graphic Publications","url":"https:\/\/blogdiario.info\/magazine\/","logo":{"@type":"ImageObject","inLanguage":"es-AR","@id":"https:\/\/blogdiario.info\/magazine\/#\/schema\/logo\/image\/","url":"https:\/\/blogdiario.info\/magazine\/images\/2020\/01\/cropped-blogdia_magazine.jpg","contentUrl":"https:\/\/blogdiario.info\/magazine\/images\/2020\/01\/cropped-blogdia_magazine.jpg","width":589,"height":55,"caption":"Guzzo Photos & Graphic Publications"},"image":{"@id":"https:\/\/blogdiario.info\/magazine\/#\/schema\/logo\/image\/"}},{"@type":"Person","@id":"https:\/\/blogdiario.info\/magazine\/#\/schema\/person\/b2422fe85574d945bad55513bb0c7354","name":"World Press Service | Servicio de Prensa Mundial"}]}},"views":207,"_links":{"self":[{"href":"https:\/\/blogdiario.info\/magazine\/wp-json\/wp\/v2\/posts\/2485","targetHints":{"allow":["GET"]}}],"collection":[{"href":"https:\/\/blogdiario.info\/magazine\/wp-json\/wp\/v2\/posts"}],"about":[{"href":"https:\/\/blogdiario.info\/magazine\/wp-json\/wp\/v2\/types\/post"}],"author":[{"embeddable":true,"href":"https:\/\/blogdiario.info\/magazine\/wp-json\/wp\/v2\/users\/1"}],"replies":[{"embeddable":true,"href":"https:\/\/blogdiario.info\/magazine\/wp-json\/wp\/v2\/comments?post=2485"}],"version-history":[{"count":0,"href":"https:\/\/blogdiario.info\/magazine\/wp-json\/wp\/v2\/posts\/2485\/revisions"}],"wp:featuredmedia":[{"embeddable":true,"href":"https:\/\/blogdiario.info\/magazine\/wp-json\/wp\/v2\/media\/2486"}],"wp:attachment":[{"href":"https:\/\/blogdiario.info\/magazine\/wp-json\/wp\/v2\/media?parent=2485"}],"wp:term":[{"taxonomy":"category","embeddable":true,"href":"https:\/\/blogdiario.info\/magazine\/wp-json\/wp\/v2\/categories?post=2485"},{"taxonomy":"post_tag","embeddable":true,"href":"https:\/\/blogdiario.info\/magazine\/wp-json\/wp\/v2\/tags?post=2485"}],"curies":[{"name":"wp","href":"https:\/\/api.w.org\/{rel}","templated":true}]}}