{"id":2467,"date":"2025-09-30T15:17:20","date_gmt":"2025-09-30T14:17:20","guid":{"rendered":"https:\/\/blogdiario.info\/magazine\/?p=2467"},"modified":"2025-09-30T16:10:38","modified_gmt":"2025-09-30T15:10:38","slug":"trump-gobernara-gaza-con-blair-la-improbable-junta-de-paz","status":"publish","type":"post","link":"https:\/\/blogdiario.info\/magazine\/2025\/09\/30\/trump-gobernara-gaza-con-blair-la-improbable-junta-de-paz\/","title":{"rendered":"\ud83d\udcf0 Trump gobernar\u00e1 Gaza con Blair: la improbable Junta de Paz"},"content":{"rendered":"\n<figure class=\"wp-block-image size-full\"><img loading=\"lazy\" decoding=\"async\" width=\"600\" height=\"400\" src=\"https:\/\/blogdiario.info\/magazine\/images\/2025\/09\/p_pace_page.jpg\" alt=\"\" class=\"wp-image-2468\" srcset=\"https:\/\/blogdiario.info\/magazine\/images\/2025\/09\/p_pace_page.jpg 600w, https:\/\/blogdiario.info\/magazine\/images\/2025\/09\/p_pace_page-300x200.jpg 300w\" sizes=\"auto, (max-width: 600px) 100vw, 600px\" \/><\/figure>\n\n\n<p style=\"font-style: italic;\">Plan de 20 puntos, retirada escalonada de las FDI y un comit\u00e9 tecnocr\u00e1tico palestino bajo supervisi\u00f3n directa de Washington.<\/p>\n<p style=\"color: #666;\">CAP \u2013 30 septiembre 2025 \u00b7 Por <em>El int\u00e9rprete del c\u00f3digo silencioso<\/em><\/p>\n<figure class=\"wp-block-image size-large\"><img decoding=\"async\" src=\"https:\/\/TU-IMAGEN-DESTACADA.jpg\" alt=\"Trump &amp; Blair \u2013 Junta de Paz para Gaza\" \/><figcaption>\u00a9 2025 Guzzo Photos &amp; Graphic Publications \u2013 All rights reserved<\/figcaption><\/figure>\n<div class=\"wp-block-group\">\n<p>Donald Trump anunci\u00f3 que asumir\u00e1 como presidente de una nueva <strong>Junta de Paz<\/strong> para gobernar temporalmente Gaza, con Sir Tony Blair como socio clave. El guion: <strong>retirada por fases<\/strong> de las FDI, <strong>fuerza internacional de estabilizaci\u00f3n<\/strong> y un <strong>comit\u00e9 tecnocr\u00e1tico palestino<\/strong> para servicios p\u00fablicos, bajo \u201csupervisi\u00f3n internacional\u201d y sello personal del presidente estadounidense.<\/p>\n<p>Ocho pa\u00edses \u00e1rabes y del Golfo \u2013incluidos Egipto, Jordania, Emiratos y Turqu\u00eda\u2013 aplaudieron la iniciativa, mientras que <strong>Ham\u00e1s<\/strong> marc\u00f3 distancia: dice no haber recibido copia oficial del plan. <strong>Netanyahu<\/strong> aval\u00f3 la ruta, pero advirti\u00f3 que si Ham\u00e1s rechaza, Israel tendr\u00eda \u201cpleno respaldo\u201d de EE.UU. para <em>terminar el trabajo<\/em>.<\/p>\n<blockquote>\n<p>\u201cLlam\u00e9moslo paz eterna en Medio Oriente.\u201d<\/p>\n<p><cite>Donald J. Trump<\/cite><\/p>\n<\/blockquote>\n<h3>Lo que contiene el plan<\/h3>\n<ul>\n<li><strong>Retirada escalonada de las FDI<\/strong> sincronizada con la <strong>liberaci\u00f3n de rehenes<\/strong>.<\/li>\n<li><strong>Fuerza internacional de estabilizaci\u00f3n (FSI)<\/strong> con pa\u00edses \u00e1rabes y \u201csocios internacionales\u201d.<\/li>\n<li><strong>Comit\u00e9 tecnocr\u00e1tico palestino<\/strong> para la gesti\u00f3n de servicios y municipios.<\/li>\n<li><strong>Supervisi\u00f3n<\/strong> de una <em>Junta de Paz<\/em> encabezada por Trump; Blair como pilar del \u201cd\u00eda despu\u00e9s\u201d.<\/li>\n<li><strong>Ventana de salida<\/strong> para funcionarios de Ham\u00e1s (amnist\u00eda\/inmunidad fuera de Gaza).<\/li>\n<\/ul>\n<h3>Los silencios y las dudas<\/h3>\n<p>El documento <strong>omite Cisjordania<\/strong> y ofrece escasos detalles de seguridad a largo plazo. Tampoco responde si los halcones del gabinete israel\u00ed tolerar\u00e1n un plan que da a Ham\u00e1s una \u201cpuerta de salida\u201d.<\/p>\n<p>En el carril diplom\u00e1tico, <strong>Qatar<\/strong> recibi\u00f3 las disculpas de Netanyahu por una operaci\u00f3n reciente en Doha; promesa expl\u00edcita de no repetir una <em>violaci\u00f3n de soberan\u00eda<\/em>. La foto pol\u00edtica contrasta con una <strong>rueda de prensa sin preguntas<\/strong>: Trump y Netanyahu abandonaron la sala ante una prensa hambrienta de detalles.<\/p>\n<blockquote>\n<p>\u201cAcuerdo hist\u00f3rico\u201d que permitir\u00eda poner fin a la guerra y \u201ctrazar un nuevo futuro\u201d.<\/p>\n<p><cite>Foro de Rehenes y Familias Desaparecidas<\/cite><\/p>\n<\/blockquote>\n<h3>La pregunta que importa<\/h3>\n<p>Trump promete casinos imaginarios y una \u201cRiviera de Medio Oriente\u201d cambiando tanques por tumbonas. Blair aporta manual y diplomacia. La regi\u00f3n aporta realismo crudo. <strong>\u00bfAlcanza la audacia para domar la inercia del conflicto?<\/strong><\/p>\n<hr style=\"border: none; height: 1px; background-color: #e0e0e0; max-width: 80%; margin: 2em auto;\" \/>\n<p style=\"text-align: right; font-size: 14px; font-style: italic;\">\u270d\ufe0f El int\u00e9rprete del c\u00f3digo silencioso<\/p>\n<\/div>\n\n\n<p><small>\u00a9 2025 ElCanillita.info \/ BlogDiario.info &#8211; All Rights Reserved &#8211; SalaStampa.eu, world press service -Guzzo Photos &amp; Graphic Publications \u2013 Registro Editori e Stampatori n. 1441 Turin, Italy<\/small><\/p>\n","protected":false},"excerpt":{"rendered":"<div style=\"display:flex; gap:20px; margin-top:20px;\">\n<div style=\"flex:1;\">\n<h4>\ud83c\uddea\ud83c\uddf8 Espa\u00f1ol<\/h4>\n<p>Trump anuncia que presidir\u00e1 la \u201cJunta de Paz\u201d en Gaza junto a Tony Blair. Retirada de tropas, fuerza internacional y amnist\u00eda a Hamas en un plan de \u201cpaz eterna\u201d.<\/p>\n<\/p><\/div>\n","protected":false},"author":1,"featured_media":2468,"comment_status":"closed","ping_status":"closed","sticky":false,"template":"","format":"standard","meta":{"footnotes":"","_links_to":"","_links_to_target":""},"categories":[97,109,62,151,119,54,134],"tags":[],"class_list":["post-2467","post","type-post","status-publish","format-standard","has-post-thumbnail","hentry","category-elcanillita","category-dc24","category-actualidad","category-cisgiordania","category-guerra","category-medio-oriente","category-politicas-globales","entry","rows"],"yoast_head":"<!-- This site is optimized with the Yoast SEO plugin v27.4 - https:\/\/yoast.com\/product\/yoast-seo-wordpress\/ -->\n<title>\ud83d\udcf0 Trump gobernar\u00e1 Gaza con Blair: la improbable Junta de Paz - BlogDiario Magazine<\/title>\n<meta name=\"robots\" content=\"index, follow, max-snippet:-1, max-image-preview:large, max-video-preview:-1\" \/>\n<link rel=\"canonical\" href=\"https:\/\/blogdiario.info\/magazine\/2025\/09\/30\/trump-gobernara-gaza-con-blair-la-improbable-junta-de-paz\/\" \/>\n<meta property=\"og:locale\" content=\"es_ES\" \/>\n<meta property=\"og:type\" content=\"article\" \/>\n<meta property=\"og:title\" content=\"\ud83d\udcf0 Trump gobernar\u00e1 Gaza con Blair: la improbable Junta de Paz - BlogDiario Magazine\" \/>\n<meta property=\"og:description\" content=\"\ud83c\uddea\ud83c\uddf8 Espa\u00f1ol    Trump anuncia que presidir\u00e1 la \u201cJunta de Paz\u201d en Gaza junto a Tony Blair. Retirada de tropas, fuerza internacional y amnist\u00eda a Hamas en un plan de \u201cpaz eterna\u201d.\" \/>\n<meta property=\"og:url\" content=\"https:\/\/blogdiario.info\/magazine\/2025\/09\/30\/trump-gobernara-gaza-con-blair-la-improbable-junta-de-paz\/\" \/>\n<meta property=\"og:site_name\" content=\"BlogDiario Magazine\" \/>\n<meta property=\"article:published_time\" content=\"2025-09-30T14:17:20+00:00\" \/>\n<meta property=\"article:modified_time\" content=\"2025-09-30T15:10:38+00:00\" \/>\n<meta property=\"og:image\" content=\"https:\/\/blogdiario.info\/magazine\/images\/2025\/09\/p_pace_page.jpg\" \/>\n\t<meta property=\"og:image:width\" content=\"600\" \/>\n\t<meta property=\"og:image:height\" content=\"400\" \/>\n\t<meta property=\"og:image:type\" content=\"image\/jpeg\" \/>\n<meta name=\"author\" content=\"World Press Service | Servicio de Prensa Mundial\" \/>\n<meta name=\"twitter:card\" content=\"summary_large_image\" \/>\n<meta name=\"twitter:label1\" content=\"Escrito por\" \/>\n\t<meta name=\"twitter:data1\" content=\"World Press Service | Servicio de Prensa Mundial\" \/>\n\t<meta name=\"twitter:label2\" content=\"Tiempo de lectura\" \/>\n\t<meta name=\"twitter:data2\" content=\"3 minutos\" \/>\n<script type=\"application\/ld+json\" class=\"yoast-schema-graph\">{\"@context\":\"https:\\\/\\\/schema.org\",\"@graph\":[{\"@type\":\"Article\",\"@id\":\"https:\\\/\\\/blogdiario.info\\\/magazine\\\/2025\\\/09\\\/30\\\/trump-gobernara-gaza-con-blair-la-improbable-junta-de-paz\\\/#article\",\"isPartOf\":{\"@id\":\"https:\\\/\\\/blogdiario.info\\\/magazine\\\/2025\\\/09\\\/30\\\/trump-gobernara-gaza-con-blair-la-improbable-junta-de-paz\\\/\"},\"author\":{\"name\":\"World Press Service | Servicio de Prensa Mundial\",\"@id\":\"https:\\\/\\\/blogdiario.info\\\/magazine\\\/#\\\/schema\\\/person\\\/b2422fe85574d945bad55513bb0c7354\"},\"headline\":\"\ud83d\udcf0 Trump gobernar\u00e1 Gaza con Blair: la improbable Junta de Paz\",\"datePublished\":\"2025-09-30T14:17:20+00:00\",\"dateModified\":\"2025-09-30T15:10:38+00:00\",\"mainEntityOfPage\":{\"@id\":\"https:\\\/\\\/blogdiario.info\\\/magazine\\\/2025\\\/09\\\/30\\\/trump-gobernara-gaza-con-blair-la-improbable-junta-de-paz\\\/\"},\"wordCount\":429,\"publisher\":{\"@id\":\"https:\\\/\\\/blogdiario.info\\\/magazine\\\/#organization\"},\"image\":{\"@id\":\"https:\\\/\\\/blogdiario.info\\\/magazine\\\/2025\\\/09\\\/30\\\/trump-gobernara-gaza-con-blair-la-improbable-junta-de-paz\\\/#primaryimage\"},\"thumbnailUrl\":\"https:\\\/\\\/blogdiario.info\\\/magazine\\\/images\\\/2025\\\/09\\\/p_pace_page.jpg\",\"articleSection\":[\".\",\".\",\"Actualidad\",\"Cisgiordania\",\"Guerra\",\"Medio Oriente\",\"Pol\u00edticas globales\"],\"inLanguage\":\"es-AR\"},{\"@type\":\"WebPage\",\"@id\":\"https:\\\/\\\/blogdiario.info\\\/magazine\\\/2025\\\/09\\\/30\\\/trump-gobernara-gaza-con-blair-la-improbable-junta-de-paz\\\/\",\"url\":\"https:\\\/\\\/blogdiario.info\\\/magazine\\\/2025\\\/09\\\/30\\\/trump-gobernara-gaza-con-blair-la-improbable-junta-de-paz\\\/\",\"name\":\"\ud83d\udcf0 Trump gobernar\u00e1 Gaza con Blair: la improbable Junta de Paz - BlogDiario Magazine\",\"isPartOf\":{\"@id\":\"https:\\\/\\\/blogdiario.info\\\/magazine\\\/#website\"},\"primaryImageOfPage\":{\"@id\":\"https:\\\/\\\/blogdiario.info\\\/magazine\\\/2025\\\/09\\\/30\\\/trump-gobernara-gaza-con-blair-la-improbable-junta-de-paz\\\/#primaryimage\"},\"image\":{\"@id\":\"https:\\\/\\\/blogdiario.info\\\/magazine\\\/2025\\\/09\\\/30\\\/trump-gobernara-gaza-con-blair-la-improbable-junta-de-paz\\\/#primaryimage\"},\"thumbnailUrl\":\"https:\\\/\\\/blogdiario.info\\\/magazine\\\/images\\\/2025\\\/09\\\/p_pace_page.jpg\",\"datePublished\":\"2025-09-30T14:17:20+00:00\",\"dateModified\":\"2025-09-30T15:10:38+00:00\",\"breadcrumb\":{\"@id\":\"https:\\\/\\\/blogdiario.info\\\/magazine\\\/2025\\\/09\\\/30\\\/trump-gobernara-gaza-con-blair-la-improbable-junta-de-paz\\\/#breadcrumb\"},\"inLanguage\":\"es-AR\",\"potentialAction\":[{\"@type\":\"ReadAction\",\"target\":[\"https:\\\/\\\/blogdiario.info\\\/magazine\\\/2025\\\/09\\\/30\\\/trump-gobernara-gaza-con-blair-la-improbable-junta-de-paz\\\/\"]}]},{\"@type\":\"ImageObject\",\"inLanguage\":\"es-AR\",\"@id\":\"https:\\\/\\\/blogdiario.info\\\/magazine\\\/2025\\\/09\\\/30\\\/trump-gobernara-gaza-con-blair-la-improbable-junta-de-paz\\\/#primaryimage\",\"url\":\"https:\\\/\\\/blogdiario.info\\\/magazine\\\/images\\\/2025\\\/09\\\/p_pace_page.jpg\",\"contentUrl\":\"https:\\\/\\\/blogdiario.info\\\/magazine\\\/images\\\/2025\\\/09\\\/p_pace_page.jpg\",\"width\":600,\"height\":400},{\"@type\":\"BreadcrumbList\",\"@id\":\"https:\\\/\\\/blogdiario.info\\\/magazine\\\/2025\\\/09\\\/30\\\/trump-gobernara-gaza-con-blair-la-improbable-junta-de-paz\\\/#breadcrumb\",\"itemListElement\":[{\"@type\":\"ListItem\",\"position\":1,\"name\":\"Home\",\"item\":\"https:\\\/\\\/blogdiario.info\\\/magazine\\\/\"},{\"@type\":\"ListItem\",\"position\":2,\"name\":\"\ud83d\udcf0 Trump gobernar\u00e1 Gaza con Blair: la improbable Junta de Paz\"}]},{\"@type\":\"WebSite\",\"@id\":\"https:\\\/\\\/blogdiario.info\\\/magazine\\\/#website\",\"url\":\"https:\\\/\\\/blogdiario.info\\\/magazine\\\/\",\"name\":\"BlogDiario Magazine\",\"description\":\"Suplemento multiling\u00fce de ElCanillita.Info\",\"publisher\":{\"@id\":\"https:\\\/\\\/blogdiario.info\\\/magazine\\\/#organization\"},\"potentialAction\":[{\"@type\":\"SearchAction\",\"target\":{\"@type\":\"EntryPoint\",\"urlTemplate\":\"https:\\\/\\\/blogdiario.info\\\/magazine\\\/?s={search_term_string}\"},\"query-input\":{\"@type\":\"PropertyValueSpecification\",\"valueRequired\":true,\"valueName\":\"search_term_string\"}}],\"inLanguage\":\"es-AR\"},{\"@type\":\"Organization\",\"@id\":\"https:\\\/\\\/blogdiario.info\\\/magazine\\\/#organization\",\"name\":\"Guzzo Photos & Graphic Publications\",\"url\":\"https:\\\/\\\/blogdiario.info\\\/magazine\\\/\",\"logo\":{\"@type\":\"ImageObject\",\"inLanguage\":\"es-AR\",\"@id\":\"https:\\\/\\\/blogdiario.info\\\/magazine\\\/#\\\/schema\\\/logo\\\/image\\\/\",\"url\":\"https:\\\/\\\/blogdiario.info\\\/magazine\\\/images\\\/2020\\\/01\\\/cropped-blogdia_magazine.jpg\",\"contentUrl\":\"https:\\\/\\\/blogdiario.info\\\/magazine\\\/images\\\/2020\\\/01\\\/cropped-blogdia_magazine.jpg\",\"width\":589,\"height\":55,\"caption\":\"Guzzo Photos & Graphic Publications\"},\"image\":{\"@id\":\"https:\\\/\\\/blogdiario.info\\\/magazine\\\/#\\\/schema\\\/logo\\\/image\\\/\"}},{\"@type\":\"Person\",\"@id\":\"https:\\\/\\\/blogdiario.info\\\/magazine\\\/#\\\/schema\\\/person\\\/b2422fe85574d945bad55513bb0c7354\",\"name\":\"World Press Service | Servicio de Prensa Mundial\"}]}<\/script>\n<!-- \/ Yoast SEO plugin. -->","yoast_head_json":{"title":"\ud83d\udcf0 Trump gobernar\u00e1 Gaza con Blair: la improbable Junta de Paz - BlogDiario Magazine","robots":{"index":"index","follow":"follow","max-snippet":"max-snippet:-1","max-image-preview":"max-image-preview:large","max-video-preview":"max-video-preview:-1"},"canonical":"https:\/\/blogdiario.info\/magazine\/2025\/09\/30\/trump-gobernara-gaza-con-blair-la-improbable-junta-de-paz\/","og_locale":"es_ES","og_type":"article","og_title":"\ud83d\udcf0 Trump gobernar\u00e1 Gaza con Blair: la improbable Junta de Paz - BlogDiario Magazine","og_description":"\ud83c\uddea\ud83c\uddf8 Espa\u00f1ol    Trump anuncia que presidir\u00e1 la \u201cJunta de Paz\u201d en Gaza junto a Tony Blair. Retirada de tropas, fuerza internacional y amnist\u00eda a Hamas en un plan de \u201cpaz eterna\u201d.","og_url":"https:\/\/blogdiario.info\/magazine\/2025\/09\/30\/trump-gobernara-gaza-con-blair-la-improbable-junta-de-paz\/","og_site_name":"BlogDiario Magazine","article_published_time":"2025-09-30T14:17:20+00:00","article_modified_time":"2025-09-30T15:10:38+00:00","og_image":[{"width":600,"height":400,"url":"https:\/\/blogdiario.info\/magazine\/images\/2025\/09\/p_pace_page.jpg","type":"image\/jpeg"}],"author":"World Press Service | Servicio de Prensa Mundial","twitter_card":"summary_large_image","twitter_misc":{"Escrito por":"World Press Service | Servicio de Prensa Mundial","Tiempo de lectura":"3 minutos"},"schema":{"@context":"https:\/\/schema.org","@graph":[{"@type":"Article","@id":"https:\/\/blogdiario.info\/magazine\/2025\/09\/30\/trump-gobernara-gaza-con-blair-la-improbable-junta-de-paz\/#article","isPartOf":{"@id":"https:\/\/blogdiario.info\/magazine\/2025\/09\/30\/trump-gobernara-gaza-con-blair-la-improbable-junta-de-paz\/"},"author":{"name":"World Press Service | Servicio de Prensa Mundial","@id":"https:\/\/blogdiario.info\/magazine\/#\/schema\/person\/b2422fe85574d945bad55513bb0c7354"},"headline":"\ud83d\udcf0 Trump gobernar\u00e1 Gaza con Blair: la improbable Junta de Paz","datePublished":"2025-09-30T14:17:20+00:00","dateModified":"2025-09-30T15:10:38+00:00","mainEntityOfPage":{"@id":"https:\/\/blogdiario.info\/magazine\/2025\/09\/30\/trump-gobernara-gaza-con-blair-la-improbable-junta-de-paz\/"},"wordCount":429,"publisher":{"@id":"https:\/\/blogdiario.info\/magazine\/#organization"},"image":{"@id":"https:\/\/blogdiario.info\/magazine\/2025\/09\/30\/trump-gobernara-gaza-con-blair-la-improbable-junta-de-paz\/#primaryimage"},"thumbnailUrl":"https:\/\/blogdiario.info\/magazine\/images\/2025\/09\/p_pace_page.jpg","articleSection":[".",".","Actualidad","Cisgiordania","Guerra","Medio Oriente","Pol\u00edticas globales"],"inLanguage":"es-AR"},{"@type":"WebPage","@id":"https:\/\/blogdiario.info\/magazine\/2025\/09\/30\/trump-gobernara-gaza-con-blair-la-improbable-junta-de-paz\/","url":"https:\/\/blogdiario.info\/magazine\/2025\/09\/30\/trump-gobernara-gaza-con-blair-la-improbable-junta-de-paz\/","name":"\ud83d\udcf0 Trump gobernar\u00e1 Gaza con Blair: la improbable Junta de Paz - BlogDiario Magazine","isPartOf":{"@id":"https:\/\/blogdiario.info\/magazine\/#website"},"primaryImageOfPage":{"@id":"https:\/\/blogdiario.info\/magazine\/2025\/09\/30\/trump-gobernara-gaza-con-blair-la-improbable-junta-de-paz\/#primaryimage"},"image":{"@id":"https:\/\/blogdiario.info\/magazine\/2025\/09\/30\/trump-gobernara-gaza-con-blair-la-improbable-junta-de-paz\/#primaryimage"},"thumbnailUrl":"https:\/\/blogdiario.info\/magazine\/images\/2025\/09\/p_pace_page.jpg","datePublished":"2025-09-30T14:17:20+00:00","dateModified":"2025-09-30T15:10:38+00:00","breadcrumb":{"@id":"https:\/\/blogdiario.info\/magazine\/2025\/09\/30\/trump-gobernara-gaza-con-blair-la-improbable-junta-de-paz\/#breadcrumb"},"inLanguage":"es-AR","potentialAction":[{"@type":"ReadAction","target":["https:\/\/blogdiario.info\/magazine\/2025\/09\/30\/trump-gobernara-gaza-con-blair-la-improbable-junta-de-paz\/"]}]},{"@type":"ImageObject","inLanguage":"es-AR","@id":"https:\/\/blogdiario.info\/magazine\/2025\/09\/30\/trump-gobernara-gaza-con-blair-la-improbable-junta-de-paz\/#primaryimage","url":"https:\/\/blogdiario.info\/magazine\/images\/2025\/09\/p_pace_page.jpg","contentUrl":"https:\/\/blogdiario.info\/magazine\/images\/2025\/09\/p_pace_page.jpg","width":600,"height":400},{"@type":"BreadcrumbList","@id":"https:\/\/blogdiario.info\/magazine\/2025\/09\/30\/trump-gobernara-gaza-con-blair-la-improbable-junta-de-paz\/#breadcrumb","itemListElement":[{"@type":"ListItem","position":1,"name":"Home","item":"https:\/\/blogdiario.info\/magazine\/"},{"@type":"ListItem","position":2,"name":"\ud83d\udcf0 Trump gobernar\u00e1 Gaza con Blair: la improbable Junta de Paz"}]},{"@type":"WebSite","@id":"https:\/\/blogdiario.info\/magazine\/#website","url":"https:\/\/blogdiario.info\/magazine\/","name":"BlogDiario Magazine","description":"Suplemento multiling\u00fce de ElCanillita.Info","publisher":{"@id":"https:\/\/blogdiario.info\/magazine\/#organization"},"potentialAction":[{"@type":"SearchAction","target":{"@type":"EntryPoint","urlTemplate":"https:\/\/blogdiario.info\/magazine\/?s={search_term_string}"},"query-input":{"@type":"PropertyValueSpecification","valueRequired":true,"valueName":"search_term_string"}}],"inLanguage":"es-AR"},{"@type":"Organization","@id":"https:\/\/blogdiario.info\/magazine\/#organization","name":"Guzzo Photos & Graphic Publications","url":"https:\/\/blogdiario.info\/magazine\/","logo":{"@type":"ImageObject","inLanguage":"es-AR","@id":"https:\/\/blogdiario.info\/magazine\/#\/schema\/logo\/image\/","url":"https:\/\/blogdiario.info\/magazine\/images\/2020\/01\/cropped-blogdia_magazine.jpg","contentUrl":"https:\/\/blogdiario.info\/magazine\/images\/2020\/01\/cropped-blogdia_magazine.jpg","width":589,"height":55,"caption":"Guzzo Photos & Graphic Publications"},"image":{"@id":"https:\/\/blogdiario.info\/magazine\/#\/schema\/logo\/image\/"}},{"@type":"Person","@id":"https:\/\/blogdiario.info\/magazine\/#\/schema\/person\/b2422fe85574d945bad55513bb0c7354","name":"World Press Service | Servicio de Prensa Mundial"}]}},"views":234,"_links":{"self":[{"href":"https:\/\/blogdiario.info\/magazine\/wp-json\/wp\/v2\/posts\/2467","targetHints":{"allow":["GET"]}}],"collection":[{"href":"https:\/\/blogdiario.info\/magazine\/wp-json\/wp\/v2\/posts"}],"about":[{"href":"https:\/\/blogdiario.info\/magazine\/wp-json\/wp\/v2\/types\/post"}],"author":[{"embeddable":true,"href":"https:\/\/blogdiario.info\/magazine\/wp-json\/wp\/v2\/users\/1"}],"replies":[{"embeddable":true,"href":"https:\/\/blogdiario.info\/magazine\/wp-json\/wp\/v2\/comments?post=2467"}],"version-history":[{"count":0,"href":"https:\/\/blogdiario.info\/magazine\/wp-json\/wp\/v2\/posts\/2467\/revisions"}],"wp:featuredmedia":[{"embeddable":true,"href":"https:\/\/blogdiario.info\/magazine\/wp-json\/wp\/v2\/media\/2468"}],"wp:attachment":[{"href":"https:\/\/blogdiario.info\/magazine\/wp-json\/wp\/v2\/media?parent=2467"}],"wp:term":[{"taxonomy":"category","embeddable":true,"href":"https:\/\/blogdiario.info\/magazine\/wp-json\/wp\/v2\/categories?post=2467"},{"taxonomy":"post_tag","embeddable":true,"href":"https:\/\/blogdiario.info\/magazine\/wp-json\/wp\/v2\/tags?post=2467"}],"curies":[{"name":"wp","href":"https:\/\/api.w.org\/{rel}","templated":true}]}}