{"id":2455,"date":"2025-09-29T15:21:43","date_gmt":"2025-09-29T14:21:43","guid":{"rendered":"https:\/\/blogdiario.info\/magazine\/?p=2455"},"modified":"2025-09-29T15:25:47","modified_gmt":"2025-09-29T14:25:47","slug":"argentina-reglamenta-el-refugio-y-la-frontera","status":"publish","type":"post","link":"https:\/\/blogdiario.info\/magazine\/2025\/09\/29\/argentina-reglamenta-el-refugio-y-la-frontera\/","title":{"rendered":"\ud83d\udcf0 Argentina reglamenta el refugio\u2026 \u00bfy la frontera?"},"content":{"rendered":"\n<figure class=\"wp-block-image size-full\"><img loading=\"lazy\" decoding=\"async\" width=\"600\" height=\"400\" src=\"https:\/\/blogdiario.info\/magazine\/images\/2025\/09\/techopgcov_20250928.jpg\" alt=\"\" class=\"wp-image-2445\" srcset=\"https:\/\/blogdiario.info\/magazine\/images\/2025\/09\/techopgcov_20250928.jpg 600w, https:\/\/blogdiario.info\/magazine\/images\/2025\/09\/techopgcov_20250928-300x200.jpg 300w\" sizes=\"auto, (max-width: 600px) 100vw, 600px\" \/><\/figure>\n\n\n\n<p>El Gobierno anunci\u00f3 con bombos y platillos la reglamentaci\u00f3n de la <strong>Ley de Refugio N.\u00ba 26.165<\/strong>, presentada como un salto hist\u00f3rico hacia un sistema \u201cmoderno, garantista y transparente\u201d. Suena impecable en el papel: rechazo inmediato de solicitudes infundadas, procedimientos \u00e1giles, programas de patrocinio comunitario, respeto al principio de no devoluci\u00f3n.<\/p>\n\n\n\n<p>Hasta aqu\u00ed, Champagne en las copas oficiales. \ud83c\udf7e<br>Pero para la gente de a pie, surge una pregunta inevitable:<\/p>\n\n\n\n<p>\ud83d\udc49 \u00bfDe qu\u00e9 sirve un traje de seda si no tenemos cuerpo para llenarlo?<\/p>\n\n\n<hr style=\"border: none; height: 1px; background-color: #ccc; margin: 2em 0;\" \/>\n\n\n<h2 class=\"wp-block-heading\">La frontera que nunca fue frontera<\/h2>\n\n\n\n<p>Argentina lleva <strong>m\u00e1s de dos siglos sin poder controlar eficazmente<\/strong> los 7.500 kil\u00f3metros de l\u00edmites terrestres, en especial con Bolivia y Paraguay.<\/p>\n\n\n\n<ul class=\"wp-block-list\">\n<li>Faltan gendarmes y prefectos.<\/li>\n\n\n\n<li>Falta radarizaci\u00f3n.<\/li>\n\n\n\n<li>Sobran pasos clandestinos donde pasan personas, mercader\u00edas, drogas y ganado como si fueran simples transe\u00fantes de barrio.<\/li>\n<\/ul>\n\n\n\n<p>Si no hubo capacidad para cerrar esas heridas abiertas en el territorio, \u00bfqu\u00e9 posibilidades hay de aplicar un refinado sistema de asilo con controles quir\u00fargicos?<\/p>\n\n\n<hr style=\"border: none; height: 1px; background-color: #ccc; margin: 2em 0;\" \/>\n\n\n<h2 class=\"wp-block-heading\">El costo de la modernidad\u2026 con deuda externa<\/h2>\n\n\n\n<p>Implementar la flamante normativa no es gratis.<\/p>\n\n\n\n<ul class=\"wp-block-list\">\n<li>Capacitar funcionarios en derecho internacional.<\/li>\n\n\n\n<li>Mantener oficinas en frontera y en las grandes ciudades.<\/li>\n\n\n\n<li>Garantizar abogados y traductores.<\/li>\n\n\n\n<li>Procesar apelaciones judiciales.<\/li>\n<\/ul>\n\n\n\n<p>Todo eso cuesta d\u00f3lares. Y el mismo Estado que <strong>vive pidiendo prestado para pagar sueldos y jubilaciones<\/strong> ahora promete sostener un mecanismo sofisticado para clasificar refugiados seg\u00fan est\u00e1ndares de la ONU.<\/p>\n\n\n<hr style=\"border: none; height: 1px; background-color: #ccc; margin: 2em 0;\" \/>\n\n\n<h2 class=\"wp-block-heading\">Lavado de cara diplom\u00e1tico<\/h2>\n\n\n\n<p>El comunicado oficial dice que \u201cse salda una deuda hist\u00f3rica con la protecci\u00f3n internacional\u201d. Y tal vez ah\u00ed est\u00e9 la clave:<\/p>\n\n\n\n<ul class=\"wp-block-list\">\n<li>No se trata tanto de resolver la realidad interna, sino de <strong>mostrar hacia afuera<\/strong> un pa\u00eds civilizado, respetuoso de tratados, alineado con la comunidad internacional.<\/li>\n\n\n\n<li>En otras palabras: <strong>una carta de presentaci\u00f3n para buscar cr\u00e9dito y respaldo pol\u00edtico<\/strong> en los organismos multilaterales, m\u00e1s que una herramienta efectiva para quien toca la puerta en La Quiaca, Clorinda o Posadas.<\/li>\n<\/ul>\n\n\n<hr style=\"border: none; height: 1px; background-color: #ccc; margin: 2em 0;\" \/>\n\n\n<h2 class=\"wp-block-heading\">Entre la letra y la realidad<\/h2>\n\n\n\n<p>Los riesgos son claros:<\/p>\n\n\n\n<ul class=\"wp-block-list\">\n<li><strong>Rechazos expr\u00e9s<\/strong> que pueden dejar desamparada a gente con casos genuinos.<\/li>\n\n\n\n<li><strong>Aplicaci\u00f3n desigual<\/strong>, donde los casos medi\u00e1ticos reciben atenci\u00f3n y el resto se hunde en el papeleo.<\/li>\n\n\n\n<li><strong>Estigmatizaci\u00f3n<\/strong>, porque la narrativa oficial mezcla refugiados con terrorismo y crimen organizado.<\/li>\n\n\n\n<li>Y sobre todo, <strong>falta de m\u00fasculo estatal<\/strong>: sin recursos ni presencia territorial, la norma puede quedarse en un documento elegante y nada m\u00e1s.<\/li>\n<\/ul>\n\n\n<hr style=\"border: none; height: 1px; background-color: #ccc; margin: 2em 0;\" \/>\n\n\n<h2 class=\"wp-block-heading\">Conclusi\u00f3n con salero<\/h2>\n\n\n\n<p>La reglamentaci\u00f3n del refugio es como <strong>ponerle cortinas de terciopelo a una casa sin techo<\/strong>.<br>El gesto diplom\u00e1tico puede impresionar en Bruselas, Ginebra o Washington. Pero mientras tanto, en nuestras fronteras, la realidad seguir\u00e1 igual: gendarmes que no alcanzan, radares que no existen, y miles de personas cruzando como si caminaran de una vereda a la otra.<\/p>\n\n\n\n<p>En definitiva, la pregunta que late en la calle no es jur\u00eddica ni diplom\u00e1tica. Es la de cualquier ciudadano com\u00fan:<\/p>\n\n\n\n<p>\ud83d\udc49 Si no pudimos controlar la frontera en 200 a\u00f1os, \u00bfqu\u00e9 chances hay de que ahora controlemos el asilo con un decreto?<br><br>\u270d\ufe0f <small>\u00a9 2025 ElCanillita.info &#8211; All Rights Reserved<\/small><br><br><small>\u00a9 2025 ElCanillita.info \/ BlogDiario.info &#8211; All Rights Reserved &#8211; SalaStampa.eu, world press service -Guzzo Photos &amp; Graphic Publications \u2013 Registro Editori e Stampatori n. 1441 Turin, Italy<\/small><\/p>\n","protected":false},"excerpt":{"rendered":"<p>1\ufe0f\u20e3 Argentina reglamenta la Ley de Refugio con \u201csistema moderno y transparente\u201d.<br \/>\n2\ufe0f\u20e3 Pero\u2026 \u00bfqu\u00e9 Estado aplica esto si en 200 a\u00f1os no pudo controlar las fronteras?<br \/>\n3\ufe0f\u20e3 Nuevo marco jur\u00eddico, mismo agujero en el terreno.<br \/>\n4\ufe0f\u20e3 Cortinas de terciopelo\u2026 en una casa sin techo.<\/p>\n","protected":false},"author":1,"featured_media":2445,"comment_status":"closed","ping_status":"closed","sticky":false,"template":"","format":"standard","meta":{"footnotes":"","_links_to":"","_links_to_target":""},"categories":[109,97,62,41,168],"tags":[23],"class_list":["post-2455","post","type-post","status-publish","format-standard","has-post-thumbnail","hentry","category-dc24","category-elcanillita","category-actualidad","category-politica-esp","category-sociedad-y-valores","tag-argentina","entry","rows"],"yoast_head":"<!-- This site is optimized with the Yoast SEO plugin v27.4 - https:\/\/yoast.com\/product\/yoast-seo-wordpress\/ -->\n<title>\ud83d\udcf0 Argentina reglamenta el refugio\u2026 \u00bfy la frontera? - BlogDiario Magazine<\/title>\n<meta name=\"robots\" content=\"index, follow, max-snippet:-1, max-image-preview:large, max-video-preview:-1\" \/>\n<link rel=\"canonical\" href=\"https:\/\/blogdiario.info\/magazine\/2025\/09\/29\/argentina-reglamenta-el-refugio-y-la-frontera\/\" \/>\n<meta property=\"og:locale\" content=\"es_ES\" \/>\n<meta property=\"og:type\" content=\"article\" \/>\n<meta property=\"og:title\" content=\"\ud83d\udcf0 Argentina reglamenta el refugio\u2026 \u00bfy la frontera? - BlogDiario Magazine\" \/>\n<meta property=\"og:description\" content=\"1\ufe0f\u20e3 Argentina reglamenta la Ley de Refugio con \u201csistema moderno y transparente\u201d. 2\ufe0f\u20e3 Pero\u2026 \u00bfqu\u00e9 Estado aplica esto si en 200 a\u00f1os no pudo controlar las fronteras? 3\ufe0f\u20e3 Nuevo marco jur\u00eddico, mismo agujero en el terreno. 4\ufe0f\u20e3 Cortinas de terciopelo\u2026 en una casa sin techo.\" \/>\n<meta property=\"og:url\" content=\"https:\/\/blogdiario.info\/magazine\/2025\/09\/29\/argentina-reglamenta-el-refugio-y-la-frontera\/\" \/>\n<meta property=\"og:site_name\" content=\"BlogDiario Magazine\" \/>\n<meta property=\"article:published_time\" content=\"2025-09-29T14:21:43+00:00\" \/>\n<meta property=\"article:modified_time\" content=\"2025-09-29T14:25:47+00:00\" \/>\n<meta property=\"og:image\" content=\"https:\/\/blogdiario.info\/magazine\/images\/2025\/09\/techopgcov_20250928.jpg\" \/>\n\t<meta property=\"og:image:width\" content=\"600\" \/>\n\t<meta property=\"og:image:height\" content=\"400\" \/>\n\t<meta property=\"og:image:type\" content=\"image\/jpeg\" \/>\n<meta name=\"author\" content=\"World Press Service | Servicio de Prensa Mundial\" \/>\n<meta name=\"twitter:card\" content=\"summary_large_image\" \/>\n<meta name=\"twitter:label1\" content=\"Escrito por\" \/>\n\t<meta name=\"twitter:data1\" content=\"World Press Service | Servicio de Prensa Mundial\" \/>\n\t<meta name=\"twitter:label2\" content=\"Tiempo de lectura\" \/>\n\t<meta name=\"twitter:data2\" content=\"3 minutos\" \/>\n<script type=\"application\/ld+json\" class=\"yoast-schema-graph\">{\"@context\":\"https:\\\/\\\/schema.org\",\"@graph\":[{\"@type\":\"Article\",\"@id\":\"https:\\\/\\\/blogdiario.info\\\/magazine\\\/2025\\\/09\\\/29\\\/argentina-reglamenta-el-refugio-y-la-frontera\\\/#article\",\"isPartOf\":{\"@id\":\"https:\\\/\\\/blogdiario.info\\\/magazine\\\/2025\\\/09\\\/29\\\/argentina-reglamenta-el-refugio-y-la-frontera\\\/\"},\"author\":{\"name\":\"World Press Service | Servicio de Prensa Mundial\",\"@id\":\"https:\\\/\\\/blogdiario.info\\\/magazine\\\/#\\\/schema\\\/person\\\/b2422fe85574d945bad55513bb0c7354\"},\"headline\":\"\ud83d\udcf0 Argentina reglamenta el refugio\u2026 \u00bfy la frontera?\",\"datePublished\":\"2025-09-29T14:21:43+00:00\",\"dateModified\":\"2025-09-29T14:25:47+00:00\",\"mainEntityOfPage\":{\"@id\":\"https:\\\/\\\/blogdiario.info\\\/magazine\\\/2025\\\/09\\\/29\\\/argentina-reglamenta-el-refugio-y-la-frontera\\\/\"},\"wordCount\":551,\"publisher\":{\"@id\":\"https:\\\/\\\/blogdiario.info\\\/magazine\\\/#organization\"},\"image\":{\"@id\":\"https:\\\/\\\/blogdiario.info\\\/magazine\\\/2025\\\/09\\\/29\\\/argentina-reglamenta-el-refugio-y-la-frontera\\\/#primaryimage\"},\"thumbnailUrl\":\"https:\\\/\\\/blogdiario.info\\\/magazine\\\/images\\\/2025\\\/09\\\/techopgcov_20250928.jpg\",\"keywords\":[\"Argentina\"],\"articleSection\":[\".\",\".\",\"Actualidad\",\"Politica\",\"Sociedad y valores\"],\"inLanguage\":\"es-AR\"},{\"@type\":\"WebPage\",\"@id\":\"https:\\\/\\\/blogdiario.info\\\/magazine\\\/2025\\\/09\\\/29\\\/argentina-reglamenta-el-refugio-y-la-frontera\\\/\",\"url\":\"https:\\\/\\\/blogdiario.info\\\/magazine\\\/2025\\\/09\\\/29\\\/argentina-reglamenta-el-refugio-y-la-frontera\\\/\",\"name\":\"\ud83d\udcf0 Argentina reglamenta el refugio\u2026 \u00bfy la frontera? - BlogDiario Magazine\",\"isPartOf\":{\"@id\":\"https:\\\/\\\/blogdiario.info\\\/magazine\\\/#website\"},\"primaryImageOfPage\":{\"@id\":\"https:\\\/\\\/blogdiario.info\\\/magazine\\\/2025\\\/09\\\/29\\\/argentina-reglamenta-el-refugio-y-la-frontera\\\/#primaryimage\"},\"image\":{\"@id\":\"https:\\\/\\\/blogdiario.info\\\/magazine\\\/2025\\\/09\\\/29\\\/argentina-reglamenta-el-refugio-y-la-frontera\\\/#primaryimage\"},\"thumbnailUrl\":\"https:\\\/\\\/blogdiario.info\\\/magazine\\\/images\\\/2025\\\/09\\\/techopgcov_20250928.jpg\",\"datePublished\":\"2025-09-29T14:21:43+00:00\",\"dateModified\":\"2025-09-29T14:25:47+00:00\",\"breadcrumb\":{\"@id\":\"https:\\\/\\\/blogdiario.info\\\/magazine\\\/2025\\\/09\\\/29\\\/argentina-reglamenta-el-refugio-y-la-frontera\\\/#breadcrumb\"},\"inLanguage\":\"es-AR\",\"potentialAction\":[{\"@type\":\"ReadAction\",\"target\":[\"https:\\\/\\\/blogdiario.info\\\/magazine\\\/2025\\\/09\\\/29\\\/argentina-reglamenta-el-refugio-y-la-frontera\\\/\"]}]},{\"@type\":\"ImageObject\",\"inLanguage\":\"es-AR\",\"@id\":\"https:\\\/\\\/blogdiario.info\\\/magazine\\\/2025\\\/09\\\/29\\\/argentina-reglamenta-el-refugio-y-la-frontera\\\/#primaryimage\",\"url\":\"https:\\\/\\\/blogdiario.info\\\/magazine\\\/images\\\/2025\\\/09\\\/techopgcov_20250928.jpg\",\"contentUrl\":\"https:\\\/\\\/blogdiario.info\\\/magazine\\\/images\\\/2025\\\/09\\\/techopgcov_20250928.jpg\",\"width\":600,\"height\":400},{\"@type\":\"BreadcrumbList\",\"@id\":\"https:\\\/\\\/blogdiario.info\\\/magazine\\\/2025\\\/09\\\/29\\\/argentina-reglamenta-el-refugio-y-la-frontera\\\/#breadcrumb\",\"itemListElement\":[{\"@type\":\"ListItem\",\"position\":1,\"name\":\"Home\",\"item\":\"https:\\\/\\\/blogdiario.info\\\/magazine\\\/\"},{\"@type\":\"ListItem\",\"position\":2,\"name\":\"\ud83d\udcf0 Argentina reglamenta el refugio\u2026 \u00bfy la frontera?\"}]},{\"@type\":\"WebSite\",\"@id\":\"https:\\\/\\\/blogdiario.info\\\/magazine\\\/#website\",\"url\":\"https:\\\/\\\/blogdiario.info\\\/magazine\\\/\",\"name\":\"BlogDiario Magazine\",\"description\":\"Suplemento multiling\u00fce de ElCanillita.Info\",\"publisher\":{\"@id\":\"https:\\\/\\\/blogdiario.info\\\/magazine\\\/#organization\"},\"potentialAction\":[{\"@type\":\"SearchAction\",\"target\":{\"@type\":\"EntryPoint\",\"urlTemplate\":\"https:\\\/\\\/blogdiario.info\\\/magazine\\\/?s={search_term_string}\"},\"query-input\":{\"@type\":\"PropertyValueSpecification\",\"valueRequired\":true,\"valueName\":\"search_term_string\"}}],\"inLanguage\":\"es-AR\"},{\"@type\":\"Organization\",\"@id\":\"https:\\\/\\\/blogdiario.info\\\/magazine\\\/#organization\",\"name\":\"Guzzo Photos & Graphic Publications\",\"url\":\"https:\\\/\\\/blogdiario.info\\\/magazine\\\/\",\"logo\":{\"@type\":\"ImageObject\",\"inLanguage\":\"es-AR\",\"@id\":\"https:\\\/\\\/blogdiario.info\\\/magazine\\\/#\\\/schema\\\/logo\\\/image\\\/\",\"url\":\"https:\\\/\\\/blogdiario.info\\\/magazine\\\/images\\\/2020\\\/01\\\/cropped-blogdia_magazine.jpg\",\"contentUrl\":\"https:\\\/\\\/blogdiario.info\\\/magazine\\\/images\\\/2020\\\/01\\\/cropped-blogdia_magazine.jpg\",\"width\":589,\"height\":55,\"caption\":\"Guzzo Photos & Graphic Publications\"},\"image\":{\"@id\":\"https:\\\/\\\/blogdiario.info\\\/magazine\\\/#\\\/schema\\\/logo\\\/image\\\/\"}},{\"@type\":\"Person\",\"@id\":\"https:\\\/\\\/blogdiario.info\\\/magazine\\\/#\\\/schema\\\/person\\\/b2422fe85574d945bad55513bb0c7354\",\"name\":\"World Press Service | Servicio de Prensa Mundial\"}]}<\/script>\n<!-- \/ Yoast SEO plugin. -->","yoast_head_json":{"title":"\ud83d\udcf0 Argentina reglamenta el refugio\u2026 \u00bfy la frontera? - BlogDiario Magazine","robots":{"index":"index","follow":"follow","max-snippet":"max-snippet:-1","max-image-preview":"max-image-preview:large","max-video-preview":"max-video-preview:-1"},"canonical":"https:\/\/blogdiario.info\/magazine\/2025\/09\/29\/argentina-reglamenta-el-refugio-y-la-frontera\/","og_locale":"es_ES","og_type":"article","og_title":"\ud83d\udcf0 Argentina reglamenta el refugio\u2026 \u00bfy la frontera? - BlogDiario Magazine","og_description":"1\ufe0f\u20e3 Argentina reglamenta la Ley de Refugio con \u201csistema moderno y transparente\u201d. 2\ufe0f\u20e3 Pero\u2026 \u00bfqu\u00e9 Estado aplica esto si en 200 a\u00f1os no pudo controlar las fronteras? 3\ufe0f\u20e3 Nuevo marco jur\u00eddico, mismo agujero en el terreno. 4\ufe0f\u20e3 Cortinas de terciopelo\u2026 en una casa sin techo.","og_url":"https:\/\/blogdiario.info\/magazine\/2025\/09\/29\/argentina-reglamenta-el-refugio-y-la-frontera\/","og_site_name":"BlogDiario Magazine","article_published_time":"2025-09-29T14:21:43+00:00","article_modified_time":"2025-09-29T14:25:47+00:00","og_image":[{"width":600,"height":400,"url":"https:\/\/blogdiario.info\/magazine\/images\/2025\/09\/techopgcov_20250928.jpg","type":"image\/jpeg"}],"author":"World Press Service | Servicio de Prensa Mundial","twitter_card":"summary_large_image","twitter_misc":{"Escrito por":"World Press Service | Servicio de Prensa Mundial","Tiempo de lectura":"3 minutos"},"schema":{"@context":"https:\/\/schema.org","@graph":[{"@type":"Article","@id":"https:\/\/blogdiario.info\/magazine\/2025\/09\/29\/argentina-reglamenta-el-refugio-y-la-frontera\/#article","isPartOf":{"@id":"https:\/\/blogdiario.info\/magazine\/2025\/09\/29\/argentina-reglamenta-el-refugio-y-la-frontera\/"},"author":{"name":"World Press Service | Servicio de Prensa Mundial","@id":"https:\/\/blogdiario.info\/magazine\/#\/schema\/person\/b2422fe85574d945bad55513bb0c7354"},"headline":"\ud83d\udcf0 Argentina reglamenta el refugio\u2026 \u00bfy la frontera?","datePublished":"2025-09-29T14:21:43+00:00","dateModified":"2025-09-29T14:25:47+00:00","mainEntityOfPage":{"@id":"https:\/\/blogdiario.info\/magazine\/2025\/09\/29\/argentina-reglamenta-el-refugio-y-la-frontera\/"},"wordCount":551,"publisher":{"@id":"https:\/\/blogdiario.info\/magazine\/#organization"},"image":{"@id":"https:\/\/blogdiario.info\/magazine\/2025\/09\/29\/argentina-reglamenta-el-refugio-y-la-frontera\/#primaryimage"},"thumbnailUrl":"https:\/\/blogdiario.info\/magazine\/images\/2025\/09\/techopgcov_20250928.jpg","keywords":["Argentina"],"articleSection":[".",".","Actualidad","Politica","Sociedad y valores"],"inLanguage":"es-AR"},{"@type":"WebPage","@id":"https:\/\/blogdiario.info\/magazine\/2025\/09\/29\/argentina-reglamenta-el-refugio-y-la-frontera\/","url":"https:\/\/blogdiario.info\/magazine\/2025\/09\/29\/argentina-reglamenta-el-refugio-y-la-frontera\/","name":"\ud83d\udcf0 Argentina reglamenta el refugio\u2026 \u00bfy la frontera? - BlogDiario Magazine","isPartOf":{"@id":"https:\/\/blogdiario.info\/magazine\/#website"},"primaryImageOfPage":{"@id":"https:\/\/blogdiario.info\/magazine\/2025\/09\/29\/argentina-reglamenta-el-refugio-y-la-frontera\/#primaryimage"},"image":{"@id":"https:\/\/blogdiario.info\/magazine\/2025\/09\/29\/argentina-reglamenta-el-refugio-y-la-frontera\/#primaryimage"},"thumbnailUrl":"https:\/\/blogdiario.info\/magazine\/images\/2025\/09\/techopgcov_20250928.jpg","datePublished":"2025-09-29T14:21:43+00:00","dateModified":"2025-09-29T14:25:47+00:00","breadcrumb":{"@id":"https:\/\/blogdiario.info\/magazine\/2025\/09\/29\/argentina-reglamenta-el-refugio-y-la-frontera\/#breadcrumb"},"inLanguage":"es-AR","potentialAction":[{"@type":"ReadAction","target":["https:\/\/blogdiario.info\/magazine\/2025\/09\/29\/argentina-reglamenta-el-refugio-y-la-frontera\/"]}]},{"@type":"ImageObject","inLanguage":"es-AR","@id":"https:\/\/blogdiario.info\/magazine\/2025\/09\/29\/argentina-reglamenta-el-refugio-y-la-frontera\/#primaryimage","url":"https:\/\/blogdiario.info\/magazine\/images\/2025\/09\/techopgcov_20250928.jpg","contentUrl":"https:\/\/blogdiario.info\/magazine\/images\/2025\/09\/techopgcov_20250928.jpg","width":600,"height":400},{"@type":"BreadcrumbList","@id":"https:\/\/blogdiario.info\/magazine\/2025\/09\/29\/argentina-reglamenta-el-refugio-y-la-frontera\/#breadcrumb","itemListElement":[{"@type":"ListItem","position":1,"name":"Home","item":"https:\/\/blogdiario.info\/magazine\/"},{"@type":"ListItem","position":2,"name":"\ud83d\udcf0 Argentina reglamenta el refugio\u2026 \u00bfy la frontera?"}]},{"@type":"WebSite","@id":"https:\/\/blogdiario.info\/magazine\/#website","url":"https:\/\/blogdiario.info\/magazine\/","name":"BlogDiario Magazine","description":"Suplemento multiling\u00fce de ElCanillita.Info","publisher":{"@id":"https:\/\/blogdiario.info\/magazine\/#organization"},"potentialAction":[{"@type":"SearchAction","target":{"@type":"EntryPoint","urlTemplate":"https:\/\/blogdiario.info\/magazine\/?s={search_term_string}"},"query-input":{"@type":"PropertyValueSpecification","valueRequired":true,"valueName":"search_term_string"}}],"inLanguage":"es-AR"},{"@type":"Organization","@id":"https:\/\/blogdiario.info\/magazine\/#organization","name":"Guzzo Photos & Graphic Publications","url":"https:\/\/blogdiario.info\/magazine\/","logo":{"@type":"ImageObject","inLanguage":"es-AR","@id":"https:\/\/blogdiario.info\/magazine\/#\/schema\/logo\/image\/","url":"https:\/\/blogdiario.info\/magazine\/images\/2020\/01\/cropped-blogdia_magazine.jpg","contentUrl":"https:\/\/blogdiario.info\/magazine\/images\/2020\/01\/cropped-blogdia_magazine.jpg","width":589,"height":55,"caption":"Guzzo Photos & Graphic Publications"},"image":{"@id":"https:\/\/blogdiario.info\/magazine\/#\/schema\/logo\/image\/"}},{"@type":"Person","@id":"https:\/\/blogdiario.info\/magazine\/#\/schema\/person\/b2422fe85574d945bad55513bb0c7354","name":"World Press Service | Servicio de Prensa Mundial"}]}},"views":232,"_links":{"self":[{"href":"https:\/\/blogdiario.info\/magazine\/wp-json\/wp\/v2\/posts\/2455","targetHints":{"allow":["GET"]}}],"collection":[{"href":"https:\/\/blogdiario.info\/magazine\/wp-json\/wp\/v2\/posts"}],"about":[{"href":"https:\/\/blogdiario.info\/magazine\/wp-json\/wp\/v2\/types\/post"}],"author":[{"embeddable":true,"href":"https:\/\/blogdiario.info\/magazine\/wp-json\/wp\/v2\/users\/1"}],"replies":[{"embeddable":true,"href":"https:\/\/blogdiario.info\/magazine\/wp-json\/wp\/v2\/comments?post=2455"}],"version-history":[{"count":0,"href":"https:\/\/blogdiario.info\/magazine\/wp-json\/wp\/v2\/posts\/2455\/revisions"}],"wp:featuredmedia":[{"embeddable":true,"href":"https:\/\/blogdiario.info\/magazine\/wp-json\/wp\/v2\/media\/2445"}],"wp:attachment":[{"href":"https:\/\/blogdiario.info\/magazine\/wp-json\/wp\/v2\/media?parent=2455"}],"wp:term":[{"taxonomy":"category","embeddable":true,"href":"https:\/\/blogdiario.info\/magazine\/wp-json\/wp\/v2\/categories?post=2455"},{"taxonomy":"post_tag","embeddable":true,"href":"https:\/\/blogdiario.info\/magazine\/wp-json\/wp\/v2\/tags?post=2455"}],"curies":[{"name":"wp","href":"https:\/\/api.w.org\/{rel}","templated":true}]}}