{"id":2450,"date":"2025-09-29T14:25:42","date_gmt":"2025-09-29T13:25:42","guid":{"rendered":"https:\/\/blogdiario.info\/magazine\/?p=2450"},"modified":"2025-09-29T14:47:29","modified_gmt":"2025-09-29T13:47:29","slug":"largentine-reglemente-lasile-et-la-frontiere","status":"publish","type":"post","link":"https:\/\/blogdiario.info\/magazine\/2025\/09\/29\/largentine-reglemente-lasile-et-la-frontiere\/","title":{"rendered":"\ud83c\uddeb\ud83c\uddf7 L\u2019Argentine r\u00e9glemente l\u2019asile\u2026 et la fronti\u00e8re ?"},"content":{"rendered":"\n<figure class=\"wp-block-image size-full\"><img loading=\"lazy\" decoding=\"async\" width=\"600\" height=\"400\" src=\"https:\/\/blogdiario.info\/magazine\/images\/2025\/09\/techopgcov_20250928.jpg\" alt=\"\" class=\"wp-image-2445\" srcset=\"https:\/\/blogdiario.info\/magazine\/images\/2025\/09\/techopgcov_20250928.jpg 600w, https:\/\/blogdiario.info\/magazine\/images\/2025\/09\/techopgcov_20250928-300x200.jpg 300w\" sizes=\"auto, (max-width: 600px) 100vw, 600px\" \/><\/figure>\n\n\n\n<p>Le Gouvernement a annonc\u00e9 en grande pompe la r\u00e9glementation de la <strong>Loi sur les R\u00e9fugi\u00e9s n\u00b0 26.165<\/strong>, pr\u00e9sent\u00e9e comme un saut historique vers un syst\u00e8me \u00ab moderne, garantiste et transparent \u00bb. Sur le papier, cela semble impeccable : rejet imm\u00e9diat des demandes infond\u00e9es, proc\u00e9dures acc\u00e9l\u00e9r\u00e9es, programmes de parrainage communautaire, respect du principe de non-refoulement.<\/p>\n\n\n\n<p>Jusqu\u2019ici, du Champagne dans les coupes officielles. \ud83c\udf7e<br>Mais pour le citoyen ordinaire surgit une question in\u00e9vitable :<\/p>\n\n\n\n<p>\ud83d\udc49 \u00c0 quoi sert un costume de soie s\u2019il n\u2019y a pas de corps pour le porter ?<\/p>\n\n\n<hr style=\"border: none; height: 1px; background-color: #ccc; margin: 2em 0;\" \/>\n\n\n<h3 class=\"wp-block-heading\"><strong>La fronti\u00e8re qui n\u2019a jamais \u00e9t\u00e9 une fronti\u00e8re<\/strong><\/h3>\n\n\n\n<p>Depuis plus de deux si\u00e8cles, l\u2019Argentine n\u2019a pas r\u00e9ussi \u00e0 contr\u00f4ler efficacement ses 7 500 km de fronti\u00e8res terrestres, surtout avec la Bolivie et le Paraguay. Il manque des gardes, il manque des radars et les passages clandestins abondent.<\/p>\n\n\n<hr style=\"border: none; height: 1px; background-color: #ccc; margin: 2em 0;\" \/>\n\n\n<h3 class=\"wp-block-heading\"><strong>Le co\u00fbt de la modernit\u00e9\u2026 avec dette ext\u00e9rieure<\/strong><\/h3>\n\n\n\n<p>Mettre en \u0153uvre la nouvelle r\u00e9glementation n\u2019est pas gratuit : formation de fonctionnaires, bureaux sp\u00e9cialis\u00e9s, traducteurs, avocats. Tout cela co\u00fbte des dollars. Et le m\u00eame \u00c9tat qui s\u2019endette pour payer salaires et retraites promet maintenant un syst\u00e8me d\u2019asile sophistiqu\u00e9.<\/p>\n\n\n<hr style=\"border: none; height: 1px; background-color: #ccc; margin: 2em 0;\" \/>\n\n\n<h3 class=\"wp-block-heading\"><strong>Op\u00e9ration de maquillage diplomatique<\/strong><\/h3>\n\n\n\n<p>Le d\u00e9cret ressemble davantage \u00e0 un geste tourn\u00e9 vers l\u2019ext\u00e9rieur qu\u2019\u00e0 une solution int\u00e9rieure : une carte de visite pour para\u00eetre civilis\u00e9 \u00e0 l\u2019ONU et rechercher du cr\u00e9dit politique et \u00e9conomique.<\/p>\n\n\n<p>&lt;hr style=&#8221;border: none; height: 1px; background-color: #ccc; margin: 2em 0;&#8221; \/<\/p>\n\n\n<h3 class=\"wp-block-heading\"><strong>Entre la loi et la r\u00e9alit\u00e9<\/strong><\/h3>\n\n\n\n<p>Les risques sont clairs : rejets exp\u00e9ditifs laissant des gens sans protection, application in\u00e9gale, stigmatisation et, surtout, manque de capacit\u00e9 de l\u2019\u00c9tat.<\/p>\n\n\n<hr style=\"border: none; height: 1px; background-color: #ccc; margin: 2em 0;\" \/>\n\n\n<h3 class=\"wp-block-heading\"><strong>Conclusion piment\u00e9e<\/strong><\/h3>\n\n\n\n<p>R\u00e9glementer l\u2019asile, c\u2019est comme mettre des rideaux de velours dans une maison sans toit. Le geste diplomatique peut impressionner \u00e0 Gen\u00e8ve, mais aux fronti\u00e8res la r\u00e9alit\u00e9 reste la m\u00eame. La question de la rue est simple :<\/p>\n\n\n\n<p>\ud83d\udc49 Si nous n\u2019avons pas contr\u00f4l\u00e9 la fronti\u00e8re en 200 ans, quelles chances avons-nous de contr\u00f4ler l\u2019asile avec un d\u00e9cret ?<br><br>\u270d\ufe0f<small>\u00a92025 La Voix du Trottoir \u2013 All Rights Reserved<\/small><br><br><small>\u00a92025 La Voix du Trottoir \u2013 All Rights Reserved &#8211; Copyright \u00a9 2025 ElCanillita.info \/ BlogDiario.info \/SalaStampa.eu, world press service &#8211; Guzzo Photos &amp; Graphic Publications \u2013 Registro Editori e Stampatori n. 1441 Turin, Italy<\/small><\/p>\n\n\n\n<p><\/p>\n","protected":false},"excerpt":{"rendered":"<p>1\ufe0f\u20e3 L\u2019Argentine r\u00e9glemente la Loi sur les R\u00e9fugi\u00e9s avec un \u201csyst\u00e8me moderne et transparent\u201d.<br \/>\n2\ufe0f\u20e3 Mais\u2026 quel \u00c9tat peut l\u2019appliquer s\u2019il n\u2019a pas contr\u00f4l\u00e9 ses fronti\u00e8res en 200 ans ?<br \/>\n3\ufe0f\u20e3 Nouveau cadre juridique, m\u00eame trou dans le sol.<br \/>\n4\ufe0f\u20e3 Des rideaux de velours\u2026 dans une maison sans toit.<\/p>\n","protected":false},"author":1,"featured_media":2445,"comment_status":"closed","ping_status":"closed","sticky":false,"template":"","format":"standard","meta":{"footnotes":"","_links_to":"","_links_to_target":""},"categories":[97,109,65,181,29,171],"tags":[180],"class_list":["post-2450","post","type-post","status-publish","format-standard","has-post-thumbnail","hentry","category-elcanillita","category-dc24","category-actualite","category-amerique-du-sud","category-politique","category-societe-valeurs","tag-argentine","entry","rows"],"yoast_head":"<!-- This site is optimized with the Yoast SEO plugin v27.4 - https:\/\/yoast.com\/product\/yoast-seo-wordpress\/ -->\n<title>\ud83c\uddeb\ud83c\uddf7 L\u2019Argentine r\u00e9glemente l\u2019asile\u2026 et la fronti\u00e8re ? - BlogDiario Magazine<\/title>\n<meta name=\"robots\" content=\"index, follow, max-snippet:-1, max-image-preview:large, max-video-preview:-1\" \/>\n<link rel=\"canonical\" href=\"https:\/\/blogdiario.info\/magazine\/2025\/09\/29\/largentine-reglemente-lasile-et-la-frontiere\/\" \/>\n<meta property=\"og:locale\" content=\"es_ES\" \/>\n<meta property=\"og:type\" content=\"article\" \/>\n<meta property=\"og:title\" content=\"\ud83c\uddeb\ud83c\uddf7 L\u2019Argentine r\u00e9glemente l\u2019asile\u2026 et la fronti\u00e8re ? - BlogDiario Magazine\" \/>\n<meta property=\"og:description\" content=\"1\ufe0f\u20e3 L\u2019Argentine r\u00e9glemente la Loi sur les R\u00e9fugi\u00e9s avec un \u201csyst\u00e8me moderne et transparent\u201d. 2\ufe0f\u20e3 Mais\u2026 quel \u00c9tat peut l\u2019appliquer s\u2019il n\u2019a pas contr\u00f4l\u00e9 ses fronti\u00e8res en 200 ans ? 3\ufe0f\u20e3 Nouveau cadre juridique, m\u00eame trou dans le sol. 4\ufe0f\u20e3 Des rideaux de velours\u2026 dans une maison sans toit.\" \/>\n<meta property=\"og:url\" content=\"https:\/\/blogdiario.info\/magazine\/2025\/09\/29\/largentine-reglemente-lasile-et-la-frontiere\/\" \/>\n<meta property=\"og:site_name\" content=\"BlogDiario Magazine\" \/>\n<meta property=\"article:published_time\" content=\"2025-09-29T13:25:42+00:00\" \/>\n<meta property=\"article:modified_time\" content=\"2025-09-29T13:47:29+00:00\" \/>\n<meta property=\"og:image\" content=\"https:\/\/blogdiario.info\/magazine\/images\/2025\/09\/techopgcov_20250928.jpg\" \/>\n\t<meta property=\"og:image:width\" content=\"600\" \/>\n\t<meta property=\"og:image:height\" content=\"400\" \/>\n\t<meta property=\"og:image:type\" content=\"image\/jpeg\" \/>\n<meta name=\"author\" content=\"World Press Service | Servicio de Prensa Mundial\" \/>\n<meta name=\"twitter:card\" content=\"summary_large_image\" \/>\n<meta name=\"twitter:label1\" content=\"Escrito por\" \/>\n\t<meta name=\"twitter:data1\" content=\"World Press Service | Servicio de Prensa Mundial\" \/>\n\t<meta name=\"twitter:label2\" content=\"Tiempo de lectura\" \/>\n\t<meta name=\"twitter:data2\" content=\"2 minutos\" \/>\n<script type=\"application\/ld+json\" class=\"yoast-schema-graph\">{\"@context\":\"https:\\\/\\\/schema.org\",\"@graph\":[{\"@type\":\"Article\",\"@id\":\"https:\\\/\\\/blogdiario.info\\\/magazine\\\/2025\\\/09\\\/29\\\/largentine-reglemente-lasile-et-la-frontiere\\\/#article\",\"isPartOf\":{\"@id\":\"https:\\\/\\\/blogdiario.info\\\/magazine\\\/2025\\\/09\\\/29\\\/largentine-reglemente-lasile-et-la-frontiere\\\/\"},\"author\":{\"name\":\"World Press Service | Servicio de Prensa Mundial\",\"@id\":\"https:\\\/\\\/blogdiario.info\\\/magazine\\\/#\\\/schema\\\/person\\\/b2422fe85574d945bad55513bb0c7354\"},\"headline\":\"\ud83c\uddeb\ud83c\uddf7 L\u2019Argentine r\u00e9glemente l\u2019asile\u2026 et la fronti\u00e8re ?\",\"datePublished\":\"2025-09-29T13:25:42+00:00\",\"dateModified\":\"2025-09-29T13:47:29+00:00\",\"mainEntityOfPage\":{\"@id\":\"https:\\\/\\\/blogdiario.info\\\/magazine\\\/2025\\\/09\\\/29\\\/largentine-reglemente-lasile-et-la-frontiere\\\/\"},\"wordCount\":406,\"publisher\":{\"@id\":\"https:\\\/\\\/blogdiario.info\\\/magazine\\\/#organization\"},\"image\":{\"@id\":\"https:\\\/\\\/blogdiario.info\\\/magazine\\\/2025\\\/09\\\/29\\\/largentine-reglemente-lasile-et-la-frontiere\\\/#primaryimage\"},\"thumbnailUrl\":\"https:\\\/\\\/blogdiario.info\\\/magazine\\\/images\\\/2025\\\/09\\\/techopgcov_20250928.jpg\",\"keywords\":[\"Argentine\"],\"articleSection\":[\".\",\".\",\"Actualit\u00e9\",\"Am\u00e9rique du Sud\",\"Politique\",\"Soci\u00e9t\u00e9 &amp; Valeurs\"],\"inLanguage\":\"es-AR\"},{\"@type\":\"WebPage\",\"@id\":\"https:\\\/\\\/blogdiario.info\\\/magazine\\\/2025\\\/09\\\/29\\\/largentine-reglemente-lasile-et-la-frontiere\\\/\",\"url\":\"https:\\\/\\\/blogdiario.info\\\/magazine\\\/2025\\\/09\\\/29\\\/largentine-reglemente-lasile-et-la-frontiere\\\/\",\"name\":\"\ud83c\uddeb\ud83c\uddf7 L\u2019Argentine r\u00e9glemente l\u2019asile\u2026 et la fronti\u00e8re ? - BlogDiario Magazine\",\"isPartOf\":{\"@id\":\"https:\\\/\\\/blogdiario.info\\\/magazine\\\/#website\"},\"primaryImageOfPage\":{\"@id\":\"https:\\\/\\\/blogdiario.info\\\/magazine\\\/2025\\\/09\\\/29\\\/largentine-reglemente-lasile-et-la-frontiere\\\/#primaryimage\"},\"image\":{\"@id\":\"https:\\\/\\\/blogdiario.info\\\/magazine\\\/2025\\\/09\\\/29\\\/largentine-reglemente-lasile-et-la-frontiere\\\/#primaryimage\"},\"thumbnailUrl\":\"https:\\\/\\\/blogdiario.info\\\/magazine\\\/images\\\/2025\\\/09\\\/techopgcov_20250928.jpg\",\"datePublished\":\"2025-09-29T13:25:42+00:00\",\"dateModified\":\"2025-09-29T13:47:29+00:00\",\"breadcrumb\":{\"@id\":\"https:\\\/\\\/blogdiario.info\\\/magazine\\\/2025\\\/09\\\/29\\\/largentine-reglemente-lasile-et-la-frontiere\\\/#breadcrumb\"},\"inLanguage\":\"es-AR\",\"potentialAction\":[{\"@type\":\"ReadAction\",\"target\":[\"https:\\\/\\\/blogdiario.info\\\/magazine\\\/2025\\\/09\\\/29\\\/largentine-reglemente-lasile-et-la-frontiere\\\/\"]}]},{\"@type\":\"ImageObject\",\"inLanguage\":\"es-AR\",\"@id\":\"https:\\\/\\\/blogdiario.info\\\/magazine\\\/2025\\\/09\\\/29\\\/largentine-reglemente-lasile-et-la-frontiere\\\/#primaryimage\",\"url\":\"https:\\\/\\\/blogdiario.info\\\/magazine\\\/images\\\/2025\\\/09\\\/techopgcov_20250928.jpg\",\"contentUrl\":\"https:\\\/\\\/blogdiario.info\\\/magazine\\\/images\\\/2025\\\/09\\\/techopgcov_20250928.jpg\",\"width\":600,\"height\":400},{\"@type\":\"BreadcrumbList\",\"@id\":\"https:\\\/\\\/blogdiario.info\\\/magazine\\\/2025\\\/09\\\/29\\\/largentine-reglemente-lasile-et-la-frontiere\\\/#breadcrumb\",\"itemListElement\":[{\"@type\":\"ListItem\",\"position\":1,\"name\":\"Home\",\"item\":\"https:\\\/\\\/blogdiario.info\\\/magazine\\\/\"},{\"@type\":\"ListItem\",\"position\":2,\"name\":\"\ud83c\uddeb\ud83c\uddf7 L\u2019Argentine r\u00e9glemente l\u2019asile\u2026 et la fronti\u00e8re ?\"}]},{\"@type\":\"WebSite\",\"@id\":\"https:\\\/\\\/blogdiario.info\\\/magazine\\\/#website\",\"url\":\"https:\\\/\\\/blogdiario.info\\\/magazine\\\/\",\"name\":\"BlogDiario Magazine\",\"description\":\"Suplemento multiling\u00fce de ElCanillita.Info\",\"publisher\":{\"@id\":\"https:\\\/\\\/blogdiario.info\\\/magazine\\\/#organization\"},\"potentialAction\":[{\"@type\":\"SearchAction\",\"target\":{\"@type\":\"EntryPoint\",\"urlTemplate\":\"https:\\\/\\\/blogdiario.info\\\/magazine\\\/?s={search_term_string}\"},\"query-input\":{\"@type\":\"PropertyValueSpecification\",\"valueRequired\":true,\"valueName\":\"search_term_string\"}}],\"inLanguage\":\"es-AR\"},{\"@type\":\"Organization\",\"@id\":\"https:\\\/\\\/blogdiario.info\\\/magazine\\\/#organization\",\"name\":\"Guzzo Photos & Graphic Publications\",\"url\":\"https:\\\/\\\/blogdiario.info\\\/magazine\\\/\",\"logo\":{\"@type\":\"ImageObject\",\"inLanguage\":\"es-AR\",\"@id\":\"https:\\\/\\\/blogdiario.info\\\/magazine\\\/#\\\/schema\\\/logo\\\/image\\\/\",\"url\":\"https:\\\/\\\/blogdiario.info\\\/magazine\\\/images\\\/2020\\\/01\\\/cropped-blogdia_magazine.jpg\",\"contentUrl\":\"https:\\\/\\\/blogdiario.info\\\/magazine\\\/images\\\/2020\\\/01\\\/cropped-blogdia_magazine.jpg\",\"width\":589,\"height\":55,\"caption\":\"Guzzo Photos & Graphic Publications\"},\"image\":{\"@id\":\"https:\\\/\\\/blogdiario.info\\\/magazine\\\/#\\\/schema\\\/logo\\\/image\\\/\"}},{\"@type\":\"Person\",\"@id\":\"https:\\\/\\\/blogdiario.info\\\/magazine\\\/#\\\/schema\\\/person\\\/b2422fe85574d945bad55513bb0c7354\",\"name\":\"World Press Service | Servicio de Prensa Mundial\"}]}<\/script>\n<!-- \/ Yoast SEO plugin. -->","yoast_head_json":{"title":"\ud83c\uddeb\ud83c\uddf7 L\u2019Argentine r\u00e9glemente l\u2019asile\u2026 et la fronti\u00e8re ? - BlogDiario Magazine","robots":{"index":"index","follow":"follow","max-snippet":"max-snippet:-1","max-image-preview":"max-image-preview:large","max-video-preview":"max-video-preview:-1"},"canonical":"https:\/\/blogdiario.info\/magazine\/2025\/09\/29\/largentine-reglemente-lasile-et-la-frontiere\/","og_locale":"es_ES","og_type":"article","og_title":"\ud83c\uddeb\ud83c\uddf7 L\u2019Argentine r\u00e9glemente l\u2019asile\u2026 et la fronti\u00e8re ? - BlogDiario Magazine","og_description":"1\ufe0f\u20e3 L\u2019Argentine r\u00e9glemente la Loi sur les R\u00e9fugi\u00e9s avec un \u201csyst\u00e8me moderne et transparent\u201d. 2\ufe0f\u20e3 Mais\u2026 quel \u00c9tat peut l\u2019appliquer s\u2019il n\u2019a pas contr\u00f4l\u00e9 ses fronti\u00e8res en 200 ans ? 3\ufe0f\u20e3 Nouveau cadre juridique, m\u00eame trou dans le sol. 4\ufe0f\u20e3 Des rideaux de velours\u2026 dans une maison sans toit.","og_url":"https:\/\/blogdiario.info\/magazine\/2025\/09\/29\/largentine-reglemente-lasile-et-la-frontiere\/","og_site_name":"BlogDiario Magazine","article_published_time":"2025-09-29T13:25:42+00:00","article_modified_time":"2025-09-29T13:47:29+00:00","og_image":[{"width":600,"height":400,"url":"https:\/\/blogdiario.info\/magazine\/images\/2025\/09\/techopgcov_20250928.jpg","type":"image\/jpeg"}],"author":"World Press Service | Servicio de Prensa Mundial","twitter_card":"summary_large_image","twitter_misc":{"Escrito por":"World Press Service | Servicio de Prensa Mundial","Tiempo de lectura":"2 minutos"},"schema":{"@context":"https:\/\/schema.org","@graph":[{"@type":"Article","@id":"https:\/\/blogdiario.info\/magazine\/2025\/09\/29\/largentine-reglemente-lasile-et-la-frontiere\/#article","isPartOf":{"@id":"https:\/\/blogdiario.info\/magazine\/2025\/09\/29\/largentine-reglemente-lasile-et-la-frontiere\/"},"author":{"name":"World Press Service | Servicio de Prensa Mundial","@id":"https:\/\/blogdiario.info\/magazine\/#\/schema\/person\/b2422fe85574d945bad55513bb0c7354"},"headline":"\ud83c\uddeb\ud83c\uddf7 L\u2019Argentine r\u00e9glemente l\u2019asile\u2026 et la fronti\u00e8re ?","datePublished":"2025-09-29T13:25:42+00:00","dateModified":"2025-09-29T13:47:29+00:00","mainEntityOfPage":{"@id":"https:\/\/blogdiario.info\/magazine\/2025\/09\/29\/largentine-reglemente-lasile-et-la-frontiere\/"},"wordCount":406,"publisher":{"@id":"https:\/\/blogdiario.info\/magazine\/#organization"},"image":{"@id":"https:\/\/blogdiario.info\/magazine\/2025\/09\/29\/largentine-reglemente-lasile-et-la-frontiere\/#primaryimage"},"thumbnailUrl":"https:\/\/blogdiario.info\/magazine\/images\/2025\/09\/techopgcov_20250928.jpg","keywords":["Argentine"],"articleSection":[".",".","Actualit\u00e9","Am\u00e9rique du Sud","Politique","Soci\u00e9t\u00e9 &amp; Valeurs"],"inLanguage":"es-AR"},{"@type":"WebPage","@id":"https:\/\/blogdiario.info\/magazine\/2025\/09\/29\/largentine-reglemente-lasile-et-la-frontiere\/","url":"https:\/\/blogdiario.info\/magazine\/2025\/09\/29\/largentine-reglemente-lasile-et-la-frontiere\/","name":"\ud83c\uddeb\ud83c\uddf7 L\u2019Argentine r\u00e9glemente l\u2019asile\u2026 et la fronti\u00e8re ? - BlogDiario Magazine","isPartOf":{"@id":"https:\/\/blogdiario.info\/magazine\/#website"},"primaryImageOfPage":{"@id":"https:\/\/blogdiario.info\/magazine\/2025\/09\/29\/largentine-reglemente-lasile-et-la-frontiere\/#primaryimage"},"image":{"@id":"https:\/\/blogdiario.info\/magazine\/2025\/09\/29\/largentine-reglemente-lasile-et-la-frontiere\/#primaryimage"},"thumbnailUrl":"https:\/\/blogdiario.info\/magazine\/images\/2025\/09\/techopgcov_20250928.jpg","datePublished":"2025-09-29T13:25:42+00:00","dateModified":"2025-09-29T13:47:29+00:00","breadcrumb":{"@id":"https:\/\/blogdiario.info\/magazine\/2025\/09\/29\/largentine-reglemente-lasile-et-la-frontiere\/#breadcrumb"},"inLanguage":"es-AR","potentialAction":[{"@type":"ReadAction","target":["https:\/\/blogdiario.info\/magazine\/2025\/09\/29\/largentine-reglemente-lasile-et-la-frontiere\/"]}]},{"@type":"ImageObject","inLanguage":"es-AR","@id":"https:\/\/blogdiario.info\/magazine\/2025\/09\/29\/largentine-reglemente-lasile-et-la-frontiere\/#primaryimage","url":"https:\/\/blogdiario.info\/magazine\/images\/2025\/09\/techopgcov_20250928.jpg","contentUrl":"https:\/\/blogdiario.info\/magazine\/images\/2025\/09\/techopgcov_20250928.jpg","width":600,"height":400},{"@type":"BreadcrumbList","@id":"https:\/\/blogdiario.info\/magazine\/2025\/09\/29\/largentine-reglemente-lasile-et-la-frontiere\/#breadcrumb","itemListElement":[{"@type":"ListItem","position":1,"name":"Home","item":"https:\/\/blogdiario.info\/magazine\/"},{"@type":"ListItem","position":2,"name":"\ud83c\uddeb\ud83c\uddf7 L\u2019Argentine r\u00e9glemente l\u2019asile\u2026 et la fronti\u00e8re ?"}]},{"@type":"WebSite","@id":"https:\/\/blogdiario.info\/magazine\/#website","url":"https:\/\/blogdiario.info\/magazine\/","name":"BlogDiario Magazine","description":"Suplemento multiling\u00fce de ElCanillita.Info","publisher":{"@id":"https:\/\/blogdiario.info\/magazine\/#organization"},"potentialAction":[{"@type":"SearchAction","target":{"@type":"EntryPoint","urlTemplate":"https:\/\/blogdiario.info\/magazine\/?s={search_term_string}"},"query-input":{"@type":"PropertyValueSpecification","valueRequired":true,"valueName":"search_term_string"}}],"inLanguage":"es-AR"},{"@type":"Organization","@id":"https:\/\/blogdiario.info\/magazine\/#organization","name":"Guzzo Photos & Graphic Publications","url":"https:\/\/blogdiario.info\/magazine\/","logo":{"@type":"ImageObject","inLanguage":"es-AR","@id":"https:\/\/blogdiario.info\/magazine\/#\/schema\/logo\/image\/","url":"https:\/\/blogdiario.info\/magazine\/images\/2020\/01\/cropped-blogdia_magazine.jpg","contentUrl":"https:\/\/blogdiario.info\/magazine\/images\/2020\/01\/cropped-blogdia_magazine.jpg","width":589,"height":55,"caption":"Guzzo Photos & Graphic Publications"},"image":{"@id":"https:\/\/blogdiario.info\/magazine\/#\/schema\/logo\/image\/"}},{"@type":"Person","@id":"https:\/\/blogdiario.info\/magazine\/#\/schema\/person\/b2422fe85574d945bad55513bb0c7354","name":"World Press Service | Servicio de Prensa Mundial"}]}},"views":243,"_links":{"self":[{"href":"https:\/\/blogdiario.info\/magazine\/wp-json\/wp\/v2\/posts\/2450","targetHints":{"allow":["GET"]}}],"collection":[{"href":"https:\/\/blogdiario.info\/magazine\/wp-json\/wp\/v2\/posts"}],"about":[{"href":"https:\/\/blogdiario.info\/magazine\/wp-json\/wp\/v2\/types\/post"}],"author":[{"embeddable":true,"href":"https:\/\/blogdiario.info\/magazine\/wp-json\/wp\/v2\/users\/1"}],"replies":[{"embeddable":true,"href":"https:\/\/blogdiario.info\/magazine\/wp-json\/wp\/v2\/comments?post=2450"}],"version-history":[{"count":0,"href":"https:\/\/blogdiario.info\/magazine\/wp-json\/wp\/v2\/posts\/2450\/revisions"}],"wp:featuredmedia":[{"embeddable":true,"href":"https:\/\/blogdiario.info\/magazine\/wp-json\/wp\/v2\/media\/2445"}],"wp:attachment":[{"href":"https:\/\/blogdiario.info\/magazine\/wp-json\/wp\/v2\/media?parent=2450"}],"wp:term":[{"taxonomy":"category","embeddable":true,"href":"https:\/\/blogdiario.info\/magazine\/wp-json\/wp\/v2\/categories?post=2450"},{"taxonomy":"post_tag","embeddable":true,"href":"https:\/\/blogdiario.info\/magazine\/wp-json\/wp\/v2\/tags?post=2450"}],"curies":[{"name":"wp","href":"https:\/\/api.w.org\/{rel}","templated":true}]}}