{"id":2429,"date":"2025-09-26T06:15:22","date_gmt":"2025-09-26T05:15:22","guid":{"rendered":"https:\/\/blogdiario.info\/magazine\/?p=2429"},"modified":"2025-09-27T10:14:16","modified_gmt":"2025-09-27T09:14:16","slug":"eso-no-va-a-suceder-trump-frena-la-anexion-de-cisjordania-y-agita-a-netanyahu","status":"publish","type":"post","link":"https:\/\/blogdiario.info\/magazine\/2025\/09\/26\/eso-no-va-a-suceder-trump-frena-la-anexion-de-cisjordania-y-agita-a-netanyahu\/","title":{"rendered":"\ud83d\udcf0 \u201cEso no va a suceder\u201d: Trump frena la anexi\u00f3n de Cisjordania y agita a Netanyahu"},"content":{"rendered":"\n<figure class=\"wp-block-image size-large\"><img loading=\"lazy\" decoding=\"async\" width=\"1024\" height=\"1024\" src=\"https:\/\/blogdiario.info\/magazine\/images\/2025\/09\/img_0606.jpg\" alt=\"\" class=\"wp-image-2431\" srcset=\"https:\/\/blogdiario.info\/magazine\/images\/2025\/09\/img_0606.jpg 1024w, https:\/\/blogdiario.info\/magazine\/images\/2025\/09\/img_0606-300x300.jpg 300w, https:\/\/blogdiario.info\/magazine\/images\/2025\/09\/img_0606-150x150.jpg 150w, https:\/\/blogdiario.info\/magazine\/images\/2025\/09\/img_0606-768x768.jpg 768w\" sizes=\"auto, (max-width: 1024px) 100vw, 1024px\" \/><\/figure>\n\n\n\n<p class=\"p1\">Donald Trump volvi\u00f3 a soltar dinamita pol\u00edtica desde el Despacho Oval. Esta vez, no contra Europa ni contra Biden, sino directo al coraz\u00f3n de la coalici\u00f3n israel\u00ed:<\/p>\n\n\n\n<p class=\"p1\">\u201cNo permitir\u00e9 que Israel anexe Cisjordania. Eso no va a suceder. Ya ha habido suficiente. Es hora de parar ahora\u201d, dispar\u00f3 frente a los periodistas, confirmando lo que d\u00edas antes ya hab\u00eda insinuado en reuniones multilaterales con l\u00edderes \u00e1rabes.<\/p>\n\n\n\n<p class=\"p1\">El mensaje sacudi\u00f3 como terremoto a los socios ultraderechistas de Netanyahu, que sue\u00f1an con la anexi\u00f3n como si fuera su Santo Grial. Sin el paraguas de Washington, ese plan pierde peso, legitimidad y hasta ox\u00edgeno internacional. Un alto funcionario emirat\u00ed lo hab\u00eda advertido: una anexi\u00f3n ser\u00eda \u201cl\u00ednea roja\u201d y podr\u00eda dinamitar toda la integraci\u00f3n regional.<\/p>\n\n\n\n<p class=\"p1\">Trump, en cambio, prefiere otro libreto. En paralelo a su advertencia, insisti\u00f3 en que \u201cel acuerdo en Gaza est\u00e1 cerca\u201d tras presentar un plan de 21 puntos a ocho pa\u00edses \u00e1rabes y musulmanes. El proyecto prev\u00e9 un nuevo organismo \u2013no ligado a Ham\u00e1s\u2013 para gobernar la Franja, con respaldo del Consejo de Seguridad de la ONU. Netanyahu, claro, lo digiere con dificultad: no le gusta ni la ausencia de desarme inmediato de Ham\u00e1s, ni la tutela de Naciones Unidas.<\/p>\n\n\n\n<p class=\"p1\">Pero Trump huele oportunidad. Se reunir\u00e1 con Netanyahu en Washington el lunes y promete ejercer presi\u00f3n: \u201cVoy a tener que decirle a Israel: Vamos\u201d, adelant\u00f3. Mientras tanto, Jared Kushner y Tony Blair \u2013viejos arquitectos de planes de paz\u2013 reaparecen como asesores del nuevo marco.<\/p>\n\n\n\n<p class=\"p1\">El tablero se mueve r\u00e1pido: Francia, Reino Unido, Canad\u00e1, Australia y Portugal ya reconocieron al Estado palestino, en un gesto para rescatar la opci\u00f3n de los dos Estados. Netanyahu hablar\u00e1 ante la ONU este viernes, con su coalici\u00f3n mirando de reojo y Trump apuntando desde el otro lado del Atl\u00e1ntico.<\/p>\n\n\n\n<p class=\"p1\">La pregunta es clara: \u00bfse animar\u00e1 Bibi a desafiar al \u00fanico socio capaz de sostenerlo frente al aislamiento internacional?<\/p>\n\n\n\n<p><\/p>\n\n\n\n<p>\u270d\ufe0f \u00a9\ufe0f 2025 ElCanillita.info \u2013 All Rights Reserved<\/p>\n\n\n\n<p><\/p>\n\n\n<hr style=\"\n    border: none;\n    height: 1px;\n    background: linear-gradient(to right, transparent, #ccc, transparent);\n    margin: 0;\n\" \/><\/p>\n<p><strong>\u00bfQuieres decir algo?<\/strong><\/p>\n<p>\ud83d\udcec Env\u00eda tu texto a : email@soapboxorators.org o s\u00fabelo a la Speakers&#8217; Box: SoapBoxOrators.org.<\/p>\n<p><!-- \/wp:post-content --><\/p>\n<form action=\"https:\/\/formspree.io\/f\/mjkrjzed\" method=\"POST\">\n  <label for=\"name\">Nombre o seud\u00f3nimo:<\/label><br \/>\n  <input type=\"text\" id=\"name\" name=\"name\" required><\/p>\n<p>  <label for=\"title\">T\u00edtulo del discurso\/editorial:<\/label><br \/>\n  <input type=\"text\" id=\"title\" name=\"title\" required><\/p>\n<p>  <label for=\"message\">Texto (m\u00e1x. 3.000 caracteres):<\/label><br \/>\n  <textarea id=\"message\" name=\"message\" rows=\"10\" maxlength=\"3000\" required><\/textarea><\/p>\n<p>  <label><br \/>\n    <input type=\"checkbox\" name=\"consent\" required><br \/>\n    Autorizo la publicaci\u00f3n de este texto en SoapboxOrators.org<br \/>\n  <\/label><\/p>\n<p>  <button type=\"submit\">Enviar<\/button><br \/>\n  <button type=\"reset\">Borrar formulario<\/button><\/p>\n<\/form>\n<p><!-- wp:paragraph --><\/p>\n<p><!-- \/wp:paragraph --><\/p>\n<p><!-- wp:paragraph --><\/p>\n<p><!-- \/wp:paragraph --><\/p>\n<p><small>\u00a9 2025 ElCanillita.info \/ SoapBoxOrators.org \u2013 All Rights Reserved \u2013 SalaStampa.eu, world press service &#8211; Guzzo Photos &#038; Graphic Publications \u2013 Registro Editori e Stampatori n. 1441 Turin, Italy <\/small><\/p>\n<p><!-- wp:paragraph --><\/p>\n<p><!-- \/wp:paragraph --><\/p>","protected":false},"excerpt":{"rendered":"<p>\ud83c\uddfa\ud83c\uddf8\ud83d\udca5 Trump en la ONU:<br \/>\n\u201cNo permitir\u00e9 que Israel anexe Cisjordania. Eso no va a suceder\u201d.<\/p>\n<p>\u27a1\ufe0f Sacude a Netanyahu y su coalici\u00f3n ultraderechista.<br \/>\n\u27a1\ufe0f Dice que el acuerdo en Gaza \u201cest\u00e1 cerca\u201d.<br \/>\n\u27a1\ufe0f Reuni\u00f3n clave Trump\u2013Bibi en Washington el lunes.<\/p>\n<p>\ud83d\udd25 El tablero se recalienta: Palestina reconocida por Francia, UK, Canad\u00e1, Australia y Portugal.<\/p>\n","protected":false},"author":3,"featured_media":2432,"comment_status":"closed","ping_status":"closed","sticky":false,"template":"","format":"standard","meta":{"footnotes":"","_links_to":"","_links_to_target":""},"categories":[97,109,62,151,124,54,134,43],"tags":[122],"class_list":["post-2429","post","type-post","status-publish","format-standard","has-post-thumbnail","hentry","category-elcanillita","category-dc24","category-actualidad","category-cisgiordania","category-diplomacia","category-medio-oriente","category-politicas-globales","category-sociedad","tag-gaza","entry","rows"],"yoast_head":"<!-- This site is optimized with the Yoast SEO plugin v27.4 - https:\/\/yoast.com\/product\/yoast-seo-wordpress\/ -->\n<title>\ud83d\udcf0 \u201cEso no va a suceder\u201d: Trump frena la anexi\u00f3n de Cisjordania y agita a Netanyahu - BlogDiario Magazine<\/title>\n<meta name=\"robots\" content=\"index, follow, max-snippet:-1, max-image-preview:large, max-video-preview:-1\" \/>\n<link rel=\"canonical\" href=\"https:\/\/blogdiario.info\/magazine\/2025\/09\/26\/eso-no-va-a-suceder-trump-frena-la-anexion-de-cisjordania-y-agita-a-netanyahu\/\" \/>\n<meta property=\"og:locale\" content=\"es_ES\" \/>\n<meta property=\"og:type\" content=\"article\" \/>\n<meta property=\"og:title\" content=\"\ud83d\udcf0 \u201cEso no va a suceder\u201d: Trump frena la anexi\u00f3n de Cisjordania y agita a Netanyahu - BlogDiario Magazine\" \/>\n<meta property=\"og:description\" content=\"\ud83c\uddfa\ud83c\uddf8\ud83d\udca5 Trump en la ONU: \u201cNo permitir\u00e9 que Israel anexe Cisjordania. Eso no va a suceder\u201d. \u27a1\ufe0f Sacude a Netanyahu y su coalici\u00f3n ultraderechista. \u27a1\ufe0f Dice que el acuerdo en Gaza \u201cest\u00e1 cerca\u201d. \u27a1\ufe0f Reuni\u00f3n clave Trump\u2013Bibi en Washington el lunes. \ud83d\udd25 El tablero se recalienta: Palestina reconocida por Francia, UK, Canad\u00e1, Australia y Portugal.\" \/>\n<meta property=\"og:url\" content=\"https:\/\/blogdiario.info\/magazine\/2025\/09\/26\/eso-no-va-a-suceder-trump-frena-la-anexion-de-cisjordania-y-agita-a-netanyahu\/\" \/>\n<meta property=\"og:site_name\" content=\"BlogDiario Magazine\" \/>\n<meta property=\"article:published_time\" content=\"2025-09-26T05:15:22+00:00\" \/>\n<meta property=\"article:modified_time\" content=\"2025-09-27T09:14:16+00:00\" \/>\n<meta property=\"og:image\" content=\"https:\/\/blogdiario.info\/magazine\/images\/2025\/09\/img_0606-1.jpg\" \/>\n\t<meta property=\"og:image:width\" content=\"1024\" \/>\n\t<meta property=\"og:image:height\" content=\"1024\" \/>\n\t<meta property=\"og:image:type\" content=\"image\/jpeg\" \/>\n<meta name=\"author\" content=\"ElCanillita. info\" \/>\n<meta name=\"twitter:card\" content=\"summary_large_image\" \/>\n<meta name=\"twitter:label1\" content=\"Escrito por\" \/>\n\t<meta name=\"twitter:data1\" content=\"ElCanillita. info\" \/>\n\t<meta name=\"twitter:label2\" content=\"Tiempo de lectura\" \/>\n\t<meta name=\"twitter:data2\" content=\"3 minutos\" \/>\n<script type=\"application\/ld+json\" class=\"yoast-schema-graph\">{\"@context\":\"https:\\\/\\\/schema.org\",\"@graph\":[{\"@type\":\"Article\",\"@id\":\"https:\\\/\\\/blogdiario.info\\\/magazine\\\/2025\\\/09\\\/26\\\/eso-no-va-a-suceder-trump-frena-la-anexion-de-cisjordania-y-agita-a-netanyahu\\\/#article\",\"isPartOf\":{\"@id\":\"https:\\\/\\\/blogdiario.info\\\/magazine\\\/2025\\\/09\\\/26\\\/eso-no-va-a-suceder-trump-frena-la-anexion-de-cisjordania-y-agita-a-netanyahu\\\/\"},\"author\":{\"name\":\"ElCanillita. info\",\"@id\":\"https:\\\/\\\/blogdiario.info\\\/magazine\\\/#\\\/schema\\\/person\\\/1bc427132fc8d179f9b2b40dd9759e83\"},\"headline\":\"\ud83d\udcf0 \u201cEso no va a suceder\u201d: Trump frena la anexi\u00f3n de Cisjordania y agita a Netanyahu\",\"datePublished\":\"2025-09-26T05:15:22+00:00\",\"dateModified\":\"2025-09-27T09:14:16+00:00\",\"mainEntityOfPage\":{\"@id\":\"https:\\\/\\\/blogdiario.info\\\/magazine\\\/2025\\\/09\\\/26\\\/eso-no-va-a-suceder-trump-frena-la-anexion-de-cisjordania-y-agita-a-netanyahu\\\/\"},\"wordCount\":426,\"publisher\":{\"@id\":\"https:\\\/\\\/blogdiario.info\\\/magazine\\\/#organization\"},\"image\":{\"@id\":\"https:\\\/\\\/blogdiario.info\\\/magazine\\\/2025\\\/09\\\/26\\\/eso-no-va-a-suceder-trump-frena-la-anexion-de-cisjordania-y-agita-a-netanyahu\\\/#primaryimage\"},\"thumbnailUrl\":\"https:\\\/\\\/blogdiario.info\\\/magazine\\\/images\\\/2025\\\/09\\\/img_0606-1.jpg\",\"keywords\":[\"Gaza\"],\"articleSection\":[\".\",\".\",\"Actualidad\",\"Cisgiordania\",\"Diplomacia\",\"Medio Oriente\",\"Pol\u00edticas globales\",\"Sociedad\"],\"inLanguage\":\"es-AR\"},{\"@type\":\"WebPage\",\"@id\":\"https:\\\/\\\/blogdiario.info\\\/magazine\\\/2025\\\/09\\\/26\\\/eso-no-va-a-suceder-trump-frena-la-anexion-de-cisjordania-y-agita-a-netanyahu\\\/\",\"url\":\"https:\\\/\\\/blogdiario.info\\\/magazine\\\/2025\\\/09\\\/26\\\/eso-no-va-a-suceder-trump-frena-la-anexion-de-cisjordania-y-agita-a-netanyahu\\\/\",\"name\":\"\ud83d\udcf0 \u201cEso no va a suceder\u201d: Trump frena la anexi\u00f3n de Cisjordania y agita a Netanyahu - BlogDiario Magazine\",\"isPartOf\":{\"@id\":\"https:\\\/\\\/blogdiario.info\\\/magazine\\\/#website\"},\"primaryImageOfPage\":{\"@id\":\"https:\\\/\\\/blogdiario.info\\\/magazine\\\/2025\\\/09\\\/26\\\/eso-no-va-a-suceder-trump-frena-la-anexion-de-cisjordania-y-agita-a-netanyahu\\\/#primaryimage\"},\"image\":{\"@id\":\"https:\\\/\\\/blogdiario.info\\\/magazine\\\/2025\\\/09\\\/26\\\/eso-no-va-a-suceder-trump-frena-la-anexion-de-cisjordania-y-agita-a-netanyahu\\\/#primaryimage\"},\"thumbnailUrl\":\"https:\\\/\\\/blogdiario.info\\\/magazine\\\/images\\\/2025\\\/09\\\/img_0606-1.jpg\",\"datePublished\":\"2025-09-26T05:15:22+00:00\",\"dateModified\":\"2025-09-27T09:14:16+00:00\",\"breadcrumb\":{\"@id\":\"https:\\\/\\\/blogdiario.info\\\/magazine\\\/2025\\\/09\\\/26\\\/eso-no-va-a-suceder-trump-frena-la-anexion-de-cisjordania-y-agita-a-netanyahu\\\/#breadcrumb\"},\"inLanguage\":\"es-AR\",\"potentialAction\":[{\"@type\":\"ReadAction\",\"target\":[\"https:\\\/\\\/blogdiario.info\\\/magazine\\\/2025\\\/09\\\/26\\\/eso-no-va-a-suceder-trump-frena-la-anexion-de-cisjordania-y-agita-a-netanyahu\\\/\"]}]},{\"@type\":\"ImageObject\",\"inLanguage\":\"es-AR\",\"@id\":\"https:\\\/\\\/blogdiario.info\\\/magazine\\\/2025\\\/09\\\/26\\\/eso-no-va-a-suceder-trump-frena-la-anexion-de-cisjordania-y-agita-a-netanyahu\\\/#primaryimage\",\"url\":\"https:\\\/\\\/blogdiario.info\\\/magazine\\\/images\\\/2025\\\/09\\\/img_0606-1.jpg\",\"contentUrl\":\"https:\\\/\\\/blogdiario.info\\\/magazine\\\/images\\\/2025\\\/09\\\/img_0606-1.jpg\",\"width\":1024,\"height\":1024},{\"@type\":\"BreadcrumbList\",\"@id\":\"https:\\\/\\\/blogdiario.info\\\/magazine\\\/2025\\\/09\\\/26\\\/eso-no-va-a-suceder-trump-frena-la-anexion-de-cisjordania-y-agita-a-netanyahu\\\/#breadcrumb\",\"itemListElement\":[{\"@type\":\"ListItem\",\"position\":1,\"name\":\"Home\",\"item\":\"https:\\\/\\\/blogdiario.info\\\/magazine\\\/\"},{\"@type\":\"ListItem\",\"position\":2,\"name\":\"\ud83d\udcf0 \u201cEso no va a suceder\u201d: Trump frena la anexi\u00f3n de Cisjordania y agita a Netanyahu\"}]},{\"@type\":\"WebSite\",\"@id\":\"https:\\\/\\\/blogdiario.info\\\/magazine\\\/#website\",\"url\":\"https:\\\/\\\/blogdiario.info\\\/magazine\\\/\",\"name\":\"BlogDiario Magazine\",\"description\":\"Suplemento multiling\u00fce de ElCanillita.Info\",\"publisher\":{\"@id\":\"https:\\\/\\\/blogdiario.info\\\/magazine\\\/#organization\"},\"potentialAction\":[{\"@type\":\"SearchAction\",\"target\":{\"@type\":\"EntryPoint\",\"urlTemplate\":\"https:\\\/\\\/blogdiario.info\\\/magazine\\\/?s={search_term_string}\"},\"query-input\":{\"@type\":\"PropertyValueSpecification\",\"valueRequired\":true,\"valueName\":\"search_term_string\"}}],\"inLanguage\":\"es-AR\"},{\"@type\":\"Organization\",\"@id\":\"https:\\\/\\\/blogdiario.info\\\/magazine\\\/#organization\",\"name\":\"Guzzo Photos & Graphic Publications\",\"url\":\"https:\\\/\\\/blogdiario.info\\\/magazine\\\/\",\"logo\":{\"@type\":\"ImageObject\",\"inLanguage\":\"es-AR\",\"@id\":\"https:\\\/\\\/blogdiario.info\\\/magazine\\\/#\\\/schema\\\/logo\\\/image\\\/\",\"url\":\"https:\\\/\\\/blogdiario.info\\\/magazine\\\/images\\\/2020\\\/01\\\/cropped-blogdia_magazine.jpg\",\"contentUrl\":\"https:\\\/\\\/blogdiario.info\\\/magazine\\\/images\\\/2020\\\/01\\\/cropped-blogdia_magazine.jpg\",\"width\":589,\"height\":55,\"caption\":\"Guzzo Photos & Graphic Publications\"},\"image\":{\"@id\":\"https:\\\/\\\/blogdiario.info\\\/magazine\\\/#\\\/schema\\\/logo\\\/image\\\/\"}},{\"@type\":\"Person\",\"@id\":\"https:\\\/\\\/blogdiario.info\\\/magazine\\\/#\\\/schema\\\/person\\\/1bc427132fc8d179f9b2b40dd9759e83\",\"name\":\"ElCanillita. info\",\"sameAs\":[\"http:\\\/\\\/soapboxorators.org\"]}]}<\/script>\n<!-- \/ Yoast SEO plugin. -->","yoast_head_json":{"title":"\ud83d\udcf0 \u201cEso no va a suceder\u201d: Trump frena la anexi\u00f3n de Cisjordania y agita a Netanyahu - BlogDiario Magazine","robots":{"index":"index","follow":"follow","max-snippet":"max-snippet:-1","max-image-preview":"max-image-preview:large","max-video-preview":"max-video-preview:-1"},"canonical":"https:\/\/blogdiario.info\/magazine\/2025\/09\/26\/eso-no-va-a-suceder-trump-frena-la-anexion-de-cisjordania-y-agita-a-netanyahu\/","og_locale":"es_ES","og_type":"article","og_title":"\ud83d\udcf0 \u201cEso no va a suceder\u201d: Trump frena la anexi\u00f3n de Cisjordania y agita a Netanyahu - BlogDiario Magazine","og_description":"\ud83c\uddfa\ud83c\uddf8\ud83d\udca5 Trump en la ONU: \u201cNo permitir\u00e9 que Israel anexe Cisjordania. Eso no va a suceder\u201d. \u27a1\ufe0f Sacude a Netanyahu y su coalici\u00f3n ultraderechista. \u27a1\ufe0f Dice que el acuerdo en Gaza \u201cest\u00e1 cerca\u201d. \u27a1\ufe0f Reuni\u00f3n clave Trump\u2013Bibi en Washington el lunes. \ud83d\udd25 El tablero se recalienta: Palestina reconocida por Francia, UK, Canad\u00e1, Australia y Portugal.","og_url":"https:\/\/blogdiario.info\/magazine\/2025\/09\/26\/eso-no-va-a-suceder-trump-frena-la-anexion-de-cisjordania-y-agita-a-netanyahu\/","og_site_name":"BlogDiario Magazine","article_published_time":"2025-09-26T05:15:22+00:00","article_modified_time":"2025-09-27T09:14:16+00:00","og_image":[{"width":1024,"height":1024,"url":"https:\/\/blogdiario.info\/magazine\/images\/2025\/09\/img_0606-1.jpg","type":"image\/jpeg"}],"author":"ElCanillita. info","twitter_card":"summary_large_image","twitter_misc":{"Escrito por":"ElCanillita. info","Tiempo de lectura":"3 minutos"},"schema":{"@context":"https:\/\/schema.org","@graph":[{"@type":"Article","@id":"https:\/\/blogdiario.info\/magazine\/2025\/09\/26\/eso-no-va-a-suceder-trump-frena-la-anexion-de-cisjordania-y-agita-a-netanyahu\/#article","isPartOf":{"@id":"https:\/\/blogdiario.info\/magazine\/2025\/09\/26\/eso-no-va-a-suceder-trump-frena-la-anexion-de-cisjordania-y-agita-a-netanyahu\/"},"author":{"name":"ElCanillita. info","@id":"https:\/\/blogdiario.info\/magazine\/#\/schema\/person\/1bc427132fc8d179f9b2b40dd9759e83"},"headline":"\ud83d\udcf0 \u201cEso no va a suceder\u201d: Trump frena la anexi\u00f3n de Cisjordania y agita a Netanyahu","datePublished":"2025-09-26T05:15:22+00:00","dateModified":"2025-09-27T09:14:16+00:00","mainEntityOfPage":{"@id":"https:\/\/blogdiario.info\/magazine\/2025\/09\/26\/eso-no-va-a-suceder-trump-frena-la-anexion-de-cisjordania-y-agita-a-netanyahu\/"},"wordCount":426,"publisher":{"@id":"https:\/\/blogdiario.info\/magazine\/#organization"},"image":{"@id":"https:\/\/blogdiario.info\/magazine\/2025\/09\/26\/eso-no-va-a-suceder-trump-frena-la-anexion-de-cisjordania-y-agita-a-netanyahu\/#primaryimage"},"thumbnailUrl":"https:\/\/blogdiario.info\/magazine\/images\/2025\/09\/img_0606-1.jpg","keywords":["Gaza"],"articleSection":[".",".","Actualidad","Cisgiordania","Diplomacia","Medio Oriente","Pol\u00edticas globales","Sociedad"],"inLanguage":"es-AR"},{"@type":"WebPage","@id":"https:\/\/blogdiario.info\/magazine\/2025\/09\/26\/eso-no-va-a-suceder-trump-frena-la-anexion-de-cisjordania-y-agita-a-netanyahu\/","url":"https:\/\/blogdiario.info\/magazine\/2025\/09\/26\/eso-no-va-a-suceder-trump-frena-la-anexion-de-cisjordania-y-agita-a-netanyahu\/","name":"\ud83d\udcf0 \u201cEso no va a suceder\u201d: Trump frena la anexi\u00f3n de Cisjordania y agita a Netanyahu - BlogDiario Magazine","isPartOf":{"@id":"https:\/\/blogdiario.info\/magazine\/#website"},"primaryImageOfPage":{"@id":"https:\/\/blogdiario.info\/magazine\/2025\/09\/26\/eso-no-va-a-suceder-trump-frena-la-anexion-de-cisjordania-y-agita-a-netanyahu\/#primaryimage"},"image":{"@id":"https:\/\/blogdiario.info\/magazine\/2025\/09\/26\/eso-no-va-a-suceder-trump-frena-la-anexion-de-cisjordania-y-agita-a-netanyahu\/#primaryimage"},"thumbnailUrl":"https:\/\/blogdiario.info\/magazine\/images\/2025\/09\/img_0606-1.jpg","datePublished":"2025-09-26T05:15:22+00:00","dateModified":"2025-09-27T09:14:16+00:00","breadcrumb":{"@id":"https:\/\/blogdiario.info\/magazine\/2025\/09\/26\/eso-no-va-a-suceder-trump-frena-la-anexion-de-cisjordania-y-agita-a-netanyahu\/#breadcrumb"},"inLanguage":"es-AR","potentialAction":[{"@type":"ReadAction","target":["https:\/\/blogdiario.info\/magazine\/2025\/09\/26\/eso-no-va-a-suceder-trump-frena-la-anexion-de-cisjordania-y-agita-a-netanyahu\/"]}]},{"@type":"ImageObject","inLanguage":"es-AR","@id":"https:\/\/blogdiario.info\/magazine\/2025\/09\/26\/eso-no-va-a-suceder-trump-frena-la-anexion-de-cisjordania-y-agita-a-netanyahu\/#primaryimage","url":"https:\/\/blogdiario.info\/magazine\/images\/2025\/09\/img_0606-1.jpg","contentUrl":"https:\/\/blogdiario.info\/magazine\/images\/2025\/09\/img_0606-1.jpg","width":1024,"height":1024},{"@type":"BreadcrumbList","@id":"https:\/\/blogdiario.info\/magazine\/2025\/09\/26\/eso-no-va-a-suceder-trump-frena-la-anexion-de-cisjordania-y-agita-a-netanyahu\/#breadcrumb","itemListElement":[{"@type":"ListItem","position":1,"name":"Home","item":"https:\/\/blogdiario.info\/magazine\/"},{"@type":"ListItem","position":2,"name":"\ud83d\udcf0 \u201cEso no va a suceder\u201d: Trump frena la anexi\u00f3n de Cisjordania y agita a Netanyahu"}]},{"@type":"WebSite","@id":"https:\/\/blogdiario.info\/magazine\/#website","url":"https:\/\/blogdiario.info\/magazine\/","name":"BlogDiario Magazine","description":"Suplemento multiling\u00fce de ElCanillita.Info","publisher":{"@id":"https:\/\/blogdiario.info\/magazine\/#organization"},"potentialAction":[{"@type":"SearchAction","target":{"@type":"EntryPoint","urlTemplate":"https:\/\/blogdiario.info\/magazine\/?s={search_term_string}"},"query-input":{"@type":"PropertyValueSpecification","valueRequired":true,"valueName":"search_term_string"}}],"inLanguage":"es-AR"},{"@type":"Organization","@id":"https:\/\/blogdiario.info\/magazine\/#organization","name":"Guzzo Photos & Graphic Publications","url":"https:\/\/blogdiario.info\/magazine\/","logo":{"@type":"ImageObject","inLanguage":"es-AR","@id":"https:\/\/blogdiario.info\/magazine\/#\/schema\/logo\/image\/","url":"https:\/\/blogdiario.info\/magazine\/images\/2020\/01\/cropped-blogdia_magazine.jpg","contentUrl":"https:\/\/blogdiario.info\/magazine\/images\/2020\/01\/cropped-blogdia_magazine.jpg","width":589,"height":55,"caption":"Guzzo Photos & Graphic Publications"},"image":{"@id":"https:\/\/blogdiario.info\/magazine\/#\/schema\/logo\/image\/"}},{"@type":"Person","@id":"https:\/\/blogdiario.info\/magazine\/#\/schema\/person\/1bc427132fc8d179f9b2b40dd9759e83","name":"ElCanillita. info","sameAs":["http:\/\/soapboxorators.org"]}]}},"views":206,"_links":{"self":[{"href":"https:\/\/blogdiario.info\/magazine\/wp-json\/wp\/v2\/posts\/2429","targetHints":{"allow":["GET"]}}],"collection":[{"href":"https:\/\/blogdiario.info\/magazine\/wp-json\/wp\/v2\/posts"}],"about":[{"href":"https:\/\/blogdiario.info\/magazine\/wp-json\/wp\/v2\/types\/post"}],"author":[{"embeddable":true,"href":"https:\/\/blogdiario.info\/magazine\/wp-json\/wp\/v2\/users\/3"}],"replies":[{"embeddable":true,"href":"https:\/\/blogdiario.info\/magazine\/wp-json\/wp\/v2\/comments?post=2429"}],"version-history":[{"count":0,"href":"https:\/\/blogdiario.info\/magazine\/wp-json\/wp\/v2\/posts\/2429\/revisions"}],"wp:featuredmedia":[{"embeddable":true,"href":"https:\/\/blogdiario.info\/magazine\/wp-json\/wp\/v2\/media\/2432"}],"wp:attachment":[{"href":"https:\/\/blogdiario.info\/magazine\/wp-json\/wp\/v2\/media?parent=2429"}],"wp:term":[{"taxonomy":"category","embeddable":true,"href":"https:\/\/blogdiario.info\/magazine\/wp-json\/wp\/v2\/categories?post=2429"},{"taxonomy":"post_tag","embeddable":true,"href":"https:\/\/blogdiario.info\/magazine\/wp-json\/wp\/v2\/tags?post=2429"}],"curies":[{"name":"wp","href":"https:\/\/api.w.org\/{rel}","templated":true}]}}