{"id":2384,"date":"2025-09-15T11:49:39","date_gmt":"2025-09-15T10:49:39","guid":{"rendered":"https:\/\/blogdiario.info\/magazine\/?p=2384"},"modified":"2025-09-15T11:49:39","modified_gmt":"2025-09-15T10:49:39","slug":"escalada-de-tensiones-en-cisjordania-y-gaza","status":"publish","type":"post","link":"https:\/\/blogdiario.info\/magazine\/2025\/09\/15\/escalada-de-tensiones-en-cisjordania-y-gaza\/","title":{"rendered":"Escalada de tensiones en Cisjordania y Gaza"},"content":{"rendered":"\n<figure class=\"wp-block-image size-large\"><img loading=\"lazy\" decoding=\"async\" width=\"1024\" height=\"539\" src=\"https:\/\/blogdiario.info\/magazine\/images\/2025\/09\/5a5c48df-fc2c-4dae-9bf7-cb7b3c5d2783-1024x539.jpg\" class=\"wp-image-2385\" srcset=\"https:\/\/blogdiario.info\/magazine\/images\/2025\/09\/5a5c48df-fc2c-4dae-9bf7-cb7b3c5d2783-1024x539.jpg 1024w, https:\/\/blogdiario.info\/magazine\/images\/2025\/09\/5a5c48df-fc2c-4dae-9bf7-cb7b3c5d2783-300x158.jpg 300w, https:\/\/blogdiario.info\/magazine\/images\/2025\/09\/5a5c48df-fc2c-4dae-9bf7-cb7b3c5d2783-768x404.jpg 768w, https:\/\/blogdiario.info\/magazine\/images\/2025\/09\/5a5c48df-fc2c-4dae-9bf7-cb7b3c5d2783-1536x809.jpg 1536w, https:\/\/blogdiario.info\/magazine\/images\/2025\/09\/5a5c48df-fc2c-4dae-9bf7-cb7b3c5d2783.jpg 2000w\" sizes=\"auto, (max-width: 1024px) 100vw, 1024px\" \/><\/figure>\n\n\n\n<p class=\"p3\">El conflicto en Medio Oriente sigue marcando nuevas etapas de violencia y tensi\u00f3n.<\/p>\n\n\n\n<p class=\"p3\">El ej\u00e9rcito israel\u00ed cerr\u00f3 la entrada a la ciudad de Turmus Ayya, al norte de Ramala, bloqueando el desplazamiento de miles de ciudadanos hacia aldeas y pueblos cercanos. Paralelamente, las fuerzas de ocupaci\u00f3n realizaron un asalto en Deir Dibwan, al este, sin que hasta ahora se registraran arrestos.<\/p>\n\n\n\n<p class=\"p3\">La agencia palestina Wafa reporta que, en el marco de esta operaci\u00f3n, se desplegaron incursiones diurnas en Tubas, Nablus, Birzeit y Al-Bireh, con fuerte presencia de veh\u00edculos militares.<\/p>\n\n\n\n<p class=\"p3\">Al mismo tiempo, fuentes palestinas en Gaza se\u00f1alaron a la emisora p\u00fablica israel\u00ed Kan que Ham\u00e1s habr\u00eda trasladado rehenes a la superficie, en viviendas y campamentos, para obstaculizar las operaciones del ej\u00e9rcito israel\u00ed en determinadas zonas. Una madre israel\u00ed, identificada como la de Guy Gilboa-Dalal, confirm\u00f3 que hab\u00eda recibido noticias de que su hijo se encontraba retenido en la superficie de la ciudad de Gaza.<\/p>\n\n\n\n<p class=\"p3\">La cadena Al Jazeera inform\u00f3 que diez personas murieron en ataques israel\u00edes en la ciudad de Gaza, incluyendo siete v\u00edctimas \u2014entre ellas gemelos de seis a\u00f1os\u2014 tras un bombardeo sobre una tienda de campa\u00f1a. Dos viviendas tambi\u00e9n fueron alcanzadas en la ofensiva.<\/p>\n\n\n\n<p class=\"p3\">El patr\u00f3n de intensificaci\u00f3n militar muestra un doble frente: mientras Israel busca presionar sobre Gaza, mantiene operaciones de control y bloqueo en Cisjordania, consolidando un escenario de desplazamiento forzado y creciente incertidumbre regional.<\/p>\n\n\n\n<p><\/p>\n\n\n\n<p>\u270d\ufe0f \u00a9\ufe0f 2025 ElCanillita.info \u2013 All Rights Reserved<\/p>\n\n\n\n<p><\/p>\n\n\n<p><small>\u00a9 2025 BlogDiario.info \u2013 All Rights Reserved \u2013 SalaStampa.eu, world press service &#8211; Guzzo Photos &#038; Graphic Publications \u2013 Registro Editori e Stampatori n. 1441 Turin, Italy <\/small><\/p>","protected":false},"excerpt":{"rendered":"<p>\ud83d\udccc Lectura clave para el \u00e1mbito internacional:<br \/>\nLa evoluci\u00f3n de este conflicto no solo reconfigura la geopol\u00edtica en Medio Oriente, sino que tambi\u00e9n mantiene bajo presi\u00f3n las relaciones multilaterales y los debates sobre derechos humanos y desplazamientos forzados.<\/p>\n","protected":false},"author":3,"featured_media":2386,"comment_status":"closed","ping_status":"closed","sticky":false,"template":"","format":"standard","meta":{"footnotes":"","_links_to":"","_links_to_target":""},"categories":[97,109,62,151,119,54,134,168],"tags":[],"class_list":["post-2384","post","type-post","status-publish","format-standard","has-post-thumbnail","hentry","category-elcanillita","category-dc24","category-actualidad","category-cisgiordania","category-guerra","category-medio-oriente","category-politicas-globales","category-sociedad-y-valores","entry","rows"],"yoast_head":"<!-- This site is optimized with the Yoast SEO plugin v27.4 - https:\/\/yoast.com\/product\/yoast-seo-wordpress\/ -->\n<title>Escalada de tensiones en Cisjordania y Gaza - BlogDiario Magazine<\/title>\n<meta name=\"robots\" content=\"index, follow, max-snippet:-1, max-image-preview:large, max-video-preview:-1\" \/>\n<link rel=\"canonical\" href=\"https:\/\/blogdiario.info\/magazine\/2025\/09\/15\/escalada-de-tensiones-en-cisjordania-y-gaza\/\" \/>\n<meta property=\"og:locale\" content=\"es_ES\" \/>\n<meta property=\"og:type\" content=\"article\" \/>\n<meta property=\"og:title\" content=\"Escalada de tensiones en Cisjordania y Gaza - BlogDiario Magazine\" \/>\n<meta property=\"og:description\" content=\"\ud83d\udccc Lectura clave para el \u00e1mbito internacional: La evoluci\u00f3n de este conflicto no solo reconfigura la geopol\u00edtica en Medio Oriente, sino que tambi\u00e9n mantiene bajo presi\u00f3n las relaciones multilaterales y los debates sobre derechos humanos y desplazamientos forzados.\" \/>\n<meta property=\"og:url\" content=\"https:\/\/blogdiario.info\/magazine\/2025\/09\/15\/escalada-de-tensiones-en-cisjordania-y-gaza\/\" \/>\n<meta property=\"og:site_name\" content=\"BlogDiario Magazine\" \/>\n<meta property=\"article:published_time\" content=\"2025-09-15T10:49:39+00:00\" \/>\n<meta property=\"og:image\" content=\"https:\/\/blogdiario.info\/magazine\/images\/2025\/09\/5a5c48df-fc2c-4dae-9bf7-cb7b3c5d2783-1.jpg\" \/>\n\t<meta property=\"og:image:width\" content=\"2000\" \/>\n\t<meta property=\"og:image:height\" content=\"1053\" \/>\n\t<meta property=\"og:image:type\" content=\"image\/jpeg\" \/>\n<meta name=\"author\" content=\"ElCanillita. info\" \/>\n<meta name=\"twitter:card\" content=\"summary_large_image\" \/>\n<meta name=\"twitter:label1\" content=\"Escrito por\" \/>\n\t<meta name=\"twitter:data1\" content=\"ElCanillita. info\" \/>\n\t<meta name=\"twitter:label2\" content=\"Tiempo de lectura\" \/>\n\t<meta name=\"twitter:data2\" content=\"1 minuto\" \/>\n<script type=\"application\/ld+json\" class=\"yoast-schema-graph\">{\"@context\":\"https:\\\/\\\/schema.org\",\"@graph\":[{\"@type\":\"Article\",\"@id\":\"https:\\\/\\\/blogdiario.info\\\/magazine\\\/2025\\\/09\\\/15\\\/escalada-de-tensiones-en-cisjordania-y-gaza\\\/#article\",\"isPartOf\":{\"@id\":\"https:\\\/\\\/blogdiario.info\\\/magazine\\\/2025\\\/09\\\/15\\\/escalada-de-tensiones-en-cisjordania-y-gaza\\\/\"},\"author\":{\"name\":\"ElCanillita. info\",\"@id\":\"https:\\\/\\\/blogdiario.info\\\/magazine\\\/#\\\/schema\\\/person\\\/1bc427132fc8d179f9b2b40dd9759e83\"},\"headline\":\"Escalada de tensiones en Cisjordania y Gaza\",\"datePublished\":\"2025-09-15T10:49:39+00:00\",\"mainEntityOfPage\":{\"@id\":\"https:\\\/\\\/blogdiario.info\\\/magazine\\\/2025\\\/09\\\/15\\\/escalada-de-tensiones-en-cisjordania-y-gaza\\\/\"},\"wordCount\":281,\"publisher\":{\"@id\":\"https:\\\/\\\/blogdiario.info\\\/magazine\\\/#organization\"},\"image\":{\"@id\":\"https:\\\/\\\/blogdiario.info\\\/magazine\\\/2025\\\/09\\\/15\\\/escalada-de-tensiones-en-cisjordania-y-gaza\\\/#primaryimage\"},\"thumbnailUrl\":\"https:\\\/\\\/blogdiario.info\\\/magazine\\\/images\\\/2025\\\/09\\\/5a5c48df-fc2c-4dae-9bf7-cb7b3c5d2783-1.jpg\",\"articleSection\":[\".\",\".\",\"Actualidad\",\"Cisgiordania\",\"Guerra\",\"Medio Oriente\",\"Pol\u00edticas globales\",\"Sociedad y valores\"],\"inLanguage\":\"es-AR\"},{\"@type\":\"WebPage\",\"@id\":\"https:\\\/\\\/blogdiario.info\\\/magazine\\\/2025\\\/09\\\/15\\\/escalada-de-tensiones-en-cisjordania-y-gaza\\\/\",\"url\":\"https:\\\/\\\/blogdiario.info\\\/magazine\\\/2025\\\/09\\\/15\\\/escalada-de-tensiones-en-cisjordania-y-gaza\\\/\",\"name\":\"Escalada de tensiones en Cisjordania y Gaza - BlogDiario Magazine\",\"isPartOf\":{\"@id\":\"https:\\\/\\\/blogdiario.info\\\/magazine\\\/#website\"},\"primaryImageOfPage\":{\"@id\":\"https:\\\/\\\/blogdiario.info\\\/magazine\\\/2025\\\/09\\\/15\\\/escalada-de-tensiones-en-cisjordania-y-gaza\\\/#primaryimage\"},\"image\":{\"@id\":\"https:\\\/\\\/blogdiario.info\\\/magazine\\\/2025\\\/09\\\/15\\\/escalada-de-tensiones-en-cisjordania-y-gaza\\\/#primaryimage\"},\"thumbnailUrl\":\"https:\\\/\\\/blogdiario.info\\\/magazine\\\/images\\\/2025\\\/09\\\/5a5c48df-fc2c-4dae-9bf7-cb7b3c5d2783-1.jpg\",\"datePublished\":\"2025-09-15T10:49:39+00:00\",\"breadcrumb\":{\"@id\":\"https:\\\/\\\/blogdiario.info\\\/magazine\\\/2025\\\/09\\\/15\\\/escalada-de-tensiones-en-cisjordania-y-gaza\\\/#breadcrumb\"},\"inLanguage\":\"es-AR\",\"potentialAction\":[{\"@type\":\"ReadAction\",\"target\":[\"https:\\\/\\\/blogdiario.info\\\/magazine\\\/2025\\\/09\\\/15\\\/escalada-de-tensiones-en-cisjordania-y-gaza\\\/\"]}]},{\"@type\":\"ImageObject\",\"inLanguage\":\"es-AR\",\"@id\":\"https:\\\/\\\/blogdiario.info\\\/magazine\\\/2025\\\/09\\\/15\\\/escalada-de-tensiones-en-cisjordania-y-gaza\\\/#primaryimage\",\"url\":\"https:\\\/\\\/blogdiario.info\\\/magazine\\\/images\\\/2025\\\/09\\\/5a5c48df-fc2c-4dae-9bf7-cb7b3c5d2783-1.jpg\",\"contentUrl\":\"https:\\\/\\\/blogdiario.info\\\/magazine\\\/images\\\/2025\\\/09\\\/5a5c48df-fc2c-4dae-9bf7-cb7b3c5d2783-1.jpg\",\"width\":2000,\"height\":1053},{\"@type\":\"BreadcrumbList\",\"@id\":\"https:\\\/\\\/blogdiario.info\\\/magazine\\\/2025\\\/09\\\/15\\\/escalada-de-tensiones-en-cisjordania-y-gaza\\\/#breadcrumb\",\"itemListElement\":[{\"@type\":\"ListItem\",\"position\":1,\"name\":\"Home\",\"item\":\"https:\\\/\\\/blogdiario.info\\\/magazine\\\/\"},{\"@type\":\"ListItem\",\"position\":2,\"name\":\"Escalada de tensiones en Cisjordania y Gaza\"}]},{\"@type\":\"WebSite\",\"@id\":\"https:\\\/\\\/blogdiario.info\\\/magazine\\\/#website\",\"url\":\"https:\\\/\\\/blogdiario.info\\\/magazine\\\/\",\"name\":\"BlogDiario Magazine\",\"description\":\"Suplemento multiling\u00fce de ElCanillita.Info\",\"publisher\":{\"@id\":\"https:\\\/\\\/blogdiario.info\\\/magazine\\\/#organization\"},\"potentialAction\":[{\"@type\":\"SearchAction\",\"target\":{\"@type\":\"EntryPoint\",\"urlTemplate\":\"https:\\\/\\\/blogdiario.info\\\/magazine\\\/?s={search_term_string}\"},\"query-input\":{\"@type\":\"PropertyValueSpecification\",\"valueRequired\":true,\"valueName\":\"search_term_string\"}}],\"inLanguage\":\"es-AR\"},{\"@type\":\"Organization\",\"@id\":\"https:\\\/\\\/blogdiario.info\\\/magazine\\\/#organization\",\"name\":\"Guzzo Photos & Graphic Publications\",\"url\":\"https:\\\/\\\/blogdiario.info\\\/magazine\\\/\",\"logo\":{\"@type\":\"ImageObject\",\"inLanguage\":\"es-AR\",\"@id\":\"https:\\\/\\\/blogdiario.info\\\/magazine\\\/#\\\/schema\\\/logo\\\/image\\\/\",\"url\":\"https:\\\/\\\/blogdiario.info\\\/magazine\\\/images\\\/2020\\\/01\\\/cropped-blogdia_magazine.jpg\",\"contentUrl\":\"https:\\\/\\\/blogdiario.info\\\/magazine\\\/images\\\/2020\\\/01\\\/cropped-blogdia_magazine.jpg\",\"width\":589,\"height\":55,\"caption\":\"Guzzo Photos & Graphic Publications\"},\"image\":{\"@id\":\"https:\\\/\\\/blogdiario.info\\\/magazine\\\/#\\\/schema\\\/logo\\\/image\\\/\"}},{\"@type\":\"Person\",\"@id\":\"https:\\\/\\\/blogdiario.info\\\/magazine\\\/#\\\/schema\\\/person\\\/1bc427132fc8d179f9b2b40dd9759e83\",\"name\":\"ElCanillita. info\",\"sameAs\":[\"http:\\\/\\\/soapboxorators.org\"]}]}<\/script>\n<!-- \/ Yoast SEO plugin. -->","yoast_head_json":{"title":"Escalada de tensiones en Cisjordania y Gaza - BlogDiario Magazine","robots":{"index":"index","follow":"follow","max-snippet":"max-snippet:-1","max-image-preview":"max-image-preview:large","max-video-preview":"max-video-preview:-1"},"canonical":"https:\/\/blogdiario.info\/magazine\/2025\/09\/15\/escalada-de-tensiones-en-cisjordania-y-gaza\/","og_locale":"es_ES","og_type":"article","og_title":"Escalada de tensiones en Cisjordania y Gaza - BlogDiario Magazine","og_description":"\ud83d\udccc Lectura clave para el \u00e1mbito internacional: La evoluci\u00f3n de este conflicto no solo reconfigura la geopol\u00edtica en Medio Oriente, sino que tambi\u00e9n mantiene bajo presi\u00f3n las relaciones multilaterales y los debates sobre derechos humanos y desplazamientos forzados.","og_url":"https:\/\/blogdiario.info\/magazine\/2025\/09\/15\/escalada-de-tensiones-en-cisjordania-y-gaza\/","og_site_name":"BlogDiario Magazine","article_published_time":"2025-09-15T10:49:39+00:00","og_image":[{"width":2000,"height":1053,"url":"https:\/\/blogdiario.info\/magazine\/images\/2025\/09\/5a5c48df-fc2c-4dae-9bf7-cb7b3c5d2783-1.jpg","type":"image\/jpeg"}],"author":"ElCanillita. info","twitter_card":"summary_large_image","twitter_misc":{"Escrito por":"ElCanillita. info","Tiempo de lectura":"1 minuto"},"schema":{"@context":"https:\/\/schema.org","@graph":[{"@type":"Article","@id":"https:\/\/blogdiario.info\/magazine\/2025\/09\/15\/escalada-de-tensiones-en-cisjordania-y-gaza\/#article","isPartOf":{"@id":"https:\/\/blogdiario.info\/magazine\/2025\/09\/15\/escalada-de-tensiones-en-cisjordania-y-gaza\/"},"author":{"name":"ElCanillita. info","@id":"https:\/\/blogdiario.info\/magazine\/#\/schema\/person\/1bc427132fc8d179f9b2b40dd9759e83"},"headline":"Escalada de tensiones en Cisjordania y Gaza","datePublished":"2025-09-15T10:49:39+00:00","mainEntityOfPage":{"@id":"https:\/\/blogdiario.info\/magazine\/2025\/09\/15\/escalada-de-tensiones-en-cisjordania-y-gaza\/"},"wordCount":281,"publisher":{"@id":"https:\/\/blogdiario.info\/magazine\/#organization"},"image":{"@id":"https:\/\/blogdiario.info\/magazine\/2025\/09\/15\/escalada-de-tensiones-en-cisjordania-y-gaza\/#primaryimage"},"thumbnailUrl":"https:\/\/blogdiario.info\/magazine\/images\/2025\/09\/5a5c48df-fc2c-4dae-9bf7-cb7b3c5d2783-1.jpg","articleSection":[".",".","Actualidad","Cisgiordania","Guerra","Medio Oriente","Pol\u00edticas globales","Sociedad y valores"],"inLanguage":"es-AR"},{"@type":"WebPage","@id":"https:\/\/blogdiario.info\/magazine\/2025\/09\/15\/escalada-de-tensiones-en-cisjordania-y-gaza\/","url":"https:\/\/blogdiario.info\/magazine\/2025\/09\/15\/escalada-de-tensiones-en-cisjordania-y-gaza\/","name":"Escalada de tensiones en Cisjordania y Gaza - BlogDiario Magazine","isPartOf":{"@id":"https:\/\/blogdiario.info\/magazine\/#website"},"primaryImageOfPage":{"@id":"https:\/\/blogdiario.info\/magazine\/2025\/09\/15\/escalada-de-tensiones-en-cisjordania-y-gaza\/#primaryimage"},"image":{"@id":"https:\/\/blogdiario.info\/magazine\/2025\/09\/15\/escalada-de-tensiones-en-cisjordania-y-gaza\/#primaryimage"},"thumbnailUrl":"https:\/\/blogdiario.info\/magazine\/images\/2025\/09\/5a5c48df-fc2c-4dae-9bf7-cb7b3c5d2783-1.jpg","datePublished":"2025-09-15T10:49:39+00:00","breadcrumb":{"@id":"https:\/\/blogdiario.info\/magazine\/2025\/09\/15\/escalada-de-tensiones-en-cisjordania-y-gaza\/#breadcrumb"},"inLanguage":"es-AR","potentialAction":[{"@type":"ReadAction","target":["https:\/\/blogdiario.info\/magazine\/2025\/09\/15\/escalada-de-tensiones-en-cisjordania-y-gaza\/"]}]},{"@type":"ImageObject","inLanguage":"es-AR","@id":"https:\/\/blogdiario.info\/magazine\/2025\/09\/15\/escalada-de-tensiones-en-cisjordania-y-gaza\/#primaryimage","url":"https:\/\/blogdiario.info\/magazine\/images\/2025\/09\/5a5c48df-fc2c-4dae-9bf7-cb7b3c5d2783-1.jpg","contentUrl":"https:\/\/blogdiario.info\/magazine\/images\/2025\/09\/5a5c48df-fc2c-4dae-9bf7-cb7b3c5d2783-1.jpg","width":2000,"height":1053},{"@type":"BreadcrumbList","@id":"https:\/\/blogdiario.info\/magazine\/2025\/09\/15\/escalada-de-tensiones-en-cisjordania-y-gaza\/#breadcrumb","itemListElement":[{"@type":"ListItem","position":1,"name":"Home","item":"https:\/\/blogdiario.info\/magazine\/"},{"@type":"ListItem","position":2,"name":"Escalada de tensiones en Cisjordania y Gaza"}]},{"@type":"WebSite","@id":"https:\/\/blogdiario.info\/magazine\/#website","url":"https:\/\/blogdiario.info\/magazine\/","name":"BlogDiario Magazine","description":"Suplemento multiling\u00fce de ElCanillita.Info","publisher":{"@id":"https:\/\/blogdiario.info\/magazine\/#organization"},"potentialAction":[{"@type":"SearchAction","target":{"@type":"EntryPoint","urlTemplate":"https:\/\/blogdiario.info\/magazine\/?s={search_term_string}"},"query-input":{"@type":"PropertyValueSpecification","valueRequired":true,"valueName":"search_term_string"}}],"inLanguage":"es-AR"},{"@type":"Organization","@id":"https:\/\/blogdiario.info\/magazine\/#organization","name":"Guzzo Photos & Graphic Publications","url":"https:\/\/blogdiario.info\/magazine\/","logo":{"@type":"ImageObject","inLanguage":"es-AR","@id":"https:\/\/blogdiario.info\/magazine\/#\/schema\/logo\/image\/","url":"https:\/\/blogdiario.info\/magazine\/images\/2020\/01\/cropped-blogdia_magazine.jpg","contentUrl":"https:\/\/blogdiario.info\/magazine\/images\/2020\/01\/cropped-blogdia_magazine.jpg","width":589,"height":55,"caption":"Guzzo Photos & Graphic Publications"},"image":{"@id":"https:\/\/blogdiario.info\/magazine\/#\/schema\/logo\/image\/"}},{"@type":"Person","@id":"https:\/\/blogdiario.info\/magazine\/#\/schema\/person\/1bc427132fc8d179f9b2b40dd9759e83","name":"ElCanillita. info","sameAs":["http:\/\/soapboxorators.org"]}]}},"views":238,"_links":{"self":[{"href":"https:\/\/blogdiario.info\/magazine\/wp-json\/wp\/v2\/posts\/2384","targetHints":{"allow":["GET"]}}],"collection":[{"href":"https:\/\/blogdiario.info\/magazine\/wp-json\/wp\/v2\/posts"}],"about":[{"href":"https:\/\/blogdiario.info\/magazine\/wp-json\/wp\/v2\/types\/post"}],"author":[{"embeddable":true,"href":"https:\/\/blogdiario.info\/magazine\/wp-json\/wp\/v2\/users\/3"}],"replies":[{"embeddable":true,"href":"https:\/\/blogdiario.info\/magazine\/wp-json\/wp\/v2\/comments?post=2384"}],"version-history":[{"count":0,"href":"https:\/\/blogdiario.info\/magazine\/wp-json\/wp\/v2\/posts\/2384\/revisions"}],"wp:featuredmedia":[{"embeddable":true,"href":"https:\/\/blogdiario.info\/magazine\/wp-json\/wp\/v2\/media\/2386"}],"wp:attachment":[{"href":"https:\/\/blogdiario.info\/magazine\/wp-json\/wp\/v2\/media?parent=2384"}],"wp:term":[{"taxonomy":"category","embeddable":true,"href":"https:\/\/blogdiario.info\/magazine\/wp-json\/wp\/v2\/categories?post=2384"},{"taxonomy":"post_tag","embeddable":true,"href":"https:\/\/blogdiario.info\/magazine\/wp-json\/wp\/v2\/tags?post=2384"}],"curies":[{"name":"wp","href":"https:\/\/api.w.org\/{rel}","templated":true}]}}