{"id":2329,"date":"2025-09-09T08:03:26","date_gmt":"2025-09-09T07:03:26","guid":{"rendered":"https:\/\/blogdiario.info\/magazine\/?p=2329"},"modified":"2025-09-09T08:03:55","modified_gmt":"2025-09-09T07:03:55","slug":"macron-perde-il-suo-primo-ministro-alla-vigilia-di-proteste-e-scioperi","status":"publish","type":"post","link":"https:\/\/blogdiario.info\/magazine\/2025\/09\/09\/macron-perde-il-suo-primo-ministro-alla-vigilia-di-proteste-e-scioperi\/","title":{"rendered":"\ud83c\uddee\ud83c\uddf9 Macron perde il suo primo ministro alla vigilia di proteste e scioperi"},"content":{"rendered":"\n<figure class=\"wp-block-image size-full\"><img loading=\"lazy\" decoding=\"async\" width=\"550\" height=\"367\" src=\"https:\/\/blogdiario.info\/magazine\/images\/2025\/09\/covermacroA.jpg\" alt=\"\" class=\"wp-image-2320\" srcset=\"https:\/\/blogdiario.info\/magazine\/images\/2025\/09\/covermacroA.jpg 550w, https:\/\/blogdiario.info\/magazine\/images\/2025\/09\/covermacroA-300x200.jpg 300w\" sizes=\"auto, (max-width: 550px) 100vw, 550px\" \/><\/figure>\n\n\n\n<p><strong>Parigi, 09\/09\/2025<\/strong><br>Fran\u00e7ois Bayrou \u00e8 caduto con pi\u00f9 rumore che applausi: appena nove mesi dopo aver assunto la carica, ha perso il voto di fiducia sul suo severo bilancio e ha presentato le dimissioni. \u00c8 il secondo capo di governo ad essere divorato dall\u2019Assemblea in meno di un anno: Michel Barnier, il precedente, era sopravvissuto appena tre mesi.<\/p>\n\n\n\n<p>Il calendario non poteva essere peggiore. Mercoled\u00ec, la Francia affronta uno sciopero generale, proteste in tutto il paese e un movimento battezzato con umorismo nero: <strong>\u201cBlocchiamo tutto!\u201d<\/strong>. Strade, scuole, universit\u00e0, caselli autostradali e depositi di carburante sono nel mirino. La polizia prevede almeno 100.000 manifestanti.<\/p>\n\n\n\n<p>Gli oppositori di Macron, da Marine Le Pen a Jean-Luc M\u00e9lenchon, sentono odore di sangue. La destra nazionalista chiede elezioni parlamentari; la sinistra radicale, addirittura le dimissioni presidenziali.<\/p>\n\n\n\n<p>Bayrou, nel suo discorso di addio, ha messo in guardia contro il \u201cmodello britannico\u201d di tassare i ricchi: \u201cSe ne andranno\u201d, ha detto. Non ha convinto: <strong>194 voti a favore, 364 contrari<\/strong>. \u00c8 stata la caduta pi\u00f9 fragorosa di un primo ministro dal 1958.<\/p>\n\n\n\n<p>Macron cerca un sostituto tra i suoi centristi, nonostante la mancanza di maggioranza in Parlamento. Circolano i nomi di Catherine Vautrin, G\u00e9rald Darmanin, Xavier Bertrand, S\u00e9bastien Lecornu e Thierry Breton. Ma chiunque accetti erediter\u00e0 un deficit del 5,8% del PIL, 43,8 miliardi di tagli e tasse impopolari, oltre alla minaccia di un imminente declassamento del rating della Francia.<\/p>\n\n\n\n<p>L\u2019Eliseo insiste sulla continuit\u00e0. La piazza, invece, prepara le barricate.<br><br>\u270d\ufe0f <small>\u00a92025 La voce della strada &#8211; All Rights Reserved<\/small><\/p>\n\n\n\n<p><small>\u00a9 2025 ElCanillita.info \/ BlogDiario.info &#8211; All Rights Reserved &#8211; SalaStampa.eu, world press service -Guzzo Photos &amp; Graphic Publications \u2013 Registro Editori e Stampatori n. 1441 Turin, Italy<\/small><\/p>\n","protected":false},"excerpt":{"rendered":"<p>Macron perde Bayrou: il premier cade dopo il voto di fiducia, a pochi giorni da sciopero generale e proteste. L\u2019opposizione invoca elezioni, la Francia si prepara a un autunno di fuoco.<\/p>\n","protected":false},"author":1,"featured_media":2320,"comment_status":"closed","ping_status":"closed","sticky":false,"template":"","format":"standard","meta":{"footnotes":"","_links_to":"","_links_to_target":""},"categories":[97,109,61,15,46,18,20],"tags":[107],"class_list":["post-2329","post","type-post","status-publish","format-standard","has-post-thumbnail","hentry","category-elcanillita","category-dc24","category-attualita","category-economia-ita","category-europa","category-politica-ita","category-societa","tag-francia","entry","rows"],"yoast_head":"<!-- This site is optimized with the Yoast SEO plugin v27.4 - https:\/\/yoast.com\/product\/yoast-seo-wordpress\/ -->\n<title>\ud83c\uddee\ud83c\uddf9 Macron perde il suo primo ministro alla vigilia di proteste e scioperi - BlogDiario Magazine<\/title>\n<meta name=\"robots\" content=\"index, follow, max-snippet:-1, max-image-preview:large, max-video-preview:-1\" \/>\n<link rel=\"canonical\" href=\"https:\/\/blogdiario.info\/magazine\/2025\/09\/09\/macron-perde-il-suo-primo-ministro-alla-vigilia-di-proteste-e-scioperi\/\" \/>\n<meta property=\"og:locale\" content=\"es_ES\" \/>\n<meta property=\"og:type\" content=\"article\" \/>\n<meta property=\"og:title\" content=\"\ud83c\uddee\ud83c\uddf9 Macron perde il suo primo ministro alla vigilia di proteste e scioperi - BlogDiario Magazine\" \/>\n<meta property=\"og:description\" content=\"Macron perde Bayrou: il premier cade dopo il voto di fiducia, a pochi giorni da sciopero generale e proteste. L\u2019opposizione invoca elezioni, la Francia si prepara a un autunno di fuoco.\" \/>\n<meta property=\"og:url\" content=\"https:\/\/blogdiario.info\/magazine\/2025\/09\/09\/macron-perde-il-suo-primo-ministro-alla-vigilia-di-proteste-e-scioperi\/\" \/>\n<meta property=\"og:site_name\" content=\"BlogDiario Magazine\" \/>\n<meta property=\"article:published_time\" content=\"2025-09-09T07:03:26+00:00\" \/>\n<meta property=\"article:modified_time\" content=\"2025-09-09T07:03:55+00:00\" \/>\n<meta property=\"og:image\" content=\"https:\/\/blogdiario.info\/magazine\/images\/2025\/09\/covermacroA.jpg\" \/>\n\t<meta property=\"og:image:width\" content=\"550\" \/>\n\t<meta property=\"og:image:height\" content=\"367\" \/>\n\t<meta property=\"og:image:type\" content=\"image\/jpeg\" \/>\n<meta name=\"author\" content=\"World Press Service | Servicio de Prensa Mundial\" \/>\n<meta name=\"twitter:card\" content=\"summary_large_image\" \/>\n<meta name=\"twitter:label1\" content=\"Escrito por\" \/>\n\t<meta name=\"twitter:data1\" content=\"World Press Service | Servicio de Prensa Mundial\" \/>\n\t<meta name=\"twitter:label2\" content=\"Tiempo de lectura\" \/>\n\t<meta name=\"twitter:data2\" content=\"2 minutos\" \/>\n<script type=\"application\/ld+json\" class=\"yoast-schema-graph\">{\"@context\":\"https:\\\/\\\/schema.org\",\"@graph\":[{\"@type\":\"Article\",\"@id\":\"https:\\\/\\\/blogdiario.info\\\/magazine\\\/2025\\\/09\\\/09\\\/macron-perde-il-suo-primo-ministro-alla-vigilia-di-proteste-e-scioperi\\\/#article\",\"isPartOf\":{\"@id\":\"https:\\\/\\\/blogdiario.info\\\/magazine\\\/2025\\\/09\\\/09\\\/macron-perde-il-suo-primo-ministro-alla-vigilia-di-proteste-e-scioperi\\\/\"},\"author\":{\"name\":\"World Press Service | Servicio de Prensa Mundial\",\"@id\":\"https:\\\/\\\/blogdiario.info\\\/magazine\\\/#\\\/schema\\\/person\\\/b2422fe85574d945bad55513bb0c7354\"},\"headline\":\"\ud83c\uddee\ud83c\uddf9 Macron perde il suo primo ministro alla vigilia di proteste e scioperi\",\"datePublished\":\"2025-09-09T07:03:26+00:00\",\"dateModified\":\"2025-09-09T07:03:55+00:00\",\"mainEntityOfPage\":{\"@id\":\"https:\\\/\\\/blogdiario.info\\\/magazine\\\/2025\\\/09\\\/09\\\/macron-perde-il-suo-primo-ministro-alla-vigilia-di-proteste-e-scioperi\\\/\"},\"wordCount\":285,\"publisher\":{\"@id\":\"https:\\\/\\\/blogdiario.info\\\/magazine\\\/#organization\"},\"image\":{\"@id\":\"https:\\\/\\\/blogdiario.info\\\/magazine\\\/2025\\\/09\\\/09\\\/macron-perde-il-suo-primo-ministro-alla-vigilia-di-proteste-e-scioperi\\\/#primaryimage\"},\"thumbnailUrl\":\"https:\\\/\\\/blogdiario.info\\\/magazine\\\/images\\\/2025\\\/09\\\/covermacroA.jpg\",\"keywords\":[\"Francia\"],\"articleSection\":[\".\",\".\",\"Attualit\u00e0\",\"Economia\",\"Europa\",\"Politica\",\"Societ\u00e0\"],\"inLanguage\":\"es-AR\"},{\"@type\":\"WebPage\",\"@id\":\"https:\\\/\\\/blogdiario.info\\\/magazine\\\/2025\\\/09\\\/09\\\/macron-perde-il-suo-primo-ministro-alla-vigilia-di-proteste-e-scioperi\\\/\",\"url\":\"https:\\\/\\\/blogdiario.info\\\/magazine\\\/2025\\\/09\\\/09\\\/macron-perde-il-suo-primo-ministro-alla-vigilia-di-proteste-e-scioperi\\\/\",\"name\":\"\ud83c\uddee\ud83c\uddf9 Macron perde il suo primo ministro alla vigilia di proteste e scioperi - BlogDiario Magazine\",\"isPartOf\":{\"@id\":\"https:\\\/\\\/blogdiario.info\\\/magazine\\\/#website\"},\"primaryImageOfPage\":{\"@id\":\"https:\\\/\\\/blogdiario.info\\\/magazine\\\/2025\\\/09\\\/09\\\/macron-perde-il-suo-primo-ministro-alla-vigilia-di-proteste-e-scioperi\\\/#primaryimage\"},\"image\":{\"@id\":\"https:\\\/\\\/blogdiario.info\\\/magazine\\\/2025\\\/09\\\/09\\\/macron-perde-il-suo-primo-ministro-alla-vigilia-di-proteste-e-scioperi\\\/#primaryimage\"},\"thumbnailUrl\":\"https:\\\/\\\/blogdiario.info\\\/magazine\\\/images\\\/2025\\\/09\\\/covermacroA.jpg\",\"datePublished\":\"2025-09-09T07:03:26+00:00\",\"dateModified\":\"2025-09-09T07:03:55+00:00\",\"breadcrumb\":{\"@id\":\"https:\\\/\\\/blogdiario.info\\\/magazine\\\/2025\\\/09\\\/09\\\/macron-perde-il-suo-primo-ministro-alla-vigilia-di-proteste-e-scioperi\\\/#breadcrumb\"},\"inLanguage\":\"es-AR\",\"potentialAction\":[{\"@type\":\"ReadAction\",\"target\":[\"https:\\\/\\\/blogdiario.info\\\/magazine\\\/2025\\\/09\\\/09\\\/macron-perde-il-suo-primo-ministro-alla-vigilia-di-proteste-e-scioperi\\\/\"]}]},{\"@type\":\"ImageObject\",\"inLanguage\":\"es-AR\",\"@id\":\"https:\\\/\\\/blogdiario.info\\\/magazine\\\/2025\\\/09\\\/09\\\/macron-perde-il-suo-primo-ministro-alla-vigilia-di-proteste-e-scioperi\\\/#primaryimage\",\"url\":\"https:\\\/\\\/blogdiario.info\\\/magazine\\\/images\\\/2025\\\/09\\\/covermacroA.jpg\",\"contentUrl\":\"https:\\\/\\\/blogdiario.info\\\/magazine\\\/images\\\/2025\\\/09\\\/covermacroA.jpg\",\"width\":550,\"height\":367},{\"@type\":\"BreadcrumbList\",\"@id\":\"https:\\\/\\\/blogdiario.info\\\/magazine\\\/2025\\\/09\\\/09\\\/macron-perde-il-suo-primo-ministro-alla-vigilia-di-proteste-e-scioperi\\\/#breadcrumb\",\"itemListElement\":[{\"@type\":\"ListItem\",\"position\":1,\"name\":\"Home\",\"item\":\"https:\\\/\\\/blogdiario.info\\\/magazine\\\/\"},{\"@type\":\"ListItem\",\"position\":2,\"name\":\"\ud83c\uddee\ud83c\uddf9 Macron perde il suo primo ministro alla vigilia di proteste e scioperi\"}]},{\"@type\":\"WebSite\",\"@id\":\"https:\\\/\\\/blogdiario.info\\\/magazine\\\/#website\",\"url\":\"https:\\\/\\\/blogdiario.info\\\/magazine\\\/\",\"name\":\"BlogDiario Magazine\",\"description\":\"Suplemento multiling\u00fce de ElCanillita.Info\",\"publisher\":{\"@id\":\"https:\\\/\\\/blogdiario.info\\\/magazine\\\/#organization\"},\"potentialAction\":[{\"@type\":\"SearchAction\",\"target\":{\"@type\":\"EntryPoint\",\"urlTemplate\":\"https:\\\/\\\/blogdiario.info\\\/magazine\\\/?s={search_term_string}\"},\"query-input\":{\"@type\":\"PropertyValueSpecification\",\"valueRequired\":true,\"valueName\":\"search_term_string\"}}],\"inLanguage\":\"es-AR\"},{\"@type\":\"Organization\",\"@id\":\"https:\\\/\\\/blogdiario.info\\\/magazine\\\/#organization\",\"name\":\"Guzzo Photos & Graphic Publications\",\"url\":\"https:\\\/\\\/blogdiario.info\\\/magazine\\\/\",\"logo\":{\"@type\":\"ImageObject\",\"inLanguage\":\"es-AR\",\"@id\":\"https:\\\/\\\/blogdiario.info\\\/magazine\\\/#\\\/schema\\\/logo\\\/image\\\/\",\"url\":\"https:\\\/\\\/blogdiario.info\\\/magazine\\\/images\\\/2020\\\/01\\\/cropped-blogdia_magazine.jpg\",\"contentUrl\":\"https:\\\/\\\/blogdiario.info\\\/magazine\\\/images\\\/2020\\\/01\\\/cropped-blogdia_magazine.jpg\",\"width\":589,\"height\":55,\"caption\":\"Guzzo Photos & Graphic Publications\"},\"image\":{\"@id\":\"https:\\\/\\\/blogdiario.info\\\/magazine\\\/#\\\/schema\\\/logo\\\/image\\\/\"}},{\"@type\":\"Person\",\"@id\":\"https:\\\/\\\/blogdiario.info\\\/magazine\\\/#\\\/schema\\\/person\\\/b2422fe85574d945bad55513bb0c7354\",\"name\":\"World Press Service | Servicio de Prensa Mundial\"}]}<\/script>\n<!-- \/ Yoast SEO plugin. -->","yoast_head_json":{"title":"\ud83c\uddee\ud83c\uddf9 Macron perde il suo primo ministro alla vigilia di proteste e scioperi - BlogDiario Magazine","robots":{"index":"index","follow":"follow","max-snippet":"max-snippet:-1","max-image-preview":"max-image-preview:large","max-video-preview":"max-video-preview:-1"},"canonical":"https:\/\/blogdiario.info\/magazine\/2025\/09\/09\/macron-perde-il-suo-primo-ministro-alla-vigilia-di-proteste-e-scioperi\/","og_locale":"es_ES","og_type":"article","og_title":"\ud83c\uddee\ud83c\uddf9 Macron perde il suo primo ministro alla vigilia di proteste e scioperi - BlogDiario Magazine","og_description":"Macron perde Bayrou: il premier cade dopo il voto di fiducia, a pochi giorni da sciopero generale e proteste. L\u2019opposizione invoca elezioni, la Francia si prepara a un autunno di fuoco.","og_url":"https:\/\/blogdiario.info\/magazine\/2025\/09\/09\/macron-perde-il-suo-primo-ministro-alla-vigilia-di-proteste-e-scioperi\/","og_site_name":"BlogDiario Magazine","article_published_time":"2025-09-09T07:03:26+00:00","article_modified_time":"2025-09-09T07:03:55+00:00","og_image":[{"width":550,"height":367,"url":"https:\/\/blogdiario.info\/magazine\/images\/2025\/09\/covermacroA.jpg","type":"image\/jpeg"}],"author":"World Press Service | Servicio de Prensa Mundial","twitter_card":"summary_large_image","twitter_misc":{"Escrito por":"World Press Service | Servicio de Prensa Mundial","Tiempo de lectura":"2 minutos"},"schema":{"@context":"https:\/\/schema.org","@graph":[{"@type":"Article","@id":"https:\/\/blogdiario.info\/magazine\/2025\/09\/09\/macron-perde-il-suo-primo-ministro-alla-vigilia-di-proteste-e-scioperi\/#article","isPartOf":{"@id":"https:\/\/blogdiario.info\/magazine\/2025\/09\/09\/macron-perde-il-suo-primo-ministro-alla-vigilia-di-proteste-e-scioperi\/"},"author":{"name":"World Press Service | Servicio de Prensa Mundial","@id":"https:\/\/blogdiario.info\/magazine\/#\/schema\/person\/b2422fe85574d945bad55513bb0c7354"},"headline":"\ud83c\uddee\ud83c\uddf9 Macron perde il suo primo ministro alla vigilia di proteste e scioperi","datePublished":"2025-09-09T07:03:26+00:00","dateModified":"2025-09-09T07:03:55+00:00","mainEntityOfPage":{"@id":"https:\/\/blogdiario.info\/magazine\/2025\/09\/09\/macron-perde-il-suo-primo-ministro-alla-vigilia-di-proteste-e-scioperi\/"},"wordCount":285,"publisher":{"@id":"https:\/\/blogdiario.info\/magazine\/#organization"},"image":{"@id":"https:\/\/blogdiario.info\/magazine\/2025\/09\/09\/macron-perde-il-suo-primo-ministro-alla-vigilia-di-proteste-e-scioperi\/#primaryimage"},"thumbnailUrl":"https:\/\/blogdiario.info\/magazine\/images\/2025\/09\/covermacroA.jpg","keywords":["Francia"],"articleSection":[".",".","Attualit\u00e0","Economia","Europa","Politica","Societ\u00e0"],"inLanguage":"es-AR"},{"@type":"WebPage","@id":"https:\/\/blogdiario.info\/magazine\/2025\/09\/09\/macron-perde-il-suo-primo-ministro-alla-vigilia-di-proteste-e-scioperi\/","url":"https:\/\/blogdiario.info\/magazine\/2025\/09\/09\/macron-perde-il-suo-primo-ministro-alla-vigilia-di-proteste-e-scioperi\/","name":"\ud83c\uddee\ud83c\uddf9 Macron perde il suo primo ministro alla vigilia di proteste e scioperi - BlogDiario Magazine","isPartOf":{"@id":"https:\/\/blogdiario.info\/magazine\/#website"},"primaryImageOfPage":{"@id":"https:\/\/blogdiario.info\/magazine\/2025\/09\/09\/macron-perde-il-suo-primo-ministro-alla-vigilia-di-proteste-e-scioperi\/#primaryimage"},"image":{"@id":"https:\/\/blogdiario.info\/magazine\/2025\/09\/09\/macron-perde-il-suo-primo-ministro-alla-vigilia-di-proteste-e-scioperi\/#primaryimage"},"thumbnailUrl":"https:\/\/blogdiario.info\/magazine\/images\/2025\/09\/covermacroA.jpg","datePublished":"2025-09-09T07:03:26+00:00","dateModified":"2025-09-09T07:03:55+00:00","breadcrumb":{"@id":"https:\/\/blogdiario.info\/magazine\/2025\/09\/09\/macron-perde-il-suo-primo-ministro-alla-vigilia-di-proteste-e-scioperi\/#breadcrumb"},"inLanguage":"es-AR","potentialAction":[{"@type":"ReadAction","target":["https:\/\/blogdiario.info\/magazine\/2025\/09\/09\/macron-perde-il-suo-primo-ministro-alla-vigilia-di-proteste-e-scioperi\/"]}]},{"@type":"ImageObject","inLanguage":"es-AR","@id":"https:\/\/blogdiario.info\/magazine\/2025\/09\/09\/macron-perde-il-suo-primo-ministro-alla-vigilia-di-proteste-e-scioperi\/#primaryimage","url":"https:\/\/blogdiario.info\/magazine\/images\/2025\/09\/covermacroA.jpg","contentUrl":"https:\/\/blogdiario.info\/magazine\/images\/2025\/09\/covermacroA.jpg","width":550,"height":367},{"@type":"BreadcrumbList","@id":"https:\/\/blogdiario.info\/magazine\/2025\/09\/09\/macron-perde-il-suo-primo-ministro-alla-vigilia-di-proteste-e-scioperi\/#breadcrumb","itemListElement":[{"@type":"ListItem","position":1,"name":"Home","item":"https:\/\/blogdiario.info\/magazine\/"},{"@type":"ListItem","position":2,"name":"\ud83c\uddee\ud83c\uddf9 Macron perde il suo primo ministro alla vigilia di proteste e scioperi"}]},{"@type":"WebSite","@id":"https:\/\/blogdiario.info\/magazine\/#website","url":"https:\/\/blogdiario.info\/magazine\/","name":"BlogDiario Magazine","description":"Suplemento multiling\u00fce de ElCanillita.Info","publisher":{"@id":"https:\/\/blogdiario.info\/magazine\/#organization"},"potentialAction":[{"@type":"SearchAction","target":{"@type":"EntryPoint","urlTemplate":"https:\/\/blogdiario.info\/magazine\/?s={search_term_string}"},"query-input":{"@type":"PropertyValueSpecification","valueRequired":true,"valueName":"search_term_string"}}],"inLanguage":"es-AR"},{"@type":"Organization","@id":"https:\/\/blogdiario.info\/magazine\/#organization","name":"Guzzo Photos & Graphic Publications","url":"https:\/\/blogdiario.info\/magazine\/","logo":{"@type":"ImageObject","inLanguage":"es-AR","@id":"https:\/\/blogdiario.info\/magazine\/#\/schema\/logo\/image\/","url":"https:\/\/blogdiario.info\/magazine\/images\/2020\/01\/cropped-blogdia_magazine.jpg","contentUrl":"https:\/\/blogdiario.info\/magazine\/images\/2020\/01\/cropped-blogdia_magazine.jpg","width":589,"height":55,"caption":"Guzzo Photos & Graphic Publications"},"image":{"@id":"https:\/\/blogdiario.info\/magazine\/#\/schema\/logo\/image\/"}},{"@type":"Person","@id":"https:\/\/blogdiario.info\/magazine\/#\/schema\/person\/b2422fe85574d945bad55513bb0c7354","name":"World Press Service | Servicio de Prensa Mundial"}]}},"views":253,"_links":{"self":[{"href":"https:\/\/blogdiario.info\/magazine\/wp-json\/wp\/v2\/posts\/2329","targetHints":{"allow":["GET"]}}],"collection":[{"href":"https:\/\/blogdiario.info\/magazine\/wp-json\/wp\/v2\/posts"}],"about":[{"href":"https:\/\/blogdiario.info\/magazine\/wp-json\/wp\/v2\/types\/post"}],"author":[{"embeddable":true,"href":"https:\/\/blogdiario.info\/magazine\/wp-json\/wp\/v2\/users\/1"}],"replies":[{"embeddable":true,"href":"https:\/\/blogdiario.info\/magazine\/wp-json\/wp\/v2\/comments?post=2329"}],"version-history":[{"count":0,"href":"https:\/\/blogdiario.info\/magazine\/wp-json\/wp\/v2\/posts\/2329\/revisions"}],"wp:featuredmedia":[{"embeddable":true,"href":"https:\/\/blogdiario.info\/magazine\/wp-json\/wp\/v2\/media\/2320"}],"wp:attachment":[{"href":"https:\/\/blogdiario.info\/magazine\/wp-json\/wp\/v2\/media?parent=2329"}],"wp:term":[{"taxonomy":"category","embeddable":true,"href":"https:\/\/blogdiario.info\/magazine\/wp-json\/wp\/v2\/categories?post=2329"},{"taxonomy":"post_tag","embeddable":true,"href":"https:\/\/blogdiario.info\/magazine\/wp-json\/wp\/v2\/tags?post=2329"}],"curies":[{"name":"wp","href":"https:\/\/api.w.org\/{rel}","templated":true}]}}