{"id":2293,"date":"2025-09-06T10:03:49","date_gmt":"2025-09-06T09:03:49","guid":{"rendered":"https:\/\/blogdiario.info\/magazine\/?p=2293"},"modified":"2025-09-06T10:03:50","modified_gmt":"2025-09-06T09:03:50","slug":"la-banda","status":"publish","type":"post","link":"https:\/\/blogdiario.info\/magazine\/2025\/09\/06\/la-banda\/","title":{"rendered":"La Banda"},"content":{"rendered":"\n<figure class=\"wp-block-image size-full\"><img loading=\"lazy\" decoding=\"async\" width=\"550\" height=\"367\" src=\"https:\/\/blogdiario.info\/magazine\/images\/2025\/09\/coverB_20250906.jpg\" alt=\"\" class=\"wp-image-2294\" srcset=\"https:\/\/blogdiario.info\/magazine\/images\/2025\/09\/coverB_20250906.jpg 550w, https:\/\/blogdiario.info\/magazine\/images\/2025\/09\/coverB_20250906-300x200.jpg 300w\" sizes=\"auto, (max-width: 550px) 100vw, 550px\" \/><\/figure>\n\n\n\n<p><strong>Argentina<\/strong><br>El d\u00f3lar, ese term\u00f3metro argentino que nunca descansa, volvi\u00f3 a ser el centro de la escena. Esta vez, con el ministro de Econom\u00eda, Luis Caputo, marcando el comp\u00e1s de la orquesta: orden\u00f3 al Tesoro vender 100 millones de d\u00f3lares para calmar la suba y la partitura cerr\u00f3 en $1.375.<\/p>\n\n\n\n<p>La jugada logr\u00f3 enfriar por un rato los \u00e1nimos, pero abri\u00f3 un nuevo choque con los grandes bancos. El secretario de Finanzas, Pablo Quirno, defendi\u00f3 la intervenci\u00f3n con tono sereno: no se rompe el esquema, no se tocan las \u201cbandas m\u00f3viles\u201d, todo sigue igual. Apenas un \u201cacompa\u00f1amiento musical\u201d para evitar silencios inc\u00f3modos antes de las elecciones.<\/p>\n\n\n\n<p>El problema es que la orquesta no toca con instrumentos infinitos. El Tesoro dispone de unos 1.700 millones de d\u00f3lares depositados en el BCRA, fondos que en realidad deber\u00edan estar reservados para pagar una deuda de casi 5.000 millones en enero. Es decir, parte de la percusi\u00f3n que suena hoy estaba guardada para la funci\u00f3n del verano.<\/p>\n\n\n\n<p>El Fondo Monetario Internacional dio su gui\u00f1o, y el Gobierno insiste en que no hay improvisaciones: el esquema de bandas sigue en pie. El d\u00f3lar oficial, obediente por ahora, qued\u00f3 planchado en $1.335 para la compra y $1.375 para la venta. Aunque en Argentina todos saben que, detr\u00e1s de cada pausa, suele esconderse una tormenta.<\/p>\n\n\n<hr style=\"border: none; border-top: 1px dashed #bbb; margin: 2em 0;\" \/>\n\n\n<p>\ud83d\udccc <strong>Gu\u00eda para el ciudadano de a pie: \u00bfQu\u00e9 son las \u201cbandas m\u00f3viles\u201d?<\/strong><br>El d\u00f3lar es como un perro con <strong>correa el\u00e1stica<\/strong>:<\/p>\n\n\n\n<ul class=\"wp-block-list\">\n<li>Si corre demasiado lejos (sube mucho), el Banco Central lo frena vendiendo d\u00f3lares.<\/li>\n\n\n\n<li>Si se queda muy quieto (baja demasiado), lo empuja comprando.<\/li>\n\n\n\n<li>Y cada mes la correa se alarga un poquito (1%).<\/li>\n<\/ul>\n\n\n\n<p>En criollo: el billete pasea, pero sin escaparse.<br><br><small>\u00a9 2025 ElCanillita.info \/ BlogDiario.info &#8211; All Rights Reserved &#8211; SalaStampa.eu, world press service &#8211; Guzzo Photos &amp; Graphic Publications \u2013 Registro Editori e Stampatori n. 1441 Turin, Italy<\/small><\/p>\n","protected":false},"excerpt":{"rendered":"<p>\ud83d\udcb5 Caputo solt\u00f3 USD 100M del Tesoro para frenar al d\u00f3lar en $1.375.<br \/>\n\ud83d\udcc9 Gobierno niega cambios en el esquema de bandas.<br \/>\n\u2696\ufe0f Bancos dudan del \u201cpoder de fuego\u201d antes de las elecciones.<\/p>\n","protected":false},"author":1,"featured_media":2294,"comment_status":"closed","ping_status":"closed","sticky":false,"template":"","format":"standard","meta":{"footnotes":"","_links_to":"","_links_to_target":""},"categories":[97,109,62,51,38,41,43],"tags":[],"class_list":["post-2293","post","type-post","status-publish","format-standard","has-post-thumbnail","hentry","category-elcanillita","category-dc24","category-actualidad","category-america-del-sud","category-economia-esp","category-politica-esp","category-sociedad","entry","rows"],"yoast_head":"<!-- This site is optimized with the Yoast SEO plugin v27.4 - https:\/\/yoast.com\/product\/yoast-seo-wordpress\/ -->\n<title>La Banda - BlogDiario Magazine<\/title>\n<meta name=\"robots\" content=\"index, follow, max-snippet:-1, max-image-preview:large, max-video-preview:-1\" \/>\n<link rel=\"canonical\" href=\"https:\/\/blogdiario.info\/magazine\/2025\/09\/06\/la-banda\/\" \/>\n<meta property=\"og:locale\" content=\"es_ES\" \/>\n<meta property=\"og:type\" content=\"article\" \/>\n<meta property=\"og:title\" content=\"La Banda - BlogDiario Magazine\" \/>\n<meta property=\"og:description\" content=\"\ud83d\udcb5 Caputo solt\u00f3 USD 100M del Tesoro para frenar al d\u00f3lar en $1.375. \ud83d\udcc9 Gobierno niega cambios en el esquema de bandas. \u2696\ufe0f Bancos dudan del \u201cpoder de fuego\u201d antes de las elecciones.\" \/>\n<meta property=\"og:url\" content=\"https:\/\/blogdiario.info\/magazine\/2025\/09\/06\/la-banda\/\" \/>\n<meta property=\"og:site_name\" content=\"BlogDiario Magazine\" \/>\n<meta property=\"article:published_time\" content=\"2025-09-06T09:03:49+00:00\" \/>\n<meta property=\"article:modified_time\" content=\"2025-09-06T09:03:50+00:00\" \/>\n<meta property=\"og:image\" content=\"https:\/\/blogdiario.info\/magazine\/images\/2025\/09\/coverB_20250906.jpg\" \/>\n\t<meta property=\"og:image:width\" content=\"550\" \/>\n\t<meta property=\"og:image:height\" content=\"367\" \/>\n\t<meta property=\"og:image:type\" content=\"image\/jpeg\" \/>\n<meta name=\"author\" content=\"World Press Service | Servicio de Prensa Mundial\" \/>\n<meta name=\"twitter:card\" content=\"summary_large_image\" \/>\n<meta name=\"twitter:label1\" content=\"Escrito por\" \/>\n\t<meta name=\"twitter:data1\" content=\"World Press Service | Servicio de Prensa Mundial\" \/>\n\t<meta name=\"twitter:label2\" content=\"Tiempo de lectura\" \/>\n\t<meta name=\"twitter:data2\" content=\"2 minutos\" \/>\n<script type=\"application\/ld+json\" class=\"yoast-schema-graph\">{\"@context\":\"https:\\\/\\\/schema.org\",\"@graph\":[{\"@type\":\"Article\",\"@id\":\"https:\\\/\\\/blogdiario.info\\\/magazine\\\/2025\\\/09\\\/06\\\/la-banda\\\/#article\",\"isPartOf\":{\"@id\":\"https:\\\/\\\/blogdiario.info\\\/magazine\\\/2025\\\/09\\\/06\\\/la-banda\\\/\"},\"author\":{\"name\":\"World Press Service | Servicio de Prensa Mundial\",\"@id\":\"https:\\\/\\\/blogdiario.info\\\/magazine\\\/#\\\/schema\\\/person\\\/b2422fe85574d945bad55513bb0c7354\"},\"headline\":\"La Banda\",\"datePublished\":\"2025-09-06T09:03:49+00:00\",\"dateModified\":\"2025-09-06T09:03:50+00:00\",\"mainEntityOfPage\":{\"@id\":\"https:\\\/\\\/blogdiario.info\\\/magazine\\\/2025\\\/09\\\/06\\\/la-banda\\\/\"},\"wordCount\":323,\"publisher\":{\"@id\":\"https:\\\/\\\/blogdiario.info\\\/magazine\\\/#organization\"},\"image\":{\"@id\":\"https:\\\/\\\/blogdiario.info\\\/magazine\\\/2025\\\/09\\\/06\\\/la-banda\\\/#primaryimage\"},\"thumbnailUrl\":\"https:\\\/\\\/blogdiario.info\\\/magazine\\\/images\\\/2025\\\/09\\\/coverB_20250906.jpg\",\"articleSection\":[\".\",\".\",\"Actualidad\",\"America del Sud\",\"Economia\",\"Politica\",\"Sociedad\"],\"inLanguage\":\"es-AR\"},{\"@type\":\"WebPage\",\"@id\":\"https:\\\/\\\/blogdiario.info\\\/magazine\\\/2025\\\/09\\\/06\\\/la-banda\\\/\",\"url\":\"https:\\\/\\\/blogdiario.info\\\/magazine\\\/2025\\\/09\\\/06\\\/la-banda\\\/\",\"name\":\"La Banda - BlogDiario Magazine\",\"isPartOf\":{\"@id\":\"https:\\\/\\\/blogdiario.info\\\/magazine\\\/#website\"},\"primaryImageOfPage\":{\"@id\":\"https:\\\/\\\/blogdiario.info\\\/magazine\\\/2025\\\/09\\\/06\\\/la-banda\\\/#primaryimage\"},\"image\":{\"@id\":\"https:\\\/\\\/blogdiario.info\\\/magazine\\\/2025\\\/09\\\/06\\\/la-banda\\\/#primaryimage\"},\"thumbnailUrl\":\"https:\\\/\\\/blogdiario.info\\\/magazine\\\/images\\\/2025\\\/09\\\/coverB_20250906.jpg\",\"datePublished\":\"2025-09-06T09:03:49+00:00\",\"dateModified\":\"2025-09-06T09:03:50+00:00\",\"breadcrumb\":{\"@id\":\"https:\\\/\\\/blogdiario.info\\\/magazine\\\/2025\\\/09\\\/06\\\/la-banda\\\/#breadcrumb\"},\"inLanguage\":\"es-AR\",\"potentialAction\":[{\"@type\":\"ReadAction\",\"target\":[\"https:\\\/\\\/blogdiario.info\\\/magazine\\\/2025\\\/09\\\/06\\\/la-banda\\\/\"]}]},{\"@type\":\"ImageObject\",\"inLanguage\":\"es-AR\",\"@id\":\"https:\\\/\\\/blogdiario.info\\\/magazine\\\/2025\\\/09\\\/06\\\/la-banda\\\/#primaryimage\",\"url\":\"https:\\\/\\\/blogdiario.info\\\/magazine\\\/images\\\/2025\\\/09\\\/coverB_20250906.jpg\",\"contentUrl\":\"https:\\\/\\\/blogdiario.info\\\/magazine\\\/images\\\/2025\\\/09\\\/coverB_20250906.jpg\",\"width\":550,\"height\":367},{\"@type\":\"BreadcrumbList\",\"@id\":\"https:\\\/\\\/blogdiario.info\\\/magazine\\\/2025\\\/09\\\/06\\\/la-banda\\\/#breadcrumb\",\"itemListElement\":[{\"@type\":\"ListItem\",\"position\":1,\"name\":\"Home\",\"item\":\"https:\\\/\\\/blogdiario.info\\\/magazine\\\/\"},{\"@type\":\"ListItem\",\"position\":2,\"name\":\"La Banda\"}]},{\"@type\":\"WebSite\",\"@id\":\"https:\\\/\\\/blogdiario.info\\\/magazine\\\/#website\",\"url\":\"https:\\\/\\\/blogdiario.info\\\/magazine\\\/\",\"name\":\"BlogDiario Magazine\",\"description\":\"Suplemento multiling\u00fce de ElCanillita.Info\",\"publisher\":{\"@id\":\"https:\\\/\\\/blogdiario.info\\\/magazine\\\/#organization\"},\"potentialAction\":[{\"@type\":\"SearchAction\",\"target\":{\"@type\":\"EntryPoint\",\"urlTemplate\":\"https:\\\/\\\/blogdiario.info\\\/magazine\\\/?s={search_term_string}\"},\"query-input\":{\"@type\":\"PropertyValueSpecification\",\"valueRequired\":true,\"valueName\":\"search_term_string\"}}],\"inLanguage\":\"es-AR\"},{\"@type\":\"Organization\",\"@id\":\"https:\\\/\\\/blogdiario.info\\\/magazine\\\/#organization\",\"name\":\"Guzzo Photos & Graphic Publications\",\"url\":\"https:\\\/\\\/blogdiario.info\\\/magazine\\\/\",\"logo\":{\"@type\":\"ImageObject\",\"inLanguage\":\"es-AR\",\"@id\":\"https:\\\/\\\/blogdiario.info\\\/magazine\\\/#\\\/schema\\\/logo\\\/image\\\/\",\"url\":\"https:\\\/\\\/blogdiario.info\\\/magazine\\\/images\\\/2020\\\/01\\\/cropped-blogdia_magazine.jpg\",\"contentUrl\":\"https:\\\/\\\/blogdiario.info\\\/magazine\\\/images\\\/2020\\\/01\\\/cropped-blogdia_magazine.jpg\",\"width\":589,\"height\":55,\"caption\":\"Guzzo Photos & Graphic Publications\"},\"image\":{\"@id\":\"https:\\\/\\\/blogdiario.info\\\/magazine\\\/#\\\/schema\\\/logo\\\/image\\\/\"}},{\"@type\":\"Person\",\"@id\":\"https:\\\/\\\/blogdiario.info\\\/magazine\\\/#\\\/schema\\\/person\\\/b2422fe85574d945bad55513bb0c7354\",\"name\":\"World Press Service | Servicio de Prensa Mundial\"}]}<\/script>\n<!-- \/ Yoast SEO plugin. -->","yoast_head_json":{"title":"La Banda - BlogDiario Magazine","robots":{"index":"index","follow":"follow","max-snippet":"max-snippet:-1","max-image-preview":"max-image-preview:large","max-video-preview":"max-video-preview:-1"},"canonical":"https:\/\/blogdiario.info\/magazine\/2025\/09\/06\/la-banda\/","og_locale":"es_ES","og_type":"article","og_title":"La Banda - BlogDiario Magazine","og_description":"\ud83d\udcb5 Caputo solt\u00f3 USD 100M del Tesoro para frenar al d\u00f3lar en $1.375. \ud83d\udcc9 Gobierno niega cambios en el esquema de bandas. \u2696\ufe0f Bancos dudan del \u201cpoder de fuego\u201d antes de las elecciones.","og_url":"https:\/\/blogdiario.info\/magazine\/2025\/09\/06\/la-banda\/","og_site_name":"BlogDiario Magazine","article_published_time":"2025-09-06T09:03:49+00:00","article_modified_time":"2025-09-06T09:03:50+00:00","og_image":[{"width":550,"height":367,"url":"https:\/\/blogdiario.info\/magazine\/images\/2025\/09\/coverB_20250906.jpg","type":"image\/jpeg"}],"author":"World Press Service | Servicio de Prensa Mundial","twitter_card":"summary_large_image","twitter_misc":{"Escrito por":"World Press Service | Servicio de Prensa Mundial","Tiempo de lectura":"2 minutos"},"schema":{"@context":"https:\/\/schema.org","@graph":[{"@type":"Article","@id":"https:\/\/blogdiario.info\/magazine\/2025\/09\/06\/la-banda\/#article","isPartOf":{"@id":"https:\/\/blogdiario.info\/magazine\/2025\/09\/06\/la-banda\/"},"author":{"name":"World Press Service | Servicio de Prensa Mundial","@id":"https:\/\/blogdiario.info\/magazine\/#\/schema\/person\/b2422fe85574d945bad55513bb0c7354"},"headline":"La Banda","datePublished":"2025-09-06T09:03:49+00:00","dateModified":"2025-09-06T09:03:50+00:00","mainEntityOfPage":{"@id":"https:\/\/blogdiario.info\/magazine\/2025\/09\/06\/la-banda\/"},"wordCount":323,"publisher":{"@id":"https:\/\/blogdiario.info\/magazine\/#organization"},"image":{"@id":"https:\/\/blogdiario.info\/magazine\/2025\/09\/06\/la-banda\/#primaryimage"},"thumbnailUrl":"https:\/\/blogdiario.info\/magazine\/images\/2025\/09\/coverB_20250906.jpg","articleSection":[".",".","Actualidad","America del Sud","Economia","Politica","Sociedad"],"inLanguage":"es-AR"},{"@type":"WebPage","@id":"https:\/\/blogdiario.info\/magazine\/2025\/09\/06\/la-banda\/","url":"https:\/\/blogdiario.info\/magazine\/2025\/09\/06\/la-banda\/","name":"La Banda - BlogDiario Magazine","isPartOf":{"@id":"https:\/\/blogdiario.info\/magazine\/#website"},"primaryImageOfPage":{"@id":"https:\/\/blogdiario.info\/magazine\/2025\/09\/06\/la-banda\/#primaryimage"},"image":{"@id":"https:\/\/blogdiario.info\/magazine\/2025\/09\/06\/la-banda\/#primaryimage"},"thumbnailUrl":"https:\/\/blogdiario.info\/magazine\/images\/2025\/09\/coverB_20250906.jpg","datePublished":"2025-09-06T09:03:49+00:00","dateModified":"2025-09-06T09:03:50+00:00","breadcrumb":{"@id":"https:\/\/blogdiario.info\/magazine\/2025\/09\/06\/la-banda\/#breadcrumb"},"inLanguage":"es-AR","potentialAction":[{"@type":"ReadAction","target":["https:\/\/blogdiario.info\/magazine\/2025\/09\/06\/la-banda\/"]}]},{"@type":"ImageObject","inLanguage":"es-AR","@id":"https:\/\/blogdiario.info\/magazine\/2025\/09\/06\/la-banda\/#primaryimage","url":"https:\/\/blogdiario.info\/magazine\/images\/2025\/09\/coverB_20250906.jpg","contentUrl":"https:\/\/blogdiario.info\/magazine\/images\/2025\/09\/coverB_20250906.jpg","width":550,"height":367},{"@type":"BreadcrumbList","@id":"https:\/\/blogdiario.info\/magazine\/2025\/09\/06\/la-banda\/#breadcrumb","itemListElement":[{"@type":"ListItem","position":1,"name":"Home","item":"https:\/\/blogdiario.info\/magazine\/"},{"@type":"ListItem","position":2,"name":"La Banda"}]},{"@type":"WebSite","@id":"https:\/\/blogdiario.info\/magazine\/#website","url":"https:\/\/blogdiario.info\/magazine\/","name":"BlogDiario Magazine","description":"Suplemento multiling\u00fce de ElCanillita.Info","publisher":{"@id":"https:\/\/blogdiario.info\/magazine\/#organization"},"potentialAction":[{"@type":"SearchAction","target":{"@type":"EntryPoint","urlTemplate":"https:\/\/blogdiario.info\/magazine\/?s={search_term_string}"},"query-input":{"@type":"PropertyValueSpecification","valueRequired":true,"valueName":"search_term_string"}}],"inLanguage":"es-AR"},{"@type":"Organization","@id":"https:\/\/blogdiario.info\/magazine\/#organization","name":"Guzzo Photos & Graphic Publications","url":"https:\/\/blogdiario.info\/magazine\/","logo":{"@type":"ImageObject","inLanguage":"es-AR","@id":"https:\/\/blogdiario.info\/magazine\/#\/schema\/logo\/image\/","url":"https:\/\/blogdiario.info\/magazine\/images\/2020\/01\/cropped-blogdia_magazine.jpg","contentUrl":"https:\/\/blogdiario.info\/magazine\/images\/2020\/01\/cropped-blogdia_magazine.jpg","width":589,"height":55,"caption":"Guzzo Photos & Graphic Publications"},"image":{"@id":"https:\/\/blogdiario.info\/magazine\/#\/schema\/logo\/image\/"}},{"@type":"Person","@id":"https:\/\/blogdiario.info\/magazine\/#\/schema\/person\/b2422fe85574d945bad55513bb0c7354","name":"World Press Service | Servicio de Prensa Mundial"}]}},"views":284,"_links":{"self":[{"href":"https:\/\/blogdiario.info\/magazine\/wp-json\/wp\/v2\/posts\/2293","targetHints":{"allow":["GET"]}}],"collection":[{"href":"https:\/\/blogdiario.info\/magazine\/wp-json\/wp\/v2\/posts"}],"about":[{"href":"https:\/\/blogdiario.info\/magazine\/wp-json\/wp\/v2\/types\/post"}],"author":[{"embeddable":true,"href":"https:\/\/blogdiario.info\/magazine\/wp-json\/wp\/v2\/users\/1"}],"replies":[{"embeddable":true,"href":"https:\/\/blogdiario.info\/magazine\/wp-json\/wp\/v2\/comments?post=2293"}],"version-history":[{"count":0,"href":"https:\/\/blogdiario.info\/magazine\/wp-json\/wp\/v2\/posts\/2293\/revisions"}],"wp:featuredmedia":[{"embeddable":true,"href":"https:\/\/blogdiario.info\/magazine\/wp-json\/wp\/v2\/media\/2294"}],"wp:attachment":[{"href":"https:\/\/blogdiario.info\/magazine\/wp-json\/wp\/v2\/media?parent=2293"}],"wp:term":[{"taxonomy":"category","embeddable":true,"href":"https:\/\/blogdiario.info\/magazine\/wp-json\/wp\/v2\/categories?post=2293"},{"taxonomy":"post_tag","embeddable":true,"href":"https:\/\/blogdiario.info\/magazine\/wp-json\/wp\/v2\/tags?post=2293"}],"curies":[{"name":"wp","href":"https:\/\/api.w.org\/{rel}","templated":true}]}}