{"id":2231,"date":"2025-08-28T22:57:54","date_gmt":"2025-08-28T21:57:54","guid":{"rendered":"https:\/\/blogdiario.info\/magazine\/?p=2231"},"modified":"2025-08-28T22:57:55","modified_gmt":"2025-08-28T21:57:55","slug":"libra-o-non-libra-questo-e-il-problema","status":"publish","type":"post","link":"https:\/\/blogdiario.info\/magazine\/2025\/08\/28\/libra-o-non-libra-questo-e-il-problema\/","title":{"rendered":"\u201c$LIBRA o non $LIBRA: questo \u00e8 il problema\u201d"},"content":{"rendered":"<div class=\"wp-block-image\">\n<figure class=\"alignleft size-full is-resized\"><img loading=\"lazy\" decoding=\"async\" width=\"400\" height=\"600\" src=\"https:\/\/blogdiario.info\/magazine\/images\/2025\/08\/cov_tobe_20250829.jpg\" alt=\"\" class=\"wp-image-2228\" style=\"width:346px;height:auto\" srcset=\"https:\/\/blogdiario.info\/magazine\/images\/2025\/08\/cov_tobe_20250829.jpg 400w, https:\/\/blogdiario.info\/magazine\/images\/2025\/08\/cov_tobe_20250829-200x300.jpg 200w\" sizes=\"auto, (max-width: 400px) 100vw, 400px\" \/><\/figure><\/div>\n\n\n<p><strong>Argentina<\/strong><br>Il Congresso argentino, quel teatro dove non manca mai una commedia degli equivoci, ha appena presentato la sua nuova tragicommedia: la commissione <strong>$LIBRA<\/strong>. Dopo mesi di discussioni degne di un <em>teleromanzo<\/em>, l\u2019opposizione \u00e8 riuscita a rispolverarla e a rimetterla in moto, con un copione che promette cripto-drammi, testimoni illustri e qualche scomparsa strategica nei corridoi.<\/p>\n\n\n\n<p>La stella del cast sar\u00e0 Maximiliano Ferraro, un \u201clilito\u201d elevato a presidente della commissione per unanimit\u00e0. S\u00ec, unanimit\u00e0, quella rarit\u00e0 che appare solo quando tutti cercano di evitare l\u2019etichetta di \u201cmanovra K\u201d o, peggio, di \u201cmanovra mileista\u201d. Il termine scade il <strong>10 novembre<\/strong>, giusto in tempo per un verdetto che coincida con il calendario elettorale: in Argentina persino le commissioni conoscono l\u2019arte del <em>timing<\/em>.<\/p>\n\n\n\n<p>Il governo libertario, fedele al suo stile, ha denunciato un \u201cabuso\u201d e abbandonato la seduta. Del resto, nulla dice pi\u00f9 \u201crepubblica\u201d di una porta sbattuta e sedie vuote. Intanto l\u2019opposizione affila il regolamento: si parla di sanzioni per i testimoni che non si presenteranno, con nomi illustri gi\u00e0 nel mirino \u2014Karina Milei inclusa\u2014 come se la commissione fosse ispirata a un tribunale televisivo.<\/p>\n\n\n\n<p>Il peronismo, dal canto suo, giura che qui non ci sono ego. Una dichiarazione che, da sola, appartiene al realismo magico. E Sabrina Selva ha chiosato con tono poetico: la questione non \u00e8 tra peronisti e anti-peronisti, ma tra chi vuole indagare e chi no. Tradotto: tra chi vuole spettacolo e chi preferisce spegnere le luci del palco.<\/p>\n\n\n\n<p>Da qui al 10 novembre, la commissione $LIBRA promette ci\u00f2 che ogni buon spettacolo argentino sa offrire: <strong>accuse incrociate, dramma in abbondanza e colpi di scena assicurati.<\/strong><br><br><small>\u00a92025 &#8220;Il Ciabattino del Vero&#8221; \u2013 All Rights Reserved &#8211; Copyright \u00a9 2025 ElCanillita.info \/ SalaStampa.eu, world press service &#8211; Guzzo Photos &amp; Graphic Publications \u2013 Registro Editori e Stampatori n. 1441 Turin, Italy<\/small><\/p>\n","protected":false},"excerpt":{"rendered":"<p>Il Congresso argentino, quel teatro dove non manca mai una commedia degli equivoci, ha appena presentato la sua nuova tragicommedia: la commissione $LIBRA<\/p>\n","protected":false},"author":3,"featured_media":2229,"comment_status":"closed","ping_status":"closed","sticky":false,"template":"","format":"standard","meta":{"footnotes":"","_links_to":"","_links_to_target":""},"categories":[97,109,61,18,20],"tags":[],"class_list":["post-2231","post","type-post","status-publish","format-standard","has-post-thumbnail","hentry","category-elcanillita","category-dc24","category-attualita","category-politica-ita","category-societa","entry","rows"],"yoast_head":"<!-- This site is optimized with the Yoast SEO plugin v27.4 - https:\/\/yoast.com\/product\/yoast-seo-wordpress\/ -->\n<title>\u201c$LIBRA o non $LIBRA: questo \u00e8 il problema\u201d - BlogDiario Magazine<\/title>\n<meta name=\"robots\" content=\"index, follow, max-snippet:-1, max-image-preview:large, max-video-preview:-1\" \/>\n<link rel=\"canonical\" href=\"https:\/\/blogdiario.info\/magazine\/2025\/08\/28\/libra-o-non-libra-questo-e-il-problema\/\" \/>\n<meta property=\"og:locale\" content=\"es_ES\" \/>\n<meta property=\"og:type\" content=\"article\" \/>\n<meta property=\"og:title\" content=\"\u201c$LIBRA o non $LIBRA: questo \u00e8 il problema\u201d - BlogDiario Magazine\" \/>\n<meta property=\"og:description\" content=\"Il Congresso argentino, quel teatro dove non manca mai una commedia degli equivoci, ha appena presentato la sua nuova tragicommedia: la commissione $LIBRA\" \/>\n<meta property=\"og:url\" content=\"https:\/\/blogdiario.info\/magazine\/2025\/08\/28\/libra-o-non-libra-questo-e-il-problema\/\" \/>\n<meta property=\"og:site_name\" content=\"BlogDiario Magazine\" \/>\n<meta property=\"article:published_time\" content=\"2025-08-28T21:57:54+00:00\" \/>\n<meta property=\"article:modified_time\" content=\"2025-08-28T21:57:55+00:00\" \/>\n<meta property=\"og:image\" content=\"https:\/\/blogdiario.info\/magazine\/images\/2025\/08\/covpage_20250829.jpg\" \/>\n\t<meta property=\"og:image:width\" content=\"550\" \/>\n\t<meta property=\"og:image:height\" content=\"367\" \/>\n\t<meta property=\"og:image:type\" content=\"image\/jpeg\" \/>\n<meta name=\"author\" content=\"ElCanillita. info\" \/>\n<meta name=\"twitter:card\" content=\"summary_large_image\" \/>\n<meta name=\"twitter:label1\" content=\"Escrito por\" \/>\n\t<meta name=\"twitter:data1\" content=\"ElCanillita. info\" \/>\n\t<meta name=\"twitter:label2\" content=\"Tiempo de lectura\" \/>\n\t<meta name=\"twitter:data2\" content=\"2 minutos\" \/>\n<script type=\"application\/ld+json\" class=\"yoast-schema-graph\">{\"@context\":\"https:\\\/\\\/schema.org\",\"@graph\":[{\"@type\":\"Article\",\"@id\":\"https:\\\/\\\/blogdiario.info\\\/magazine\\\/2025\\\/08\\\/28\\\/libra-o-non-libra-questo-e-il-problema\\\/#article\",\"isPartOf\":{\"@id\":\"https:\\\/\\\/blogdiario.info\\\/magazine\\\/2025\\\/08\\\/28\\\/libra-o-non-libra-questo-e-il-problema\\\/\"},\"author\":{\"name\":\"ElCanillita. info\",\"@id\":\"https:\\\/\\\/blogdiario.info\\\/magazine\\\/#\\\/schema\\\/person\\\/1bc427132fc8d179f9b2b40dd9759e83\"},\"headline\":\"\u201c$LIBRA o non $LIBRA: questo \u00e8 il problema\u201d\",\"datePublished\":\"2025-08-28T21:57:54+00:00\",\"dateModified\":\"2025-08-28T21:57:55+00:00\",\"mainEntityOfPage\":{\"@id\":\"https:\\\/\\\/blogdiario.info\\\/magazine\\\/2025\\\/08\\\/28\\\/libra-o-non-libra-questo-e-il-problema\\\/\"},\"wordCount\":304,\"publisher\":{\"@id\":\"https:\\\/\\\/blogdiario.info\\\/magazine\\\/#organization\"},\"image\":{\"@id\":\"https:\\\/\\\/blogdiario.info\\\/magazine\\\/2025\\\/08\\\/28\\\/libra-o-non-libra-questo-e-il-problema\\\/#primaryimage\"},\"thumbnailUrl\":\"https:\\\/\\\/blogdiario.info\\\/magazine\\\/images\\\/2025\\\/08\\\/covpage_20250829.jpg\",\"articleSection\":[\".\",\".\",\"Attualit\u00e0\",\"Politica\",\"Societ\u00e0\"],\"inLanguage\":\"es-AR\"},{\"@type\":\"WebPage\",\"@id\":\"https:\\\/\\\/blogdiario.info\\\/magazine\\\/2025\\\/08\\\/28\\\/libra-o-non-libra-questo-e-il-problema\\\/\",\"url\":\"https:\\\/\\\/blogdiario.info\\\/magazine\\\/2025\\\/08\\\/28\\\/libra-o-non-libra-questo-e-il-problema\\\/\",\"name\":\"\u201c$LIBRA o non $LIBRA: questo \u00e8 il problema\u201d - BlogDiario Magazine\",\"isPartOf\":{\"@id\":\"https:\\\/\\\/blogdiario.info\\\/magazine\\\/#website\"},\"primaryImageOfPage\":{\"@id\":\"https:\\\/\\\/blogdiario.info\\\/magazine\\\/2025\\\/08\\\/28\\\/libra-o-non-libra-questo-e-il-problema\\\/#primaryimage\"},\"image\":{\"@id\":\"https:\\\/\\\/blogdiario.info\\\/magazine\\\/2025\\\/08\\\/28\\\/libra-o-non-libra-questo-e-il-problema\\\/#primaryimage\"},\"thumbnailUrl\":\"https:\\\/\\\/blogdiario.info\\\/magazine\\\/images\\\/2025\\\/08\\\/covpage_20250829.jpg\",\"datePublished\":\"2025-08-28T21:57:54+00:00\",\"dateModified\":\"2025-08-28T21:57:55+00:00\",\"breadcrumb\":{\"@id\":\"https:\\\/\\\/blogdiario.info\\\/magazine\\\/2025\\\/08\\\/28\\\/libra-o-non-libra-questo-e-il-problema\\\/#breadcrumb\"},\"inLanguage\":\"es-AR\",\"potentialAction\":[{\"@type\":\"ReadAction\",\"target\":[\"https:\\\/\\\/blogdiario.info\\\/magazine\\\/2025\\\/08\\\/28\\\/libra-o-non-libra-questo-e-il-problema\\\/\"]}]},{\"@type\":\"ImageObject\",\"inLanguage\":\"es-AR\",\"@id\":\"https:\\\/\\\/blogdiario.info\\\/magazine\\\/2025\\\/08\\\/28\\\/libra-o-non-libra-questo-e-il-problema\\\/#primaryimage\",\"url\":\"https:\\\/\\\/blogdiario.info\\\/magazine\\\/images\\\/2025\\\/08\\\/covpage_20250829.jpg\",\"contentUrl\":\"https:\\\/\\\/blogdiario.info\\\/magazine\\\/images\\\/2025\\\/08\\\/covpage_20250829.jpg\",\"width\":550,\"height\":367},{\"@type\":\"BreadcrumbList\",\"@id\":\"https:\\\/\\\/blogdiario.info\\\/magazine\\\/2025\\\/08\\\/28\\\/libra-o-non-libra-questo-e-il-problema\\\/#breadcrumb\",\"itemListElement\":[{\"@type\":\"ListItem\",\"position\":1,\"name\":\"Home\",\"item\":\"https:\\\/\\\/blogdiario.info\\\/magazine\\\/\"},{\"@type\":\"ListItem\",\"position\":2,\"name\":\"\u201c$LIBRA o non $LIBRA: questo \u00e8 il problema\u201d\"}]},{\"@type\":\"WebSite\",\"@id\":\"https:\\\/\\\/blogdiario.info\\\/magazine\\\/#website\",\"url\":\"https:\\\/\\\/blogdiario.info\\\/magazine\\\/\",\"name\":\"BlogDiario Magazine\",\"description\":\"Suplemento multiling\u00fce de ElCanillita.Info\",\"publisher\":{\"@id\":\"https:\\\/\\\/blogdiario.info\\\/magazine\\\/#organization\"},\"potentialAction\":[{\"@type\":\"SearchAction\",\"target\":{\"@type\":\"EntryPoint\",\"urlTemplate\":\"https:\\\/\\\/blogdiario.info\\\/magazine\\\/?s={search_term_string}\"},\"query-input\":{\"@type\":\"PropertyValueSpecification\",\"valueRequired\":true,\"valueName\":\"search_term_string\"}}],\"inLanguage\":\"es-AR\"},{\"@type\":\"Organization\",\"@id\":\"https:\\\/\\\/blogdiario.info\\\/magazine\\\/#organization\",\"name\":\"Guzzo Photos & Graphic Publications\",\"url\":\"https:\\\/\\\/blogdiario.info\\\/magazine\\\/\",\"logo\":{\"@type\":\"ImageObject\",\"inLanguage\":\"es-AR\",\"@id\":\"https:\\\/\\\/blogdiario.info\\\/magazine\\\/#\\\/schema\\\/logo\\\/image\\\/\",\"url\":\"https:\\\/\\\/blogdiario.info\\\/magazine\\\/images\\\/2020\\\/01\\\/cropped-blogdia_magazine.jpg\",\"contentUrl\":\"https:\\\/\\\/blogdiario.info\\\/magazine\\\/images\\\/2020\\\/01\\\/cropped-blogdia_magazine.jpg\",\"width\":589,\"height\":55,\"caption\":\"Guzzo Photos & Graphic Publications\"},\"image\":{\"@id\":\"https:\\\/\\\/blogdiario.info\\\/magazine\\\/#\\\/schema\\\/logo\\\/image\\\/\"}},{\"@type\":\"Person\",\"@id\":\"https:\\\/\\\/blogdiario.info\\\/magazine\\\/#\\\/schema\\\/person\\\/1bc427132fc8d179f9b2b40dd9759e83\",\"name\":\"ElCanillita. info\",\"sameAs\":[\"http:\\\/\\\/soapboxorators.org\"]}]}<\/script>\n<!-- \/ Yoast SEO plugin. -->","yoast_head_json":{"title":"\u201c$LIBRA o non $LIBRA: questo \u00e8 il problema\u201d - BlogDiario Magazine","robots":{"index":"index","follow":"follow","max-snippet":"max-snippet:-1","max-image-preview":"max-image-preview:large","max-video-preview":"max-video-preview:-1"},"canonical":"https:\/\/blogdiario.info\/magazine\/2025\/08\/28\/libra-o-non-libra-questo-e-il-problema\/","og_locale":"es_ES","og_type":"article","og_title":"\u201c$LIBRA o non $LIBRA: questo \u00e8 il problema\u201d - BlogDiario Magazine","og_description":"Il Congresso argentino, quel teatro dove non manca mai una commedia degli equivoci, ha appena presentato la sua nuova tragicommedia: la commissione $LIBRA","og_url":"https:\/\/blogdiario.info\/magazine\/2025\/08\/28\/libra-o-non-libra-questo-e-il-problema\/","og_site_name":"BlogDiario Magazine","article_published_time":"2025-08-28T21:57:54+00:00","article_modified_time":"2025-08-28T21:57:55+00:00","og_image":[{"width":550,"height":367,"url":"https:\/\/blogdiario.info\/magazine\/images\/2025\/08\/covpage_20250829.jpg","type":"image\/jpeg"}],"author":"ElCanillita. info","twitter_card":"summary_large_image","twitter_misc":{"Escrito por":"ElCanillita. info","Tiempo de lectura":"2 minutos"},"schema":{"@context":"https:\/\/schema.org","@graph":[{"@type":"Article","@id":"https:\/\/blogdiario.info\/magazine\/2025\/08\/28\/libra-o-non-libra-questo-e-il-problema\/#article","isPartOf":{"@id":"https:\/\/blogdiario.info\/magazine\/2025\/08\/28\/libra-o-non-libra-questo-e-il-problema\/"},"author":{"name":"ElCanillita. info","@id":"https:\/\/blogdiario.info\/magazine\/#\/schema\/person\/1bc427132fc8d179f9b2b40dd9759e83"},"headline":"\u201c$LIBRA o non $LIBRA: questo \u00e8 il problema\u201d","datePublished":"2025-08-28T21:57:54+00:00","dateModified":"2025-08-28T21:57:55+00:00","mainEntityOfPage":{"@id":"https:\/\/blogdiario.info\/magazine\/2025\/08\/28\/libra-o-non-libra-questo-e-il-problema\/"},"wordCount":304,"publisher":{"@id":"https:\/\/blogdiario.info\/magazine\/#organization"},"image":{"@id":"https:\/\/blogdiario.info\/magazine\/2025\/08\/28\/libra-o-non-libra-questo-e-il-problema\/#primaryimage"},"thumbnailUrl":"https:\/\/blogdiario.info\/magazine\/images\/2025\/08\/covpage_20250829.jpg","articleSection":[".",".","Attualit\u00e0","Politica","Societ\u00e0"],"inLanguage":"es-AR"},{"@type":"WebPage","@id":"https:\/\/blogdiario.info\/magazine\/2025\/08\/28\/libra-o-non-libra-questo-e-il-problema\/","url":"https:\/\/blogdiario.info\/magazine\/2025\/08\/28\/libra-o-non-libra-questo-e-il-problema\/","name":"\u201c$LIBRA o non $LIBRA: questo \u00e8 il problema\u201d - BlogDiario Magazine","isPartOf":{"@id":"https:\/\/blogdiario.info\/magazine\/#website"},"primaryImageOfPage":{"@id":"https:\/\/blogdiario.info\/magazine\/2025\/08\/28\/libra-o-non-libra-questo-e-il-problema\/#primaryimage"},"image":{"@id":"https:\/\/blogdiario.info\/magazine\/2025\/08\/28\/libra-o-non-libra-questo-e-il-problema\/#primaryimage"},"thumbnailUrl":"https:\/\/blogdiario.info\/magazine\/images\/2025\/08\/covpage_20250829.jpg","datePublished":"2025-08-28T21:57:54+00:00","dateModified":"2025-08-28T21:57:55+00:00","breadcrumb":{"@id":"https:\/\/blogdiario.info\/magazine\/2025\/08\/28\/libra-o-non-libra-questo-e-il-problema\/#breadcrumb"},"inLanguage":"es-AR","potentialAction":[{"@type":"ReadAction","target":["https:\/\/blogdiario.info\/magazine\/2025\/08\/28\/libra-o-non-libra-questo-e-il-problema\/"]}]},{"@type":"ImageObject","inLanguage":"es-AR","@id":"https:\/\/blogdiario.info\/magazine\/2025\/08\/28\/libra-o-non-libra-questo-e-il-problema\/#primaryimage","url":"https:\/\/blogdiario.info\/magazine\/images\/2025\/08\/covpage_20250829.jpg","contentUrl":"https:\/\/blogdiario.info\/magazine\/images\/2025\/08\/covpage_20250829.jpg","width":550,"height":367},{"@type":"BreadcrumbList","@id":"https:\/\/blogdiario.info\/magazine\/2025\/08\/28\/libra-o-non-libra-questo-e-il-problema\/#breadcrumb","itemListElement":[{"@type":"ListItem","position":1,"name":"Home","item":"https:\/\/blogdiario.info\/magazine\/"},{"@type":"ListItem","position":2,"name":"\u201c$LIBRA o non $LIBRA: questo \u00e8 il problema\u201d"}]},{"@type":"WebSite","@id":"https:\/\/blogdiario.info\/magazine\/#website","url":"https:\/\/blogdiario.info\/magazine\/","name":"BlogDiario Magazine","description":"Suplemento multiling\u00fce de ElCanillita.Info","publisher":{"@id":"https:\/\/blogdiario.info\/magazine\/#organization"},"potentialAction":[{"@type":"SearchAction","target":{"@type":"EntryPoint","urlTemplate":"https:\/\/blogdiario.info\/magazine\/?s={search_term_string}"},"query-input":{"@type":"PropertyValueSpecification","valueRequired":true,"valueName":"search_term_string"}}],"inLanguage":"es-AR"},{"@type":"Organization","@id":"https:\/\/blogdiario.info\/magazine\/#organization","name":"Guzzo Photos & Graphic Publications","url":"https:\/\/blogdiario.info\/magazine\/","logo":{"@type":"ImageObject","inLanguage":"es-AR","@id":"https:\/\/blogdiario.info\/magazine\/#\/schema\/logo\/image\/","url":"https:\/\/blogdiario.info\/magazine\/images\/2020\/01\/cropped-blogdia_magazine.jpg","contentUrl":"https:\/\/blogdiario.info\/magazine\/images\/2020\/01\/cropped-blogdia_magazine.jpg","width":589,"height":55,"caption":"Guzzo Photos & Graphic Publications"},"image":{"@id":"https:\/\/blogdiario.info\/magazine\/#\/schema\/logo\/image\/"}},{"@type":"Person","@id":"https:\/\/blogdiario.info\/magazine\/#\/schema\/person\/1bc427132fc8d179f9b2b40dd9759e83","name":"ElCanillita. info","sameAs":["http:\/\/soapboxorators.org"]}]}},"views":184,"_links":{"self":[{"href":"https:\/\/blogdiario.info\/magazine\/wp-json\/wp\/v2\/posts\/2231","targetHints":{"allow":["GET"]}}],"collection":[{"href":"https:\/\/blogdiario.info\/magazine\/wp-json\/wp\/v2\/posts"}],"about":[{"href":"https:\/\/blogdiario.info\/magazine\/wp-json\/wp\/v2\/types\/post"}],"author":[{"embeddable":true,"href":"https:\/\/blogdiario.info\/magazine\/wp-json\/wp\/v2\/users\/3"}],"replies":[{"embeddable":true,"href":"https:\/\/blogdiario.info\/magazine\/wp-json\/wp\/v2\/comments?post=2231"}],"version-history":[{"count":0,"href":"https:\/\/blogdiario.info\/magazine\/wp-json\/wp\/v2\/posts\/2231\/revisions"}],"wp:featuredmedia":[{"embeddable":true,"href":"https:\/\/blogdiario.info\/magazine\/wp-json\/wp\/v2\/media\/2229"}],"wp:attachment":[{"href":"https:\/\/blogdiario.info\/magazine\/wp-json\/wp\/v2\/media?parent=2231"}],"wp:term":[{"taxonomy":"category","embeddable":true,"href":"https:\/\/blogdiario.info\/magazine\/wp-json\/wp\/v2\/categories?post=2231"},{"taxonomy":"post_tag","embeddable":true,"href":"https:\/\/blogdiario.info\/magazine\/wp-json\/wp\/v2\/tags?post=2231"}],"curies":[{"name":"wp","href":"https:\/\/api.w.org\/{rel}","templated":true}]}}