{"id":2206,"date":"2025-08-28T10:26:58","date_gmt":"2025-08-28T09:26:58","guid":{"rendered":"https:\/\/blogdiario.info\/magazine\/?p=2206"},"modified":"2025-08-28T14:26:03","modified_gmt":"2025-08-28T13:26:03","slug":"la-patria-del-cassonetto-di-macerie","status":"publish","type":"post","link":"https:\/\/blogdiario.info\/magazine\/2025\/08\/28\/la-patria-del-cassonetto-di-macerie\/","title":{"rendered":"La patria del cassonetto di macerie"},"content":{"rendered":"\n<figure class=\"wp-block-image size-full\"><img loading=\"lazy\" decoding=\"async\" width=\"535\" height=\"357\" src=\"https:\/\/blogdiario.info\/magazine\/images\/2025\/08\/coverMill_20250828.jpg\" alt=\"\" class=\"wp-image-2199\" srcset=\"https:\/\/blogdiario.info\/magazine\/images\/2025\/08\/coverMill_20250828.jpg 535w, https:\/\/blogdiario.info\/magazine\/images\/2025\/08\/coverMill_20250828-300x200.jpg 300w\" sizes=\"auto, (max-width: 535px) 100vw, 535px\" \/><\/figure>\n\n\n\n<p>Argentina<br>Nel conurbano bonaerense le campagne politiche non si discutono pi\u00f9 nelle piazze, nei bar d\u2019angolo o nei programmi di gossip televisivi. Ora si decidono nel campo pi\u00f9 democratico che ci sia: <strong>il cassonetto di macerie<\/strong>.<\/p>\n\n\n\n<p>La carovana presidenziale di Javier Milei percorreva Lomas de Zamora tra applausi e fischi, quando all\u2019improvviso, come in un reality show dal vivo, hanno cominciato a piovere pietre, calcinacci e resti di piastrelle rotte ancora con l\u2019etichetta \u201cMade in San Justo\u201d. Il Presidente, la sorella Karina, Jos\u00e9 Luis Espert e Sebasti\u00e1n Pareja hanno vissuto cos\u00ec una versione remixata di \u201cPioggia di stelle\u201d, ma senza Raphael e con meno glamour.<\/p>\n\n\n\n<p>Il fuoristrada, che non \u00e8 esattamente la Batmobile, ha dovuto accelerare come in \u201cFast &amp; Furious: Edizione Libertaria\u201d, mentre la scorta presidenziale cercava di decidere se proteggere il capo di Stato o nascondersi sotto il sedile. Testimoni affermano che alcuni agenti sembravano pi\u00f9 interessati a calcolare il valore delle macerie da rivendere su Mercado Libre.<\/p>\n\n\n\n<p>I libertari hanno denunciato che si trattava di militanti peronisti travestiti da muratori indignati. Dall\u2019altra parte assicurano che \u00e8 stata pura coincidenza: <em>\u201cIl cassonetto era l\u00ec, invitante, e beh\u2026 a volte la tentazione \u00e8 forte\u201d<\/em>.<\/p>\n\n\n\n<p>Il risultato: Milei illeso, la camionetta ammaccata e il quartiere innervosito che ora si vanta di aver inventato la <strong>\u201cscuola argentina di marketing politico con pietra inclusa\u201d<\/strong>.<\/p>\n\n\n\n<p><p>A Jun\u00edn ci avevano gi\u00e0 provato la settimana scorsa con una prova generale; a Lomas de Zamora hanno perfezionato la coreografia. Tutto indica che, di questo passo, il prossimo comizio elettorale non avr\u00e0 bisogno di un palco, bens\u00ec di un <strong>bunker in cemento armato<\/strong> con barbecue e catering per gli ospiti.<\/p><hr style=\"border: none; height: 1px; background-color: #e0e0e0; max-width: 80%; margin: 2em auto;\"><\/hr><\/p>\n\n\n\n<p>E come se non mancasse nulla in questo copione tragicomico, ci scrive un legale dalla memoria lunga e dalla penna affilata:<\/p>\n\n\n\n<blockquote class=\"wp-block-quote is-layout-flow wp-block-quote-is-layout-flow\">\n<p>\u201cSi \u00e8 potuto accertare che non si tratta di un fenomeno spontaneo, bens\u00ec vi \u00e8 stata la partecipazione del comune locale, presieduto da un kirchnerista ed eseguita da altri noti dirigenti di quell\u2019organizzazione.<\/p>\n\n\n\n<p>Considerando che il terrorismo \u00e8 l\u2019uso sistematico della violenza o della minaccia di violenza, spesso attraverso atti criminali, per intimidire una popolazione e costringere governi o organizzazioni ad agire o ad astenersi dall\u2019agire per raggiungere obiettivi politici, ideologici o religiosi, il governo potrebbe benissimo ottenere una dichiarazione giudiziaria secondo cui quella frazione del peronismo \u00e8, come tutti sanno, un\u2019organizzazione terroristica che prosegue la politica dei gruppi che insanguinarono il paese negli anni \u201970.<\/p>\n\n\n\n<p>Tale dichiarazione significherebbe che qualsiasi persona, per il solo fatto di far parte di organizzazioni come La C\u00e1mpora, Barrios de Pie, ecc., possa essere considerata terrorista ai sensi della legge e sottoposta alle pene previste per quel reato.<\/p>\n\n\n\n<p>Allo stesso modo, coloro che lo promuovano o che facciano apologia di questo tipo di crimini.<\/p>\n\n\n\n<p>In Italia ci furono le Brigate Rosse. Qui avemmo l\u2019ERP, i Montoneros e i loro alleati. E alcuni anziani, quelli nelle carceri e quelli che siamo fuori, non dimentichiamo quel passato che ora ritorna\u201d.<\/p>\n<\/blockquote>\n\n\n\n<p>Un finale che, tra la satira del \u201ccassonetto\u201d e la memoria tragica degli anni Settanta, ricorda che la linea tra politica, violenza e giustizia in Argentina rimane sottile, scivolosa e, talvolta, sanguinante.<br><br><small>\u00a9 2025 ElCanillita.info \/ BlogDiario.info &#8211; All Rights Reserved &#8211; SalaStampa.eu, world press service Guzzo Photos &amp; Graphic Publications \u2013 Registro Editori e Stampatori n. 1441 Turin, Italy<\/small><\/p>\n","protected":false},"excerpt":{"rendered":"<p>Nel conurbano bonaerense le campagne politiche non si discutono pi\u00f9 nelle piazze, nei bar d\u2019angolo o nei programmi di gossip televisivi. <\/p>\n","protected":false},"author":3,"featured_media":2199,"comment_status":"closed","ping_status":"closed","sticky":false,"template":"","format":"standard","meta":{"footnotes":"","_links_to":"","_links_to_target":""},"categories":[97,109,61,18,20],"tags":[23],"class_list":["post-2206","post","type-post","status-publish","format-standard","has-post-thumbnail","hentry","category-elcanillita","category-dc24","category-attualita","category-politica-ita","category-societa","tag-argentina","entry","rows"],"yoast_head":"<!-- This site is optimized with the Yoast SEO plugin v27.4 - https:\/\/yoast.com\/product\/yoast-seo-wordpress\/ -->\n<title>La patria del cassonetto di macerie - BlogDiario Magazine<\/title>\n<meta name=\"robots\" content=\"index, follow, max-snippet:-1, max-image-preview:large, max-video-preview:-1\" \/>\n<link rel=\"canonical\" href=\"https:\/\/blogdiario.info\/magazine\/2025\/08\/28\/la-patria-del-cassonetto-di-macerie\/\" \/>\n<meta property=\"og:locale\" content=\"es_ES\" \/>\n<meta property=\"og:type\" content=\"article\" \/>\n<meta property=\"og:title\" content=\"La patria del cassonetto di macerie - BlogDiario Magazine\" \/>\n<meta property=\"og:description\" content=\"Nel conurbano bonaerense le campagne politiche non si discutono pi\u00f9 nelle piazze, nei bar d\u2019angolo o nei programmi di gossip televisivi.\" \/>\n<meta property=\"og:url\" content=\"https:\/\/blogdiario.info\/magazine\/2025\/08\/28\/la-patria-del-cassonetto-di-macerie\/\" \/>\n<meta property=\"og:site_name\" content=\"BlogDiario Magazine\" \/>\n<meta property=\"article:published_time\" content=\"2025-08-28T09:26:58+00:00\" \/>\n<meta property=\"article:modified_time\" content=\"2025-08-28T13:26:03+00:00\" \/>\n<meta property=\"og:image\" content=\"https:\/\/blogdiario.info\/magazine\/images\/2025\/08\/coverMill_20250828.jpg\" \/>\n\t<meta property=\"og:image:width\" content=\"535\" \/>\n\t<meta property=\"og:image:height\" content=\"357\" \/>\n\t<meta property=\"og:image:type\" content=\"image\/jpeg\" \/>\n<meta name=\"author\" content=\"ElCanillita. info\" \/>\n<meta name=\"twitter:card\" content=\"summary_large_image\" \/>\n<meta name=\"twitter:label1\" content=\"Escrito por\" \/>\n\t<meta name=\"twitter:data1\" content=\"ElCanillita. info\" \/>\n\t<meta name=\"twitter:label2\" content=\"Tiempo de lectura\" \/>\n\t<meta name=\"twitter:data2\" content=\"3 minutos\" \/>\n<script type=\"application\/ld+json\" class=\"yoast-schema-graph\">{\"@context\":\"https:\\\/\\\/schema.org\",\"@graph\":[{\"@type\":\"Article\",\"@id\":\"https:\\\/\\\/blogdiario.info\\\/magazine\\\/2025\\\/08\\\/28\\\/la-patria-del-cassonetto-di-macerie\\\/#article\",\"isPartOf\":{\"@id\":\"https:\\\/\\\/blogdiario.info\\\/magazine\\\/2025\\\/08\\\/28\\\/la-patria-del-cassonetto-di-macerie\\\/\"},\"author\":{\"name\":\"ElCanillita. info\",\"@id\":\"https:\\\/\\\/blogdiario.info\\\/magazine\\\/#\\\/schema\\\/person\\\/1bc427132fc8d179f9b2b40dd9759e83\"},\"headline\":\"La patria del cassonetto di macerie\",\"datePublished\":\"2025-08-28T09:26:58+00:00\",\"dateModified\":\"2025-08-28T13:26:03+00:00\",\"mainEntityOfPage\":{\"@id\":\"https:\\\/\\\/blogdiario.info\\\/magazine\\\/2025\\\/08\\\/28\\\/la-patria-del-cassonetto-di-macerie\\\/\"},\"wordCount\":555,\"publisher\":{\"@id\":\"https:\\\/\\\/blogdiario.info\\\/magazine\\\/#organization\"},\"image\":{\"@id\":\"https:\\\/\\\/blogdiario.info\\\/magazine\\\/2025\\\/08\\\/28\\\/la-patria-del-cassonetto-di-macerie\\\/#primaryimage\"},\"thumbnailUrl\":\"https:\\\/\\\/blogdiario.info\\\/magazine\\\/images\\\/2025\\\/08\\\/coverMill_20250828.jpg\",\"keywords\":[\"Argentina\"],\"articleSection\":[\".\",\".\",\"Attualit\u00e0\",\"Politica\",\"Societ\u00e0\"],\"inLanguage\":\"es-AR\"},{\"@type\":\"WebPage\",\"@id\":\"https:\\\/\\\/blogdiario.info\\\/magazine\\\/2025\\\/08\\\/28\\\/la-patria-del-cassonetto-di-macerie\\\/\",\"url\":\"https:\\\/\\\/blogdiario.info\\\/magazine\\\/2025\\\/08\\\/28\\\/la-patria-del-cassonetto-di-macerie\\\/\",\"name\":\"La patria del cassonetto di macerie - BlogDiario Magazine\",\"isPartOf\":{\"@id\":\"https:\\\/\\\/blogdiario.info\\\/magazine\\\/#website\"},\"primaryImageOfPage\":{\"@id\":\"https:\\\/\\\/blogdiario.info\\\/magazine\\\/2025\\\/08\\\/28\\\/la-patria-del-cassonetto-di-macerie\\\/#primaryimage\"},\"image\":{\"@id\":\"https:\\\/\\\/blogdiario.info\\\/magazine\\\/2025\\\/08\\\/28\\\/la-patria-del-cassonetto-di-macerie\\\/#primaryimage\"},\"thumbnailUrl\":\"https:\\\/\\\/blogdiario.info\\\/magazine\\\/images\\\/2025\\\/08\\\/coverMill_20250828.jpg\",\"datePublished\":\"2025-08-28T09:26:58+00:00\",\"dateModified\":\"2025-08-28T13:26:03+00:00\",\"breadcrumb\":{\"@id\":\"https:\\\/\\\/blogdiario.info\\\/magazine\\\/2025\\\/08\\\/28\\\/la-patria-del-cassonetto-di-macerie\\\/#breadcrumb\"},\"inLanguage\":\"es-AR\",\"potentialAction\":[{\"@type\":\"ReadAction\",\"target\":[\"https:\\\/\\\/blogdiario.info\\\/magazine\\\/2025\\\/08\\\/28\\\/la-patria-del-cassonetto-di-macerie\\\/\"]}]},{\"@type\":\"ImageObject\",\"inLanguage\":\"es-AR\",\"@id\":\"https:\\\/\\\/blogdiario.info\\\/magazine\\\/2025\\\/08\\\/28\\\/la-patria-del-cassonetto-di-macerie\\\/#primaryimage\",\"url\":\"https:\\\/\\\/blogdiario.info\\\/magazine\\\/images\\\/2025\\\/08\\\/coverMill_20250828.jpg\",\"contentUrl\":\"https:\\\/\\\/blogdiario.info\\\/magazine\\\/images\\\/2025\\\/08\\\/coverMill_20250828.jpg\",\"width\":535,\"height\":357},{\"@type\":\"BreadcrumbList\",\"@id\":\"https:\\\/\\\/blogdiario.info\\\/magazine\\\/2025\\\/08\\\/28\\\/la-patria-del-cassonetto-di-macerie\\\/#breadcrumb\",\"itemListElement\":[{\"@type\":\"ListItem\",\"position\":1,\"name\":\"Home\",\"item\":\"https:\\\/\\\/blogdiario.info\\\/magazine\\\/\"},{\"@type\":\"ListItem\",\"position\":2,\"name\":\"La patria del cassonetto di macerie\"}]},{\"@type\":\"WebSite\",\"@id\":\"https:\\\/\\\/blogdiario.info\\\/magazine\\\/#website\",\"url\":\"https:\\\/\\\/blogdiario.info\\\/magazine\\\/\",\"name\":\"BlogDiario Magazine\",\"description\":\"Suplemento multiling\u00fce de ElCanillita.Info\",\"publisher\":{\"@id\":\"https:\\\/\\\/blogdiario.info\\\/magazine\\\/#organization\"},\"potentialAction\":[{\"@type\":\"SearchAction\",\"target\":{\"@type\":\"EntryPoint\",\"urlTemplate\":\"https:\\\/\\\/blogdiario.info\\\/magazine\\\/?s={search_term_string}\"},\"query-input\":{\"@type\":\"PropertyValueSpecification\",\"valueRequired\":true,\"valueName\":\"search_term_string\"}}],\"inLanguage\":\"es-AR\"},{\"@type\":\"Organization\",\"@id\":\"https:\\\/\\\/blogdiario.info\\\/magazine\\\/#organization\",\"name\":\"Guzzo Photos & Graphic Publications\",\"url\":\"https:\\\/\\\/blogdiario.info\\\/magazine\\\/\",\"logo\":{\"@type\":\"ImageObject\",\"inLanguage\":\"es-AR\",\"@id\":\"https:\\\/\\\/blogdiario.info\\\/magazine\\\/#\\\/schema\\\/logo\\\/image\\\/\",\"url\":\"https:\\\/\\\/blogdiario.info\\\/magazine\\\/images\\\/2020\\\/01\\\/cropped-blogdia_magazine.jpg\",\"contentUrl\":\"https:\\\/\\\/blogdiario.info\\\/magazine\\\/images\\\/2020\\\/01\\\/cropped-blogdia_magazine.jpg\",\"width\":589,\"height\":55,\"caption\":\"Guzzo Photos & Graphic Publications\"},\"image\":{\"@id\":\"https:\\\/\\\/blogdiario.info\\\/magazine\\\/#\\\/schema\\\/logo\\\/image\\\/\"}},{\"@type\":\"Person\",\"@id\":\"https:\\\/\\\/blogdiario.info\\\/magazine\\\/#\\\/schema\\\/person\\\/1bc427132fc8d179f9b2b40dd9759e83\",\"name\":\"ElCanillita. info\",\"sameAs\":[\"http:\\\/\\\/soapboxorators.org\"]}]}<\/script>\n<!-- \/ Yoast SEO plugin. -->","yoast_head_json":{"title":"La patria del cassonetto di macerie - BlogDiario Magazine","robots":{"index":"index","follow":"follow","max-snippet":"max-snippet:-1","max-image-preview":"max-image-preview:large","max-video-preview":"max-video-preview:-1"},"canonical":"https:\/\/blogdiario.info\/magazine\/2025\/08\/28\/la-patria-del-cassonetto-di-macerie\/","og_locale":"es_ES","og_type":"article","og_title":"La patria del cassonetto di macerie - BlogDiario Magazine","og_description":"Nel conurbano bonaerense le campagne politiche non si discutono pi\u00f9 nelle piazze, nei bar d\u2019angolo o nei programmi di gossip televisivi.","og_url":"https:\/\/blogdiario.info\/magazine\/2025\/08\/28\/la-patria-del-cassonetto-di-macerie\/","og_site_name":"BlogDiario Magazine","article_published_time":"2025-08-28T09:26:58+00:00","article_modified_time":"2025-08-28T13:26:03+00:00","og_image":[{"width":535,"height":357,"url":"https:\/\/blogdiario.info\/magazine\/images\/2025\/08\/coverMill_20250828.jpg","type":"image\/jpeg"}],"author":"ElCanillita. info","twitter_card":"summary_large_image","twitter_misc":{"Escrito por":"ElCanillita. info","Tiempo de lectura":"3 minutos"},"schema":{"@context":"https:\/\/schema.org","@graph":[{"@type":"Article","@id":"https:\/\/blogdiario.info\/magazine\/2025\/08\/28\/la-patria-del-cassonetto-di-macerie\/#article","isPartOf":{"@id":"https:\/\/blogdiario.info\/magazine\/2025\/08\/28\/la-patria-del-cassonetto-di-macerie\/"},"author":{"name":"ElCanillita. info","@id":"https:\/\/blogdiario.info\/magazine\/#\/schema\/person\/1bc427132fc8d179f9b2b40dd9759e83"},"headline":"La patria del cassonetto di macerie","datePublished":"2025-08-28T09:26:58+00:00","dateModified":"2025-08-28T13:26:03+00:00","mainEntityOfPage":{"@id":"https:\/\/blogdiario.info\/magazine\/2025\/08\/28\/la-patria-del-cassonetto-di-macerie\/"},"wordCount":555,"publisher":{"@id":"https:\/\/blogdiario.info\/magazine\/#organization"},"image":{"@id":"https:\/\/blogdiario.info\/magazine\/2025\/08\/28\/la-patria-del-cassonetto-di-macerie\/#primaryimage"},"thumbnailUrl":"https:\/\/blogdiario.info\/magazine\/images\/2025\/08\/coverMill_20250828.jpg","keywords":["Argentina"],"articleSection":[".",".","Attualit\u00e0","Politica","Societ\u00e0"],"inLanguage":"es-AR"},{"@type":"WebPage","@id":"https:\/\/blogdiario.info\/magazine\/2025\/08\/28\/la-patria-del-cassonetto-di-macerie\/","url":"https:\/\/blogdiario.info\/magazine\/2025\/08\/28\/la-patria-del-cassonetto-di-macerie\/","name":"La patria del cassonetto di macerie - BlogDiario Magazine","isPartOf":{"@id":"https:\/\/blogdiario.info\/magazine\/#website"},"primaryImageOfPage":{"@id":"https:\/\/blogdiario.info\/magazine\/2025\/08\/28\/la-patria-del-cassonetto-di-macerie\/#primaryimage"},"image":{"@id":"https:\/\/blogdiario.info\/magazine\/2025\/08\/28\/la-patria-del-cassonetto-di-macerie\/#primaryimage"},"thumbnailUrl":"https:\/\/blogdiario.info\/magazine\/images\/2025\/08\/coverMill_20250828.jpg","datePublished":"2025-08-28T09:26:58+00:00","dateModified":"2025-08-28T13:26:03+00:00","breadcrumb":{"@id":"https:\/\/blogdiario.info\/magazine\/2025\/08\/28\/la-patria-del-cassonetto-di-macerie\/#breadcrumb"},"inLanguage":"es-AR","potentialAction":[{"@type":"ReadAction","target":["https:\/\/blogdiario.info\/magazine\/2025\/08\/28\/la-patria-del-cassonetto-di-macerie\/"]}]},{"@type":"ImageObject","inLanguage":"es-AR","@id":"https:\/\/blogdiario.info\/magazine\/2025\/08\/28\/la-patria-del-cassonetto-di-macerie\/#primaryimage","url":"https:\/\/blogdiario.info\/magazine\/images\/2025\/08\/coverMill_20250828.jpg","contentUrl":"https:\/\/blogdiario.info\/magazine\/images\/2025\/08\/coverMill_20250828.jpg","width":535,"height":357},{"@type":"BreadcrumbList","@id":"https:\/\/blogdiario.info\/magazine\/2025\/08\/28\/la-patria-del-cassonetto-di-macerie\/#breadcrumb","itemListElement":[{"@type":"ListItem","position":1,"name":"Home","item":"https:\/\/blogdiario.info\/magazine\/"},{"@type":"ListItem","position":2,"name":"La patria del cassonetto di macerie"}]},{"@type":"WebSite","@id":"https:\/\/blogdiario.info\/magazine\/#website","url":"https:\/\/blogdiario.info\/magazine\/","name":"BlogDiario Magazine","description":"Suplemento multiling\u00fce de ElCanillita.Info","publisher":{"@id":"https:\/\/blogdiario.info\/magazine\/#organization"},"potentialAction":[{"@type":"SearchAction","target":{"@type":"EntryPoint","urlTemplate":"https:\/\/blogdiario.info\/magazine\/?s={search_term_string}"},"query-input":{"@type":"PropertyValueSpecification","valueRequired":true,"valueName":"search_term_string"}}],"inLanguage":"es-AR"},{"@type":"Organization","@id":"https:\/\/blogdiario.info\/magazine\/#organization","name":"Guzzo Photos & Graphic Publications","url":"https:\/\/blogdiario.info\/magazine\/","logo":{"@type":"ImageObject","inLanguage":"es-AR","@id":"https:\/\/blogdiario.info\/magazine\/#\/schema\/logo\/image\/","url":"https:\/\/blogdiario.info\/magazine\/images\/2020\/01\/cropped-blogdia_magazine.jpg","contentUrl":"https:\/\/blogdiario.info\/magazine\/images\/2020\/01\/cropped-blogdia_magazine.jpg","width":589,"height":55,"caption":"Guzzo Photos & Graphic Publications"},"image":{"@id":"https:\/\/blogdiario.info\/magazine\/#\/schema\/logo\/image\/"}},{"@type":"Person","@id":"https:\/\/blogdiario.info\/magazine\/#\/schema\/person\/1bc427132fc8d179f9b2b40dd9759e83","name":"ElCanillita. info","sameAs":["http:\/\/soapboxorators.org"]}]}},"views":197,"_links":{"self":[{"href":"https:\/\/blogdiario.info\/magazine\/wp-json\/wp\/v2\/posts\/2206","targetHints":{"allow":["GET"]}}],"collection":[{"href":"https:\/\/blogdiario.info\/magazine\/wp-json\/wp\/v2\/posts"}],"about":[{"href":"https:\/\/blogdiario.info\/magazine\/wp-json\/wp\/v2\/types\/post"}],"author":[{"embeddable":true,"href":"https:\/\/blogdiario.info\/magazine\/wp-json\/wp\/v2\/users\/3"}],"replies":[{"embeddable":true,"href":"https:\/\/blogdiario.info\/magazine\/wp-json\/wp\/v2\/comments?post=2206"}],"version-history":[{"count":0,"href":"https:\/\/blogdiario.info\/magazine\/wp-json\/wp\/v2\/posts\/2206\/revisions"}],"wp:featuredmedia":[{"embeddable":true,"href":"https:\/\/blogdiario.info\/magazine\/wp-json\/wp\/v2\/media\/2199"}],"wp:attachment":[{"href":"https:\/\/blogdiario.info\/magazine\/wp-json\/wp\/v2\/media?parent=2206"}],"wp:term":[{"taxonomy":"category","embeddable":true,"href":"https:\/\/blogdiario.info\/magazine\/wp-json\/wp\/v2\/categories?post=2206"},{"taxonomy":"post_tag","embeddable":true,"href":"https:\/\/blogdiario.info\/magazine\/wp-json\/wp\/v2\/tags?post=2206"}],"curies":[{"name":"wp","href":"https:\/\/api.w.org\/{rel}","templated":true}]}}