{"id":2204,"date":"2025-08-28T10:17:08","date_gmt":"2025-08-28T09:17:08","guid":{"rendered":"https:\/\/blogdiario.info\/magazine\/?p=2204"},"modified":"2025-08-28T14:01:29","modified_gmt":"2025-08-28T13:01:29","slug":"la-patria-del-volquete","status":"publish","type":"post","link":"https:\/\/blogdiario.info\/magazine\/2025\/08\/28\/la-patria-del-volquete\/","title":{"rendered":"La patria del volquete"},"content":{"rendered":"\n<figure class=\"wp-block-image size-full\"><img loading=\"lazy\" decoding=\"async\" width=\"535\" height=\"357\" src=\"https:\/\/blogdiario.info\/magazine\/images\/2025\/08\/coverMill_20250828.jpg\" alt=\"\" class=\"wp-image-2199\" srcset=\"https:\/\/blogdiario.info\/magazine\/images\/2025\/08\/coverMill_20250828.jpg 535w, https:\/\/blogdiario.info\/magazine\/images\/2025\/08\/coverMill_20250828-300x200.jpg 300w\" sizes=\"auto, (max-width: 535px) 100vw, 535px\" \/><\/figure>\n\n\n\n<p>Argentina<br>En el conurbano bonaerense las campa\u00f1as pol\u00edticas ya no se discuten en plazas, ni en caf\u00e9s de esquina, ni siquiera en los programas de chimentos televisivos. Ahora se definen en la cancha m\u00e1s democr\u00e1tica que existe: <strong>el volquete de escombros<\/strong>.<\/p>\n\n\n\n<p>La caravana presidencial de Javier Milei rodaba por Lomas de Zamora entre aplausos y silbidos, cuando de pronto, cual reality show en vivo, empezaron a llover piedras, cascotes y restos de azulejos rotos que todav\u00eda llevaban la etiqueta de \u201cMade in San Justo\u201d. El Presidente, su hermana Karina, Jos\u00e9 Luis Espert y Sebasti\u00e1n Pareja vivieron as\u00ed una versi\u00f3n remixada de \u201cLluvia de estrellas\u201d, pero sin Raphael y con menos glamour.<\/p>\n\n\n\n<p>La camioneta, que no es precisamente el Batim\u00f3vil, debi\u00f3 acelerar como en \u201cR\u00e1pido y Furioso: Edici\u00f3n Libertaria\u201d, mientras la custodia presidencial trataba de decidir si proteger al mandatario o esconderse bajo el asiento. Testigos afirman que algunos agentes de seguridad parec\u00edan m\u00e1s interesados en calcular el valor de los escombros para venderlos en Mercado Libre.<\/p>\n\n\n\n<p>Los libertarios denunciaron que se trat\u00f3 de militantes peronistas disfrazados de alba\u00f1iles indignados. Desde la vereda de enfrente aseguran que fue pura casualidad: <em>\u201cEl volquete estaba ah\u00ed, tentador, y bueno\u2026 uno a veces se tienta\u201d<\/em>.<\/p>\n\n\n\n<p>El resultado: Milei sali\u00f3 indemne, la camioneta abollada y el barrio enervado, que ahora presume de haber inventado la <strong>\u201cescuela argentina de marketing pol\u00edtico con cascote incluido\u201d<\/strong>.<\/p>\n\n\n\n<p><p>En Jun\u00edn ya hab\u00edan probado la semana pasada con un ensayo general; en Lomas de Zamora perfeccionaron la coreograf\u00eda. Todo indica que, a este ritmo, el pr\u00f3ximo acto proselitista necesitar\u00e1 no un palco, sino un <strong>b\u00fanker de hormig\u00f3n armado<\/strong> con barbacoa y catering para los invitados.<\/p><hr style=\"border: none; height: 1px; background-color: #ccc; margin: 2em 0;\"><\/hr><\/p>\n\n\n\n<p>Y como si no faltara nada en este guion tragic\u00f3mico, nos escribe un legista con memoria larga y pluma filosa:<\/p>\n\n\n\n<blockquote class=\"wp-block-quote is-layout-flow wp-block-quote-is-layout-flow\">\n<p>\u201cSe ha podido acreditar que esto no es un fen\u00f3meno espont\u00e1neo, sino que ha habido participaci\u00f3n de la municipalidad local, presidida por un kirchnerista y ejecutada por varios otros conocidos dirigentes de esa organizaci\u00f3n.<\/p>\n\n\n\n<p>Teniendo presente que el terrorismo es uso sistem\u00e1tico de la violencia o la amenaza de violencia, a menudo a trav\u00e9s de actos criminales, para intimidar a una poblaci\u00f3n y forzar a gobiernos u organizaciones a actuar o abstenerse de actuar para lograr objetivos pol\u00edticos, ideol\u00f3gicos o religiosos, el gobierno podr\u00eda muy bien conseguir una declaraci\u00f3n judicial de que esa fracci\u00f3n del peronismo es, como todo el mundo lo sabe, una organizaci\u00f3n terrorista que contin\u00faa con la pol\u00edtica de las bandas que cubrieron de sangre el pa\u00eds en los a\u00f1os 70.<\/p>\n\n\n\n<p>Esa declaraci\u00f3n significar\u00eda que cualquier persona, por el solo hecho de integrar organizaciones como La C\u00e1mpora, Barrios de Pie, etc., pueda ser considerado terrorista a los t\u00e9rminos legales y sometido a las penas que castigan ese delito.<\/p>\n\n\n\n<p>Del mismo modo, aquellos que lo promuevan o que hagan la apolog\u00eda de estos cr\u00edmenes.<\/p>\n\n\n\n<p>All\u00e1 tuvieron las Brigate Rosse. Aqu\u00ed tuvimos al ERP, Montoneros y sus aliados. Y algunos viejos, los de las c\u00e1rceles y los que estamos afuera, no olvidamos ese pasado que ahora vuelve\u201d.<\/p>\n<\/blockquote>\n\n\n\n<p>Un cierre que, entre la s\u00e1tira del \u201cvolquete\u201d y la memoria tr\u00e1gica de los setenta, recuerda que la l\u00ednea entre pol\u00edtica, violencia y justicia en Argentina sigue siendo delgada, resbaladiza y, a veces, sangrante.<br><br><small>\u00a9 2025 ElCanillita.info \/ BlogDiario.info &#8211; All Rights Reserved &#8211; SalaStampa.eu, world press service Guzzo Photos &amp; Graphic Publications \u2013 Registro Editori e Stampatori n. 1441 Turin, Italy<\/small><\/p>\n","protected":false},"excerpt":{"rendered":"<p>En el conurbano bonaerense las campa\u00f1as pol\u00edticas ya no se discuten en plazas, ni en caf\u00e9s de esquina, ni siquiera en los programas de chimentos televisivos<\/p>\n","protected":false},"author":3,"featured_media":2199,"comment_status":"closed","ping_status":"closed","sticky":false,"template":"","format":"standard","meta":{"footnotes":"","_links_to":"","_links_to_target":""},"categories":[97,109,62,143,41,43,166],"tags":[23],"class_list":["post-2204","post","type-post","status-publish","format-standard","has-post-thumbnail","hentry","category-elcanillita","category-dc24","category-actualidad","category-corrupcion","category-politica-esp","category-sociedad","category-south-america","tag-argentina","entry","rows"],"yoast_head":"<!-- This site is optimized with the Yoast SEO plugin v27.4 - https:\/\/yoast.com\/product\/yoast-seo-wordpress\/ -->\n<title>La patria del volquete - BlogDiario Magazine<\/title>\n<meta name=\"robots\" content=\"index, follow, max-snippet:-1, max-image-preview:large, max-video-preview:-1\" \/>\n<link rel=\"canonical\" href=\"https:\/\/blogdiario.info\/magazine\/2025\/08\/28\/la-patria-del-volquete\/\" \/>\n<meta property=\"og:locale\" content=\"es_ES\" \/>\n<meta property=\"og:type\" content=\"article\" \/>\n<meta property=\"og:title\" content=\"La patria del volquete - BlogDiario Magazine\" \/>\n<meta property=\"og:description\" content=\"En el conurbano bonaerense las campa\u00f1as pol\u00edticas ya no se discuten en plazas, ni en caf\u00e9s de esquina, ni siquiera en los programas de chimentos televisivos\" \/>\n<meta property=\"og:url\" content=\"https:\/\/blogdiario.info\/magazine\/2025\/08\/28\/la-patria-del-volquete\/\" \/>\n<meta property=\"og:site_name\" content=\"BlogDiario Magazine\" \/>\n<meta property=\"article:published_time\" content=\"2025-08-28T09:17:08+00:00\" \/>\n<meta property=\"article:modified_time\" content=\"2025-08-28T13:01:29+00:00\" \/>\n<meta property=\"og:image\" content=\"https:\/\/blogdiario.info\/magazine\/images\/2025\/08\/coverMill_20250828.jpg\" \/>\n\t<meta property=\"og:image:width\" content=\"535\" \/>\n\t<meta property=\"og:image:height\" content=\"357\" \/>\n\t<meta property=\"og:image:type\" content=\"image\/jpeg\" \/>\n<meta name=\"author\" content=\"ElCanillita. info\" \/>\n<meta name=\"twitter:card\" content=\"summary_large_image\" \/>\n<meta name=\"twitter:label1\" content=\"Escrito por\" \/>\n\t<meta name=\"twitter:data1\" content=\"ElCanillita. info\" \/>\n\t<meta name=\"twitter:label2\" content=\"Tiempo de lectura\" \/>\n\t<meta name=\"twitter:data2\" content=\"3 minutos\" \/>\n<script type=\"application\/ld+json\" class=\"yoast-schema-graph\">{\"@context\":\"https:\\\/\\\/schema.org\",\"@graph\":[{\"@type\":\"Article\",\"@id\":\"https:\\\/\\\/blogdiario.info\\\/magazine\\\/2025\\\/08\\\/28\\\/la-patria-del-volquete\\\/#article\",\"isPartOf\":{\"@id\":\"https:\\\/\\\/blogdiario.info\\\/magazine\\\/2025\\\/08\\\/28\\\/la-patria-del-volquete\\\/\"},\"author\":{\"name\":\"ElCanillita. info\",\"@id\":\"https:\\\/\\\/blogdiario.info\\\/magazine\\\/#\\\/schema\\\/person\\\/1bc427132fc8d179f9b2b40dd9759e83\"},\"headline\":\"La patria del volquete\",\"datePublished\":\"2025-08-28T09:17:08+00:00\",\"dateModified\":\"2025-08-28T13:01:29+00:00\",\"mainEntityOfPage\":{\"@id\":\"https:\\\/\\\/blogdiario.info\\\/magazine\\\/2025\\\/08\\\/28\\\/la-patria-del-volquete\\\/\"},\"wordCount\":614,\"publisher\":{\"@id\":\"https:\\\/\\\/blogdiario.info\\\/magazine\\\/#organization\"},\"image\":{\"@id\":\"https:\\\/\\\/blogdiario.info\\\/magazine\\\/2025\\\/08\\\/28\\\/la-patria-del-volquete\\\/#primaryimage\"},\"thumbnailUrl\":\"https:\\\/\\\/blogdiario.info\\\/magazine\\\/images\\\/2025\\\/08\\\/coverMill_20250828.jpg\",\"keywords\":[\"Argentina\"],\"articleSection\":[\".\",\".\",\"Actualidad\",\"Corrupci\u00f3n\",\"Politica\",\"Sociedad\",\"South America\"],\"inLanguage\":\"es-AR\"},{\"@type\":\"WebPage\",\"@id\":\"https:\\\/\\\/blogdiario.info\\\/magazine\\\/2025\\\/08\\\/28\\\/la-patria-del-volquete\\\/\",\"url\":\"https:\\\/\\\/blogdiario.info\\\/magazine\\\/2025\\\/08\\\/28\\\/la-patria-del-volquete\\\/\",\"name\":\"La patria del volquete - BlogDiario Magazine\",\"isPartOf\":{\"@id\":\"https:\\\/\\\/blogdiario.info\\\/magazine\\\/#website\"},\"primaryImageOfPage\":{\"@id\":\"https:\\\/\\\/blogdiario.info\\\/magazine\\\/2025\\\/08\\\/28\\\/la-patria-del-volquete\\\/#primaryimage\"},\"image\":{\"@id\":\"https:\\\/\\\/blogdiario.info\\\/magazine\\\/2025\\\/08\\\/28\\\/la-patria-del-volquete\\\/#primaryimage\"},\"thumbnailUrl\":\"https:\\\/\\\/blogdiario.info\\\/magazine\\\/images\\\/2025\\\/08\\\/coverMill_20250828.jpg\",\"datePublished\":\"2025-08-28T09:17:08+00:00\",\"dateModified\":\"2025-08-28T13:01:29+00:00\",\"breadcrumb\":{\"@id\":\"https:\\\/\\\/blogdiario.info\\\/magazine\\\/2025\\\/08\\\/28\\\/la-patria-del-volquete\\\/#breadcrumb\"},\"inLanguage\":\"es-AR\",\"potentialAction\":[{\"@type\":\"ReadAction\",\"target\":[\"https:\\\/\\\/blogdiario.info\\\/magazine\\\/2025\\\/08\\\/28\\\/la-patria-del-volquete\\\/\"]}]},{\"@type\":\"ImageObject\",\"inLanguage\":\"es-AR\",\"@id\":\"https:\\\/\\\/blogdiario.info\\\/magazine\\\/2025\\\/08\\\/28\\\/la-patria-del-volquete\\\/#primaryimage\",\"url\":\"https:\\\/\\\/blogdiario.info\\\/magazine\\\/images\\\/2025\\\/08\\\/coverMill_20250828.jpg\",\"contentUrl\":\"https:\\\/\\\/blogdiario.info\\\/magazine\\\/images\\\/2025\\\/08\\\/coverMill_20250828.jpg\",\"width\":535,\"height\":357},{\"@type\":\"BreadcrumbList\",\"@id\":\"https:\\\/\\\/blogdiario.info\\\/magazine\\\/2025\\\/08\\\/28\\\/la-patria-del-volquete\\\/#breadcrumb\",\"itemListElement\":[{\"@type\":\"ListItem\",\"position\":1,\"name\":\"Home\",\"item\":\"https:\\\/\\\/blogdiario.info\\\/magazine\\\/\"},{\"@type\":\"ListItem\",\"position\":2,\"name\":\"La patria del volquete\"}]},{\"@type\":\"WebSite\",\"@id\":\"https:\\\/\\\/blogdiario.info\\\/magazine\\\/#website\",\"url\":\"https:\\\/\\\/blogdiario.info\\\/magazine\\\/\",\"name\":\"BlogDiario Magazine\",\"description\":\"Suplemento multiling\u00fce de ElCanillita.Info\",\"publisher\":{\"@id\":\"https:\\\/\\\/blogdiario.info\\\/magazine\\\/#organization\"},\"potentialAction\":[{\"@type\":\"SearchAction\",\"target\":{\"@type\":\"EntryPoint\",\"urlTemplate\":\"https:\\\/\\\/blogdiario.info\\\/magazine\\\/?s={search_term_string}\"},\"query-input\":{\"@type\":\"PropertyValueSpecification\",\"valueRequired\":true,\"valueName\":\"search_term_string\"}}],\"inLanguage\":\"es-AR\"},{\"@type\":\"Organization\",\"@id\":\"https:\\\/\\\/blogdiario.info\\\/magazine\\\/#organization\",\"name\":\"Guzzo Photos & Graphic Publications\",\"url\":\"https:\\\/\\\/blogdiario.info\\\/magazine\\\/\",\"logo\":{\"@type\":\"ImageObject\",\"inLanguage\":\"es-AR\",\"@id\":\"https:\\\/\\\/blogdiario.info\\\/magazine\\\/#\\\/schema\\\/logo\\\/image\\\/\",\"url\":\"https:\\\/\\\/blogdiario.info\\\/magazine\\\/images\\\/2020\\\/01\\\/cropped-blogdia_magazine.jpg\",\"contentUrl\":\"https:\\\/\\\/blogdiario.info\\\/magazine\\\/images\\\/2020\\\/01\\\/cropped-blogdia_magazine.jpg\",\"width\":589,\"height\":55,\"caption\":\"Guzzo Photos & Graphic Publications\"},\"image\":{\"@id\":\"https:\\\/\\\/blogdiario.info\\\/magazine\\\/#\\\/schema\\\/logo\\\/image\\\/\"}},{\"@type\":\"Person\",\"@id\":\"https:\\\/\\\/blogdiario.info\\\/magazine\\\/#\\\/schema\\\/person\\\/1bc427132fc8d179f9b2b40dd9759e83\",\"name\":\"ElCanillita. info\",\"sameAs\":[\"http:\\\/\\\/soapboxorators.org\"]}]}<\/script>\n<!-- \/ Yoast SEO plugin. -->","yoast_head_json":{"title":"La patria del volquete - BlogDiario Magazine","robots":{"index":"index","follow":"follow","max-snippet":"max-snippet:-1","max-image-preview":"max-image-preview:large","max-video-preview":"max-video-preview:-1"},"canonical":"https:\/\/blogdiario.info\/magazine\/2025\/08\/28\/la-patria-del-volquete\/","og_locale":"es_ES","og_type":"article","og_title":"La patria del volquete - BlogDiario Magazine","og_description":"En el conurbano bonaerense las campa\u00f1as pol\u00edticas ya no se discuten en plazas, ni en caf\u00e9s de esquina, ni siquiera en los programas de chimentos televisivos","og_url":"https:\/\/blogdiario.info\/magazine\/2025\/08\/28\/la-patria-del-volquete\/","og_site_name":"BlogDiario Magazine","article_published_time":"2025-08-28T09:17:08+00:00","article_modified_time":"2025-08-28T13:01:29+00:00","og_image":[{"width":535,"height":357,"url":"https:\/\/blogdiario.info\/magazine\/images\/2025\/08\/coverMill_20250828.jpg","type":"image\/jpeg"}],"author":"ElCanillita. info","twitter_card":"summary_large_image","twitter_misc":{"Escrito por":"ElCanillita. info","Tiempo de lectura":"3 minutos"},"schema":{"@context":"https:\/\/schema.org","@graph":[{"@type":"Article","@id":"https:\/\/blogdiario.info\/magazine\/2025\/08\/28\/la-patria-del-volquete\/#article","isPartOf":{"@id":"https:\/\/blogdiario.info\/magazine\/2025\/08\/28\/la-patria-del-volquete\/"},"author":{"name":"ElCanillita. info","@id":"https:\/\/blogdiario.info\/magazine\/#\/schema\/person\/1bc427132fc8d179f9b2b40dd9759e83"},"headline":"La patria del volquete","datePublished":"2025-08-28T09:17:08+00:00","dateModified":"2025-08-28T13:01:29+00:00","mainEntityOfPage":{"@id":"https:\/\/blogdiario.info\/magazine\/2025\/08\/28\/la-patria-del-volquete\/"},"wordCount":614,"publisher":{"@id":"https:\/\/blogdiario.info\/magazine\/#organization"},"image":{"@id":"https:\/\/blogdiario.info\/magazine\/2025\/08\/28\/la-patria-del-volquete\/#primaryimage"},"thumbnailUrl":"https:\/\/blogdiario.info\/magazine\/images\/2025\/08\/coverMill_20250828.jpg","keywords":["Argentina"],"articleSection":[".",".","Actualidad","Corrupci\u00f3n","Politica","Sociedad","South America"],"inLanguage":"es-AR"},{"@type":"WebPage","@id":"https:\/\/blogdiario.info\/magazine\/2025\/08\/28\/la-patria-del-volquete\/","url":"https:\/\/blogdiario.info\/magazine\/2025\/08\/28\/la-patria-del-volquete\/","name":"La patria del volquete - BlogDiario Magazine","isPartOf":{"@id":"https:\/\/blogdiario.info\/magazine\/#website"},"primaryImageOfPage":{"@id":"https:\/\/blogdiario.info\/magazine\/2025\/08\/28\/la-patria-del-volquete\/#primaryimage"},"image":{"@id":"https:\/\/blogdiario.info\/magazine\/2025\/08\/28\/la-patria-del-volquete\/#primaryimage"},"thumbnailUrl":"https:\/\/blogdiario.info\/magazine\/images\/2025\/08\/coverMill_20250828.jpg","datePublished":"2025-08-28T09:17:08+00:00","dateModified":"2025-08-28T13:01:29+00:00","breadcrumb":{"@id":"https:\/\/blogdiario.info\/magazine\/2025\/08\/28\/la-patria-del-volquete\/#breadcrumb"},"inLanguage":"es-AR","potentialAction":[{"@type":"ReadAction","target":["https:\/\/blogdiario.info\/magazine\/2025\/08\/28\/la-patria-del-volquete\/"]}]},{"@type":"ImageObject","inLanguage":"es-AR","@id":"https:\/\/blogdiario.info\/magazine\/2025\/08\/28\/la-patria-del-volquete\/#primaryimage","url":"https:\/\/blogdiario.info\/magazine\/images\/2025\/08\/coverMill_20250828.jpg","contentUrl":"https:\/\/blogdiario.info\/magazine\/images\/2025\/08\/coverMill_20250828.jpg","width":535,"height":357},{"@type":"BreadcrumbList","@id":"https:\/\/blogdiario.info\/magazine\/2025\/08\/28\/la-patria-del-volquete\/#breadcrumb","itemListElement":[{"@type":"ListItem","position":1,"name":"Home","item":"https:\/\/blogdiario.info\/magazine\/"},{"@type":"ListItem","position":2,"name":"La patria del volquete"}]},{"@type":"WebSite","@id":"https:\/\/blogdiario.info\/magazine\/#website","url":"https:\/\/blogdiario.info\/magazine\/","name":"BlogDiario Magazine","description":"Suplemento multiling\u00fce de ElCanillita.Info","publisher":{"@id":"https:\/\/blogdiario.info\/magazine\/#organization"},"potentialAction":[{"@type":"SearchAction","target":{"@type":"EntryPoint","urlTemplate":"https:\/\/blogdiario.info\/magazine\/?s={search_term_string}"},"query-input":{"@type":"PropertyValueSpecification","valueRequired":true,"valueName":"search_term_string"}}],"inLanguage":"es-AR"},{"@type":"Organization","@id":"https:\/\/blogdiario.info\/magazine\/#organization","name":"Guzzo Photos & Graphic Publications","url":"https:\/\/blogdiario.info\/magazine\/","logo":{"@type":"ImageObject","inLanguage":"es-AR","@id":"https:\/\/blogdiario.info\/magazine\/#\/schema\/logo\/image\/","url":"https:\/\/blogdiario.info\/magazine\/images\/2020\/01\/cropped-blogdia_magazine.jpg","contentUrl":"https:\/\/blogdiario.info\/magazine\/images\/2020\/01\/cropped-blogdia_magazine.jpg","width":589,"height":55,"caption":"Guzzo Photos & Graphic Publications"},"image":{"@id":"https:\/\/blogdiario.info\/magazine\/#\/schema\/logo\/image\/"}},{"@type":"Person","@id":"https:\/\/blogdiario.info\/magazine\/#\/schema\/person\/1bc427132fc8d179f9b2b40dd9759e83","name":"ElCanillita. info","sameAs":["http:\/\/soapboxorators.org"]}]}},"views":189,"_links":{"self":[{"href":"https:\/\/blogdiario.info\/magazine\/wp-json\/wp\/v2\/posts\/2204","targetHints":{"allow":["GET"]}}],"collection":[{"href":"https:\/\/blogdiario.info\/magazine\/wp-json\/wp\/v2\/posts"}],"about":[{"href":"https:\/\/blogdiario.info\/magazine\/wp-json\/wp\/v2\/types\/post"}],"author":[{"embeddable":true,"href":"https:\/\/blogdiario.info\/magazine\/wp-json\/wp\/v2\/users\/3"}],"replies":[{"embeddable":true,"href":"https:\/\/blogdiario.info\/magazine\/wp-json\/wp\/v2\/comments?post=2204"}],"version-history":[{"count":0,"href":"https:\/\/blogdiario.info\/magazine\/wp-json\/wp\/v2\/posts\/2204\/revisions"}],"wp:featuredmedia":[{"embeddable":true,"href":"https:\/\/blogdiario.info\/magazine\/wp-json\/wp\/v2\/media\/2199"}],"wp:attachment":[{"href":"https:\/\/blogdiario.info\/magazine\/wp-json\/wp\/v2\/media?parent=2204"}],"wp:term":[{"taxonomy":"category","embeddable":true,"href":"https:\/\/blogdiario.info\/magazine\/wp-json\/wp\/v2\/categories?post=2204"},{"taxonomy":"post_tag","embeddable":true,"href":"https:\/\/blogdiario.info\/magazine\/wp-json\/wp\/v2\/tags?post=2204"}],"curies":[{"name":"wp","href":"https:\/\/api.w.org\/{rel}","templated":true}]}}