{"id":2191,"date":"2025-08-27T22:52:46","date_gmt":"2025-08-27T21:52:46","guid":{"rendered":"https:\/\/blogdiario.info\/magazine\/?p=2191"},"modified":"2025-08-28T09:36:42","modified_gmt":"2025-08-28T08:36:42","slug":"pensar-mal-es-pecado-pero-casi-siempre-se-adivina-advertia-un-viejo-zorro-de-la-politica","status":"publish","type":"post","link":"https:\/\/blogdiario.info\/magazine\/2025\/08\/27\/pensar-mal-es-pecado-pero-casi-siempre-se-adivina-advertia-un-viejo-zorro-de-la-politica\/","title":{"rendered":"\u201cPensar mal es pecado\u2026 pero casi siempre se adivina\u201d \u2013 advert\u00eda un viejo zorro de la pol\u00edtica."},"content":{"rendered":"\n<figure class=\"wp-block-image size-full\"><img loading=\"lazy\" decoding=\"async\" width=\"550\" height=\"550\" src=\"https:\/\/blogdiario.info\/magazine\/images\/2025\/08\/cover_milei_28_08.jpg\" alt=\"\" class=\"wp-image-2196\" srcset=\"https:\/\/blogdiario.info\/magazine\/images\/2025\/08\/cover_milei_28_08.jpg 550w, https:\/\/blogdiario.info\/magazine\/images\/2025\/08\/cover_milei_28_08-300x300.jpg 300w, https:\/\/blogdiario.info\/magazine\/images\/2025\/08\/cover_milei_28_08-150x150.jpg 150w\" sizes=\"auto, (max-width: 550px) 100vw, 550px\" \/><\/figure>\n\n\n\n<p>Argentina<\/p>\n\n\n\n<p class=\"p1\">El presidente Javier Milei rompi\u00f3 el silencio sobre la causa por supuestas coimas en la Agencia Nacional de Discapacidad (ANDIS). En medio de la caravana en Lomas de Zamora, y antes de que la comitiva debiera ser evacuada por choques entre militantes, Milei se defendi\u00f3:<\/p>\n\n\n\n<blockquote class=\"wp-block-quote is-layout-flow wp-block-quote-is-layout-flow\">\n<p>\u201cTodo lo que dice Diego Spagnuolo es mentira. Lo vamos a llevar a la Justicia y vamos a probar que minti\u00f3\u201d.<\/p>\n<\/blockquote>\n\n\n\n<p class=\"p1\">La controversia estall\u00f3 tras la filtraci\u00f3n de audios del ex titular de la ANDIS, quien denunci\u00f3 maniobras irregulares y una recaudaci\u00f3n ilegal vinculada a la compra y venta de medicamentos. En esas grabaciones se menciona, adem\u00e1s, a la droguer\u00eda Suizo Argentino S.A.<\/p>\n\n\n\n<p><\/p>\n\n\n<p><small>\u00a9\ufe0f 2025 ElCanillita.info \/ BlogDiario.info \u2013 All Rights Reserved \u2013 SalaStampa.eu, world press service &#8211; Guzzo Photos &#038; Graphic Publications \u2013 Registro Editori e Stampatori n. 1441 Turin, Italy<\/small><\/p>\n\n\n<p><\/p>\n","protected":false},"excerpt":{"rendered":"<p>Argentina El presidente Javier Milei rompi\u00f3 el silencio sobre la causa por supuestas coimas en la Agencia Nacional de Discapacidad (ANDIS). En medio de la&#8230;<\/p>\n","protected":false},"author":1,"featured_media":2196,"comment_status":"closed","ping_status":"closed","sticky":false,"template":"","format":"standard","meta":{"footnotes":"","_links_to":"","_links_to_target":""},"categories":[97,109,62,51,143,41,43],"tags":[23],"class_list":["post-2191","post","type-post","status-publish","format-standard","has-post-thumbnail","hentry","category-elcanillita","category-dc24","category-actualidad","category-america-del-sud","category-corrupcion","category-politica-esp","category-sociedad","tag-argentina","entry","rows"],"yoast_head":"<!-- This site is optimized with the Yoast SEO plugin v27.4 - https:\/\/yoast.com\/product\/yoast-seo-wordpress\/ -->\n<title>\u201cPensar mal es pecado\u2026 pero casi siempre se adivina\u201d \u2013 advert\u00eda un viejo zorro de la pol\u00edtica. - BlogDiario Magazine<\/title>\n<meta name=\"robots\" content=\"index, follow, max-snippet:-1, max-image-preview:large, max-video-preview:-1\" \/>\n<link rel=\"canonical\" href=\"https:\/\/blogdiario.info\/magazine\/2025\/08\/27\/pensar-mal-es-pecado-pero-casi-siempre-se-adivina-advertia-un-viejo-zorro-de-la-politica\/\" \/>\n<meta property=\"og:locale\" content=\"es_ES\" \/>\n<meta property=\"og:type\" content=\"article\" \/>\n<meta property=\"og:title\" content=\"\u201cPensar mal es pecado\u2026 pero casi siempre se adivina\u201d \u2013 advert\u00eda un viejo zorro de la pol\u00edtica. - BlogDiario Magazine\" \/>\n<meta property=\"og:description\" content=\"Argentina El presidente Javier Milei rompi\u00f3 el silencio sobre la causa por supuestas coimas en la Agencia Nacional de Discapacidad (ANDIS). En medio de la&#8230;\" \/>\n<meta property=\"og:url\" content=\"https:\/\/blogdiario.info\/magazine\/2025\/08\/27\/pensar-mal-es-pecado-pero-casi-siempre-se-adivina-advertia-un-viejo-zorro-de-la-politica\/\" \/>\n<meta property=\"og:site_name\" content=\"BlogDiario Magazine\" \/>\n<meta property=\"article:published_time\" content=\"2025-08-27T21:52:46+00:00\" \/>\n<meta property=\"article:modified_time\" content=\"2025-08-28T08:36:42+00:00\" \/>\n<meta property=\"og:image\" content=\"https:\/\/blogdiario.info\/magazine\/images\/2025\/08\/cover_milei_28_08.jpg\" \/>\n\t<meta property=\"og:image:width\" content=\"550\" \/>\n\t<meta property=\"og:image:height\" content=\"550\" \/>\n\t<meta property=\"og:image:type\" content=\"image\/jpeg\" \/>\n<meta name=\"author\" content=\"World Press Service | Servicio de Prensa Mundial\" \/>\n<meta name=\"twitter:card\" content=\"summary_large_image\" \/>\n<meta name=\"twitter:label1\" content=\"Escrito por\" \/>\n\t<meta name=\"twitter:data1\" content=\"World Press Service | Servicio de Prensa Mundial\" \/>\n\t<meta name=\"twitter:label2\" content=\"Tiempo de lectura\" \/>\n\t<meta name=\"twitter:data2\" content=\"1 minuto\" \/>\n<script type=\"application\/ld+json\" class=\"yoast-schema-graph\">{\"@context\":\"https:\\\/\\\/schema.org\",\"@graph\":[{\"@type\":\"Article\",\"@id\":\"https:\\\/\\\/blogdiario.info\\\/magazine\\\/2025\\\/08\\\/27\\\/pensar-mal-es-pecado-pero-casi-siempre-se-adivina-advertia-un-viejo-zorro-de-la-politica\\\/#article\",\"isPartOf\":{\"@id\":\"https:\\\/\\\/blogdiario.info\\\/magazine\\\/2025\\\/08\\\/27\\\/pensar-mal-es-pecado-pero-casi-siempre-se-adivina-advertia-un-viejo-zorro-de-la-politica\\\/\"},\"author\":{\"name\":\"World Press Service | Servicio de Prensa Mundial\",\"@id\":\"https:\\\/\\\/blogdiario.info\\\/magazine\\\/#\\\/schema\\\/person\\\/b2422fe85574d945bad55513bb0c7354\"},\"headline\":\"\u201cPensar mal es pecado\u2026 pero casi siempre se adivina\u201d \u2013 advert\u00eda un viejo zorro de la pol\u00edtica.\",\"datePublished\":\"2025-08-27T21:52:46+00:00\",\"dateModified\":\"2025-08-28T08:36:42+00:00\",\"mainEntityOfPage\":{\"@id\":\"https:\\\/\\\/blogdiario.info\\\/magazine\\\/2025\\\/08\\\/27\\\/pensar-mal-es-pecado-pero-casi-siempre-se-adivina-advertia-un-viejo-zorro-de-la-politica\\\/\"},\"wordCount\":156,\"publisher\":{\"@id\":\"https:\\\/\\\/blogdiario.info\\\/magazine\\\/#organization\"},\"image\":{\"@id\":\"https:\\\/\\\/blogdiario.info\\\/magazine\\\/2025\\\/08\\\/27\\\/pensar-mal-es-pecado-pero-casi-siempre-se-adivina-advertia-un-viejo-zorro-de-la-politica\\\/#primaryimage\"},\"thumbnailUrl\":\"https:\\\/\\\/blogdiario.info\\\/magazine\\\/images\\\/2025\\\/08\\\/cover_milei_28_08.jpg\",\"keywords\":[\"Argentina\"],\"articleSection\":[\".\",\".\",\"Actualidad\",\"America del Sud\",\"Corrupci\u00f3n\",\"Politica\",\"Sociedad\"],\"inLanguage\":\"es-AR\"},{\"@type\":\"WebPage\",\"@id\":\"https:\\\/\\\/blogdiario.info\\\/magazine\\\/2025\\\/08\\\/27\\\/pensar-mal-es-pecado-pero-casi-siempre-se-adivina-advertia-un-viejo-zorro-de-la-politica\\\/\",\"url\":\"https:\\\/\\\/blogdiario.info\\\/magazine\\\/2025\\\/08\\\/27\\\/pensar-mal-es-pecado-pero-casi-siempre-se-adivina-advertia-un-viejo-zorro-de-la-politica\\\/\",\"name\":\"\u201cPensar mal es pecado\u2026 pero casi siempre se adivina\u201d \u2013 advert\u00eda un viejo zorro de la pol\u00edtica. - BlogDiario Magazine\",\"isPartOf\":{\"@id\":\"https:\\\/\\\/blogdiario.info\\\/magazine\\\/#website\"},\"primaryImageOfPage\":{\"@id\":\"https:\\\/\\\/blogdiario.info\\\/magazine\\\/2025\\\/08\\\/27\\\/pensar-mal-es-pecado-pero-casi-siempre-se-adivina-advertia-un-viejo-zorro-de-la-politica\\\/#primaryimage\"},\"image\":{\"@id\":\"https:\\\/\\\/blogdiario.info\\\/magazine\\\/2025\\\/08\\\/27\\\/pensar-mal-es-pecado-pero-casi-siempre-se-adivina-advertia-un-viejo-zorro-de-la-politica\\\/#primaryimage\"},\"thumbnailUrl\":\"https:\\\/\\\/blogdiario.info\\\/magazine\\\/images\\\/2025\\\/08\\\/cover_milei_28_08.jpg\",\"datePublished\":\"2025-08-27T21:52:46+00:00\",\"dateModified\":\"2025-08-28T08:36:42+00:00\",\"breadcrumb\":{\"@id\":\"https:\\\/\\\/blogdiario.info\\\/magazine\\\/2025\\\/08\\\/27\\\/pensar-mal-es-pecado-pero-casi-siempre-se-adivina-advertia-un-viejo-zorro-de-la-politica\\\/#breadcrumb\"},\"inLanguage\":\"es-AR\",\"potentialAction\":[{\"@type\":\"ReadAction\",\"target\":[\"https:\\\/\\\/blogdiario.info\\\/magazine\\\/2025\\\/08\\\/27\\\/pensar-mal-es-pecado-pero-casi-siempre-se-adivina-advertia-un-viejo-zorro-de-la-politica\\\/\"]}]},{\"@type\":\"ImageObject\",\"inLanguage\":\"es-AR\",\"@id\":\"https:\\\/\\\/blogdiario.info\\\/magazine\\\/2025\\\/08\\\/27\\\/pensar-mal-es-pecado-pero-casi-siempre-se-adivina-advertia-un-viejo-zorro-de-la-politica\\\/#primaryimage\",\"url\":\"https:\\\/\\\/blogdiario.info\\\/magazine\\\/images\\\/2025\\\/08\\\/cover_milei_28_08.jpg\",\"contentUrl\":\"https:\\\/\\\/blogdiario.info\\\/magazine\\\/images\\\/2025\\\/08\\\/cover_milei_28_08.jpg\",\"width\":550,\"height\":550},{\"@type\":\"BreadcrumbList\",\"@id\":\"https:\\\/\\\/blogdiario.info\\\/magazine\\\/2025\\\/08\\\/27\\\/pensar-mal-es-pecado-pero-casi-siempre-se-adivina-advertia-un-viejo-zorro-de-la-politica\\\/#breadcrumb\",\"itemListElement\":[{\"@type\":\"ListItem\",\"position\":1,\"name\":\"Home\",\"item\":\"https:\\\/\\\/blogdiario.info\\\/magazine\\\/\"},{\"@type\":\"ListItem\",\"position\":2,\"name\":\"\u201cPensar mal es pecado\u2026 pero casi siempre se adivina\u201d \u2013 advert\u00eda un viejo zorro de la pol\u00edtica.\"}]},{\"@type\":\"WebSite\",\"@id\":\"https:\\\/\\\/blogdiario.info\\\/magazine\\\/#website\",\"url\":\"https:\\\/\\\/blogdiario.info\\\/magazine\\\/\",\"name\":\"BlogDiario Magazine\",\"description\":\"Suplemento multiling\u00fce de ElCanillita.Info\",\"publisher\":{\"@id\":\"https:\\\/\\\/blogdiario.info\\\/magazine\\\/#organization\"},\"potentialAction\":[{\"@type\":\"SearchAction\",\"target\":{\"@type\":\"EntryPoint\",\"urlTemplate\":\"https:\\\/\\\/blogdiario.info\\\/magazine\\\/?s={search_term_string}\"},\"query-input\":{\"@type\":\"PropertyValueSpecification\",\"valueRequired\":true,\"valueName\":\"search_term_string\"}}],\"inLanguage\":\"es-AR\"},{\"@type\":\"Organization\",\"@id\":\"https:\\\/\\\/blogdiario.info\\\/magazine\\\/#organization\",\"name\":\"Guzzo Photos & Graphic Publications\",\"url\":\"https:\\\/\\\/blogdiario.info\\\/magazine\\\/\",\"logo\":{\"@type\":\"ImageObject\",\"inLanguage\":\"es-AR\",\"@id\":\"https:\\\/\\\/blogdiario.info\\\/magazine\\\/#\\\/schema\\\/logo\\\/image\\\/\",\"url\":\"https:\\\/\\\/blogdiario.info\\\/magazine\\\/images\\\/2020\\\/01\\\/cropped-blogdia_magazine.jpg\",\"contentUrl\":\"https:\\\/\\\/blogdiario.info\\\/magazine\\\/images\\\/2020\\\/01\\\/cropped-blogdia_magazine.jpg\",\"width\":589,\"height\":55,\"caption\":\"Guzzo Photos & Graphic Publications\"},\"image\":{\"@id\":\"https:\\\/\\\/blogdiario.info\\\/magazine\\\/#\\\/schema\\\/logo\\\/image\\\/\"}},{\"@type\":\"Person\",\"@id\":\"https:\\\/\\\/blogdiario.info\\\/magazine\\\/#\\\/schema\\\/person\\\/b2422fe85574d945bad55513bb0c7354\",\"name\":\"World Press Service | Servicio de Prensa Mundial\"}]}<\/script>\n<!-- \/ Yoast SEO plugin. -->","yoast_head_json":{"title":"\u201cPensar mal es pecado\u2026 pero casi siempre se adivina\u201d \u2013 advert\u00eda un viejo zorro de la pol\u00edtica. - BlogDiario Magazine","robots":{"index":"index","follow":"follow","max-snippet":"max-snippet:-1","max-image-preview":"max-image-preview:large","max-video-preview":"max-video-preview:-1"},"canonical":"https:\/\/blogdiario.info\/magazine\/2025\/08\/27\/pensar-mal-es-pecado-pero-casi-siempre-se-adivina-advertia-un-viejo-zorro-de-la-politica\/","og_locale":"es_ES","og_type":"article","og_title":"\u201cPensar mal es pecado\u2026 pero casi siempre se adivina\u201d \u2013 advert\u00eda un viejo zorro de la pol\u00edtica. - BlogDiario Magazine","og_description":"Argentina El presidente Javier Milei rompi\u00f3 el silencio sobre la causa por supuestas coimas en la Agencia Nacional de Discapacidad (ANDIS). En medio de la&#8230;","og_url":"https:\/\/blogdiario.info\/magazine\/2025\/08\/27\/pensar-mal-es-pecado-pero-casi-siempre-se-adivina-advertia-un-viejo-zorro-de-la-politica\/","og_site_name":"BlogDiario Magazine","article_published_time":"2025-08-27T21:52:46+00:00","article_modified_time":"2025-08-28T08:36:42+00:00","og_image":[{"width":550,"height":550,"url":"https:\/\/blogdiario.info\/magazine\/images\/2025\/08\/cover_milei_28_08.jpg","type":"image\/jpeg"}],"author":"World Press Service | Servicio de Prensa Mundial","twitter_card":"summary_large_image","twitter_misc":{"Escrito por":"World Press Service | Servicio de Prensa Mundial","Tiempo de lectura":"1 minuto"},"schema":{"@context":"https:\/\/schema.org","@graph":[{"@type":"Article","@id":"https:\/\/blogdiario.info\/magazine\/2025\/08\/27\/pensar-mal-es-pecado-pero-casi-siempre-se-adivina-advertia-un-viejo-zorro-de-la-politica\/#article","isPartOf":{"@id":"https:\/\/blogdiario.info\/magazine\/2025\/08\/27\/pensar-mal-es-pecado-pero-casi-siempre-se-adivina-advertia-un-viejo-zorro-de-la-politica\/"},"author":{"name":"World Press Service | Servicio de Prensa Mundial","@id":"https:\/\/blogdiario.info\/magazine\/#\/schema\/person\/b2422fe85574d945bad55513bb0c7354"},"headline":"\u201cPensar mal es pecado\u2026 pero casi siempre se adivina\u201d \u2013 advert\u00eda un viejo zorro de la pol\u00edtica.","datePublished":"2025-08-27T21:52:46+00:00","dateModified":"2025-08-28T08:36:42+00:00","mainEntityOfPage":{"@id":"https:\/\/blogdiario.info\/magazine\/2025\/08\/27\/pensar-mal-es-pecado-pero-casi-siempre-se-adivina-advertia-un-viejo-zorro-de-la-politica\/"},"wordCount":156,"publisher":{"@id":"https:\/\/blogdiario.info\/magazine\/#organization"},"image":{"@id":"https:\/\/blogdiario.info\/magazine\/2025\/08\/27\/pensar-mal-es-pecado-pero-casi-siempre-se-adivina-advertia-un-viejo-zorro-de-la-politica\/#primaryimage"},"thumbnailUrl":"https:\/\/blogdiario.info\/magazine\/images\/2025\/08\/cover_milei_28_08.jpg","keywords":["Argentina"],"articleSection":[".",".","Actualidad","America del Sud","Corrupci\u00f3n","Politica","Sociedad"],"inLanguage":"es-AR"},{"@type":"WebPage","@id":"https:\/\/blogdiario.info\/magazine\/2025\/08\/27\/pensar-mal-es-pecado-pero-casi-siempre-se-adivina-advertia-un-viejo-zorro-de-la-politica\/","url":"https:\/\/blogdiario.info\/magazine\/2025\/08\/27\/pensar-mal-es-pecado-pero-casi-siempre-se-adivina-advertia-un-viejo-zorro-de-la-politica\/","name":"\u201cPensar mal es pecado\u2026 pero casi siempre se adivina\u201d \u2013 advert\u00eda un viejo zorro de la pol\u00edtica. - BlogDiario Magazine","isPartOf":{"@id":"https:\/\/blogdiario.info\/magazine\/#website"},"primaryImageOfPage":{"@id":"https:\/\/blogdiario.info\/magazine\/2025\/08\/27\/pensar-mal-es-pecado-pero-casi-siempre-se-adivina-advertia-un-viejo-zorro-de-la-politica\/#primaryimage"},"image":{"@id":"https:\/\/blogdiario.info\/magazine\/2025\/08\/27\/pensar-mal-es-pecado-pero-casi-siempre-se-adivina-advertia-un-viejo-zorro-de-la-politica\/#primaryimage"},"thumbnailUrl":"https:\/\/blogdiario.info\/magazine\/images\/2025\/08\/cover_milei_28_08.jpg","datePublished":"2025-08-27T21:52:46+00:00","dateModified":"2025-08-28T08:36:42+00:00","breadcrumb":{"@id":"https:\/\/blogdiario.info\/magazine\/2025\/08\/27\/pensar-mal-es-pecado-pero-casi-siempre-se-adivina-advertia-un-viejo-zorro-de-la-politica\/#breadcrumb"},"inLanguage":"es-AR","potentialAction":[{"@type":"ReadAction","target":["https:\/\/blogdiario.info\/magazine\/2025\/08\/27\/pensar-mal-es-pecado-pero-casi-siempre-se-adivina-advertia-un-viejo-zorro-de-la-politica\/"]}]},{"@type":"ImageObject","inLanguage":"es-AR","@id":"https:\/\/blogdiario.info\/magazine\/2025\/08\/27\/pensar-mal-es-pecado-pero-casi-siempre-se-adivina-advertia-un-viejo-zorro-de-la-politica\/#primaryimage","url":"https:\/\/blogdiario.info\/magazine\/images\/2025\/08\/cover_milei_28_08.jpg","contentUrl":"https:\/\/blogdiario.info\/magazine\/images\/2025\/08\/cover_milei_28_08.jpg","width":550,"height":550},{"@type":"BreadcrumbList","@id":"https:\/\/blogdiario.info\/magazine\/2025\/08\/27\/pensar-mal-es-pecado-pero-casi-siempre-se-adivina-advertia-un-viejo-zorro-de-la-politica\/#breadcrumb","itemListElement":[{"@type":"ListItem","position":1,"name":"Home","item":"https:\/\/blogdiario.info\/magazine\/"},{"@type":"ListItem","position":2,"name":"\u201cPensar mal es pecado\u2026 pero casi siempre se adivina\u201d \u2013 advert\u00eda un viejo zorro de la pol\u00edtica."}]},{"@type":"WebSite","@id":"https:\/\/blogdiario.info\/magazine\/#website","url":"https:\/\/blogdiario.info\/magazine\/","name":"BlogDiario Magazine","description":"Suplemento multiling\u00fce de ElCanillita.Info","publisher":{"@id":"https:\/\/blogdiario.info\/magazine\/#organization"},"potentialAction":[{"@type":"SearchAction","target":{"@type":"EntryPoint","urlTemplate":"https:\/\/blogdiario.info\/magazine\/?s={search_term_string}"},"query-input":{"@type":"PropertyValueSpecification","valueRequired":true,"valueName":"search_term_string"}}],"inLanguage":"es-AR"},{"@type":"Organization","@id":"https:\/\/blogdiario.info\/magazine\/#organization","name":"Guzzo Photos & Graphic Publications","url":"https:\/\/blogdiario.info\/magazine\/","logo":{"@type":"ImageObject","inLanguage":"es-AR","@id":"https:\/\/blogdiario.info\/magazine\/#\/schema\/logo\/image\/","url":"https:\/\/blogdiario.info\/magazine\/images\/2020\/01\/cropped-blogdia_magazine.jpg","contentUrl":"https:\/\/blogdiario.info\/magazine\/images\/2020\/01\/cropped-blogdia_magazine.jpg","width":589,"height":55,"caption":"Guzzo Photos & Graphic Publications"},"image":{"@id":"https:\/\/blogdiario.info\/magazine\/#\/schema\/logo\/image\/"}},{"@type":"Person","@id":"https:\/\/blogdiario.info\/magazine\/#\/schema\/person\/b2422fe85574d945bad55513bb0c7354","name":"World Press Service | Servicio de Prensa Mundial"}]}},"views":188,"_links":{"self":[{"href":"https:\/\/blogdiario.info\/magazine\/wp-json\/wp\/v2\/posts\/2191","targetHints":{"allow":["GET"]}}],"collection":[{"href":"https:\/\/blogdiario.info\/magazine\/wp-json\/wp\/v2\/posts"}],"about":[{"href":"https:\/\/blogdiario.info\/magazine\/wp-json\/wp\/v2\/types\/post"}],"author":[{"embeddable":true,"href":"https:\/\/blogdiario.info\/magazine\/wp-json\/wp\/v2\/users\/1"}],"replies":[{"embeddable":true,"href":"https:\/\/blogdiario.info\/magazine\/wp-json\/wp\/v2\/comments?post=2191"}],"version-history":[{"count":0,"href":"https:\/\/blogdiario.info\/magazine\/wp-json\/wp\/v2\/posts\/2191\/revisions"}],"wp:featuredmedia":[{"embeddable":true,"href":"https:\/\/blogdiario.info\/magazine\/wp-json\/wp\/v2\/media\/2196"}],"wp:attachment":[{"href":"https:\/\/blogdiario.info\/magazine\/wp-json\/wp\/v2\/media?parent=2191"}],"wp:term":[{"taxonomy":"category","embeddable":true,"href":"https:\/\/blogdiario.info\/magazine\/wp-json\/wp\/v2\/categories?post=2191"},{"taxonomy":"post_tag","embeddable":true,"href":"https:\/\/blogdiario.info\/magazine\/wp-json\/wp\/v2\/tags?post=2191"}],"curies":[{"name":"wp","href":"https:\/\/api.w.org\/{rel}","templated":true}]}}