{"id":2174,"date":"2025-08-27T10:29:31","date_gmt":"2025-08-27T09:29:31","guid":{"rendered":"https:\/\/blogdiario.info\/magazine\/?p=2174"},"modified":"2025-08-27T10:34:12","modified_gmt":"2025-08-27T09:34:12","slug":"los-talibanes-abren-los-brazos-a-la-promesa-de-farage-de-restituir-refugiados","status":"publish","type":"post","link":"https:\/\/blogdiario.info\/magazine\/2025\/08\/27\/los-talibanes-abren-los-brazos-a-la-promesa-de-farage-de-restituir-refugiados\/","title":{"rendered":"\u201cLos Talibanes abren los brazos a la promesa de Farage de restituir refugiados\u201d"},"content":{"rendered":"\n<figure class=\"wp-block-image size-full\"><img loading=\"lazy\" decoding=\"async\" width=\"600\" height=\"400\" src=\"https:\/\/blogdiario.info\/magazine\/images\/2025\/08\/taliba_cv_20250827.jpg\" alt=\"\" class=\"wp-image-2175\" srcset=\"https:\/\/blogdiario.info\/magazine\/images\/2025\/08\/taliba_cv_20250827.jpg 600w, https:\/\/blogdiario.info\/magazine\/images\/2025\/08\/taliba_cv_20250827-300x200.jpg 300w\" sizes=\"auto, (max-width: 600px) 100vw, 600px\" \/><\/figure>\n\n\n\n<p>Kabul, 27\/08\/2025<br>En un giro que parece salido de un manual de contradicciones, los talibanes han declarado que est\u00e1n \u201clistos y dispuestos\u201d a recibir a los afganos deportados bajo el plan de Nigel Farage, quien prometi\u00f3 expulsar a 600.000 inmigrantes ilegales si alcanza el poder.<\/p>\n\n\n\n<p>Un alto funcionario talib\u00e1n en Kabul asegur\u00f3 que no aceptar\u00e1n dinero, sino \u201cayuda para apoyar a los repatriados\u201d, prometiendo tratarlos \u201ccon dignidad\u201d. Al mismo tiempo, sugiri\u00f3 que podr\u00eda ser m\u00e1s sencillo negociar con Farage que con Keir Starmer.<\/p>\n\n\n\n<p>El l\u00edder de Reform ha dicho que no descarta acuerdos con Afganist\u00e1n, Ir\u00e1n o Eritrea, ni romper tratados internacionales como el CEDH para cumplir su objetivo. En paralelo, Downing Street y el Ministerio del Interior brit\u00e1nico dejan abierta la puerta a pactos similares, aunque con l\u00edmites como en Alemania, que solo deporta a criminales convictos y solicitantes de asilo rechazados.<\/p>\n\n\n\n<p>Las cifras actuales muestran lo dif\u00edcil del escenario: desde 2021, apenas nueve afganos han sido devueltos desde el Reino Unido, ya que los talibanes dejaron de aceptar documentos emitidos por la embajada afgana en Londres.<\/p>\n\n\n\n<p>Entre tanto, Farage insiste en que lo que le \u201cmolesta\u201d no son los riesgos de tortura o muerte al regreso, sino \u201clo que est\u00e1 ocurriendo en las calles brit\u00e1nicas\u201d. Una visi\u00f3n pragm\u00e1tica para algunos, brutalmente insensible para otros.<\/p>\n\n\n\n<p>En cualquier caso, el tablero pol\u00edtico se mueve: Reform ya supera al laborismo en varias encuestas, y los talibanes \u2013desde Kabul\u2013 se ofrecen como inesperados socios de un proyecto que combina populismo dom\u00e9stico con alianzas internacionales poco ortodoxas.<br><br><small>\u00a9 2025 ElCanillita.info \/ BlogDiario.info &#8211; All Rights Reserved &#8211; SalaStampa.eu, world press service Guzzo Photos &amp; Graphic Publications \u2013 Registro Editori e Stampatori n. 1441 Turin, Italy<\/small><\/p>\n","protected":false},"excerpt":{"rendered":"<p>Un alto funcionario talib\u00e1n en Kabul asegur\u00f3 que no aceptar\u00e1n dinero, sino \u201cayuda para apoyar a los repatriados\u201d<\/p>\n","protected":false},"author":1,"featured_media":2176,"comment_status":"closed","ping_status":"closed","sticky":false,"template":"","format":"standard","meta":{"footnotes":"","_links_to":"","_links_to_target":""},"categories":[97,109,62,55,124,134,168,112],"tags":[120,117],"class_list":["post-2174","post","type-post","status-publish","format-standard","has-post-thumbnail","hentry","category-elcanillita","category-dc24","category-actualidad","category-asia","category-diplomacia","category-politicas-globales","category-sociedad-y-valores","category-united-kingdom","tag-afganistan","tag-reino-unido","entry","rows"],"yoast_head":"<!-- This site is optimized with the Yoast SEO plugin v27.4 - https:\/\/yoast.com\/product\/yoast-seo-wordpress\/ -->\n<title>\u201cLos Talibanes abren los brazos a la promesa de Farage de restituir refugiados\u201d - BlogDiario Magazine<\/title>\n<meta name=\"robots\" content=\"index, follow, max-snippet:-1, max-image-preview:large, max-video-preview:-1\" \/>\n<link rel=\"canonical\" href=\"https:\/\/blogdiario.info\/magazine\/2025\/08\/27\/los-talibanes-abren-los-brazos-a-la-promesa-de-farage-de-restituir-refugiados\/\" \/>\n<meta property=\"og:locale\" content=\"es_ES\" \/>\n<meta property=\"og:type\" content=\"article\" \/>\n<meta property=\"og:title\" content=\"\u201cLos Talibanes abren los brazos a la promesa de Farage de restituir refugiados\u201d - BlogDiario Magazine\" \/>\n<meta property=\"og:description\" content=\"Un alto funcionario talib\u00e1n en Kabul asegur\u00f3 que no aceptar\u00e1n dinero, sino \u201cayuda para apoyar a los repatriados\u201d\" \/>\n<meta property=\"og:url\" content=\"https:\/\/blogdiario.info\/magazine\/2025\/08\/27\/los-talibanes-abren-los-brazos-a-la-promesa-de-farage-de-restituir-refugiados\/\" \/>\n<meta property=\"og:site_name\" content=\"BlogDiario Magazine\" \/>\n<meta property=\"article:published_time\" content=\"2025-08-27T09:29:31+00:00\" \/>\n<meta property=\"article:modified_time\" content=\"2025-08-27T09:34:12+00:00\" \/>\n<meta property=\"og:image\" content=\"https:\/\/blogdiario.info\/magazine\/images\/2025\/08\/mapafgan_20250827.jpg\" \/>\n\t<meta property=\"og:image:width\" content=\"600\" \/>\n\t<meta property=\"og:image:height\" content=\"400\" \/>\n\t<meta property=\"og:image:type\" content=\"image\/jpeg\" \/>\n<meta name=\"author\" content=\"World Press Service | Servicio de Prensa Mundial\" \/>\n<meta name=\"twitter:card\" content=\"summary_large_image\" \/>\n<meta name=\"twitter:label1\" content=\"Escrito por\" \/>\n\t<meta name=\"twitter:data1\" content=\"World Press Service | Servicio de Prensa Mundial\" \/>\n\t<meta name=\"twitter:label2\" content=\"Tiempo de lectura\" \/>\n\t<meta name=\"twitter:data2\" content=\"2 minutos\" \/>\n<script type=\"application\/ld+json\" class=\"yoast-schema-graph\">{\"@context\":\"https:\\\/\\\/schema.org\",\"@graph\":[{\"@type\":\"Article\",\"@id\":\"https:\\\/\\\/blogdiario.info\\\/magazine\\\/2025\\\/08\\\/27\\\/los-talibanes-abren-los-brazos-a-la-promesa-de-farage-de-restituir-refugiados\\\/#article\",\"isPartOf\":{\"@id\":\"https:\\\/\\\/blogdiario.info\\\/magazine\\\/2025\\\/08\\\/27\\\/los-talibanes-abren-los-brazos-a-la-promesa-de-farage-de-restituir-refugiados\\\/\"},\"author\":{\"name\":\"World Press Service | Servicio de Prensa Mundial\",\"@id\":\"https:\\\/\\\/blogdiario.info\\\/magazine\\\/#\\\/schema\\\/person\\\/b2422fe85574d945bad55513bb0c7354\"},\"headline\":\"\u201cLos Talibanes abren los brazos a la promesa de Farage de restituir refugiados\u201d\",\"datePublished\":\"2025-08-27T09:29:31+00:00\",\"dateModified\":\"2025-08-27T09:34:12+00:00\",\"mainEntityOfPage\":{\"@id\":\"https:\\\/\\\/blogdiario.info\\\/magazine\\\/2025\\\/08\\\/27\\\/los-talibanes-abren-los-brazos-a-la-promesa-de-farage-de-restituir-refugiados\\\/\"},\"wordCount\":306,\"publisher\":{\"@id\":\"https:\\\/\\\/blogdiario.info\\\/magazine\\\/#organization\"},\"image\":{\"@id\":\"https:\\\/\\\/blogdiario.info\\\/magazine\\\/2025\\\/08\\\/27\\\/los-talibanes-abren-los-brazos-a-la-promesa-de-farage-de-restituir-refugiados\\\/#primaryimage\"},\"thumbnailUrl\":\"https:\\\/\\\/blogdiario.info\\\/magazine\\\/images\\\/2025\\\/08\\\/mapafgan_20250827.jpg\",\"keywords\":[\"Afganist\u00e1n\",\"Reino Unido\"],\"articleSection\":[\".\",\".\",\"Actualidad\",\"Asia\",\"Diplomacia\",\"Pol\u00edticas globales\",\"Sociedad y valores\",\"United Kingdom\"],\"inLanguage\":\"es-AR\"},{\"@type\":\"WebPage\",\"@id\":\"https:\\\/\\\/blogdiario.info\\\/magazine\\\/2025\\\/08\\\/27\\\/los-talibanes-abren-los-brazos-a-la-promesa-de-farage-de-restituir-refugiados\\\/\",\"url\":\"https:\\\/\\\/blogdiario.info\\\/magazine\\\/2025\\\/08\\\/27\\\/los-talibanes-abren-los-brazos-a-la-promesa-de-farage-de-restituir-refugiados\\\/\",\"name\":\"\u201cLos Talibanes abren los brazos a la promesa de Farage de restituir refugiados\u201d - BlogDiario Magazine\",\"isPartOf\":{\"@id\":\"https:\\\/\\\/blogdiario.info\\\/magazine\\\/#website\"},\"primaryImageOfPage\":{\"@id\":\"https:\\\/\\\/blogdiario.info\\\/magazine\\\/2025\\\/08\\\/27\\\/los-talibanes-abren-los-brazos-a-la-promesa-de-farage-de-restituir-refugiados\\\/#primaryimage\"},\"image\":{\"@id\":\"https:\\\/\\\/blogdiario.info\\\/magazine\\\/2025\\\/08\\\/27\\\/los-talibanes-abren-los-brazos-a-la-promesa-de-farage-de-restituir-refugiados\\\/#primaryimage\"},\"thumbnailUrl\":\"https:\\\/\\\/blogdiario.info\\\/magazine\\\/images\\\/2025\\\/08\\\/mapafgan_20250827.jpg\",\"datePublished\":\"2025-08-27T09:29:31+00:00\",\"dateModified\":\"2025-08-27T09:34:12+00:00\",\"breadcrumb\":{\"@id\":\"https:\\\/\\\/blogdiario.info\\\/magazine\\\/2025\\\/08\\\/27\\\/los-talibanes-abren-los-brazos-a-la-promesa-de-farage-de-restituir-refugiados\\\/#breadcrumb\"},\"inLanguage\":\"es-AR\",\"potentialAction\":[{\"@type\":\"ReadAction\",\"target\":[\"https:\\\/\\\/blogdiario.info\\\/magazine\\\/2025\\\/08\\\/27\\\/los-talibanes-abren-los-brazos-a-la-promesa-de-farage-de-restituir-refugiados\\\/\"]}]},{\"@type\":\"ImageObject\",\"inLanguage\":\"es-AR\",\"@id\":\"https:\\\/\\\/blogdiario.info\\\/magazine\\\/2025\\\/08\\\/27\\\/los-talibanes-abren-los-brazos-a-la-promesa-de-farage-de-restituir-refugiados\\\/#primaryimage\",\"url\":\"https:\\\/\\\/blogdiario.info\\\/magazine\\\/images\\\/2025\\\/08\\\/mapafgan_20250827.jpg\",\"contentUrl\":\"https:\\\/\\\/blogdiario.info\\\/magazine\\\/images\\\/2025\\\/08\\\/mapafgan_20250827.jpg\",\"width\":600,\"height\":400},{\"@type\":\"BreadcrumbList\",\"@id\":\"https:\\\/\\\/blogdiario.info\\\/magazine\\\/2025\\\/08\\\/27\\\/los-talibanes-abren-los-brazos-a-la-promesa-de-farage-de-restituir-refugiados\\\/#breadcrumb\",\"itemListElement\":[{\"@type\":\"ListItem\",\"position\":1,\"name\":\"Home\",\"item\":\"https:\\\/\\\/blogdiario.info\\\/magazine\\\/\"},{\"@type\":\"ListItem\",\"position\":2,\"name\":\"\u201cLos Talibanes abren los brazos a la promesa de Farage de restituir refugiados\u201d\"}]},{\"@type\":\"WebSite\",\"@id\":\"https:\\\/\\\/blogdiario.info\\\/magazine\\\/#website\",\"url\":\"https:\\\/\\\/blogdiario.info\\\/magazine\\\/\",\"name\":\"BlogDiario Magazine\",\"description\":\"Suplemento multiling\u00fce de ElCanillita.Info\",\"publisher\":{\"@id\":\"https:\\\/\\\/blogdiario.info\\\/magazine\\\/#organization\"},\"potentialAction\":[{\"@type\":\"SearchAction\",\"target\":{\"@type\":\"EntryPoint\",\"urlTemplate\":\"https:\\\/\\\/blogdiario.info\\\/magazine\\\/?s={search_term_string}\"},\"query-input\":{\"@type\":\"PropertyValueSpecification\",\"valueRequired\":true,\"valueName\":\"search_term_string\"}}],\"inLanguage\":\"es-AR\"},{\"@type\":\"Organization\",\"@id\":\"https:\\\/\\\/blogdiario.info\\\/magazine\\\/#organization\",\"name\":\"Guzzo Photos & Graphic Publications\",\"url\":\"https:\\\/\\\/blogdiario.info\\\/magazine\\\/\",\"logo\":{\"@type\":\"ImageObject\",\"inLanguage\":\"es-AR\",\"@id\":\"https:\\\/\\\/blogdiario.info\\\/magazine\\\/#\\\/schema\\\/logo\\\/image\\\/\",\"url\":\"https:\\\/\\\/blogdiario.info\\\/magazine\\\/images\\\/2020\\\/01\\\/cropped-blogdia_magazine.jpg\",\"contentUrl\":\"https:\\\/\\\/blogdiario.info\\\/magazine\\\/images\\\/2020\\\/01\\\/cropped-blogdia_magazine.jpg\",\"width\":589,\"height\":55,\"caption\":\"Guzzo Photos & Graphic Publications\"},\"image\":{\"@id\":\"https:\\\/\\\/blogdiario.info\\\/magazine\\\/#\\\/schema\\\/logo\\\/image\\\/\"}},{\"@type\":\"Person\",\"@id\":\"https:\\\/\\\/blogdiario.info\\\/magazine\\\/#\\\/schema\\\/person\\\/b2422fe85574d945bad55513bb0c7354\",\"name\":\"World Press Service | Servicio de Prensa Mundial\"}]}<\/script>\n<!-- \/ Yoast SEO plugin. -->","yoast_head_json":{"title":"\u201cLos Talibanes abren los brazos a la promesa de Farage de restituir refugiados\u201d - BlogDiario Magazine","robots":{"index":"index","follow":"follow","max-snippet":"max-snippet:-1","max-image-preview":"max-image-preview:large","max-video-preview":"max-video-preview:-1"},"canonical":"https:\/\/blogdiario.info\/magazine\/2025\/08\/27\/los-talibanes-abren-los-brazos-a-la-promesa-de-farage-de-restituir-refugiados\/","og_locale":"es_ES","og_type":"article","og_title":"\u201cLos Talibanes abren los brazos a la promesa de Farage de restituir refugiados\u201d - BlogDiario Magazine","og_description":"Un alto funcionario talib\u00e1n en Kabul asegur\u00f3 que no aceptar\u00e1n dinero, sino \u201cayuda para apoyar a los repatriados\u201d","og_url":"https:\/\/blogdiario.info\/magazine\/2025\/08\/27\/los-talibanes-abren-los-brazos-a-la-promesa-de-farage-de-restituir-refugiados\/","og_site_name":"BlogDiario Magazine","article_published_time":"2025-08-27T09:29:31+00:00","article_modified_time":"2025-08-27T09:34:12+00:00","og_image":[{"width":600,"height":400,"url":"https:\/\/blogdiario.info\/magazine\/images\/2025\/08\/mapafgan_20250827.jpg","type":"image\/jpeg"}],"author":"World Press Service | Servicio de Prensa Mundial","twitter_card":"summary_large_image","twitter_misc":{"Escrito por":"World Press Service | Servicio de Prensa Mundial","Tiempo de lectura":"2 minutos"},"schema":{"@context":"https:\/\/schema.org","@graph":[{"@type":"Article","@id":"https:\/\/blogdiario.info\/magazine\/2025\/08\/27\/los-talibanes-abren-los-brazos-a-la-promesa-de-farage-de-restituir-refugiados\/#article","isPartOf":{"@id":"https:\/\/blogdiario.info\/magazine\/2025\/08\/27\/los-talibanes-abren-los-brazos-a-la-promesa-de-farage-de-restituir-refugiados\/"},"author":{"name":"World Press Service | Servicio de Prensa Mundial","@id":"https:\/\/blogdiario.info\/magazine\/#\/schema\/person\/b2422fe85574d945bad55513bb0c7354"},"headline":"\u201cLos Talibanes abren los brazos a la promesa de Farage de restituir refugiados\u201d","datePublished":"2025-08-27T09:29:31+00:00","dateModified":"2025-08-27T09:34:12+00:00","mainEntityOfPage":{"@id":"https:\/\/blogdiario.info\/magazine\/2025\/08\/27\/los-talibanes-abren-los-brazos-a-la-promesa-de-farage-de-restituir-refugiados\/"},"wordCount":306,"publisher":{"@id":"https:\/\/blogdiario.info\/magazine\/#organization"},"image":{"@id":"https:\/\/blogdiario.info\/magazine\/2025\/08\/27\/los-talibanes-abren-los-brazos-a-la-promesa-de-farage-de-restituir-refugiados\/#primaryimage"},"thumbnailUrl":"https:\/\/blogdiario.info\/magazine\/images\/2025\/08\/mapafgan_20250827.jpg","keywords":["Afganist\u00e1n","Reino Unido"],"articleSection":[".",".","Actualidad","Asia","Diplomacia","Pol\u00edticas globales","Sociedad y valores","United Kingdom"],"inLanguage":"es-AR"},{"@type":"WebPage","@id":"https:\/\/blogdiario.info\/magazine\/2025\/08\/27\/los-talibanes-abren-los-brazos-a-la-promesa-de-farage-de-restituir-refugiados\/","url":"https:\/\/blogdiario.info\/magazine\/2025\/08\/27\/los-talibanes-abren-los-brazos-a-la-promesa-de-farage-de-restituir-refugiados\/","name":"\u201cLos Talibanes abren los brazos a la promesa de Farage de restituir refugiados\u201d - BlogDiario Magazine","isPartOf":{"@id":"https:\/\/blogdiario.info\/magazine\/#website"},"primaryImageOfPage":{"@id":"https:\/\/blogdiario.info\/magazine\/2025\/08\/27\/los-talibanes-abren-los-brazos-a-la-promesa-de-farage-de-restituir-refugiados\/#primaryimage"},"image":{"@id":"https:\/\/blogdiario.info\/magazine\/2025\/08\/27\/los-talibanes-abren-los-brazos-a-la-promesa-de-farage-de-restituir-refugiados\/#primaryimage"},"thumbnailUrl":"https:\/\/blogdiario.info\/magazine\/images\/2025\/08\/mapafgan_20250827.jpg","datePublished":"2025-08-27T09:29:31+00:00","dateModified":"2025-08-27T09:34:12+00:00","breadcrumb":{"@id":"https:\/\/blogdiario.info\/magazine\/2025\/08\/27\/los-talibanes-abren-los-brazos-a-la-promesa-de-farage-de-restituir-refugiados\/#breadcrumb"},"inLanguage":"es-AR","potentialAction":[{"@type":"ReadAction","target":["https:\/\/blogdiario.info\/magazine\/2025\/08\/27\/los-talibanes-abren-los-brazos-a-la-promesa-de-farage-de-restituir-refugiados\/"]}]},{"@type":"ImageObject","inLanguage":"es-AR","@id":"https:\/\/blogdiario.info\/magazine\/2025\/08\/27\/los-talibanes-abren-los-brazos-a-la-promesa-de-farage-de-restituir-refugiados\/#primaryimage","url":"https:\/\/blogdiario.info\/magazine\/images\/2025\/08\/mapafgan_20250827.jpg","contentUrl":"https:\/\/blogdiario.info\/magazine\/images\/2025\/08\/mapafgan_20250827.jpg","width":600,"height":400},{"@type":"BreadcrumbList","@id":"https:\/\/blogdiario.info\/magazine\/2025\/08\/27\/los-talibanes-abren-los-brazos-a-la-promesa-de-farage-de-restituir-refugiados\/#breadcrumb","itemListElement":[{"@type":"ListItem","position":1,"name":"Home","item":"https:\/\/blogdiario.info\/magazine\/"},{"@type":"ListItem","position":2,"name":"\u201cLos Talibanes abren los brazos a la promesa de Farage de restituir refugiados\u201d"}]},{"@type":"WebSite","@id":"https:\/\/blogdiario.info\/magazine\/#website","url":"https:\/\/blogdiario.info\/magazine\/","name":"BlogDiario Magazine","description":"Suplemento multiling\u00fce de ElCanillita.Info","publisher":{"@id":"https:\/\/blogdiario.info\/magazine\/#organization"},"potentialAction":[{"@type":"SearchAction","target":{"@type":"EntryPoint","urlTemplate":"https:\/\/blogdiario.info\/magazine\/?s={search_term_string}"},"query-input":{"@type":"PropertyValueSpecification","valueRequired":true,"valueName":"search_term_string"}}],"inLanguage":"es-AR"},{"@type":"Organization","@id":"https:\/\/blogdiario.info\/magazine\/#organization","name":"Guzzo Photos & Graphic Publications","url":"https:\/\/blogdiario.info\/magazine\/","logo":{"@type":"ImageObject","inLanguage":"es-AR","@id":"https:\/\/blogdiario.info\/magazine\/#\/schema\/logo\/image\/","url":"https:\/\/blogdiario.info\/magazine\/images\/2020\/01\/cropped-blogdia_magazine.jpg","contentUrl":"https:\/\/blogdiario.info\/magazine\/images\/2020\/01\/cropped-blogdia_magazine.jpg","width":589,"height":55,"caption":"Guzzo Photos & Graphic Publications"},"image":{"@id":"https:\/\/blogdiario.info\/magazine\/#\/schema\/logo\/image\/"}},{"@type":"Person","@id":"https:\/\/blogdiario.info\/magazine\/#\/schema\/person\/b2422fe85574d945bad55513bb0c7354","name":"World Press Service | Servicio de Prensa Mundial"}]}},"views":207,"_links":{"self":[{"href":"https:\/\/blogdiario.info\/magazine\/wp-json\/wp\/v2\/posts\/2174","targetHints":{"allow":["GET"]}}],"collection":[{"href":"https:\/\/blogdiario.info\/magazine\/wp-json\/wp\/v2\/posts"}],"about":[{"href":"https:\/\/blogdiario.info\/magazine\/wp-json\/wp\/v2\/types\/post"}],"author":[{"embeddable":true,"href":"https:\/\/blogdiario.info\/magazine\/wp-json\/wp\/v2\/users\/1"}],"replies":[{"embeddable":true,"href":"https:\/\/blogdiario.info\/magazine\/wp-json\/wp\/v2\/comments?post=2174"}],"version-history":[{"count":0,"href":"https:\/\/blogdiario.info\/magazine\/wp-json\/wp\/v2\/posts\/2174\/revisions"}],"wp:featuredmedia":[{"embeddable":true,"href":"https:\/\/blogdiario.info\/magazine\/wp-json\/wp\/v2\/media\/2176"}],"wp:attachment":[{"href":"https:\/\/blogdiario.info\/magazine\/wp-json\/wp\/v2\/media?parent=2174"}],"wp:term":[{"taxonomy":"category","embeddable":true,"href":"https:\/\/blogdiario.info\/magazine\/wp-json\/wp\/v2\/categories?post=2174"},{"taxonomy":"post_tag","embeddable":true,"href":"https:\/\/blogdiario.info\/magazine\/wp-json\/wp\/v2\/tags?post=2174"}],"curies":[{"name":"wp","href":"https:\/\/api.w.org\/{rel}","templated":true}]}}