{"id":2128,"date":"2025-08-18T15:25:35","date_gmt":"2025-08-18T14:25:35","guid":{"rendered":"https:\/\/blogdiario.info\/magazine\/?p=2128"},"modified":"2025-08-18T15:26:00","modified_gmt":"2025-08-18T14:26:00","slug":"polemica-en-mar-del-plata","status":"publish","type":"post","link":"https:\/\/blogdiario.info\/magazine\/2025\/08\/18\/polemica-en-mar-del-plata\/","title":{"rendered":"\ud83d\udc2c Pol\u00e9mica en Mar del Plata"},"content":{"rendered":"\n<p>Argentina<\/p>\n\n\n\n<p class=\"p1\">El Aquarium responde tarde y mal: \u201cLos delfines est\u00e1n perfectos\u201d<\/p>\n\n\n\n<p class=\"p1\">Cuatro meses despu\u00e9s del cierre del Aquarium de Mar del Plata, el silencio institucional se quebr\u00f3 de la peor manera: no con un parte oficial, no con un informe t\u00e9cnico, sino respondiendo a la viralizaci\u00f3n de fotos que mostraban a los delfines en piletas verdosas.<\/p>\n\n\n\n<p class=\"p1\">\u201cLos cuidamos 30 a\u00f1os, \u00bfc\u00f3mo no lo vamos a hacer ahora?\u201d, defendi\u00f3 el bi\u00f3logo Alejandro Saubidet en declaraciones a Mi8. Y agreg\u00f3 que el agua verde es \u201cnormal\u201d, porque ya no se hacen shows y no tiene que estar transparente.<\/p>\n\n\n\n<p class=\"p1\">La explicaci\u00f3n llega tarde. Muy tarde. Y deja m\u00e1s dudas que certezas:<\/p>\n\n\n\n<p class=\"p3\">Si todo estaba en orden, \u00bfpor qu\u00e9 no lo informaron antes de que las redes estallaran? \u00bfPor qu\u00e9 la comunidad se entera por fotos de vecinos y no por reportes de las autoridades? \u00bfPor qu\u00e9 el traslado de los delfines al exterior sigue en un limbo burocr\u00e1tico?<\/p>\n\n\n\n<p class=\"p1\">En el fondo, el debate trasciende la biolog\u00eda y toca la confianza p\u00fablica: la humanidad agradece la humanidad\u2026 pero cuando se ejerce a tiempo, no cuando se improvisa a la defensiva.<\/p>\n\n\n\n<p><\/p>\n\n\n<p><small>\u00a9\ufe0f 2025 ElCanillita.info \/ BlogDiario.info \u2013 All Rights Reserved \u2013 SalaStampa.eu, world press service &#8211; Guzzo Photos &#038; Graphic Publications \u2013 Registro Editori e Stampatori n. 1441 Turin, Italy<\/small><\/p>\n\n\n<p><\/p>\n","protected":false},"excerpt":{"rendered":"<p>Argentina El Aquarium responde tarde y mal: \u201cLos delfines est\u00e1n perfectos\u201d Cuatro meses despu\u00e9s del cierre del Aquarium de Mar del Plata, el silencio institucional&#8230;<\/p>\n","protected":false},"author":1,"featured_media":0,"comment_status":"closed","ping_status":"closed","sticky":false,"template":"","format":"standard","meta":{"footnotes":"","_links_to":"","_links_to_target":""},"categories":[62,51,42,41,43],"tags":[23],"class_list":["post-2128","post","type-post","status-publish","format-standard","hentry","category-actualidad","category-america-del-sud","category-ciencia-tecnologia","category-politica-esp","category-sociedad","tag-argentina","entry","rows"],"yoast_head":"<!-- This site is optimized with the Yoast SEO plugin v27.4 - https:\/\/yoast.com\/product\/yoast-seo-wordpress\/ -->\n<title>\ud83d\udc2c Pol\u00e9mica en Mar del Plata - BlogDiario Magazine<\/title>\n<meta name=\"robots\" content=\"index, follow, max-snippet:-1, max-image-preview:large, max-video-preview:-1\" \/>\n<link rel=\"canonical\" href=\"https:\/\/blogdiario.info\/magazine\/2025\/08\/18\/polemica-en-mar-del-plata\/\" \/>\n<meta property=\"og:locale\" content=\"es_ES\" \/>\n<meta property=\"og:type\" content=\"article\" \/>\n<meta property=\"og:title\" content=\"\ud83d\udc2c Pol\u00e9mica en Mar del Plata - BlogDiario Magazine\" \/>\n<meta property=\"og:description\" content=\"Argentina El Aquarium responde tarde y mal: \u201cLos delfines est\u00e1n perfectos\u201d Cuatro meses despu\u00e9s del cierre del Aquarium de Mar del Plata, el silencio institucional&#8230;\" \/>\n<meta property=\"og:url\" content=\"https:\/\/blogdiario.info\/magazine\/2025\/08\/18\/polemica-en-mar-del-plata\/\" \/>\n<meta property=\"og:site_name\" content=\"BlogDiario Magazine\" \/>\n<meta property=\"article:published_time\" content=\"2025-08-18T14:25:35+00:00\" \/>\n<meta property=\"article:modified_time\" content=\"2025-08-18T14:26:00+00:00\" \/>\n<meta name=\"author\" content=\"World Press Service | Servicio de Prensa Mundial\" \/>\n<meta name=\"twitter:card\" content=\"summary_large_image\" \/>\n<meta name=\"twitter:label1\" content=\"Escrito por\" \/>\n\t<meta name=\"twitter:data1\" content=\"World Press Service | Servicio de Prensa Mundial\" \/>\n\t<meta name=\"twitter:label2\" content=\"Tiempo de lectura\" \/>\n\t<meta name=\"twitter:data2\" content=\"1 minuto\" \/>\n<script type=\"application\/ld+json\" class=\"yoast-schema-graph\">{\"@context\":\"https:\\\/\\\/schema.org\",\"@graph\":[{\"@type\":\"Article\",\"@id\":\"https:\\\/\\\/blogdiario.info\\\/magazine\\\/2025\\\/08\\\/18\\\/polemica-en-mar-del-plata\\\/#article\",\"isPartOf\":{\"@id\":\"https:\\\/\\\/blogdiario.info\\\/magazine\\\/2025\\\/08\\\/18\\\/polemica-en-mar-del-plata\\\/\"},\"author\":{\"name\":\"World Press Service | Servicio de Prensa Mundial\",\"@id\":\"https:\\\/\\\/blogdiario.info\\\/magazine\\\/#\\\/schema\\\/person\\\/b2422fe85574d945bad55513bb0c7354\"},\"headline\":\"\ud83d\udc2c Pol\u00e9mica en Mar del Plata\",\"datePublished\":\"2025-08-18T14:25:35+00:00\",\"dateModified\":\"2025-08-18T14:26:00+00:00\",\"mainEntityOfPage\":{\"@id\":\"https:\\\/\\\/blogdiario.info\\\/magazine\\\/2025\\\/08\\\/18\\\/polemica-en-mar-del-plata\\\/\"},\"wordCount\":227,\"publisher\":{\"@id\":\"https:\\\/\\\/blogdiario.info\\\/magazine\\\/#organization\"},\"keywords\":[\"Argentina\"],\"articleSection\":[\"Actualidad\",\"America del Sud\",\"Ciencia y Tecnologia\",\"Politica\",\"Sociedad\"],\"inLanguage\":\"es-AR\"},{\"@type\":\"WebPage\",\"@id\":\"https:\\\/\\\/blogdiario.info\\\/magazine\\\/2025\\\/08\\\/18\\\/polemica-en-mar-del-plata\\\/\",\"url\":\"https:\\\/\\\/blogdiario.info\\\/magazine\\\/2025\\\/08\\\/18\\\/polemica-en-mar-del-plata\\\/\",\"name\":\"\ud83d\udc2c Pol\u00e9mica en Mar del Plata - BlogDiario Magazine\",\"isPartOf\":{\"@id\":\"https:\\\/\\\/blogdiario.info\\\/magazine\\\/#website\"},\"datePublished\":\"2025-08-18T14:25:35+00:00\",\"dateModified\":\"2025-08-18T14:26:00+00:00\",\"breadcrumb\":{\"@id\":\"https:\\\/\\\/blogdiario.info\\\/magazine\\\/2025\\\/08\\\/18\\\/polemica-en-mar-del-plata\\\/#breadcrumb\"},\"inLanguage\":\"es-AR\",\"potentialAction\":[{\"@type\":\"ReadAction\",\"target\":[\"https:\\\/\\\/blogdiario.info\\\/magazine\\\/2025\\\/08\\\/18\\\/polemica-en-mar-del-plata\\\/\"]}]},{\"@type\":\"BreadcrumbList\",\"@id\":\"https:\\\/\\\/blogdiario.info\\\/magazine\\\/2025\\\/08\\\/18\\\/polemica-en-mar-del-plata\\\/#breadcrumb\",\"itemListElement\":[{\"@type\":\"ListItem\",\"position\":1,\"name\":\"Home\",\"item\":\"https:\\\/\\\/blogdiario.info\\\/magazine\\\/\"},{\"@type\":\"ListItem\",\"position\":2,\"name\":\"\ud83d\udc2c Pol\u00e9mica en Mar del Plata\"}]},{\"@type\":\"WebSite\",\"@id\":\"https:\\\/\\\/blogdiario.info\\\/magazine\\\/#website\",\"url\":\"https:\\\/\\\/blogdiario.info\\\/magazine\\\/\",\"name\":\"BlogDiario Magazine\",\"description\":\"Suplemento multiling\u00fce de ElCanillita.Info\",\"publisher\":{\"@id\":\"https:\\\/\\\/blogdiario.info\\\/magazine\\\/#organization\"},\"potentialAction\":[{\"@type\":\"SearchAction\",\"target\":{\"@type\":\"EntryPoint\",\"urlTemplate\":\"https:\\\/\\\/blogdiario.info\\\/magazine\\\/?s={search_term_string}\"},\"query-input\":{\"@type\":\"PropertyValueSpecification\",\"valueRequired\":true,\"valueName\":\"search_term_string\"}}],\"inLanguage\":\"es-AR\"},{\"@type\":\"Organization\",\"@id\":\"https:\\\/\\\/blogdiario.info\\\/magazine\\\/#organization\",\"name\":\"Guzzo Photos & Graphic Publications\",\"url\":\"https:\\\/\\\/blogdiario.info\\\/magazine\\\/\",\"logo\":{\"@type\":\"ImageObject\",\"inLanguage\":\"es-AR\",\"@id\":\"https:\\\/\\\/blogdiario.info\\\/magazine\\\/#\\\/schema\\\/logo\\\/image\\\/\",\"url\":\"https:\\\/\\\/blogdiario.info\\\/magazine\\\/images\\\/2020\\\/01\\\/cropped-blogdia_magazine.jpg\",\"contentUrl\":\"https:\\\/\\\/blogdiario.info\\\/magazine\\\/images\\\/2020\\\/01\\\/cropped-blogdia_magazine.jpg\",\"width\":589,\"height\":55,\"caption\":\"Guzzo Photos & Graphic Publications\"},\"image\":{\"@id\":\"https:\\\/\\\/blogdiario.info\\\/magazine\\\/#\\\/schema\\\/logo\\\/image\\\/\"}},{\"@type\":\"Person\",\"@id\":\"https:\\\/\\\/blogdiario.info\\\/magazine\\\/#\\\/schema\\\/person\\\/b2422fe85574d945bad55513bb0c7354\",\"name\":\"World Press Service | Servicio de Prensa Mundial\"}]}<\/script>\n<!-- \/ Yoast SEO plugin. -->","yoast_head_json":{"title":"\ud83d\udc2c Pol\u00e9mica en Mar del Plata - BlogDiario Magazine","robots":{"index":"index","follow":"follow","max-snippet":"max-snippet:-1","max-image-preview":"max-image-preview:large","max-video-preview":"max-video-preview:-1"},"canonical":"https:\/\/blogdiario.info\/magazine\/2025\/08\/18\/polemica-en-mar-del-plata\/","og_locale":"es_ES","og_type":"article","og_title":"\ud83d\udc2c Pol\u00e9mica en Mar del Plata - BlogDiario Magazine","og_description":"Argentina El Aquarium responde tarde y mal: \u201cLos delfines est\u00e1n perfectos\u201d Cuatro meses despu\u00e9s del cierre del Aquarium de Mar del Plata, el silencio institucional&#8230;","og_url":"https:\/\/blogdiario.info\/magazine\/2025\/08\/18\/polemica-en-mar-del-plata\/","og_site_name":"BlogDiario Magazine","article_published_time":"2025-08-18T14:25:35+00:00","article_modified_time":"2025-08-18T14:26:00+00:00","author":"World Press Service | Servicio de Prensa Mundial","twitter_card":"summary_large_image","twitter_misc":{"Escrito por":"World Press Service | Servicio de Prensa Mundial","Tiempo de lectura":"1 minuto"},"schema":{"@context":"https:\/\/schema.org","@graph":[{"@type":"Article","@id":"https:\/\/blogdiario.info\/magazine\/2025\/08\/18\/polemica-en-mar-del-plata\/#article","isPartOf":{"@id":"https:\/\/blogdiario.info\/magazine\/2025\/08\/18\/polemica-en-mar-del-plata\/"},"author":{"name":"World Press Service | Servicio de Prensa Mundial","@id":"https:\/\/blogdiario.info\/magazine\/#\/schema\/person\/b2422fe85574d945bad55513bb0c7354"},"headline":"\ud83d\udc2c Pol\u00e9mica en Mar del Plata","datePublished":"2025-08-18T14:25:35+00:00","dateModified":"2025-08-18T14:26:00+00:00","mainEntityOfPage":{"@id":"https:\/\/blogdiario.info\/magazine\/2025\/08\/18\/polemica-en-mar-del-plata\/"},"wordCount":227,"publisher":{"@id":"https:\/\/blogdiario.info\/magazine\/#organization"},"keywords":["Argentina"],"articleSection":["Actualidad","America del Sud","Ciencia y Tecnologia","Politica","Sociedad"],"inLanguage":"es-AR"},{"@type":"WebPage","@id":"https:\/\/blogdiario.info\/magazine\/2025\/08\/18\/polemica-en-mar-del-plata\/","url":"https:\/\/blogdiario.info\/magazine\/2025\/08\/18\/polemica-en-mar-del-plata\/","name":"\ud83d\udc2c Pol\u00e9mica en Mar del Plata - BlogDiario Magazine","isPartOf":{"@id":"https:\/\/blogdiario.info\/magazine\/#website"},"datePublished":"2025-08-18T14:25:35+00:00","dateModified":"2025-08-18T14:26:00+00:00","breadcrumb":{"@id":"https:\/\/blogdiario.info\/magazine\/2025\/08\/18\/polemica-en-mar-del-plata\/#breadcrumb"},"inLanguage":"es-AR","potentialAction":[{"@type":"ReadAction","target":["https:\/\/blogdiario.info\/magazine\/2025\/08\/18\/polemica-en-mar-del-plata\/"]}]},{"@type":"BreadcrumbList","@id":"https:\/\/blogdiario.info\/magazine\/2025\/08\/18\/polemica-en-mar-del-plata\/#breadcrumb","itemListElement":[{"@type":"ListItem","position":1,"name":"Home","item":"https:\/\/blogdiario.info\/magazine\/"},{"@type":"ListItem","position":2,"name":"\ud83d\udc2c Pol\u00e9mica en Mar del Plata"}]},{"@type":"WebSite","@id":"https:\/\/blogdiario.info\/magazine\/#website","url":"https:\/\/blogdiario.info\/magazine\/","name":"BlogDiario Magazine","description":"Suplemento multiling\u00fce de ElCanillita.Info","publisher":{"@id":"https:\/\/blogdiario.info\/magazine\/#organization"},"potentialAction":[{"@type":"SearchAction","target":{"@type":"EntryPoint","urlTemplate":"https:\/\/blogdiario.info\/magazine\/?s={search_term_string}"},"query-input":{"@type":"PropertyValueSpecification","valueRequired":true,"valueName":"search_term_string"}}],"inLanguage":"es-AR"},{"@type":"Organization","@id":"https:\/\/blogdiario.info\/magazine\/#organization","name":"Guzzo Photos & Graphic Publications","url":"https:\/\/blogdiario.info\/magazine\/","logo":{"@type":"ImageObject","inLanguage":"es-AR","@id":"https:\/\/blogdiario.info\/magazine\/#\/schema\/logo\/image\/","url":"https:\/\/blogdiario.info\/magazine\/images\/2020\/01\/cropped-blogdia_magazine.jpg","contentUrl":"https:\/\/blogdiario.info\/magazine\/images\/2020\/01\/cropped-blogdia_magazine.jpg","width":589,"height":55,"caption":"Guzzo Photos & Graphic Publications"},"image":{"@id":"https:\/\/blogdiario.info\/magazine\/#\/schema\/logo\/image\/"}},{"@type":"Person","@id":"https:\/\/blogdiario.info\/magazine\/#\/schema\/person\/b2422fe85574d945bad55513bb0c7354","name":"World Press Service | Servicio de Prensa Mundial"}]}},"views":246,"_links":{"self":[{"href":"https:\/\/blogdiario.info\/magazine\/wp-json\/wp\/v2\/posts\/2128","targetHints":{"allow":["GET"]}}],"collection":[{"href":"https:\/\/blogdiario.info\/magazine\/wp-json\/wp\/v2\/posts"}],"about":[{"href":"https:\/\/blogdiario.info\/magazine\/wp-json\/wp\/v2\/types\/post"}],"author":[{"embeddable":true,"href":"https:\/\/blogdiario.info\/magazine\/wp-json\/wp\/v2\/users\/1"}],"replies":[{"embeddable":true,"href":"https:\/\/blogdiario.info\/magazine\/wp-json\/wp\/v2\/comments?post=2128"}],"version-history":[{"count":0,"href":"https:\/\/blogdiario.info\/magazine\/wp-json\/wp\/v2\/posts\/2128\/revisions"}],"wp:attachment":[{"href":"https:\/\/blogdiario.info\/magazine\/wp-json\/wp\/v2\/media?parent=2128"}],"wp:term":[{"taxonomy":"category","embeddable":true,"href":"https:\/\/blogdiario.info\/magazine\/wp-json\/wp\/v2\/categories?post=2128"},{"taxonomy":"post_tag","embeddable":true,"href":"https:\/\/blogdiario.info\/magazine\/wp-json\/wp\/v2\/tags?post=2128"}],"curies":[{"name":"wp","href":"https:\/\/api.w.org\/{rel}","templated":true}]}}