{"id":2122,"date":"2025-08-17T13:41:34","date_gmt":"2025-08-17T12:41:34","guid":{"rendered":"https:\/\/blogdiario.info\/magazine\/?p=2122"},"modified":"2025-08-17T13:42:38","modified_gmt":"2025-08-17T12:42:38","slug":"la-mala-educacion-como-doctrina-de-poder","status":"publish","type":"post","link":"https:\/\/blogdiario.info\/magazine\/2025\/08\/17\/la-mala-educacion-como-doctrina-de-poder\/","title":{"rendered":"\u270d\ufe0f \u201cLa mala educaci\u00f3n como doctrina de poder\u201d"},"content":{"rendered":"\n<p>Argentina<\/p>\n\n\n\n<p class=\"p1\">La mala educaci\u00f3n no es un gesto aislado, sino un estilo de gobierno. El payaso Milei y su troupe han hecho del exabrupto una pol\u00edtica de Estado: insultar periodistas, ningunear opositores, tratar al Congreso como circo de t\u00edteres y al pueblo como masa ignorante que deber\u00eda agradecer cada l\u00e1tigo.<\/p>\n\n\n\n<p class=\"p1\">El problema no es el grito en cadena nacional ni el insulto en redes. El problema es que detr\u00e1s de esa mala educaci\u00f3n hay un vac\u00edo: la incapacidad de argumentar con seriedad, de construir acuerdos, de respetar instituciones. Milei cree que la autoridad se afirma con gritos, como un chico que rompe los juguetes cuando no logra armar el rompecabezas.<\/p>\n\n\n\n<p class=\"p1\">Pero la educaci\u00f3n \u2014la verdadera\u2014 no es una cuesti\u00f3n de modales sino de respeto. Respeto a las ideas distintas, a los adversarios, al pueblo que se gobierna. Y cuando un presidente se comporta como buf\u00f3n, la naci\u00f3n entera corre el riesgo de convertirse en espect\u00e1culo de feria: luces, estridencia, carcajadas\u2026 y un silencio amargo al final, cuando todos descubren que del show no queda nada.<\/p>\n\n\n\n<p class=\"p1\">La mala educaci\u00f3n es contagiosa. Ya no es solo Milei: es su gabinete que aplaude, es la \u201ccasta anti-casta\u201d que copia los modos, es el pa\u00eds que empieza a creer que gritar m\u00e1s fuerte equivale a tener raz\u00f3n.<\/p>\n\n\n\n<p class=\"p1\">En Argentina, la pedagog\u00eda del insulto reemplaz\u00f3 a la del ejemplo. Y eso, m\u00e1s que payasada, es tragedia.<\/p>\n\n\n\n<p><\/p>\n\n\n<p><small>\u00a9\ufe0f 2025 ElCanillita.info \/ BlogDiario.info \u2013 All Rights Reserved \u2013 SalaStampa.eu, world press service &#8211; Guzzo Photos &#038; Graphic Publications \u2013 Registro Editori e Stampatori n. 1441 Turin, Italy<\/small><\/p>\n\n\n<p><\/p>\n","protected":false},"excerpt":{"rendered":"<p>Argentina La mala educaci\u00f3n no es un gesto aislado, sino un estilo de gobierno. El payaso Milei y su troupe han hecho del exabrupto una&#8230;<\/p>\n","protected":false},"author":1,"featured_media":0,"comment_status":"closed","ping_status":"closed","sticky":false,"template":"","format":"standard","meta":{"footnotes":"","_links_to":"","_links_to_target":""},"categories":[62,51,124,137,41,43],"tags":[23],"class_list":["post-2122","post","type-post","status-publish","format-standard","hentry","category-actualidad","category-america-del-sud","category-diplomacia","category-educacion","category-politica-esp","category-sociedad","tag-argentina","entry","rows"],"yoast_head":"<!-- This site is optimized with the Yoast SEO plugin v27.4 - https:\/\/yoast.com\/product\/yoast-seo-wordpress\/ -->\n<title>\u270d\ufe0f \u201cLa mala educaci\u00f3n como doctrina de poder\u201d - BlogDiario Magazine<\/title>\n<meta name=\"robots\" content=\"index, follow, max-snippet:-1, max-image-preview:large, max-video-preview:-1\" \/>\n<link rel=\"canonical\" href=\"https:\/\/blogdiario.info\/magazine\/2025\/08\/17\/la-mala-educacion-como-doctrina-de-poder\/\" \/>\n<meta property=\"og:locale\" content=\"es_ES\" \/>\n<meta property=\"og:type\" content=\"article\" \/>\n<meta property=\"og:title\" content=\"\u270d\ufe0f \u201cLa mala educaci\u00f3n como doctrina de poder\u201d - BlogDiario Magazine\" \/>\n<meta property=\"og:description\" content=\"Argentina La mala educaci\u00f3n no es un gesto aislado, sino un estilo de gobierno. El payaso Milei y su troupe han hecho del exabrupto una&#8230;\" \/>\n<meta property=\"og:url\" content=\"https:\/\/blogdiario.info\/magazine\/2025\/08\/17\/la-mala-educacion-como-doctrina-de-poder\/\" \/>\n<meta property=\"og:site_name\" content=\"BlogDiario Magazine\" \/>\n<meta property=\"article:published_time\" content=\"2025-08-17T12:41:34+00:00\" \/>\n<meta property=\"article:modified_time\" content=\"2025-08-17T12:42:38+00:00\" \/>\n<meta name=\"author\" content=\"World Press Service | Servicio de Prensa Mundial\" \/>\n<meta name=\"twitter:card\" content=\"summary_large_image\" \/>\n<meta name=\"twitter:label1\" content=\"Escrito por\" \/>\n\t<meta name=\"twitter:data1\" content=\"World Press Service | Servicio de Prensa Mundial\" \/>\n\t<meta name=\"twitter:label2\" content=\"Tiempo de lectura\" \/>\n\t<meta name=\"twitter:data2\" content=\"1 minuto\" \/>\n<script type=\"application\/ld+json\" class=\"yoast-schema-graph\">{\"@context\":\"https:\\\/\\\/schema.org\",\"@graph\":[{\"@type\":\"Article\",\"@id\":\"https:\\\/\\\/blogdiario.info\\\/magazine\\\/2025\\\/08\\\/17\\\/la-mala-educacion-como-doctrina-de-poder\\\/#article\",\"isPartOf\":{\"@id\":\"https:\\\/\\\/blogdiario.info\\\/magazine\\\/2025\\\/08\\\/17\\\/la-mala-educacion-como-doctrina-de-poder\\\/\"},\"author\":{\"name\":\"World Press Service | Servicio de Prensa Mundial\",\"@id\":\"https:\\\/\\\/blogdiario.info\\\/magazine\\\/#\\\/schema\\\/person\\\/b2422fe85574d945bad55513bb0c7354\"},\"headline\":\"\u270d\ufe0f \u201cLa mala educaci\u00f3n como doctrina de poder\u201d\",\"datePublished\":\"2025-08-17T12:41:34+00:00\",\"dateModified\":\"2025-08-17T12:42:38+00:00\",\"mainEntityOfPage\":{\"@id\":\"https:\\\/\\\/blogdiario.info\\\/magazine\\\/2025\\\/08\\\/17\\\/la-mala-educacion-como-doctrina-de-poder\\\/\"},\"wordCount\":282,\"publisher\":{\"@id\":\"https:\\\/\\\/blogdiario.info\\\/magazine\\\/#organization\"},\"keywords\":[\"Argentina\"],\"articleSection\":[\"Actualidad\",\"America del Sud\",\"Diplomacia\",\"Educaci\u00f3n\",\"Politica\",\"Sociedad\"],\"inLanguage\":\"es-AR\"},{\"@type\":\"WebPage\",\"@id\":\"https:\\\/\\\/blogdiario.info\\\/magazine\\\/2025\\\/08\\\/17\\\/la-mala-educacion-como-doctrina-de-poder\\\/\",\"url\":\"https:\\\/\\\/blogdiario.info\\\/magazine\\\/2025\\\/08\\\/17\\\/la-mala-educacion-como-doctrina-de-poder\\\/\",\"name\":\"\u270d\ufe0f \u201cLa mala educaci\u00f3n como doctrina de poder\u201d - BlogDiario Magazine\",\"isPartOf\":{\"@id\":\"https:\\\/\\\/blogdiario.info\\\/magazine\\\/#website\"},\"datePublished\":\"2025-08-17T12:41:34+00:00\",\"dateModified\":\"2025-08-17T12:42:38+00:00\",\"breadcrumb\":{\"@id\":\"https:\\\/\\\/blogdiario.info\\\/magazine\\\/2025\\\/08\\\/17\\\/la-mala-educacion-como-doctrina-de-poder\\\/#breadcrumb\"},\"inLanguage\":\"es-AR\",\"potentialAction\":[{\"@type\":\"ReadAction\",\"target\":[\"https:\\\/\\\/blogdiario.info\\\/magazine\\\/2025\\\/08\\\/17\\\/la-mala-educacion-como-doctrina-de-poder\\\/\"]}]},{\"@type\":\"BreadcrumbList\",\"@id\":\"https:\\\/\\\/blogdiario.info\\\/magazine\\\/2025\\\/08\\\/17\\\/la-mala-educacion-como-doctrina-de-poder\\\/#breadcrumb\",\"itemListElement\":[{\"@type\":\"ListItem\",\"position\":1,\"name\":\"Home\",\"item\":\"https:\\\/\\\/blogdiario.info\\\/magazine\\\/\"},{\"@type\":\"ListItem\",\"position\":2,\"name\":\"\u270d\ufe0f \u201cLa mala educaci\u00f3n como doctrina de poder\u201d\"}]},{\"@type\":\"WebSite\",\"@id\":\"https:\\\/\\\/blogdiario.info\\\/magazine\\\/#website\",\"url\":\"https:\\\/\\\/blogdiario.info\\\/magazine\\\/\",\"name\":\"BlogDiario Magazine\",\"description\":\"Suplemento multiling\u00fce de ElCanillita.Info\",\"publisher\":{\"@id\":\"https:\\\/\\\/blogdiario.info\\\/magazine\\\/#organization\"},\"potentialAction\":[{\"@type\":\"SearchAction\",\"target\":{\"@type\":\"EntryPoint\",\"urlTemplate\":\"https:\\\/\\\/blogdiario.info\\\/magazine\\\/?s={search_term_string}\"},\"query-input\":{\"@type\":\"PropertyValueSpecification\",\"valueRequired\":true,\"valueName\":\"search_term_string\"}}],\"inLanguage\":\"es-AR\"},{\"@type\":\"Organization\",\"@id\":\"https:\\\/\\\/blogdiario.info\\\/magazine\\\/#organization\",\"name\":\"Guzzo Photos & Graphic Publications\",\"url\":\"https:\\\/\\\/blogdiario.info\\\/magazine\\\/\",\"logo\":{\"@type\":\"ImageObject\",\"inLanguage\":\"es-AR\",\"@id\":\"https:\\\/\\\/blogdiario.info\\\/magazine\\\/#\\\/schema\\\/logo\\\/image\\\/\",\"url\":\"https:\\\/\\\/blogdiario.info\\\/magazine\\\/images\\\/2020\\\/01\\\/cropped-blogdia_magazine.jpg\",\"contentUrl\":\"https:\\\/\\\/blogdiario.info\\\/magazine\\\/images\\\/2020\\\/01\\\/cropped-blogdia_magazine.jpg\",\"width\":589,\"height\":55,\"caption\":\"Guzzo Photos & Graphic Publications\"},\"image\":{\"@id\":\"https:\\\/\\\/blogdiario.info\\\/magazine\\\/#\\\/schema\\\/logo\\\/image\\\/\"}},{\"@type\":\"Person\",\"@id\":\"https:\\\/\\\/blogdiario.info\\\/magazine\\\/#\\\/schema\\\/person\\\/b2422fe85574d945bad55513bb0c7354\",\"name\":\"World Press Service | Servicio de Prensa Mundial\"}]}<\/script>\n<!-- \/ Yoast SEO plugin. -->","yoast_head_json":{"title":"\u270d\ufe0f \u201cLa mala educaci\u00f3n como doctrina de poder\u201d - BlogDiario Magazine","robots":{"index":"index","follow":"follow","max-snippet":"max-snippet:-1","max-image-preview":"max-image-preview:large","max-video-preview":"max-video-preview:-1"},"canonical":"https:\/\/blogdiario.info\/magazine\/2025\/08\/17\/la-mala-educacion-como-doctrina-de-poder\/","og_locale":"es_ES","og_type":"article","og_title":"\u270d\ufe0f \u201cLa mala educaci\u00f3n como doctrina de poder\u201d - BlogDiario Magazine","og_description":"Argentina La mala educaci\u00f3n no es un gesto aislado, sino un estilo de gobierno. El payaso Milei y su troupe han hecho del exabrupto una&#8230;","og_url":"https:\/\/blogdiario.info\/magazine\/2025\/08\/17\/la-mala-educacion-como-doctrina-de-poder\/","og_site_name":"BlogDiario Magazine","article_published_time":"2025-08-17T12:41:34+00:00","article_modified_time":"2025-08-17T12:42:38+00:00","author":"World Press Service | Servicio de Prensa Mundial","twitter_card":"summary_large_image","twitter_misc":{"Escrito por":"World Press Service | Servicio de Prensa Mundial","Tiempo de lectura":"1 minuto"},"schema":{"@context":"https:\/\/schema.org","@graph":[{"@type":"Article","@id":"https:\/\/blogdiario.info\/magazine\/2025\/08\/17\/la-mala-educacion-como-doctrina-de-poder\/#article","isPartOf":{"@id":"https:\/\/blogdiario.info\/magazine\/2025\/08\/17\/la-mala-educacion-como-doctrina-de-poder\/"},"author":{"name":"World Press Service | Servicio de Prensa Mundial","@id":"https:\/\/blogdiario.info\/magazine\/#\/schema\/person\/b2422fe85574d945bad55513bb0c7354"},"headline":"\u270d\ufe0f \u201cLa mala educaci\u00f3n como doctrina de poder\u201d","datePublished":"2025-08-17T12:41:34+00:00","dateModified":"2025-08-17T12:42:38+00:00","mainEntityOfPage":{"@id":"https:\/\/blogdiario.info\/magazine\/2025\/08\/17\/la-mala-educacion-como-doctrina-de-poder\/"},"wordCount":282,"publisher":{"@id":"https:\/\/blogdiario.info\/magazine\/#organization"},"keywords":["Argentina"],"articleSection":["Actualidad","America del Sud","Diplomacia","Educaci\u00f3n","Politica","Sociedad"],"inLanguage":"es-AR"},{"@type":"WebPage","@id":"https:\/\/blogdiario.info\/magazine\/2025\/08\/17\/la-mala-educacion-como-doctrina-de-poder\/","url":"https:\/\/blogdiario.info\/magazine\/2025\/08\/17\/la-mala-educacion-como-doctrina-de-poder\/","name":"\u270d\ufe0f \u201cLa mala educaci\u00f3n como doctrina de poder\u201d - BlogDiario Magazine","isPartOf":{"@id":"https:\/\/blogdiario.info\/magazine\/#website"},"datePublished":"2025-08-17T12:41:34+00:00","dateModified":"2025-08-17T12:42:38+00:00","breadcrumb":{"@id":"https:\/\/blogdiario.info\/magazine\/2025\/08\/17\/la-mala-educacion-como-doctrina-de-poder\/#breadcrumb"},"inLanguage":"es-AR","potentialAction":[{"@type":"ReadAction","target":["https:\/\/blogdiario.info\/magazine\/2025\/08\/17\/la-mala-educacion-como-doctrina-de-poder\/"]}]},{"@type":"BreadcrumbList","@id":"https:\/\/blogdiario.info\/magazine\/2025\/08\/17\/la-mala-educacion-como-doctrina-de-poder\/#breadcrumb","itemListElement":[{"@type":"ListItem","position":1,"name":"Home","item":"https:\/\/blogdiario.info\/magazine\/"},{"@type":"ListItem","position":2,"name":"\u270d\ufe0f \u201cLa mala educaci\u00f3n como doctrina de poder\u201d"}]},{"@type":"WebSite","@id":"https:\/\/blogdiario.info\/magazine\/#website","url":"https:\/\/blogdiario.info\/magazine\/","name":"BlogDiario Magazine","description":"Suplemento multiling\u00fce de ElCanillita.Info","publisher":{"@id":"https:\/\/blogdiario.info\/magazine\/#organization"},"potentialAction":[{"@type":"SearchAction","target":{"@type":"EntryPoint","urlTemplate":"https:\/\/blogdiario.info\/magazine\/?s={search_term_string}"},"query-input":{"@type":"PropertyValueSpecification","valueRequired":true,"valueName":"search_term_string"}}],"inLanguage":"es-AR"},{"@type":"Organization","@id":"https:\/\/blogdiario.info\/magazine\/#organization","name":"Guzzo Photos & Graphic Publications","url":"https:\/\/blogdiario.info\/magazine\/","logo":{"@type":"ImageObject","inLanguage":"es-AR","@id":"https:\/\/blogdiario.info\/magazine\/#\/schema\/logo\/image\/","url":"https:\/\/blogdiario.info\/magazine\/images\/2020\/01\/cropped-blogdia_magazine.jpg","contentUrl":"https:\/\/blogdiario.info\/magazine\/images\/2020\/01\/cropped-blogdia_magazine.jpg","width":589,"height":55,"caption":"Guzzo Photos & Graphic Publications"},"image":{"@id":"https:\/\/blogdiario.info\/magazine\/#\/schema\/logo\/image\/"}},{"@type":"Person","@id":"https:\/\/blogdiario.info\/magazine\/#\/schema\/person\/b2422fe85574d945bad55513bb0c7354","name":"World Press Service | Servicio de Prensa Mundial"}]}},"views":191,"_links":{"self":[{"href":"https:\/\/blogdiario.info\/magazine\/wp-json\/wp\/v2\/posts\/2122","targetHints":{"allow":["GET"]}}],"collection":[{"href":"https:\/\/blogdiario.info\/magazine\/wp-json\/wp\/v2\/posts"}],"about":[{"href":"https:\/\/blogdiario.info\/magazine\/wp-json\/wp\/v2\/types\/post"}],"author":[{"embeddable":true,"href":"https:\/\/blogdiario.info\/magazine\/wp-json\/wp\/v2\/users\/1"}],"replies":[{"embeddable":true,"href":"https:\/\/blogdiario.info\/magazine\/wp-json\/wp\/v2\/comments?post=2122"}],"version-history":[{"count":0,"href":"https:\/\/blogdiario.info\/magazine\/wp-json\/wp\/v2\/posts\/2122\/revisions"}],"wp:attachment":[{"href":"https:\/\/blogdiario.info\/magazine\/wp-json\/wp\/v2\/media?parent=2122"}],"wp:term":[{"taxonomy":"category","embeddable":true,"href":"https:\/\/blogdiario.info\/magazine\/wp-json\/wp\/v2\/categories?post=2122"},{"taxonomy":"post_tag","embeddable":true,"href":"https:\/\/blogdiario.info\/magazine\/wp-json\/wp\/v2\/tags?post=2122"}],"curies":[{"name":"wp","href":"https:\/\/api.w.org\/{rel}","templated":true}]}}