{"id":2120,"date":"2025-08-16T04:19:26","date_gmt":"2025-08-16T03:19:26","guid":{"rendered":"https:\/\/blogdiario.info\/magazine\/?p=2120"},"modified":"2025-08-16T04:20:11","modified_gmt":"2025-08-16T03:20:11","slug":"prision-con-vistas-al-dolar","status":"publish","type":"post","link":"https:\/\/blogdiario.info\/magazine\/2025\/08\/16\/prision-con-vistas-al-dolar\/","title":{"rendered":"\u2696\ufe0f Prisi\u00f3n con vistas al d\u00f3lar"},"content":{"rendered":"\n<p>Argentina<\/p>\n\n\n\n<p class=\"p1\">Mientras la se\u00f1ora Kirchner disfruta de su prisi\u00f3n domiciliaria con todas las comodidades \u2014m\u00e1s spa que celda\u2014, la Argentina sigue apelando lo inapelable. Esta vez, no para salvar a los jubilados ni para rescatar hospitales, sino para intentar frenar la entrega de las acciones de YPF, retenidas como si fueran la \u00faltima joya de la abuela.<\/p>\n\n\n\n<p class=\"p1\">La C\u00e1mara de Apelaciones de Nueva York decidi\u00f3 darle aire al gobierno argentino: las acciones podr\u00e1n permanecer en la Caja de Valores hasta que se resuelva el fondo del asunto. En criollo: se patea la pelota hasta septiembre y despu\u00e9s, con suerte, hasta el a\u00f1o pr\u00f3ximo.<\/p>\n\n\n\n<p class=\"p1\">Lo curioso es que al \u201cequipo libertario\u201d le toc\u00f3 defender la herencia de Cristina. S\u00ed, la misma expropiaci\u00f3n de 2012 que hoy genera un agujero de 18.000 millones de d\u00f3lares y que tiene a Burford Capital \u2014esos cazadores de pleitos made in London\u2014 frot\u00e1ndose las manos.<\/p>\n\n\n\n<p class=\"p1\">En este sainete internacional, el gobierno de EE.UU. se present\u00f3 como amicus curiae. Que nadie se confunda: no lo hacen por amor a la Argentina ni por simpat\u00eda con Milei; lo hacen para marcar que la inmunidad soberana no se negocia, porque ma\u00f1ana les puede tocar a ellos.<\/p>\n\n\n\n<p class=\"p1\">Los argumentos de la defensa argentina suenan a una mezcla de diplomacia, desesperaci\u00f3n y tecnicismos:<\/p>\n\n\n\n<p class=\"p3\">Que el principio de cortes\u00eda internacional. Que la inmunidad soberana. Que las acciones est\u00e1n en Buenos Aires y no en Wall Street. Que, total, ni siquiera se podr\u00edan vender sin la bendici\u00f3n del Congreso.<\/p>\n\n\n\n<p class=\"p1\">En paralelo, la jueza Preska observa desde su estrado, paciente, como quien sabe que al final la cuenta la va a cobrar. Y mientras tanto, Cristina sonr\u00ede: porque aunque sea en arresto domiciliario, el litigio que lleva su nombre sigue marcando la agenda internacional.<\/p>\n\n\n\n<p class=\"p1\">Moraleja: Argentina apelando en Nueva York lo que no supo resolver en Buenos Aires. Es como ese vecino que va al consorcio a quejarse del perro, pero nunca barre la vereda.<\/p>\n\n\n\n<p><\/p>\n\n\n<p><small>\u00a9\ufe0f 2025 ElCanillita.info \/ BlogDiario.info \u2013 All Rights Reserved \u2013 SalaStampa.eu, world press service &#8211; Guzzo Photos &#038; Graphic Publications \u2013 Registro Editori e Stampatori n. 1441 Turin, Italy<\/small><\/p>\n\n\n<p><\/p>\n","protected":false},"excerpt":{"rendered":"<p>Argentina Mientras la se\u00f1ora Kirchner disfruta de su prisi\u00f3n domiciliaria con todas las comodidades \u2014m\u00e1s spa que celda\u2014, la Argentina sigue apelando lo inapelable. Esta&#8230;<\/p>\n","protected":false},"author":1,"featured_media":0,"comment_status":"closed","ping_status":"closed","sticky":false,"template":"","format":"standard","meta":{"footnotes":"","_links_to":"","_links_to_target":""},"categories":[62,51,143,37,136,40,41,60,43],"tags":[23,117,74],"class_list":["post-2120","post","type-post","status-publish","format-standard","hentry","category-actualidad","category-america-del-sud","category-corrupcion","category-cultura-esp","category-dolores-de-la-press","category-justicia","category-politica-esp","category-prison-press","category-sociedad","tag-argentina","tag-reino-unido","tag-usa","entry","rows"],"yoast_head":"<!-- This site is optimized with the Yoast SEO plugin v27.4 - https:\/\/yoast.com\/product\/yoast-seo-wordpress\/ -->\n<title>\u2696\ufe0f Prisi\u00f3n con vistas al d\u00f3lar - BlogDiario Magazine<\/title>\n<meta name=\"robots\" content=\"index, follow, max-snippet:-1, max-image-preview:large, max-video-preview:-1\" \/>\n<link rel=\"canonical\" href=\"https:\/\/blogdiario.info\/magazine\/2025\/08\/16\/prision-con-vistas-al-dolar\/\" \/>\n<meta property=\"og:locale\" content=\"es_ES\" \/>\n<meta property=\"og:type\" content=\"article\" \/>\n<meta property=\"og:title\" content=\"\u2696\ufe0f Prisi\u00f3n con vistas al d\u00f3lar - BlogDiario Magazine\" \/>\n<meta property=\"og:description\" content=\"Argentina Mientras la se\u00f1ora Kirchner disfruta de su prisi\u00f3n domiciliaria con todas las comodidades \u2014m\u00e1s spa que celda\u2014, la Argentina sigue apelando lo inapelable. Esta&#8230;\" \/>\n<meta property=\"og:url\" content=\"https:\/\/blogdiario.info\/magazine\/2025\/08\/16\/prision-con-vistas-al-dolar\/\" \/>\n<meta property=\"og:site_name\" content=\"BlogDiario Magazine\" \/>\n<meta property=\"article:published_time\" content=\"2025-08-16T03:19:26+00:00\" \/>\n<meta property=\"article:modified_time\" content=\"2025-08-16T03:20:11+00:00\" \/>\n<meta name=\"author\" content=\"World Press Service | Servicio de Prensa Mundial\" \/>\n<meta name=\"twitter:card\" content=\"summary_large_image\" \/>\n<meta name=\"twitter:label1\" content=\"Escrito por\" \/>\n\t<meta name=\"twitter:data1\" content=\"World Press Service | Servicio de Prensa Mundial\" \/>\n\t<meta name=\"twitter:label2\" content=\"Tiempo de lectura\" \/>\n\t<meta name=\"twitter:data2\" content=\"2 minutos\" \/>\n<script type=\"application\/ld+json\" class=\"yoast-schema-graph\">{\"@context\":\"https:\\\/\\\/schema.org\",\"@graph\":[{\"@type\":\"Article\",\"@id\":\"https:\\\/\\\/blogdiario.info\\\/magazine\\\/2025\\\/08\\\/16\\\/prision-con-vistas-al-dolar\\\/#article\",\"isPartOf\":{\"@id\":\"https:\\\/\\\/blogdiario.info\\\/magazine\\\/2025\\\/08\\\/16\\\/prision-con-vistas-al-dolar\\\/\"},\"author\":{\"name\":\"World Press Service | Servicio de Prensa Mundial\",\"@id\":\"https:\\\/\\\/blogdiario.info\\\/magazine\\\/#\\\/schema\\\/person\\\/b2422fe85574d945bad55513bb0c7354\"},\"headline\":\"\u2696\ufe0f Prisi\u00f3n con vistas al d\u00f3lar\",\"datePublished\":\"2025-08-16T03:19:26+00:00\",\"dateModified\":\"2025-08-16T03:20:11+00:00\",\"mainEntityOfPage\":{\"@id\":\"https:\\\/\\\/blogdiario.info\\\/magazine\\\/2025\\\/08\\\/16\\\/prision-con-vistas-al-dolar\\\/\"},\"wordCount\":370,\"publisher\":{\"@id\":\"https:\\\/\\\/blogdiario.info\\\/magazine\\\/#organization\"},\"keywords\":[\"Argentina\",\"Reino Unido\",\"USA\"],\"articleSection\":[\"Actualidad\",\"America del Sud\",\"Corrupci\u00f3n\",\"Cultura\",\"Dolores de La Press\",\"Justicia\",\"Politica\",\"Prison Press\",\"Sociedad\"],\"inLanguage\":\"es-AR\"},{\"@type\":\"WebPage\",\"@id\":\"https:\\\/\\\/blogdiario.info\\\/magazine\\\/2025\\\/08\\\/16\\\/prision-con-vistas-al-dolar\\\/\",\"url\":\"https:\\\/\\\/blogdiario.info\\\/magazine\\\/2025\\\/08\\\/16\\\/prision-con-vistas-al-dolar\\\/\",\"name\":\"\u2696\ufe0f Prisi\u00f3n con vistas al d\u00f3lar - BlogDiario Magazine\",\"isPartOf\":{\"@id\":\"https:\\\/\\\/blogdiario.info\\\/magazine\\\/#website\"},\"datePublished\":\"2025-08-16T03:19:26+00:00\",\"dateModified\":\"2025-08-16T03:20:11+00:00\",\"breadcrumb\":{\"@id\":\"https:\\\/\\\/blogdiario.info\\\/magazine\\\/2025\\\/08\\\/16\\\/prision-con-vistas-al-dolar\\\/#breadcrumb\"},\"inLanguage\":\"es-AR\",\"potentialAction\":[{\"@type\":\"ReadAction\",\"target\":[\"https:\\\/\\\/blogdiario.info\\\/magazine\\\/2025\\\/08\\\/16\\\/prision-con-vistas-al-dolar\\\/\"]}]},{\"@type\":\"BreadcrumbList\",\"@id\":\"https:\\\/\\\/blogdiario.info\\\/magazine\\\/2025\\\/08\\\/16\\\/prision-con-vistas-al-dolar\\\/#breadcrumb\",\"itemListElement\":[{\"@type\":\"ListItem\",\"position\":1,\"name\":\"Home\",\"item\":\"https:\\\/\\\/blogdiario.info\\\/magazine\\\/\"},{\"@type\":\"ListItem\",\"position\":2,\"name\":\"\u2696\ufe0f Prisi\u00f3n con vistas al d\u00f3lar\"}]},{\"@type\":\"WebSite\",\"@id\":\"https:\\\/\\\/blogdiario.info\\\/magazine\\\/#website\",\"url\":\"https:\\\/\\\/blogdiario.info\\\/magazine\\\/\",\"name\":\"BlogDiario Magazine\",\"description\":\"Suplemento multiling\u00fce de ElCanillita.Info\",\"publisher\":{\"@id\":\"https:\\\/\\\/blogdiario.info\\\/magazine\\\/#organization\"},\"potentialAction\":[{\"@type\":\"SearchAction\",\"target\":{\"@type\":\"EntryPoint\",\"urlTemplate\":\"https:\\\/\\\/blogdiario.info\\\/magazine\\\/?s={search_term_string}\"},\"query-input\":{\"@type\":\"PropertyValueSpecification\",\"valueRequired\":true,\"valueName\":\"search_term_string\"}}],\"inLanguage\":\"es-AR\"},{\"@type\":\"Organization\",\"@id\":\"https:\\\/\\\/blogdiario.info\\\/magazine\\\/#organization\",\"name\":\"Guzzo Photos & Graphic Publications\",\"url\":\"https:\\\/\\\/blogdiario.info\\\/magazine\\\/\",\"logo\":{\"@type\":\"ImageObject\",\"inLanguage\":\"es-AR\",\"@id\":\"https:\\\/\\\/blogdiario.info\\\/magazine\\\/#\\\/schema\\\/logo\\\/image\\\/\",\"url\":\"https:\\\/\\\/blogdiario.info\\\/magazine\\\/images\\\/2020\\\/01\\\/cropped-blogdia_magazine.jpg\",\"contentUrl\":\"https:\\\/\\\/blogdiario.info\\\/magazine\\\/images\\\/2020\\\/01\\\/cropped-blogdia_magazine.jpg\",\"width\":589,\"height\":55,\"caption\":\"Guzzo Photos & Graphic Publications\"},\"image\":{\"@id\":\"https:\\\/\\\/blogdiario.info\\\/magazine\\\/#\\\/schema\\\/logo\\\/image\\\/\"}},{\"@type\":\"Person\",\"@id\":\"https:\\\/\\\/blogdiario.info\\\/magazine\\\/#\\\/schema\\\/person\\\/b2422fe85574d945bad55513bb0c7354\",\"name\":\"World Press Service | Servicio de Prensa Mundial\"}]}<\/script>\n<!-- \/ Yoast SEO plugin. -->","yoast_head_json":{"title":"\u2696\ufe0f Prisi\u00f3n con vistas al d\u00f3lar - BlogDiario Magazine","robots":{"index":"index","follow":"follow","max-snippet":"max-snippet:-1","max-image-preview":"max-image-preview:large","max-video-preview":"max-video-preview:-1"},"canonical":"https:\/\/blogdiario.info\/magazine\/2025\/08\/16\/prision-con-vistas-al-dolar\/","og_locale":"es_ES","og_type":"article","og_title":"\u2696\ufe0f Prisi\u00f3n con vistas al d\u00f3lar - BlogDiario Magazine","og_description":"Argentina Mientras la se\u00f1ora Kirchner disfruta de su prisi\u00f3n domiciliaria con todas las comodidades \u2014m\u00e1s spa que celda\u2014, la Argentina sigue apelando lo inapelable. Esta&#8230;","og_url":"https:\/\/blogdiario.info\/magazine\/2025\/08\/16\/prision-con-vistas-al-dolar\/","og_site_name":"BlogDiario Magazine","article_published_time":"2025-08-16T03:19:26+00:00","article_modified_time":"2025-08-16T03:20:11+00:00","author":"World Press Service | Servicio de Prensa Mundial","twitter_card":"summary_large_image","twitter_misc":{"Escrito por":"World Press Service | Servicio de Prensa Mundial","Tiempo de lectura":"2 minutos"},"schema":{"@context":"https:\/\/schema.org","@graph":[{"@type":"Article","@id":"https:\/\/blogdiario.info\/magazine\/2025\/08\/16\/prision-con-vistas-al-dolar\/#article","isPartOf":{"@id":"https:\/\/blogdiario.info\/magazine\/2025\/08\/16\/prision-con-vistas-al-dolar\/"},"author":{"name":"World Press Service | Servicio de Prensa Mundial","@id":"https:\/\/blogdiario.info\/magazine\/#\/schema\/person\/b2422fe85574d945bad55513bb0c7354"},"headline":"\u2696\ufe0f Prisi\u00f3n con vistas al d\u00f3lar","datePublished":"2025-08-16T03:19:26+00:00","dateModified":"2025-08-16T03:20:11+00:00","mainEntityOfPage":{"@id":"https:\/\/blogdiario.info\/magazine\/2025\/08\/16\/prision-con-vistas-al-dolar\/"},"wordCount":370,"publisher":{"@id":"https:\/\/blogdiario.info\/magazine\/#organization"},"keywords":["Argentina","Reino Unido","USA"],"articleSection":["Actualidad","America del Sud","Corrupci\u00f3n","Cultura","Dolores de La Press","Justicia","Politica","Prison Press","Sociedad"],"inLanguage":"es-AR"},{"@type":"WebPage","@id":"https:\/\/blogdiario.info\/magazine\/2025\/08\/16\/prision-con-vistas-al-dolar\/","url":"https:\/\/blogdiario.info\/magazine\/2025\/08\/16\/prision-con-vistas-al-dolar\/","name":"\u2696\ufe0f Prisi\u00f3n con vistas al d\u00f3lar - BlogDiario Magazine","isPartOf":{"@id":"https:\/\/blogdiario.info\/magazine\/#website"},"datePublished":"2025-08-16T03:19:26+00:00","dateModified":"2025-08-16T03:20:11+00:00","breadcrumb":{"@id":"https:\/\/blogdiario.info\/magazine\/2025\/08\/16\/prision-con-vistas-al-dolar\/#breadcrumb"},"inLanguage":"es-AR","potentialAction":[{"@type":"ReadAction","target":["https:\/\/blogdiario.info\/magazine\/2025\/08\/16\/prision-con-vistas-al-dolar\/"]}]},{"@type":"BreadcrumbList","@id":"https:\/\/blogdiario.info\/magazine\/2025\/08\/16\/prision-con-vistas-al-dolar\/#breadcrumb","itemListElement":[{"@type":"ListItem","position":1,"name":"Home","item":"https:\/\/blogdiario.info\/magazine\/"},{"@type":"ListItem","position":2,"name":"\u2696\ufe0f Prisi\u00f3n con vistas al d\u00f3lar"}]},{"@type":"WebSite","@id":"https:\/\/blogdiario.info\/magazine\/#website","url":"https:\/\/blogdiario.info\/magazine\/","name":"BlogDiario Magazine","description":"Suplemento multiling\u00fce de ElCanillita.Info","publisher":{"@id":"https:\/\/blogdiario.info\/magazine\/#organization"},"potentialAction":[{"@type":"SearchAction","target":{"@type":"EntryPoint","urlTemplate":"https:\/\/blogdiario.info\/magazine\/?s={search_term_string}"},"query-input":{"@type":"PropertyValueSpecification","valueRequired":true,"valueName":"search_term_string"}}],"inLanguage":"es-AR"},{"@type":"Organization","@id":"https:\/\/blogdiario.info\/magazine\/#organization","name":"Guzzo Photos & Graphic Publications","url":"https:\/\/blogdiario.info\/magazine\/","logo":{"@type":"ImageObject","inLanguage":"es-AR","@id":"https:\/\/blogdiario.info\/magazine\/#\/schema\/logo\/image\/","url":"https:\/\/blogdiario.info\/magazine\/images\/2020\/01\/cropped-blogdia_magazine.jpg","contentUrl":"https:\/\/blogdiario.info\/magazine\/images\/2020\/01\/cropped-blogdia_magazine.jpg","width":589,"height":55,"caption":"Guzzo Photos & Graphic Publications"},"image":{"@id":"https:\/\/blogdiario.info\/magazine\/#\/schema\/logo\/image\/"}},{"@type":"Person","@id":"https:\/\/blogdiario.info\/magazine\/#\/schema\/person\/b2422fe85574d945bad55513bb0c7354","name":"World Press Service | Servicio de Prensa Mundial"}]}},"views":262,"_links":{"self":[{"href":"https:\/\/blogdiario.info\/magazine\/wp-json\/wp\/v2\/posts\/2120","targetHints":{"allow":["GET"]}}],"collection":[{"href":"https:\/\/blogdiario.info\/magazine\/wp-json\/wp\/v2\/posts"}],"about":[{"href":"https:\/\/blogdiario.info\/magazine\/wp-json\/wp\/v2\/types\/post"}],"author":[{"embeddable":true,"href":"https:\/\/blogdiario.info\/magazine\/wp-json\/wp\/v2\/users\/1"}],"replies":[{"embeddable":true,"href":"https:\/\/blogdiario.info\/magazine\/wp-json\/wp\/v2\/comments?post=2120"}],"version-history":[{"count":0,"href":"https:\/\/blogdiario.info\/magazine\/wp-json\/wp\/v2\/posts\/2120\/revisions"}],"wp:attachment":[{"href":"https:\/\/blogdiario.info\/magazine\/wp-json\/wp\/v2\/media?parent=2120"}],"wp:term":[{"taxonomy":"category","embeddable":true,"href":"https:\/\/blogdiario.info\/magazine\/wp-json\/wp\/v2\/categories?post=2120"},{"taxonomy":"post_tag","embeddable":true,"href":"https:\/\/blogdiario.info\/magazine\/wp-json\/wp\/v2\/tags?post=2120"}],"curies":[{"name":"wp","href":"https:\/\/api.w.org\/{rel}","templated":true}]}}