{"id":2093,"date":"2025-07-30T07:25:41","date_gmt":"2025-07-30T06:25:41","guid":{"rendered":"https:\/\/blogdiario.info\/magazine\/?p=2093"},"modified":"2025-07-30T07:39:12","modified_gmt":"2025-07-30T06:39:12","slug":"palabras-para-la-convivencia-episodio-2-el-perro-la-hace-tu-la-recoges","status":"publish","type":"post","link":"https:\/\/blogdiario.info\/magazine\/2025\/07\/30\/palabras-para-la-convivencia-episodio-2-el-perro-la-hace-tu-la-recoges\/","title":{"rendered":"Palabras para la Convivencia \u2013 Episodio 2: El perro la hace, tu la recoges"},"content":{"rendered":"\n<figure class=\"wp-block-image size-full\"><img loading=\"lazy\" decoding=\"async\" width=\"600\" height=\"400\" src=\"https:\/\/blogdiario.info\/magazine\/images\/2025\/07\/canwb_pub.jpg\" alt=\"\" class=\"wp-image-2094\" srcset=\"https:\/\/blogdiario.info\/magazine\/images\/2025\/07\/canwb_pub.jpg 600w, https:\/\/blogdiario.info\/magazine\/images\/2025\/07\/canwb_pub-300x200.jpg 300w\" sizes=\"auto, (max-width: 600px) 100vw, 600px\" \/><\/figure>\n\n\n\n<p><strong>Tur\u00edn, julio de 2025<\/strong> \u2013 El Parlamento italiano acaba de aprobar una nueva ley para proteger a los animales. Un gran paso para la civilizaci\u00f3n, dicen. Y no podemos m\u00e1s que estar de acuerdo: los derechos de los animales son, hoy, tambi\u00e9n los derechos de nuestra conciencia.<\/p>\n\n\n\n<p>Pero hay un detalle que la ley, noble y bien escrita, ha olvidado en la vereda: la higiene urbana.<br>Porque si el perro est\u00e1 protegido\u2026 la acera no.<\/p>\n\n\n\n<h3 class=\"wp-block-heading\">Una Constituci\u00f3n de cuatro patas<\/h3>\n\n\n\n<p>La nueva ley, la n.\u00ba 82\/2025, reconoce a los animales \u201cla calidad de seres sintientes\u201d y prev\u00e9, con raz\u00f3n, protecci\u00f3n contra el maltrato, el abandono, e incluso sanciona la omisi\u00f3n de auxilio en caso de accidente.<\/p>\n\n\n\n<ul class=\"wp-block-list\">\n<li>Un perro atropellado debe ser ayudado.<\/li>\n\n\n\n<li>Un perro atado en el balc\u00f3n puede generar una denuncia.<\/li>\n\n\n\n<li>Un caballo explotado en el picadero puede exigir justicia.<\/li>\n<\/ul>\n\n\n\n<p>Pero si el perro deja una \u201csorpresa\u201d frente al portal, y su due\u00f1o mira para otro lado&#8230;<br>Nadie puede denunciar la indecencia. Ni el port\u00f3n, ni el vecino, ni la vereda.<\/p>\n\n\n\n<h3 class=\"wp-block-heading\">El problema no son los perros. Son algunos due\u00f1os.<\/h3>\n\n\n\n<p>En la IV circunscripci\u00f3n de Tur\u00edn, a pasos de la joya barroca del <strong>Parque Tesoriera<\/strong>, construido entre 1713 y 1715, existe un \u00e1rea canina equipada con bolsas y palitas, gratuita y bien se\u00f1alizada.<\/p>\n\n\n\n<figure class=\"wp-block-image size-full\"><img loading=\"lazy\" decoding=\"async\" width=\"633\" height=\"400\" src=\"https:\/\/blogdiario.info\/magazine\/images\/2025\/07\/Tesoriera.jpg\" alt=\"\" class=\"wp-image-2095\" srcset=\"https:\/\/blogdiario.info\/magazine\/images\/2025\/07\/Tesoriera.jpg 633w, https:\/\/blogdiario.info\/magazine\/images\/2025\/07\/Tesoriera-300x190.jpg 300w\" sizes=\"auto, (max-width: 633px) 100vw, 633px\" \/><\/figure>\n\n\n\n<p>Y sin embargo, las \u201chuellas\u201d aparecen bajo muros, arbustos y ruedas de coches.<br><strong>No es falta de servicios. Es falta de cultura c\u00edvica.<\/strong><\/p>\n\n\n\n<h3 class=\"wp-block-heading\">La campa\u00f1a parte de Torino.photos<\/h3>\n\n\n\n<p>Por eso decidimos lanzar \u2014con gentileza pero firmeza\u2014 etiquetas multiling\u00fces en los sitios m\u00e1s frecuentados por los cuadr\u00fapedos (y sus humanos).<\/p>\n\n\n\n<p>Carteles discretos, con QR, im\u00e1genes educativas y un mensaje simple:<br><strong>\u201cEl perro lo hace, tu la levantas.\u201d<\/strong><br><\/p>\n\n\n<div class=\"wp-block-image\">\n<figure class=\"alignleft size-full is-resized\"><img loading=\"lazy\" decoding=\"async\" width=\"400\" height=\"600\" src=\"https:\/\/blogdiario.info\/magazine\/images\/2025\/07\/etiqueta_20250730.jpg\" alt=\"\" class=\"wp-image-2096\" style=\"width:383px;height:auto\" srcset=\"https:\/\/blogdiario.info\/magazine\/images\/2025\/07\/etiqueta_20250730.jpg 400w, https:\/\/blogdiario.info\/magazine\/images\/2025\/07\/etiqueta_20250730-200x300.jpg 200w\" sizes=\"auto, (max-width: 400px) 100vw, 400px\" \/><\/figure><\/div>\n\n\n<p>Est\u00e1n disponibles en italiano, espa\u00f1ol, ingl\u00e9s, suajili, bengal\u00ed y \u00e1rabe.<br>No por capricho ex\u00f3tico, sino porque Tur\u00edn es un puerto global.<br>Y la convivencia es un idioma universal.<\/p>\n\n\n\n<p><strong>La ley ha dado un paso adelante. Ahora les toca a los ciudadanos.<\/strong><br>Incluso a aquellos que tienen cuatro patas al otro extremo de la correa.<br>Y una bolsita en el bolsillo\u2026 quiz\u00e1s todav\u00eda sin usar.<br> <br><small>\u00a92025 \u201cSuelas que hablan\u201d \u2013 Una campa\u00f1a c\u00edvica de Torino.photos &#8211; All Rights Reserved &#8211; Copyright \u00a9 2025 ElCanillita.info \/ BlogDiario.info \/SalaStampa.eu, world press service &#8211; Guzzo Photos &amp; Graphic Publications \u2013 Registro Editori e Stampatori n. 1441 Turin, Italy<\/small><br><br><\/p>\n\n\n<hr style=\"border: none; height: 1px; background-color: #ccc; margin: 2em 0;\" \/>\n<h3 style=\"text-align: center;\">\ud83d\udce3 \ud83c\uddea\ud83c\uddf8 Quieres decir algo?\u00a0 \ud83c\uddee\ud83c\uddf9 Vuoi dire qualcosa?\u00a0<br \/>\ud83c\uddec\ud83c\udde7 Do you want to say something? <br \/>\ud83c\uddeb\ud83c\uddf7 Tu veux dire quelque chose ?<\/h3>\n<p style=\"text-align: center;\">Eleg\u00ed tu idioma \/ Choose your language \/ Choisissez votre langue \/ Scegli la tua lingua<\/p>\n<form style=\"max-width: 500px; margin: auto; font-family: sans-serif;\" action=\"mailto:elcanillita@yahoo.com\" enctype=\"text\/plain\" method=\"post\">\n<p><label><strong>\ud83e\uddcd Nombre \/ Name \/ Nom \/ Nome:<\/strong><br \/><input style=\"width: 100%; padding: 6px;\" name=\"Nombre\" type=\"text\" \/><\/label><\/p>\n<p><label><strong>\u270f\ufe0f Opini\u00f3n o mensaje \/ Message \/ Message \/ Messaggio:<\/strong><br \/><textarea style=\"width: 100%; padding: 6px;\" name=\"Mensaje\" rows=\"5\"><\/textarea><\/label><\/p>\n<p><label><strong>\ud83d\udce4 \u00bfPublicamos tu mensaje? \/ Publish? \/ Publier ? \/ Pubblicare?<\/strong><br \/><select style=\"width: 100%; padding: 6px;\" name=\"Publicar\"><option value=\"S\u00ed \/ Yes \/ Oui \/ S\u00ec\">\u2705 S\u00ed \/ Yes \/ Oui \/ S\u00ec<\/option><option value=\"No \/ No \/ Non \/ No\">\u274c No \/ No \/ Non \/ No<\/option><\/select><\/label><\/p>\n<p style=\"text-align: center;\"><input style=\"padding: 10px 20px; font-weight: bold;\" type=\"submit\" value=\"\ud83d\ude80 Enviar \/ Send \/ Envoyer \/ Invia\" \/><\/p>\n<\/form>\n<p style=\"text-align: center; font-size: small;\">Tambi\u00e9n pod\u00e9s escribirnos directo a <a href=\"mailto:elcanillita@yahoo.com\">elcanillita@yahoo.com<\/a><\/p>","protected":false},"excerpt":{"rendered":"<p>\u201cEl perro lo hace, tu la levantas.\u201d<\/p>\n","protected":false},"author":1,"featured_media":2094,"comment_status":"closed","ping_status":"closed","sticky":false,"template":"","format":"standard","meta":{"footnotes":"","_links_to":"","_links_to_target":""},"categories":[46,154,43],"tags":[22],"class_list":["post-2093","post","type-post","status-publish","format-standard","has-post-thumbnail","hentry","category-europa","category-noticias-globales","category-sociedad","tag-italia","entry","rows"],"yoast_head":"<!-- This site is optimized with the Yoast SEO plugin v27.4 - https:\/\/yoast.com\/product\/yoast-seo-wordpress\/ -->\n<title>Palabras para la Convivencia \u2013 Episodio 2: El perro la hace, tu la recoges - BlogDiario Magazine<\/title>\n<meta name=\"robots\" content=\"index, follow, max-snippet:-1, max-image-preview:large, max-video-preview:-1\" \/>\n<link rel=\"canonical\" href=\"https:\/\/blogdiario.info\/magazine\/2025\/07\/30\/palabras-para-la-convivencia-episodio-2-el-perro-la-hace-tu-la-recoges\/\" \/>\n<meta property=\"og:locale\" content=\"es_ES\" \/>\n<meta property=\"og:type\" content=\"article\" \/>\n<meta property=\"og:title\" content=\"Palabras para la Convivencia \u2013 Episodio 2: El perro la hace, tu la recoges - BlogDiario Magazine\" \/>\n<meta property=\"og:description\" content=\"\u201cEl perro lo hace, tu la levantas.\u201d\" \/>\n<meta property=\"og:url\" content=\"https:\/\/blogdiario.info\/magazine\/2025\/07\/30\/palabras-para-la-convivencia-episodio-2-el-perro-la-hace-tu-la-recoges\/\" \/>\n<meta property=\"og:site_name\" content=\"BlogDiario Magazine\" \/>\n<meta property=\"article:published_time\" content=\"2025-07-30T06:25:41+00:00\" \/>\n<meta property=\"article:modified_time\" content=\"2025-07-30T06:39:12+00:00\" \/>\n<meta property=\"og:image\" content=\"https:\/\/blogdiario.info\/magazine\/images\/2025\/07\/canwb_pub.jpg\" \/>\n\t<meta property=\"og:image:width\" content=\"600\" \/>\n\t<meta property=\"og:image:height\" content=\"400\" \/>\n\t<meta property=\"og:image:type\" content=\"image\/jpeg\" \/>\n<meta name=\"author\" content=\"World Press Service | Servicio de Prensa Mundial\" \/>\n<meta name=\"twitter:card\" content=\"summary_large_image\" \/>\n<meta name=\"twitter:label1\" content=\"Escrito por\" \/>\n\t<meta name=\"twitter:data1\" content=\"World Press Service | Servicio de Prensa Mundial\" \/>\n\t<meta name=\"twitter:label2\" content=\"Tiempo de lectura\" \/>\n\t<meta name=\"twitter:data2\" content=\"3 minutos\" \/>\n<script type=\"application\/ld+json\" class=\"yoast-schema-graph\">{\"@context\":\"https:\\\/\\\/schema.org\",\"@graph\":[{\"@type\":\"Article\",\"@id\":\"https:\\\/\\\/blogdiario.info\\\/magazine\\\/2025\\\/07\\\/30\\\/palabras-para-la-convivencia-episodio-2-el-perro-la-hace-tu-la-recoges\\\/#article\",\"isPartOf\":{\"@id\":\"https:\\\/\\\/blogdiario.info\\\/magazine\\\/2025\\\/07\\\/30\\\/palabras-para-la-convivencia-episodio-2-el-perro-la-hace-tu-la-recoges\\\/\"},\"author\":{\"name\":\"World Press Service | Servicio de Prensa Mundial\",\"@id\":\"https:\\\/\\\/blogdiario.info\\\/magazine\\\/#\\\/schema\\\/person\\\/b2422fe85574d945bad55513bb0c7354\"},\"headline\":\"Palabras para la Convivencia \u2013 Episodio 2: El perro la hace, tu la recoges\",\"datePublished\":\"2025-07-30T06:25:41+00:00\",\"dateModified\":\"2025-07-30T06:39:12+00:00\",\"mainEntityOfPage\":{\"@id\":\"https:\\\/\\\/blogdiario.info\\\/magazine\\\/2025\\\/07\\\/30\\\/palabras-para-la-convivencia-episodio-2-el-perro-la-hace-tu-la-recoges\\\/\"},\"wordCount\":484,\"publisher\":{\"@id\":\"https:\\\/\\\/blogdiario.info\\\/magazine\\\/#organization\"},\"image\":{\"@id\":\"https:\\\/\\\/blogdiario.info\\\/magazine\\\/2025\\\/07\\\/30\\\/palabras-para-la-convivencia-episodio-2-el-perro-la-hace-tu-la-recoges\\\/#primaryimage\"},\"thumbnailUrl\":\"https:\\\/\\\/blogdiario.info\\\/magazine\\\/images\\\/2025\\\/07\\\/canwb_pub.jpg\",\"keywords\":[\"Italia\"],\"articleSection\":[\"Europa\",\"Noticias globales\",\"Sociedad\"],\"inLanguage\":\"es-AR\"},{\"@type\":\"WebPage\",\"@id\":\"https:\\\/\\\/blogdiario.info\\\/magazine\\\/2025\\\/07\\\/30\\\/palabras-para-la-convivencia-episodio-2-el-perro-la-hace-tu-la-recoges\\\/\",\"url\":\"https:\\\/\\\/blogdiario.info\\\/magazine\\\/2025\\\/07\\\/30\\\/palabras-para-la-convivencia-episodio-2-el-perro-la-hace-tu-la-recoges\\\/\",\"name\":\"Palabras para la Convivencia \u2013 Episodio 2: El perro la hace, tu la recoges - BlogDiario Magazine\",\"isPartOf\":{\"@id\":\"https:\\\/\\\/blogdiario.info\\\/magazine\\\/#website\"},\"primaryImageOfPage\":{\"@id\":\"https:\\\/\\\/blogdiario.info\\\/magazine\\\/2025\\\/07\\\/30\\\/palabras-para-la-convivencia-episodio-2-el-perro-la-hace-tu-la-recoges\\\/#primaryimage\"},\"image\":{\"@id\":\"https:\\\/\\\/blogdiario.info\\\/magazine\\\/2025\\\/07\\\/30\\\/palabras-para-la-convivencia-episodio-2-el-perro-la-hace-tu-la-recoges\\\/#primaryimage\"},\"thumbnailUrl\":\"https:\\\/\\\/blogdiario.info\\\/magazine\\\/images\\\/2025\\\/07\\\/canwb_pub.jpg\",\"datePublished\":\"2025-07-30T06:25:41+00:00\",\"dateModified\":\"2025-07-30T06:39:12+00:00\",\"breadcrumb\":{\"@id\":\"https:\\\/\\\/blogdiario.info\\\/magazine\\\/2025\\\/07\\\/30\\\/palabras-para-la-convivencia-episodio-2-el-perro-la-hace-tu-la-recoges\\\/#breadcrumb\"},\"inLanguage\":\"es-AR\",\"potentialAction\":[{\"@type\":\"ReadAction\",\"target\":[\"https:\\\/\\\/blogdiario.info\\\/magazine\\\/2025\\\/07\\\/30\\\/palabras-para-la-convivencia-episodio-2-el-perro-la-hace-tu-la-recoges\\\/\"]}]},{\"@type\":\"ImageObject\",\"inLanguage\":\"es-AR\",\"@id\":\"https:\\\/\\\/blogdiario.info\\\/magazine\\\/2025\\\/07\\\/30\\\/palabras-para-la-convivencia-episodio-2-el-perro-la-hace-tu-la-recoges\\\/#primaryimage\",\"url\":\"https:\\\/\\\/blogdiario.info\\\/magazine\\\/images\\\/2025\\\/07\\\/canwb_pub.jpg\",\"contentUrl\":\"https:\\\/\\\/blogdiario.info\\\/magazine\\\/images\\\/2025\\\/07\\\/canwb_pub.jpg\",\"width\":600,\"height\":400},{\"@type\":\"BreadcrumbList\",\"@id\":\"https:\\\/\\\/blogdiario.info\\\/magazine\\\/2025\\\/07\\\/30\\\/palabras-para-la-convivencia-episodio-2-el-perro-la-hace-tu-la-recoges\\\/#breadcrumb\",\"itemListElement\":[{\"@type\":\"ListItem\",\"position\":1,\"name\":\"Home\",\"item\":\"https:\\\/\\\/blogdiario.info\\\/magazine\\\/\"},{\"@type\":\"ListItem\",\"position\":2,\"name\":\"Palabras para la Convivencia \u2013 Episodio 2: El perro la hace, tu la recoges\"}]},{\"@type\":\"WebSite\",\"@id\":\"https:\\\/\\\/blogdiario.info\\\/magazine\\\/#website\",\"url\":\"https:\\\/\\\/blogdiario.info\\\/magazine\\\/\",\"name\":\"BlogDiario Magazine\",\"description\":\"Suplemento multiling\u00fce de ElCanillita.Info\",\"publisher\":{\"@id\":\"https:\\\/\\\/blogdiario.info\\\/magazine\\\/#organization\"},\"potentialAction\":[{\"@type\":\"SearchAction\",\"target\":{\"@type\":\"EntryPoint\",\"urlTemplate\":\"https:\\\/\\\/blogdiario.info\\\/magazine\\\/?s={search_term_string}\"},\"query-input\":{\"@type\":\"PropertyValueSpecification\",\"valueRequired\":true,\"valueName\":\"search_term_string\"}}],\"inLanguage\":\"es-AR\"},{\"@type\":\"Organization\",\"@id\":\"https:\\\/\\\/blogdiario.info\\\/magazine\\\/#organization\",\"name\":\"Guzzo Photos & Graphic Publications\",\"url\":\"https:\\\/\\\/blogdiario.info\\\/magazine\\\/\",\"logo\":{\"@type\":\"ImageObject\",\"inLanguage\":\"es-AR\",\"@id\":\"https:\\\/\\\/blogdiario.info\\\/magazine\\\/#\\\/schema\\\/logo\\\/image\\\/\",\"url\":\"https:\\\/\\\/blogdiario.info\\\/magazine\\\/images\\\/2020\\\/01\\\/cropped-blogdia_magazine.jpg\",\"contentUrl\":\"https:\\\/\\\/blogdiario.info\\\/magazine\\\/images\\\/2020\\\/01\\\/cropped-blogdia_magazine.jpg\",\"width\":589,\"height\":55,\"caption\":\"Guzzo Photos & Graphic Publications\"},\"image\":{\"@id\":\"https:\\\/\\\/blogdiario.info\\\/magazine\\\/#\\\/schema\\\/logo\\\/image\\\/\"}},{\"@type\":\"Person\",\"@id\":\"https:\\\/\\\/blogdiario.info\\\/magazine\\\/#\\\/schema\\\/person\\\/b2422fe85574d945bad55513bb0c7354\",\"name\":\"World Press Service | Servicio de Prensa Mundial\"}]}<\/script>\n<!-- \/ Yoast SEO plugin. -->","yoast_head_json":{"title":"Palabras para la Convivencia \u2013 Episodio 2: El perro la hace, tu la recoges - BlogDiario Magazine","robots":{"index":"index","follow":"follow","max-snippet":"max-snippet:-1","max-image-preview":"max-image-preview:large","max-video-preview":"max-video-preview:-1"},"canonical":"https:\/\/blogdiario.info\/magazine\/2025\/07\/30\/palabras-para-la-convivencia-episodio-2-el-perro-la-hace-tu-la-recoges\/","og_locale":"es_ES","og_type":"article","og_title":"Palabras para la Convivencia \u2013 Episodio 2: El perro la hace, tu la recoges - BlogDiario Magazine","og_description":"\u201cEl perro lo hace, tu la levantas.\u201d","og_url":"https:\/\/blogdiario.info\/magazine\/2025\/07\/30\/palabras-para-la-convivencia-episodio-2-el-perro-la-hace-tu-la-recoges\/","og_site_name":"BlogDiario Magazine","article_published_time":"2025-07-30T06:25:41+00:00","article_modified_time":"2025-07-30T06:39:12+00:00","og_image":[{"width":600,"height":400,"url":"https:\/\/blogdiario.info\/magazine\/images\/2025\/07\/canwb_pub.jpg","type":"image\/jpeg"}],"author":"World Press Service | Servicio de Prensa Mundial","twitter_card":"summary_large_image","twitter_misc":{"Escrito por":"World Press Service | Servicio de Prensa Mundial","Tiempo de lectura":"3 minutos"},"schema":{"@context":"https:\/\/schema.org","@graph":[{"@type":"Article","@id":"https:\/\/blogdiario.info\/magazine\/2025\/07\/30\/palabras-para-la-convivencia-episodio-2-el-perro-la-hace-tu-la-recoges\/#article","isPartOf":{"@id":"https:\/\/blogdiario.info\/magazine\/2025\/07\/30\/palabras-para-la-convivencia-episodio-2-el-perro-la-hace-tu-la-recoges\/"},"author":{"name":"World Press Service | Servicio de Prensa Mundial","@id":"https:\/\/blogdiario.info\/magazine\/#\/schema\/person\/b2422fe85574d945bad55513bb0c7354"},"headline":"Palabras para la Convivencia \u2013 Episodio 2: El perro la hace, tu la recoges","datePublished":"2025-07-30T06:25:41+00:00","dateModified":"2025-07-30T06:39:12+00:00","mainEntityOfPage":{"@id":"https:\/\/blogdiario.info\/magazine\/2025\/07\/30\/palabras-para-la-convivencia-episodio-2-el-perro-la-hace-tu-la-recoges\/"},"wordCount":484,"publisher":{"@id":"https:\/\/blogdiario.info\/magazine\/#organization"},"image":{"@id":"https:\/\/blogdiario.info\/magazine\/2025\/07\/30\/palabras-para-la-convivencia-episodio-2-el-perro-la-hace-tu-la-recoges\/#primaryimage"},"thumbnailUrl":"https:\/\/blogdiario.info\/magazine\/images\/2025\/07\/canwb_pub.jpg","keywords":["Italia"],"articleSection":["Europa","Noticias globales","Sociedad"],"inLanguage":"es-AR"},{"@type":"WebPage","@id":"https:\/\/blogdiario.info\/magazine\/2025\/07\/30\/palabras-para-la-convivencia-episodio-2-el-perro-la-hace-tu-la-recoges\/","url":"https:\/\/blogdiario.info\/magazine\/2025\/07\/30\/palabras-para-la-convivencia-episodio-2-el-perro-la-hace-tu-la-recoges\/","name":"Palabras para la Convivencia \u2013 Episodio 2: El perro la hace, tu la recoges - BlogDiario Magazine","isPartOf":{"@id":"https:\/\/blogdiario.info\/magazine\/#website"},"primaryImageOfPage":{"@id":"https:\/\/blogdiario.info\/magazine\/2025\/07\/30\/palabras-para-la-convivencia-episodio-2-el-perro-la-hace-tu-la-recoges\/#primaryimage"},"image":{"@id":"https:\/\/blogdiario.info\/magazine\/2025\/07\/30\/palabras-para-la-convivencia-episodio-2-el-perro-la-hace-tu-la-recoges\/#primaryimage"},"thumbnailUrl":"https:\/\/blogdiario.info\/magazine\/images\/2025\/07\/canwb_pub.jpg","datePublished":"2025-07-30T06:25:41+00:00","dateModified":"2025-07-30T06:39:12+00:00","breadcrumb":{"@id":"https:\/\/blogdiario.info\/magazine\/2025\/07\/30\/palabras-para-la-convivencia-episodio-2-el-perro-la-hace-tu-la-recoges\/#breadcrumb"},"inLanguage":"es-AR","potentialAction":[{"@type":"ReadAction","target":["https:\/\/blogdiario.info\/magazine\/2025\/07\/30\/palabras-para-la-convivencia-episodio-2-el-perro-la-hace-tu-la-recoges\/"]}]},{"@type":"ImageObject","inLanguage":"es-AR","@id":"https:\/\/blogdiario.info\/magazine\/2025\/07\/30\/palabras-para-la-convivencia-episodio-2-el-perro-la-hace-tu-la-recoges\/#primaryimage","url":"https:\/\/blogdiario.info\/magazine\/images\/2025\/07\/canwb_pub.jpg","contentUrl":"https:\/\/blogdiario.info\/magazine\/images\/2025\/07\/canwb_pub.jpg","width":600,"height":400},{"@type":"BreadcrumbList","@id":"https:\/\/blogdiario.info\/magazine\/2025\/07\/30\/palabras-para-la-convivencia-episodio-2-el-perro-la-hace-tu-la-recoges\/#breadcrumb","itemListElement":[{"@type":"ListItem","position":1,"name":"Home","item":"https:\/\/blogdiario.info\/magazine\/"},{"@type":"ListItem","position":2,"name":"Palabras para la Convivencia \u2013 Episodio 2: El perro la hace, tu la recoges"}]},{"@type":"WebSite","@id":"https:\/\/blogdiario.info\/magazine\/#website","url":"https:\/\/blogdiario.info\/magazine\/","name":"BlogDiario Magazine","description":"Suplemento multiling\u00fce de ElCanillita.Info","publisher":{"@id":"https:\/\/blogdiario.info\/magazine\/#organization"},"potentialAction":[{"@type":"SearchAction","target":{"@type":"EntryPoint","urlTemplate":"https:\/\/blogdiario.info\/magazine\/?s={search_term_string}"},"query-input":{"@type":"PropertyValueSpecification","valueRequired":true,"valueName":"search_term_string"}}],"inLanguage":"es-AR"},{"@type":"Organization","@id":"https:\/\/blogdiario.info\/magazine\/#organization","name":"Guzzo Photos & Graphic Publications","url":"https:\/\/blogdiario.info\/magazine\/","logo":{"@type":"ImageObject","inLanguage":"es-AR","@id":"https:\/\/blogdiario.info\/magazine\/#\/schema\/logo\/image\/","url":"https:\/\/blogdiario.info\/magazine\/images\/2020\/01\/cropped-blogdia_magazine.jpg","contentUrl":"https:\/\/blogdiario.info\/magazine\/images\/2020\/01\/cropped-blogdia_magazine.jpg","width":589,"height":55,"caption":"Guzzo Photos & Graphic Publications"},"image":{"@id":"https:\/\/blogdiario.info\/magazine\/#\/schema\/logo\/image\/"}},{"@type":"Person","@id":"https:\/\/blogdiario.info\/magazine\/#\/schema\/person\/b2422fe85574d945bad55513bb0c7354","name":"World Press Service | Servicio de Prensa Mundial"}]}},"views":307,"_links":{"self":[{"href":"https:\/\/blogdiario.info\/magazine\/wp-json\/wp\/v2\/posts\/2093","targetHints":{"allow":["GET"]}}],"collection":[{"href":"https:\/\/blogdiario.info\/magazine\/wp-json\/wp\/v2\/posts"}],"about":[{"href":"https:\/\/blogdiario.info\/magazine\/wp-json\/wp\/v2\/types\/post"}],"author":[{"embeddable":true,"href":"https:\/\/blogdiario.info\/magazine\/wp-json\/wp\/v2\/users\/1"}],"replies":[{"embeddable":true,"href":"https:\/\/blogdiario.info\/magazine\/wp-json\/wp\/v2\/comments?post=2093"}],"version-history":[{"count":0,"href":"https:\/\/blogdiario.info\/magazine\/wp-json\/wp\/v2\/posts\/2093\/revisions"}],"wp:featuredmedia":[{"embeddable":true,"href":"https:\/\/blogdiario.info\/magazine\/wp-json\/wp\/v2\/media\/2094"}],"wp:attachment":[{"href":"https:\/\/blogdiario.info\/magazine\/wp-json\/wp\/v2\/media?parent=2093"}],"wp:term":[{"taxonomy":"category","embeddable":true,"href":"https:\/\/blogdiario.info\/magazine\/wp-json\/wp\/v2\/categories?post=2093"},{"taxonomy":"post_tag","embeddable":true,"href":"https:\/\/blogdiario.info\/magazine\/wp-json\/wp\/v2\/tags?post=2093"}],"curies":[{"name":"wp","href":"https:\/\/api.w.org\/{rel}","templated":true}]}}