{"id":2065,"date":"2025-07-23T11:13:09","date_gmt":"2025-07-23T10:13:09","guid":{"rendered":"https:\/\/blogdiario.info\/magazine\/?p=2065"},"modified":"2025-07-27T22:49:56","modified_gmt":"2025-07-27T21:49:56","slug":"democracia-s-a-el-payaso-javier-y-su-gobierno-puesto-en-pie","status":"publish","type":"post","link":"https:\/\/blogdiario.info\/magazine\/2025\/07\/23\/democracia-s-a-el-payaso-javier-y-su-gobierno-puesto-en-pie\/","title":{"rendered":"Democracia S.A.: El Payaso Javier y su Gobierno puesto en pie"},"content":{"rendered":"<div class=\"wp-block-image\">\n<figure class=\"alignleft size-full is-resized\"><img loading=\"lazy\" decoding=\"async\" width=\"1024\" height=\"1024\" src=\"https:\/\/blogdiario.info\/magazine\/images\/2025\/07\/mileiguillotin_20250723.jpg\" alt=\"\" class=\"wp-image-2066\" style=\"width:312px;height:auto\" srcset=\"https:\/\/blogdiario.info\/magazine\/images\/2025\/07\/mileiguillotin_20250723.jpg 1024w, https:\/\/blogdiario.info\/magazine\/images\/2025\/07\/mileiguillotin_20250723-300x300.jpg 300w, https:\/\/blogdiario.info\/magazine\/images\/2025\/07\/mileiguillotin_20250723-150x150.jpg 150w, https:\/\/blogdiario.info\/magazine\/images\/2025\/07\/mileiguillotin_20250723-768x768.jpg 768w\" sizes=\"auto, (max-width: 1024px) 100vw, 1024px\" \/><\/figure><\/div>\n\n\n<p><strong>BlogDiario.info<\/strong><br>Argentina, 23\/07\/2025<br><br><em>Por <small>Felix Inkstone <\/small><\/em><br><br>\ud83c\udfaa <strong>La Derecha Fest<\/strong> no fue un congreso, ni una jornada pol\u00edtica, ni una convenci\u00f3n de ideas. Fue lo que su nombre indica: un festival. De egos. De frases sueltas. De travestismo ideol\u00f3gico. Y por supuesto, de Javier Milei, el presidente que gobierna desde un atril, pero no con discursos de Estado sino con mon\u00f3logos de un show permanente.<\/p>\n\n\n\n<p>Subi\u00f3 al escenario a las 21:17, como un rockstar de rep\u00fablica bananera. <em>\u201cSoy el le\u00f3n, soy el rey\u201d<\/em>, rugi\u00f3 el tribuno libertario, y el p\u00fablico ovacion\u00f3 como en misa evang\u00e9lica. La pol\u00edtica argentina ya no es teatro: es un circo. Y el Payaso Javier \u2014con su Biblia en una mano y su motosierra en la otra\u2014 sigue haciendo lo que mejor le sale: escupir sobre el plato que a\u00fan le da de comer.<\/p>\n\n\n\n<p>Sin titubear, carg\u00f3 contra su vice Villarruel \u2014la misma que \u00e9l eligi\u00f3, pero que ahora le da urticaria\u2014. Lanz\u00f3 pullas contra la oposici\u00f3n, se autoproclam\u00f3 l\u00edder del \u201cmejor gobierno de la historia\u201d, y desempolv\u00f3 el nombre de Carlos Menem como referencia divina. Como si el menemismo no fuera el pre\u00e1mbulo de este delirio.<\/p>\n\n\n\n<p>\ud83d\udcd6 Y como si eso fuera poco, cit\u00f3 a su <em>\u201camigo\u201d<\/em> Axel Kaiser para denunciar la existencia de <em>\u201cpar\u00e1sitos mentales\u201d<\/em>, mientras el suyo, claramente, opera con sobrecarga de audios de TikTok y frases de sobre de az\u00facar.<\/p>\n\n\n\n<p>\ud83e\ude93 <strong>\u00bfLa imagen de la noche?<\/strong> Milei blandiendo su motosierra invisible, pero simb\u00f3licamente eficaz: con cada giro, rebana pedazos de Estado, s\u00ed\u2026 pero tambi\u00e9n la Democracia. Esa misma a la que lleg\u00f3 por el voto. Esa misma que hoy trata como carne para su m\u00e1quina de demolici\u00f3n.<\/p>\n\n\n\n<p>\ud83e\uddc2<strong>Bonus Track: &#8220;Sin rencores&#8221;, dijo el Gordo Dan<\/strong>, tras quedarse afuera del reparto de candidaturas bonaerenses. Una sonrisa de pl\u00e1stico para una interna de acero. Mientras tanto, Lilia Lemoine sigue vendiendo remeras, bendiciones libertarias y emojis con barba.<\/p>\n\n\n\n<p>\ud83d\uddf3\ufe0f Y M\u00e1rquez, sin filtro ni rubor, pidi\u00f3 <em>\u201cgolpes c\u00edvico-electorales\u201d<\/em>. Una frase que, si saliera de la boca de un piquetero, abrir\u00eda todos los noticieros. Pero aqu\u00ed, con aroma a incienso y panceta, pasa como si nada.<\/p>\n\n\n\n<hr class=\"wp-block-separator has-alpha-channel-opacity\"\/>\n\n\n\n<p><strong>Argentina, tierra donde la motosierra predica y el poder se disfraza de happening.<\/strong><\/p>\n\n\n\n<p>Solo hace falta coraje para no re\u00edr. O llorar.<\/p>\n\n\n\n<hr class=\"wp-block-separator has-alpha-channel-opacity\"\/>\n\n\n\n<p>\u2702\ufe0f <strong>Posdata para lectores con memoria hist\u00f3rica<\/strong><br>En un rinc\u00f3n oscuro del tiempo, Don Guillotin \u2014ese viejo inventor ilustrado que juraba defender la <em>Libert\u00e9, \u00c9galit\u00e9, Fraternit\u00e9<\/em>\u2014 observa desde el m\u00e1s all\u00e1 c\u00f3mo su legado de filo preciso es ahora imitado por un personaje de cabellera furiosa y motosierra oxidada.<\/p>\n\n\n\n<p><small>\u00a92025 Felix Inkstone &#8211; All Rights Reserved \u2013 Copyright \u00a9 2025 SportJournal.pictures \/SalaStampa.eu, world press service \u2013 Guzzo Photos &amp; Graphic Publications \u2013 Registro Editori e Stampatori n. 1441 Turin, Italy<\/small><br><\/p>\n\n\n\n<hr class=\"wp-block-separator has-alpha-channel-opacity\"\/>\n\n\n<p>\u00bfQuieres decir algo ?<\/p>\n<p>\ud83d\udcec Envia tu texto a elcanillita@yahoo.com o sube a la Caja de los oradores:\u00a0<br \/><strong>SoapBoxOrators.org<br \/><\/strong>\ud83c\udde6\ud83c\uddf7 CASTELLANO<\/p>\n<form action=\"https:\/\/formspree.io\/f\/mjkrjzed\" method=\"POST\"><label for=\"name\">Nombre o seud\u00f3nimo:<\/label><br \/><input id=\"name\" name=\"name\" required=\"\" type=\"text\" \/>\n<p><label for=\"title\">T\u00edtulo del discurso o editorial:<\/label><br \/><input id=\"title\" name=\"title\" required=\"\" type=\"text\" \/><\/p>\n<p><label for=\"message\">Texto (m\u00e1x. 3.000 caracteres):<\/label><br \/><textarea id=\"message\" maxlength=\"3000\" name=\"message\" required=\"\" rows=\"10\"><\/textarea><\/p>\n<p><label><br \/><input name=\"consent\" required=\"\" type=\"checkbox\" \/><br \/>Autorizo la publicaci\u00f3n de este texto en SoapboxOrators.org<br \/><\/label><\/p>\n<p><button type=\"submit\">Enviar<\/button><br \/><button type=\"reset\">Borrar<\/button><\/p>\n<\/form>","protected":false},"excerpt":{"rendered":"<p>Argentina, tierra donde la motosierra predica y el poder se disfraza de happening.<\/p>\n","protected":false},"author":1,"featured_media":2066,"comment_status":"closed","ping_status":"closed","sticky":false,"template":"","format":"standard","meta":{"footnotes":"","_links_to":"","_links_to_target":""},"categories":[97,109,62,51,136,41,43],"tags":[23],"class_list":["post-2065","post","type-post","status-publish","format-standard","has-post-thumbnail","hentry","category-elcanillita","category-dc24","category-actualidad","category-america-del-sud","category-dolores-de-la-press","category-politica-esp","category-sociedad","tag-argentina","entry","rows"],"yoast_head":"<!-- This site is optimized with the Yoast SEO plugin v27.4 - https:\/\/yoast.com\/product\/yoast-seo-wordpress\/ -->\n<title>Democracia S.A.: El Payaso Javier y su Gobierno puesto en pie - BlogDiario Magazine<\/title>\n<meta name=\"robots\" content=\"index, follow, max-snippet:-1, max-image-preview:large, max-video-preview:-1\" \/>\n<link rel=\"canonical\" href=\"https:\/\/blogdiario.info\/magazine\/2025\/07\/23\/democracia-s-a-el-payaso-javier-y-su-gobierno-puesto-en-pie\/\" \/>\n<meta property=\"og:locale\" content=\"es_ES\" \/>\n<meta property=\"og:type\" content=\"article\" \/>\n<meta property=\"og:title\" content=\"Democracia S.A.: El Payaso Javier y su Gobierno puesto en pie - BlogDiario Magazine\" \/>\n<meta property=\"og:description\" content=\"Argentina, tierra donde la motosierra predica y el poder se disfraza de happening.\" \/>\n<meta property=\"og:url\" content=\"https:\/\/blogdiario.info\/magazine\/2025\/07\/23\/democracia-s-a-el-payaso-javier-y-su-gobierno-puesto-en-pie\/\" \/>\n<meta property=\"og:site_name\" content=\"BlogDiario Magazine\" \/>\n<meta property=\"article:published_time\" content=\"2025-07-23T10:13:09+00:00\" \/>\n<meta property=\"article:modified_time\" content=\"2025-07-27T21:49:56+00:00\" \/>\n<meta property=\"og:image\" content=\"https:\/\/blogdiario.info\/magazine\/images\/2025\/07\/mileiguillotin_20250723.jpg\" \/>\n\t<meta property=\"og:image:width\" content=\"1024\" \/>\n\t<meta property=\"og:image:height\" content=\"1024\" \/>\n\t<meta property=\"og:image:type\" content=\"image\/jpeg\" \/>\n<meta name=\"author\" content=\"World Press Service | Servicio de Prensa Mundial\" \/>\n<meta name=\"twitter:card\" content=\"summary_large_image\" \/>\n<meta name=\"twitter:label1\" content=\"Escrito por\" \/>\n\t<meta name=\"twitter:data1\" content=\"World Press Service | Servicio de Prensa Mundial\" \/>\n\t<meta name=\"twitter:label2\" content=\"Tiempo de lectura\" \/>\n\t<meta name=\"twitter:data2\" content=\"3 minutos\" \/>\n<script type=\"application\/ld+json\" class=\"yoast-schema-graph\">{\"@context\":\"https:\\\/\\\/schema.org\",\"@graph\":[{\"@type\":\"Article\",\"@id\":\"https:\\\/\\\/blogdiario.info\\\/magazine\\\/2025\\\/07\\\/23\\\/democracia-s-a-el-payaso-javier-y-su-gobierno-puesto-en-pie\\\/#article\",\"isPartOf\":{\"@id\":\"https:\\\/\\\/blogdiario.info\\\/magazine\\\/2025\\\/07\\\/23\\\/democracia-s-a-el-payaso-javier-y-su-gobierno-puesto-en-pie\\\/\"},\"author\":{\"name\":\"World Press Service | Servicio de Prensa Mundial\",\"@id\":\"https:\\\/\\\/blogdiario.info\\\/magazine\\\/#\\\/schema\\\/person\\\/b2422fe85574d945bad55513bb0c7354\"},\"headline\":\"Democracia S.A.: El Payaso Javier y su Gobierno puesto en pie\",\"datePublished\":\"2025-07-23T10:13:09+00:00\",\"dateModified\":\"2025-07-27T21:49:56+00:00\",\"mainEntityOfPage\":{\"@id\":\"https:\\\/\\\/blogdiario.info\\\/magazine\\\/2025\\\/07\\\/23\\\/democracia-s-a-el-payaso-javier-y-su-gobierno-puesto-en-pie\\\/\"},\"wordCount\":528,\"publisher\":{\"@id\":\"https:\\\/\\\/blogdiario.info\\\/magazine\\\/#organization\"},\"image\":{\"@id\":\"https:\\\/\\\/blogdiario.info\\\/magazine\\\/2025\\\/07\\\/23\\\/democracia-s-a-el-payaso-javier-y-su-gobierno-puesto-en-pie\\\/#primaryimage\"},\"thumbnailUrl\":\"https:\\\/\\\/blogdiario.info\\\/magazine\\\/images\\\/2025\\\/07\\\/mileiguillotin_20250723.jpg\",\"keywords\":[\"Argentina\"],\"articleSection\":[\".\",\".\",\"Actualidad\",\"America del Sud\",\"Dolores de La Press\",\"Politica\",\"Sociedad\"],\"inLanguage\":\"es-AR\"},{\"@type\":\"WebPage\",\"@id\":\"https:\\\/\\\/blogdiario.info\\\/magazine\\\/2025\\\/07\\\/23\\\/democracia-s-a-el-payaso-javier-y-su-gobierno-puesto-en-pie\\\/\",\"url\":\"https:\\\/\\\/blogdiario.info\\\/magazine\\\/2025\\\/07\\\/23\\\/democracia-s-a-el-payaso-javier-y-su-gobierno-puesto-en-pie\\\/\",\"name\":\"Democracia S.A.: El Payaso Javier y su Gobierno puesto en pie - BlogDiario Magazine\",\"isPartOf\":{\"@id\":\"https:\\\/\\\/blogdiario.info\\\/magazine\\\/#website\"},\"primaryImageOfPage\":{\"@id\":\"https:\\\/\\\/blogdiario.info\\\/magazine\\\/2025\\\/07\\\/23\\\/democracia-s-a-el-payaso-javier-y-su-gobierno-puesto-en-pie\\\/#primaryimage\"},\"image\":{\"@id\":\"https:\\\/\\\/blogdiario.info\\\/magazine\\\/2025\\\/07\\\/23\\\/democracia-s-a-el-payaso-javier-y-su-gobierno-puesto-en-pie\\\/#primaryimage\"},\"thumbnailUrl\":\"https:\\\/\\\/blogdiario.info\\\/magazine\\\/images\\\/2025\\\/07\\\/mileiguillotin_20250723.jpg\",\"datePublished\":\"2025-07-23T10:13:09+00:00\",\"dateModified\":\"2025-07-27T21:49:56+00:00\",\"breadcrumb\":{\"@id\":\"https:\\\/\\\/blogdiario.info\\\/magazine\\\/2025\\\/07\\\/23\\\/democracia-s-a-el-payaso-javier-y-su-gobierno-puesto-en-pie\\\/#breadcrumb\"},\"inLanguage\":\"es-AR\",\"potentialAction\":[{\"@type\":\"ReadAction\",\"target\":[\"https:\\\/\\\/blogdiario.info\\\/magazine\\\/2025\\\/07\\\/23\\\/democracia-s-a-el-payaso-javier-y-su-gobierno-puesto-en-pie\\\/\"]}]},{\"@type\":\"ImageObject\",\"inLanguage\":\"es-AR\",\"@id\":\"https:\\\/\\\/blogdiario.info\\\/magazine\\\/2025\\\/07\\\/23\\\/democracia-s-a-el-payaso-javier-y-su-gobierno-puesto-en-pie\\\/#primaryimage\",\"url\":\"https:\\\/\\\/blogdiario.info\\\/magazine\\\/images\\\/2025\\\/07\\\/mileiguillotin_20250723.jpg\",\"contentUrl\":\"https:\\\/\\\/blogdiario.info\\\/magazine\\\/images\\\/2025\\\/07\\\/mileiguillotin_20250723.jpg\",\"width\":1024,\"height\":1024},{\"@type\":\"BreadcrumbList\",\"@id\":\"https:\\\/\\\/blogdiario.info\\\/magazine\\\/2025\\\/07\\\/23\\\/democracia-s-a-el-payaso-javier-y-su-gobierno-puesto-en-pie\\\/#breadcrumb\",\"itemListElement\":[{\"@type\":\"ListItem\",\"position\":1,\"name\":\"Home\",\"item\":\"https:\\\/\\\/blogdiario.info\\\/magazine\\\/\"},{\"@type\":\"ListItem\",\"position\":2,\"name\":\"Democracia S.A.: El Payaso Javier y su Gobierno puesto en pie\"}]},{\"@type\":\"WebSite\",\"@id\":\"https:\\\/\\\/blogdiario.info\\\/magazine\\\/#website\",\"url\":\"https:\\\/\\\/blogdiario.info\\\/magazine\\\/\",\"name\":\"BlogDiario Magazine\",\"description\":\"Suplemento multiling\u00fce de ElCanillita.Info\",\"publisher\":{\"@id\":\"https:\\\/\\\/blogdiario.info\\\/magazine\\\/#organization\"},\"potentialAction\":[{\"@type\":\"SearchAction\",\"target\":{\"@type\":\"EntryPoint\",\"urlTemplate\":\"https:\\\/\\\/blogdiario.info\\\/magazine\\\/?s={search_term_string}\"},\"query-input\":{\"@type\":\"PropertyValueSpecification\",\"valueRequired\":true,\"valueName\":\"search_term_string\"}}],\"inLanguage\":\"es-AR\"},{\"@type\":\"Organization\",\"@id\":\"https:\\\/\\\/blogdiario.info\\\/magazine\\\/#organization\",\"name\":\"Guzzo Photos & Graphic Publications\",\"url\":\"https:\\\/\\\/blogdiario.info\\\/magazine\\\/\",\"logo\":{\"@type\":\"ImageObject\",\"inLanguage\":\"es-AR\",\"@id\":\"https:\\\/\\\/blogdiario.info\\\/magazine\\\/#\\\/schema\\\/logo\\\/image\\\/\",\"url\":\"https:\\\/\\\/blogdiario.info\\\/magazine\\\/images\\\/2020\\\/01\\\/cropped-blogdia_magazine.jpg\",\"contentUrl\":\"https:\\\/\\\/blogdiario.info\\\/magazine\\\/images\\\/2020\\\/01\\\/cropped-blogdia_magazine.jpg\",\"width\":589,\"height\":55,\"caption\":\"Guzzo Photos & Graphic Publications\"},\"image\":{\"@id\":\"https:\\\/\\\/blogdiario.info\\\/magazine\\\/#\\\/schema\\\/logo\\\/image\\\/\"}},{\"@type\":\"Person\",\"@id\":\"https:\\\/\\\/blogdiario.info\\\/magazine\\\/#\\\/schema\\\/person\\\/b2422fe85574d945bad55513bb0c7354\",\"name\":\"World Press Service | Servicio de Prensa Mundial\"}]}<\/script>\n<!-- \/ Yoast SEO plugin. -->","yoast_head_json":{"title":"Democracia S.A.: El Payaso Javier y su Gobierno puesto en pie - BlogDiario Magazine","robots":{"index":"index","follow":"follow","max-snippet":"max-snippet:-1","max-image-preview":"max-image-preview:large","max-video-preview":"max-video-preview:-1"},"canonical":"https:\/\/blogdiario.info\/magazine\/2025\/07\/23\/democracia-s-a-el-payaso-javier-y-su-gobierno-puesto-en-pie\/","og_locale":"es_ES","og_type":"article","og_title":"Democracia S.A.: El Payaso Javier y su Gobierno puesto en pie - BlogDiario Magazine","og_description":"Argentina, tierra donde la motosierra predica y el poder se disfraza de happening.","og_url":"https:\/\/blogdiario.info\/magazine\/2025\/07\/23\/democracia-s-a-el-payaso-javier-y-su-gobierno-puesto-en-pie\/","og_site_name":"BlogDiario Magazine","article_published_time":"2025-07-23T10:13:09+00:00","article_modified_time":"2025-07-27T21:49:56+00:00","og_image":[{"width":1024,"height":1024,"url":"https:\/\/blogdiario.info\/magazine\/images\/2025\/07\/mileiguillotin_20250723.jpg","type":"image\/jpeg"}],"author":"World Press Service | Servicio de Prensa Mundial","twitter_card":"summary_large_image","twitter_misc":{"Escrito por":"World Press Service | Servicio de Prensa Mundial","Tiempo de lectura":"3 minutos"},"schema":{"@context":"https:\/\/schema.org","@graph":[{"@type":"Article","@id":"https:\/\/blogdiario.info\/magazine\/2025\/07\/23\/democracia-s-a-el-payaso-javier-y-su-gobierno-puesto-en-pie\/#article","isPartOf":{"@id":"https:\/\/blogdiario.info\/magazine\/2025\/07\/23\/democracia-s-a-el-payaso-javier-y-su-gobierno-puesto-en-pie\/"},"author":{"name":"World Press Service | Servicio de Prensa Mundial","@id":"https:\/\/blogdiario.info\/magazine\/#\/schema\/person\/b2422fe85574d945bad55513bb0c7354"},"headline":"Democracia S.A.: El Payaso Javier y su Gobierno puesto en pie","datePublished":"2025-07-23T10:13:09+00:00","dateModified":"2025-07-27T21:49:56+00:00","mainEntityOfPage":{"@id":"https:\/\/blogdiario.info\/magazine\/2025\/07\/23\/democracia-s-a-el-payaso-javier-y-su-gobierno-puesto-en-pie\/"},"wordCount":528,"publisher":{"@id":"https:\/\/blogdiario.info\/magazine\/#organization"},"image":{"@id":"https:\/\/blogdiario.info\/magazine\/2025\/07\/23\/democracia-s-a-el-payaso-javier-y-su-gobierno-puesto-en-pie\/#primaryimage"},"thumbnailUrl":"https:\/\/blogdiario.info\/magazine\/images\/2025\/07\/mileiguillotin_20250723.jpg","keywords":["Argentina"],"articleSection":[".",".","Actualidad","America del Sud","Dolores de La Press","Politica","Sociedad"],"inLanguage":"es-AR"},{"@type":"WebPage","@id":"https:\/\/blogdiario.info\/magazine\/2025\/07\/23\/democracia-s-a-el-payaso-javier-y-su-gobierno-puesto-en-pie\/","url":"https:\/\/blogdiario.info\/magazine\/2025\/07\/23\/democracia-s-a-el-payaso-javier-y-su-gobierno-puesto-en-pie\/","name":"Democracia S.A.: El Payaso Javier y su Gobierno puesto en pie - BlogDiario Magazine","isPartOf":{"@id":"https:\/\/blogdiario.info\/magazine\/#website"},"primaryImageOfPage":{"@id":"https:\/\/blogdiario.info\/magazine\/2025\/07\/23\/democracia-s-a-el-payaso-javier-y-su-gobierno-puesto-en-pie\/#primaryimage"},"image":{"@id":"https:\/\/blogdiario.info\/magazine\/2025\/07\/23\/democracia-s-a-el-payaso-javier-y-su-gobierno-puesto-en-pie\/#primaryimage"},"thumbnailUrl":"https:\/\/blogdiario.info\/magazine\/images\/2025\/07\/mileiguillotin_20250723.jpg","datePublished":"2025-07-23T10:13:09+00:00","dateModified":"2025-07-27T21:49:56+00:00","breadcrumb":{"@id":"https:\/\/blogdiario.info\/magazine\/2025\/07\/23\/democracia-s-a-el-payaso-javier-y-su-gobierno-puesto-en-pie\/#breadcrumb"},"inLanguage":"es-AR","potentialAction":[{"@type":"ReadAction","target":["https:\/\/blogdiario.info\/magazine\/2025\/07\/23\/democracia-s-a-el-payaso-javier-y-su-gobierno-puesto-en-pie\/"]}]},{"@type":"ImageObject","inLanguage":"es-AR","@id":"https:\/\/blogdiario.info\/magazine\/2025\/07\/23\/democracia-s-a-el-payaso-javier-y-su-gobierno-puesto-en-pie\/#primaryimage","url":"https:\/\/blogdiario.info\/magazine\/images\/2025\/07\/mileiguillotin_20250723.jpg","contentUrl":"https:\/\/blogdiario.info\/magazine\/images\/2025\/07\/mileiguillotin_20250723.jpg","width":1024,"height":1024},{"@type":"BreadcrumbList","@id":"https:\/\/blogdiario.info\/magazine\/2025\/07\/23\/democracia-s-a-el-payaso-javier-y-su-gobierno-puesto-en-pie\/#breadcrumb","itemListElement":[{"@type":"ListItem","position":1,"name":"Home","item":"https:\/\/blogdiario.info\/magazine\/"},{"@type":"ListItem","position":2,"name":"Democracia S.A.: El Payaso Javier y su Gobierno puesto en pie"}]},{"@type":"WebSite","@id":"https:\/\/blogdiario.info\/magazine\/#website","url":"https:\/\/blogdiario.info\/magazine\/","name":"BlogDiario Magazine","description":"Suplemento multiling\u00fce de ElCanillita.Info","publisher":{"@id":"https:\/\/blogdiario.info\/magazine\/#organization"},"potentialAction":[{"@type":"SearchAction","target":{"@type":"EntryPoint","urlTemplate":"https:\/\/blogdiario.info\/magazine\/?s={search_term_string}"},"query-input":{"@type":"PropertyValueSpecification","valueRequired":true,"valueName":"search_term_string"}}],"inLanguage":"es-AR"},{"@type":"Organization","@id":"https:\/\/blogdiario.info\/magazine\/#organization","name":"Guzzo Photos & Graphic Publications","url":"https:\/\/blogdiario.info\/magazine\/","logo":{"@type":"ImageObject","inLanguage":"es-AR","@id":"https:\/\/blogdiario.info\/magazine\/#\/schema\/logo\/image\/","url":"https:\/\/blogdiario.info\/magazine\/images\/2020\/01\/cropped-blogdia_magazine.jpg","contentUrl":"https:\/\/blogdiario.info\/magazine\/images\/2020\/01\/cropped-blogdia_magazine.jpg","width":589,"height":55,"caption":"Guzzo Photos & Graphic Publications"},"image":{"@id":"https:\/\/blogdiario.info\/magazine\/#\/schema\/logo\/image\/"}},{"@type":"Person","@id":"https:\/\/blogdiario.info\/magazine\/#\/schema\/person\/b2422fe85574d945bad55513bb0c7354","name":"World Press Service | Servicio de Prensa Mundial"}]}},"views":369,"_links":{"self":[{"href":"https:\/\/blogdiario.info\/magazine\/wp-json\/wp\/v2\/posts\/2065","targetHints":{"allow":["GET"]}}],"collection":[{"href":"https:\/\/blogdiario.info\/magazine\/wp-json\/wp\/v2\/posts"}],"about":[{"href":"https:\/\/blogdiario.info\/magazine\/wp-json\/wp\/v2\/types\/post"}],"author":[{"embeddable":true,"href":"https:\/\/blogdiario.info\/magazine\/wp-json\/wp\/v2\/users\/1"}],"replies":[{"embeddable":true,"href":"https:\/\/blogdiario.info\/magazine\/wp-json\/wp\/v2\/comments?post=2065"}],"version-history":[{"count":0,"href":"https:\/\/blogdiario.info\/magazine\/wp-json\/wp\/v2\/posts\/2065\/revisions"}],"wp:featuredmedia":[{"embeddable":true,"href":"https:\/\/blogdiario.info\/magazine\/wp-json\/wp\/v2\/media\/2066"}],"wp:attachment":[{"href":"https:\/\/blogdiario.info\/magazine\/wp-json\/wp\/v2\/media?parent=2065"}],"wp:term":[{"taxonomy":"category","embeddable":true,"href":"https:\/\/blogdiario.info\/magazine\/wp-json\/wp\/v2\/categories?post=2065"},{"taxonomy":"post_tag","embeddable":true,"href":"https:\/\/blogdiario.info\/magazine\/wp-json\/wp\/v2\/tags?post=2065"}],"curies":[{"name":"wp","href":"https:\/\/api.w.org\/{rel}","templated":true}]}}