{"id":2061,"date":"2025-07-13T12:48:00","date_gmt":"2025-07-13T11:48:00","guid":{"rendered":"https:\/\/blogdiario.info\/magazine\/?p=2061"},"modified":"2025-07-27T22:48:39","modified_gmt":"2025-07-27T21:48:39","slug":"despedida-con-espinas","status":"publish","type":"post","link":"https:\/\/blogdiario.info\/magazine\/2025\/07\/13\/despedida-con-espinas\/","title":{"rendered":"Despedida con Espinas"},"content":{"rendered":"<div class=\"wp-block-image\">\n<figure class=\"alignleft size-full is-resized\"><img loading=\"lazy\" decoding=\"async\" width=\"450\" height=\"450\" src=\"https:\/\/blogdiario.info\/magazine\/images\/2025\/07\/saludoAv_Pub.png\" alt=\"\" class=\"wp-image-2062\" style=\"width:342px;height:auto\" srcset=\"https:\/\/blogdiario.info\/magazine\/images\/2025\/07\/saludoAv_Pub.png 450w, https:\/\/blogdiario.info\/magazine\/images\/2025\/07\/saludoAv_Pub-300x300.png 300w, https:\/\/blogdiario.info\/magazine\/images\/2025\/07\/saludoAv_Pub-150x150.png 150w\" sizes=\"auto, (max-width: 450px) 100vw, 450px\" \/><\/figure><\/div>\n\n\n<p><strong>BlogDiario.info<\/strong><br>Argentina, 13\/07\/2025<br><em><br>Editorial para ElCanillita.info \/ BlogDiario.info<\/em><\/p>\n\n\n\n<p><strong>\u00bfQui\u00e9n carga con el fracaso cuando se ha dado la vida entera por un ideal?<\/strong><br>Enrique Guillermo Avogadro \u2013jurista, analista, polemista incansable, cronista del desasosiego argentino\u2013 nos entrega aqu\u00ed lo que quiz\u00e1s sea su \u00faltima carta dominical. Pero no es un adi\u00f3s sereno. Es un grito que resuena desde la herida, un ep\u00edlogo con sabor a p\u00f3lvora y desilusi\u00f3n.<\/p>\n\n\n\n<p>Con casi 80 a\u00f1os y una lucidez que desarma, Avogadro no se esconde tras las nostalgias: admite su cansancio, su des\u00e1nimo, su fracaso. Y lo hace sin eufemismos ni maquillaje ret\u00f3rico. El pa\u00eds que so\u00f1\u00f3 no es el que ve hoy. Y la distancia entre ambos parece, para \u00e9l, insalvable.<\/p>\n\n\n\n<p>Durante m\u00e1s de dos d\u00e9cadas, cada semana escribi\u00f3 con la tozudez de quien no se resigna a ver a su pa\u00eds arrastrarse por el barro de la corrupci\u00f3n, el populismo cr\u00f3nico y la deseducaci\u00f3n institucional. Advirti\u00f3, denunci\u00f3, propuso. Pero el monstruo era m\u00e1s grande. Y peor: m\u00e1s seductor para millones.<\/p>\n\n\n\n<p>En esta carta final \u2013\u00bf\u00faltima? \u00bfpen\u00faltima?\u2013 su pluma no vacila. Nombra lo innombrable: los juicios \u201cstalinistas\u201d contra militares, los fiscales \u201cmilitantes\u201d, los \u201casesinos togados\u201d que escriben sentencias al dictado de la pol\u00edtica. Se\u00f1ala sin titubeos la indulgencia del kirchnerismo con la izquierda radical, la complicidad hist\u00f3rica de jueces, empresarios, sindicalistas, cl\u00e9rigos y bur\u00f3cratas del poder.<\/p>\n\n\n\n<p>Y sin embargo, cree \u2013con todo lo que eso le cuesta confesar\u2013 que el rumbo actual, el de Milei, puede ser el correcto\u2026 <em>a pesar de Milei<\/em>. A pesar de su lenguaje escatol\u00f3gico, sus puestas en escena grotescas, los esc\u00e1ndalos y los ruidos de su entorno. Porque el fondo \u2013dice Avogadro\u2013 importa m\u00e1s que la forma, y el fondo es, al menos, intentar gastar menos de lo que se tiene. Un principio que en la Argentina suena revolucionario.<\/p>\n\n\n\n<p>Pero no se enga\u00f1a: los enemigos de ese camino son muchos, poderosos y expertos en disfrazarse de salvadores. Y los damnificados m\u00e1s directos son, como siempre, los de abajo. No por azar, sino por dise\u00f1o: generaciones condenadas a no trabajar, a no estudiar, a vivir de lo que les dan\u2026 para seguir votando a quien se los da.<\/p>\n\n\n\n<p>Su carta es tambi\u00e9n una cr\u00f3nica geopol\u00edtica, breve pero intensa: el mundo est\u00e1 en llamas, dice, y el futuro inmediato no promete respiro. Por eso mismo, \u00e9l siente que ya ha dicho lo que deb\u00eda decir. Y lo ha dicho todo.<\/p>\n\n\n\n<p>No hay en sus palabras resentimiento personal. Hay dolor. El dolor profundo de quien ha amado a su pa\u00eds incluso cuando el pa\u00eds eligi\u00f3 no amarse a s\u00ed mismo. El de quien se jug\u00f3 entero por la \u00e9tica, la ley, la rep\u00fablica\u2026 y vio c\u00f3mo esas ideas eran barridas por el viento mugriento de la viveza criolla, la corrupci\u00f3n institucionalizada y el cortoplacismo suicida.<\/p>\n\n\n\n<p><strong>\u00bfLo dejar\u00e1 por fin?<\/strong> \u00bfColgar\u00e1 la pluma, la espada, la trinchera de palabras?<br>\u00bfSer\u00e1 este su silencio definitivo, o apenas una pausa para tomar aliento?<\/p>\n\n\n\n<p>Por lo pronto, esta carta huele a despedida.<br>Pero nosotros, los que a\u00fan leemos con hambre de claridad, preferimos creer que es solo una pausa. Porque en tiempos donde las voces se compran al peso y los ideales se alquilan por likes, la lucidez duele\u2026 pero tambi\u00e9n salva.<\/p>\n\n\n\n<p>Gracias Enrique !!<br>Ojal\u00e1 no te vayas.<br>Y si te vas, que sea como se despiden los grandes: con las botas puestas y la verdad en tus informes.<br><br><em>El Canillita del Siglo XXI<\/em><br><br><small>\u00a9\ufe0f2025 \u201cEl \u00faltimo que dobla la esquina\u201d \u2026poque siempre hay alguien que reparte noticias mientras todos duermen. All Rights Reserved Copyright \u00a9\ufe0f 2025 ElCanillita.info \/ SalaStampa.eu, world press service Guzzo Photos &amp; Graphic Publications \u2013 Registro Editori e Stampatori n. 1441 Torino, Italia<\/small><\/p>\n\n\n<hr style=\"border: none; height: 1px; background-color: #ccc; margin: 2em 0;\" \/>\n\n\n<p><em><a href=\"https:\/\/egavogadro.blogspot.com\">Colecci\u00f3n\u00a0de\u00a0escritos por Enrique Guillermo Avogadro<\/a><\/em><\/p>\n\n\n<p><small><i>\ud83c\udfa4\u202fLa Caja de los Oradores &#8211; Soap Box Orators &#8211; naci\u00f3 inspirada en aquellas primeras protestas en plazas, mercados y esquinas del mundo, donde bastaba subirse a un caj\u00f3n de jab\u00f3n para hacerse escuchar. En la Argentina, por entonces, no hab\u00edan industrias, tampoco cart\u00f3n corrugado &#8230; pero s\u00ed palabras, rabia y esperanza. Hoy reeditamos esa tradici\u00f3n, sin banderas ni micr\u00f3fonos pagos. Ac\u00e1 se habla claro, aunque a veces duela. Vos tambi\u00e9n pod\u00e9s subirte.<\/i><\/small><br \/>\ud83d\udcec Si quer\u00e9s decir algo&#8230; pero ya ni ten\u00e9s ganas<\/p>\n<p>Si quer\u00e9s decir algo&#8230;<br \/>aunque sea en voz baja,<br \/>aunque est\u00e9s harto,<br \/>aunque sientas que nada cambia,<br \/>aunque te gane el desgano<br \/>y pienses que escribir ya no sirve&#8230;<\/p>\n<p>Si quer\u00e9s decir algo<br \/>pero todo suena repetido,<br \/>y te pregunt\u00e1s para qu\u00e9<br \/>si total nadie escucha,<br \/>si todo sigue igual,<br \/>si las caras se repiten<br \/>y los discursos tambi\u00e9n&#8230;<\/p>\n<p>Decilo igual.<\/p>\n<p>Decilo aunque duela,<br \/>aunque creas que no vale,<br \/>aunque tengas que escribirlo con bronca, con iron\u00eda, o con una l\u00e1grima.<br \/>Aunque sea con una palabra sola.<br \/>O con un silencio cargado.<\/p>\n<p>Decilo porque el silencio tambi\u00e9n cansa.<br \/>Porque no todo est\u00e1 dicho.<br \/>Porque hay otros que tambi\u00e9n sienten lo mismo.<br \/>Y cuando uno habla, otro despierta.<\/p>\n<p>Y si no sab\u00e9s por d\u00f3nde empezar&#8230;<br \/>empez\u00e1 por decir \u201cBasta\u201d,<br \/>\u201cNo estoy de acuerdo\u201d,<br \/>\u201cEstoy cansado\u201d,<br \/>o incluso \u201cNo s\u00e9 qu\u00e9 decir, pero quiero decir algo\u201d.<\/p>\n<p>Ac\u00e1 hay lugar.<br \/>Ac\u00e1 te leemos.<br \/>Ac\u00e1 no hace falta escribir perfecto.<br \/>Hace falta escribir verdadero.<\/p>\n<p>Porque cuando ya nadie dice nada,<br \/>es cuando m\u00e1s falta hace que alguien diga algo.<\/p>\n<p>\u00bfQuer\u00e9s decir algo ?<\/p>\n<p>\ud83d\udcec Envi\u00e1 tu texto a elcanillita@yahoo.com<br> o subite a la Caja de los oradores: SoapBoxOrators.org.<\/p>\n<p>\ud83c\udde6\ud83c\uddf7 CASTELLANO<\/p>\n<form action=\"https:\/\/formspree.io\/f\/mjkrjzed\" method=\"POST\"><label for=\"name\">Nombre o seud\u00f3nimo:<\/label><br \/><input id=\"name\" name=\"name\" required=\"\" type=\"text\" \/>\n<p><label for=\"title\">T\u00edtulo del discurso o editorial:<\/label><br \/><input id=\"title\" name=\"title\" required=\"\" type=\"text\" \/><\/p>\n<p><label for=\"message\">Texto (m\u00e1x. 3.000 caracteres):<\/label><br \/><textarea id=\"message\" maxlength=\"3000\" name=\"message\" required=\"\" rows=\"10\"><\/textarea><\/p>\n<p><label><br \/><input name=\"consent\" required=\"\" type=\"checkbox\" \/><br \/>Autorizo la publicaci\u00f3n de este texto en SoapboxOrators.org<br \/><\/label><\/p>\n<p><button type=\"submit\">Enviar<\/button><br \/><button type=\"reset\">Borrar<\/button><\/p>\n<\/form>","protected":false},"excerpt":{"rendered":"<p>\u00bfQui\u00e9n carga con el fracaso cuando se ha dado la vida entera por un ideal?<\/p>\n","protected":false},"author":1,"featured_media":2062,"comment_status":"closed","ping_status":"closed","sticky":false,"template":"","format":"standard","meta":{"footnotes":"","_links_to":"","_links_to_target":""},"categories":[62,51,37,124,38,137,119,40,160,134,43],"tags":[23],"class_list":["post-2061","post","type-post","status-publish","format-standard","has-post-thumbnail","hentry","category-actualidad","category-america-del-sud","category-cultura-esp","category-diplomacia","category-economia-esp","category-educacion","category-guerra","category-justicia","category-lectores-que-escriben","category-politicas-globales","category-sociedad","tag-argentina","entry","rows"],"yoast_head":"<!-- This site is optimized with the Yoast SEO plugin v27.4 - https:\/\/yoast.com\/product\/yoast-seo-wordpress\/ -->\n<title>Despedida con Espinas - BlogDiario Magazine<\/title>\n<meta name=\"robots\" content=\"index, follow, max-snippet:-1, max-image-preview:large, max-video-preview:-1\" \/>\n<link rel=\"canonical\" href=\"https:\/\/blogdiario.info\/magazine\/2025\/07\/13\/despedida-con-espinas\/\" \/>\n<meta property=\"og:locale\" content=\"es_ES\" \/>\n<meta property=\"og:type\" content=\"article\" \/>\n<meta property=\"og:title\" content=\"Despedida con Espinas - BlogDiario Magazine\" \/>\n<meta property=\"og:description\" content=\"\u00bfQui\u00e9n carga con el fracaso cuando se ha dado la vida entera por un ideal?\" \/>\n<meta property=\"og:url\" content=\"https:\/\/blogdiario.info\/magazine\/2025\/07\/13\/despedida-con-espinas\/\" \/>\n<meta property=\"og:site_name\" content=\"BlogDiario Magazine\" \/>\n<meta property=\"article:published_time\" content=\"2025-07-13T11:48:00+00:00\" \/>\n<meta property=\"article:modified_time\" content=\"2025-07-27T21:48:39+00:00\" \/>\n<meta property=\"og:image\" content=\"https:\/\/blogdiario.info\/magazine\/images\/2025\/07\/saludoAv_Pub.png\" \/>\n\t<meta property=\"og:image:width\" content=\"450\" \/>\n\t<meta property=\"og:image:height\" content=\"450\" \/>\n\t<meta property=\"og:image:type\" content=\"image\/png\" \/>\n<meta name=\"author\" content=\"World Press Service | Servicio de Prensa Mundial\" \/>\n<meta name=\"twitter:card\" content=\"summary_large_image\" \/>\n<meta name=\"twitter:label1\" content=\"Escrito por\" \/>\n\t<meta name=\"twitter:data1\" content=\"World Press Service | Servicio de Prensa Mundial\" \/>\n\t<meta name=\"twitter:label2\" content=\"Tiempo de lectura\" \/>\n\t<meta name=\"twitter:data2\" content=\"5 minutos\" \/>\n<script type=\"application\/ld+json\" class=\"yoast-schema-graph\">{\"@context\":\"https:\\\/\\\/schema.org\",\"@graph\":[{\"@type\":\"Article\",\"@id\":\"https:\\\/\\\/blogdiario.info\\\/magazine\\\/2025\\\/07\\\/13\\\/despedida-con-espinas\\\/#article\",\"isPartOf\":{\"@id\":\"https:\\\/\\\/blogdiario.info\\\/magazine\\\/2025\\\/07\\\/13\\\/despedida-con-espinas\\\/\"},\"author\":{\"name\":\"World Press Service | Servicio de Prensa Mundial\",\"@id\":\"https:\\\/\\\/blogdiario.info\\\/magazine\\\/#\\\/schema\\\/person\\\/b2422fe85574d945bad55513bb0c7354\"},\"headline\":\"Despedida con Espinas\",\"datePublished\":\"2025-07-13T11:48:00+00:00\",\"dateModified\":\"2025-07-27T21:48:39+00:00\",\"mainEntityOfPage\":{\"@id\":\"https:\\\/\\\/blogdiario.info\\\/magazine\\\/2025\\\/07\\\/13\\\/despedida-con-espinas\\\/\"},\"wordCount\":982,\"publisher\":{\"@id\":\"https:\\\/\\\/blogdiario.info\\\/magazine\\\/#organization\"},\"image\":{\"@id\":\"https:\\\/\\\/blogdiario.info\\\/magazine\\\/2025\\\/07\\\/13\\\/despedida-con-espinas\\\/#primaryimage\"},\"thumbnailUrl\":\"https:\\\/\\\/blogdiario.info\\\/magazine\\\/images\\\/2025\\\/07\\\/saludoAv_Pub.png\",\"keywords\":[\"Argentina\"],\"articleSection\":[\"Actualidad\",\"America del Sud\",\"Cultura\",\"Diplomacia\",\"Economia\",\"Educaci\u00f3n\",\"Guerra\",\"Justicia\",\"Lectores que escriben\",\"Pol\u00edticas globales\",\"Sociedad\"],\"inLanguage\":\"es-AR\"},{\"@type\":\"WebPage\",\"@id\":\"https:\\\/\\\/blogdiario.info\\\/magazine\\\/2025\\\/07\\\/13\\\/despedida-con-espinas\\\/\",\"url\":\"https:\\\/\\\/blogdiario.info\\\/magazine\\\/2025\\\/07\\\/13\\\/despedida-con-espinas\\\/\",\"name\":\"Despedida con Espinas - BlogDiario Magazine\",\"isPartOf\":{\"@id\":\"https:\\\/\\\/blogdiario.info\\\/magazine\\\/#website\"},\"primaryImageOfPage\":{\"@id\":\"https:\\\/\\\/blogdiario.info\\\/magazine\\\/2025\\\/07\\\/13\\\/despedida-con-espinas\\\/#primaryimage\"},\"image\":{\"@id\":\"https:\\\/\\\/blogdiario.info\\\/magazine\\\/2025\\\/07\\\/13\\\/despedida-con-espinas\\\/#primaryimage\"},\"thumbnailUrl\":\"https:\\\/\\\/blogdiario.info\\\/magazine\\\/images\\\/2025\\\/07\\\/saludoAv_Pub.png\",\"datePublished\":\"2025-07-13T11:48:00+00:00\",\"dateModified\":\"2025-07-27T21:48:39+00:00\",\"breadcrumb\":{\"@id\":\"https:\\\/\\\/blogdiario.info\\\/magazine\\\/2025\\\/07\\\/13\\\/despedida-con-espinas\\\/#breadcrumb\"},\"inLanguage\":\"es-AR\",\"potentialAction\":[{\"@type\":\"ReadAction\",\"target\":[\"https:\\\/\\\/blogdiario.info\\\/magazine\\\/2025\\\/07\\\/13\\\/despedida-con-espinas\\\/\"]}]},{\"@type\":\"ImageObject\",\"inLanguage\":\"es-AR\",\"@id\":\"https:\\\/\\\/blogdiario.info\\\/magazine\\\/2025\\\/07\\\/13\\\/despedida-con-espinas\\\/#primaryimage\",\"url\":\"https:\\\/\\\/blogdiario.info\\\/magazine\\\/images\\\/2025\\\/07\\\/saludoAv_Pub.png\",\"contentUrl\":\"https:\\\/\\\/blogdiario.info\\\/magazine\\\/images\\\/2025\\\/07\\\/saludoAv_Pub.png\",\"width\":450,\"height\":450},{\"@type\":\"BreadcrumbList\",\"@id\":\"https:\\\/\\\/blogdiario.info\\\/magazine\\\/2025\\\/07\\\/13\\\/despedida-con-espinas\\\/#breadcrumb\",\"itemListElement\":[{\"@type\":\"ListItem\",\"position\":1,\"name\":\"Home\",\"item\":\"https:\\\/\\\/blogdiario.info\\\/magazine\\\/\"},{\"@type\":\"ListItem\",\"position\":2,\"name\":\"Despedida con Espinas\"}]},{\"@type\":\"WebSite\",\"@id\":\"https:\\\/\\\/blogdiario.info\\\/magazine\\\/#website\",\"url\":\"https:\\\/\\\/blogdiario.info\\\/magazine\\\/\",\"name\":\"BlogDiario Magazine\",\"description\":\"Suplemento multiling\u00fce de ElCanillita.Info\",\"publisher\":{\"@id\":\"https:\\\/\\\/blogdiario.info\\\/magazine\\\/#organization\"},\"potentialAction\":[{\"@type\":\"SearchAction\",\"target\":{\"@type\":\"EntryPoint\",\"urlTemplate\":\"https:\\\/\\\/blogdiario.info\\\/magazine\\\/?s={search_term_string}\"},\"query-input\":{\"@type\":\"PropertyValueSpecification\",\"valueRequired\":true,\"valueName\":\"search_term_string\"}}],\"inLanguage\":\"es-AR\"},{\"@type\":\"Organization\",\"@id\":\"https:\\\/\\\/blogdiario.info\\\/magazine\\\/#organization\",\"name\":\"Guzzo Photos & Graphic Publications\",\"url\":\"https:\\\/\\\/blogdiario.info\\\/magazine\\\/\",\"logo\":{\"@type\":\"ImageObject\",\"inLanguage\":\"es-AR\",\"@id\":\"https:\\\/\\\/blogdiario.info\\\/magazine\\\/#\\\/schema\\\/logo\\\/image\\\/\",\"url\":\"https:\\\/\\\/blogdiario.info\\\/magazine\\\/images\\\/2020\\\/01\\\/cropped-blogdia_magazine.jpg\",\"contentUrl\":\"https:\\\/\\\/blogdiario.info\\\/magazine\\\/images\\\/2020\\\/01\\\/cropped-blogdia_magazine.jpg\",\"width\":589,\"height\":55,\"caption\":\"Guzzo Photos & Graphic Publications\"},\"image\":{\"@id\":\"https:\\\/\\\/blogdiario.info\\\/magazine\\\/#\\\/schema\\\/logo\\\/image\\\/\"}},{\"@type\":\"Person\",\"@id\":\"https:\\\/\\\/blogdiario.info\\\/magazine\\\/#\\\/schema\\\/person\\\/b2422fe85574d945bad55513bb0c7354\",\"name\":\"World Press Service | Servicio de Prensa Mundial\"}]}<\/script>\n<!-- \/ Yoast SEO plugin. -->","yoast_head_json":{"title":"Despedida con Espinas - BlogDiario Magazine","robots":{"index":"index","follow":"follow","max-snippet":"max-snippet:-1","max-image-preview":"max-image-preview:large","max-video-preview":"max-video-preview:-1"},"canonical":"https:\/\/blogdiario.info\/magazine\/2025\/07\/13\/despedida-con-espinas\/","og_locale":"es_ES","og_type":"article","og_title":"Despedida con Espinas - BlogDiario Magazine","og_description":"\u00bfQui\u00e9n carga con el fracaso cuando se ha dado la vida entera por un ideal?","og_url":"https:\/\/blogdiario.info\/magazine\/2025\/07\/13\/despedida-con-espinas\/","og_site_name":"BlogDiario Magazine","article_published_time":"2025-07-13T11:48:00+00:00","article_modified_time":"2025-07-27T21:48:39+00:00","og_image":[{"width":450,"height":450,"url":"https:\/\/blogdiario.info\/magazine\/images\/2025\/07\/saludoAv_Pub.png","type":"image\/png"}],"author":"World Press Service | Servicio de Prensa Mundial","twitter_card":"summary_large_image","twitter_misc":{"Escrito por":"World Press Service | Servicio de Prensa Mundial","Tiempo de lectura":"5 minutos"},"schema":{"@context":"https:\/\/schema.org","@graph":[{"@type":"Article","@id":"https:\/\/blogdiario.info\/magazine\/2025\/07\/13\/despedida-con-espinas\/#article","isPartOf":{"@id":"https:\/\/blogdiario.info\/magazine\/2025\/07\/13\/despedida-con-espinas\/"},"author":{"name":"World Press Service | Servicio de Prensa Mundial","@id":"https:\/\/blogdiario.info\/magazine\/#\/schema\/person\/b2422fe85574d945bad55513bb0c7354"},"headline":"Despedida con Espinas","datePublished":"2025-07-13T11:48:00+00:00","dateModified":"2025-07-27T21:48:39+00:00","mainEntityOfPage":{"@id":"https:\/\/blogdiario.info\/magazine\/2025\/07\/13\/despedida-con-espinas\/"},"wordCount":982,"publisher":{"@id":"https:\/\/blogdiario.info\/magazine\/#organization"},"image":{"@id":"https:\/\/blogdiario.info\/magazine\/2025\/07\/13\/despedida-con-espinas\/#primaryimage"},"thumbnailUrl":"https:\/\/blogdiario.info\/magazine\/images\/2025\/07\/saludoAv_Pub.png","keywords":["Argentina"],"articleSection":["Actualidad","America del Sud","Cultura","Diplomacia","Economia","Educaci\u00f3n","Guerra","Justicia","Lectores que escriben","Pol\u00edticas globales","Sociedad"],"inLanguage":"es-AR"},{"@type":"WebPage","@id":"https:\/\/blogdiario.info\/magazine\/2025\/07\/13\/despedida-con-espinas\/","url":"https:\/\/blogdiario.info\/magazine\/2025\/07\/13\/despedida-con-espinas\/","name":"Despedida con Espinas - BlogDiario Magazine","isPartOf":{"@id":"https:\/\/blogdiario.info\/magazine\/#website"},"primaryImageOfPage":{"@id":"https:\/\/blogdiario.info\/magazine\/2025\/07\/13\/despedida-con-espinas\/#primaryimage"},"image":{"@id":"https:\/\/blogdiario.info\/magazine\/2025\/07\/13\/despedida-con-espinas\/#primaryimage"},"thumbnailUrl":"https:\/\/blogdiario.info\/magazine\/images\/2025\/07\/saludoAv_Pub.png","datePublished":"2025-07-13T11:48:00+00:00","dateModified":"2025-07-27T21:48:39+00:00","breadcrumb":{"@id":"https:\/\/blogdiario.info\/magazine\/2025\/07\/13\/despedida-con-espinas\/#breadcrumb"},"inLanguage":"es-AR","potentialAction":[{"@type":"ReadAction","target":["https:\/\/blogdiario.info\/magazine\/2025\/07\/13\/despedida-con-espinas\/"]}]},{"@type":"ImageObject","inLanguage":"es-AR","@id":"https:\/\/blogdiario.info\/magazine\/2025\/07\/13\/despedida-con-espinas\/#primaryimage","url":"https:\/\/blogdiario.info\/magazine\/images\/2025\/07\/saludoAv_Pub.png","contentUrl":"https:\/\/blogdiario.info\/magazine\/images\/2025\/07\/saludoAv_Pub.png","width":450,"height":450},{"@type":"BreadcrumbList","@id":"https:\/\/blogdiario.info\/magazine\/2025\/07\/13\/despedida-con-espinas\/#breadcrumb","itemListElement":[{"@type":"ListItem","position":1,"name":"Home","item":"https:\/\/blogdiario.info\/magazine\/"},{"@type":"ListItem","position":2,"name":"Despedida con Espinas"}]},{"@type":"WebSite","@id":"https:\/\/blogdiario.info\/magazine\/#website","url":"https:\/\/blogdiario.info\/magazine\/","name":"BlogDiario Magazine","description":"Suplemento multiling\u00fce de ElCanillita.Info","publisher":{"@id":"https:\/\/blogdiario.info\/magazine\/#organization"},"potentialAction":[{"@type":"SearchAction","target":{"@type":"EntryPoint","urlTemplate":"https:\/\/blogdiario.info\/magazine\/?s={search_term_string}"},"query-input":{"@type":"PropertyValueSpecification","valueRequired":true,"valueName":"search_term_string"}}],"inLanguage":"es-AR"},{"@type":"Organization","@id":"https:\/\/blogdiario.info\/magazine\/#organization","name":"Guzzo Photos & Graphic Publications","url":"https:\/\/blogdiario.info\/magazine\/","logo":{"@type":"ImageObject","inLanguage":"es-AR","@id":"https:\/\/blogdiario.info\/magazine\/#\/schema\/logo\/image\/","url":"https:\/\/blogdiario.info\/magazine\/images\/2020\/01\/cropped-blogdia_magazine.jpg","contentUrl":"https:\/\/blogdiario.info\/magazine\/images\/2020\/01\/cropped-blogdia_magazine.jpg","width":589,"height":55,"caption":"Guzzo Photos & Graphic Publications"},"image":{"@id":"https:\/\/blogdiario.info\/magazine\/#\/schema\/logo\/image\/"}},{"@type":"Person","@id":"https:\/\/blogdiario.info\/magazine\/#\/schema\/person\/b2422fe85574d945bad55513bb0c7354","name":"World Press Service | Servicio de Prensa Mundial"}]}},"views":515,"_links":{"self":[{"href":"https:\/\/blogdiario.info\/magazine\/wp-json\/wp\/v2\/posts\/2061","targetHints":{"allow":["GET"]}}],"collection":[{"href":"https:\/\/blogdiario.info\/magazine\/wp-json\/wp\/v2\/posts"}],"about":[{"href":"https:\/\/blogdiario.info\/magazine\/wp-json\/wp\/v2\/types\/post"}],"author":[{"embeddable":true,"href":"https:\/\/blogdiario.info\/magazine\/wp-json\/wp\/v2\/users\/1"}],"replies":[{"embeddable":true,"href":"https:\/\/blogdiario.info\/magazine\/wp-json\/wp\/v2\/comments?post=2061"}],"version-history":[{"count":0,"href":"https:\/\/blogdiario.info\/magazine\/wp-json\/wp\/v2\/posts\/2061\/revisions"}],"wp:featuredmedia":[{"embeddable":true,"href":"https:\/\/blogdiario.info\/magazine\/wp-json\/wp\/v2\/media\/2062"}],"wp:attachment":[{"href":"https:\/\/blogdiario.info\/magazine\/wp-json\/wp\/v2\/media?parent=2061"}],"wp:term":[{"taxonomy":"category","embeddable":true,"href":"https:\/\/blogdiario.info\/magazine\/wp-json\/wp\/v2\/categories?post=2061"},{"taxonomy":"post_tag","embeddable":true,"href":"https:\/\/blogdiario.info\/magazine\/wp-json\/wp\/v2\/tags?post=2061"}],"curies":[{"name":"wp","href":"https:\/\/api.w.org\/{rel}","templated":true}]}}