{"id":2053,"date":"2025-07-11T08:39:02","date_gmt":"2025-07-11T07:39:02","guid":{"rendered":"https:\/\/blogdiario.info\/magazine\/?p=2053"},"modified":"2025-07-11T09:58:33","modified_gmt":"2025-07-11T08:58:33","slug":"la-traicion-segun-milei-hasta-la-vice-presidente-es-parte-del-enemigo","status":"publish","type":"post","link":"https:\/\/blogdiario.info\/magazine\/2025\/07\/11\/la-traicion-segun-milei-hasta-la-vice-presidente-es-parte-del-enemigo\/","title":{"rendered":"&#8220;La traici\u00f3n seg\u00fan Milei: .. hasta la Vice Presidente es parte del  enemigo&#8221;"},"content":{"rendered":"<div class=\"wp-block-image\">\n<figure class=\"alignleft size-full is-resized\"><img loading=\"lazy\" decoding=\"async\" width=\"600\" height=\"400\" src=\"https:\/\/blogdiario.info\/magazine\/images\/2025\/07\/Villa_600_Pub.png\" alt=\"\" class=\"wp-image-2054\" style=\"width:342px;height:auto\" srcset=\"https:\/\/blogdiario.info\/magazine\/images\/2025\/07\/Villa_600_Pub.png 600w, https:\/\/blogdiario.info\/magazine\/images\/2025\/07\/Villa_600_Pub-300x200.png 300w\" sizes=\"auto, (max-width: 600px) 100vw, 600px\" \/><\/figure><\/div>\n\n\n<p><strong>BlogDiario.info<\/strong><br \/>Argentina, 11\/07\/2025<br \/><br \/><em>Por Don Papel\u00f3n, Especial para ElCanillita.info<\/em><\/p>\n\n\n\n<h3 class=\"wp-block-heading\">\ud83d\udccc Introducci\u00f3n:<\/h3>\n\n\n\n<p>Anoche, en un escenario m\u00e1s teatral que institucional, el Presidente Javier Milei subi\u00f3 al estrado de la Bolsa de Comercio de Buenos Aires no para hablar de mercados ni de inversiones, sino para responder con artiller\u00eda pesada a lo que considera una afrenta pol\u00edtica: la aprobaci\u00f3n en el Senado de tres leyes clave \u2014aumento a jubilaciones, moratoria previsional y emergencia en discapacidad\u2014 que golpean directamente su plan de austeridad extrema.<\/p>\n\n\n\n<p>Pero lo que comenz\u00f3 como una cr\u00edtica previsible termin\u00f3 en un vendaval ret\u00f3rico que incluy\u00f3 insultos, amenazas de veto, judicializaci\u00f3n, y una frase que dej\u00f3 al pa\u00eds boquiabierto: <strong>\u201cuna traidora\u2026 Villarruel\u201d<\/strong>, en referencia a su propia vicepresidente.<\/p>\n\n\n\n<hr class=\"wp-block-separator has-alpha-channel-opacity\"\/>\n\n\n\n<h3 class=\"wp-block-heading\">\ud83d\udca5 El episodio Milei vs. Villarruel: \u00bfruptura o ajuste de cuentas?<\/h3>\n\n\n\n<p>Hasta ayer, el enfrentamiento entre la Casa Rosada y el Congreso era solo una cuesti\u00f3n de tensiones. Hoy, con la acusaci\u00f3n directa de Milei hacia <strong>Victoria Villarruel<\/strong>, la crisis institucional ha entrado en territorio inexplorado. La vicepresidente asisti\u00f3 al debate en el Senado \u2014como es su deber constitucional\u2014 pero esa presencia fue suficiente para que el Presidente la se\u00f1alara como responsable de una supuesta \u201ctraici\u00f3n\u201d.<\/p>\n\n\n\n<p>La paradoja: el Presidente que lleg\u00f3 al poder denunciando la &#8220;casta&#8221;, ahora apunta contra quien fue su compa\u00f1era de f\u00f3rmula. El le\u00f3n ruge, pero sus garras ya no distinguen entre enemigos reales y aliados constitucionales.<\/p>\n\n\n\n<hr class=\"wp-block-separator has-alpha-channel-opacity\"\/>\n\n\n\n<h3 class=\"wp-block-heading\">\ud83e\udde8 Vetos, amenazas y &#8220;cucarachas&#8221;<\/h3>\n\n\n\n<p>Desde el atril de la Bolsa, Milei declar\u00f3:<\/p>\n\n\n\n<blockquote class=\"wp-block-quote is-layout-flow wp-block-quote-is-layout-flow\">\n<p>\u201cVamos a vetar. Y si se cae el veto, vamos a judicializar. Y si la Justicia falla r\u00e1pido, el da\u00f1o ser\u00e1 m\u00ednimo. A lo sumo, una mancha de dos meses que revertiremos el 11 de diciembre.\u201d<\/p>\n<\/blockquote>\n\n\n\n<p>La l\u00f3gica del &#8220;todo o nada&#8221; se intensific\u00f3. Las leyes aprobadas por mayor\u00eda absoluta del Senado \u2014incluyendo el respaldo de aliados\u2014 no ser\u00e1n consideradas ni negociadas: <strong>ser\u00e1n bloqueadas por decreto o por tribunales.<\/strong><\/p>\n\n\n\n<p>Y en su ya habitual estilo de \u201cstand-up presidencial con metralla ideol\u00f3gica\u201d, Milei se despach\u00f3 con ep\u00edtetos:<\/p>\n\n\n\n<ul class=\"wp-block-list\">\n<li>A los senadores, los llam\u00f3 \u201cpar\u00e1sitos mentales\u201d.<\/li>\n\n\n\n<li>A quienes gestionaban pol\u00edticas sociales: \u201cgerentes de la pobreza, hijos de puta\u201d.<\/li>\n\n\n\n<li>A An\u00edbal Fern\u00e1ndez: \u201cimb\u00e9cil\u201d.<\/li>\n\n\n\n<li>A los cr\u00edticos del ajuste: \u201cbestias heterodoxas\u201d.<\/li>\n<\/ul>\n\n\n\n<hr class=\"wp-block-separator has-alpha-channel-opacity\"\/>\n\n\n\n<h3 class=\"wp-block-heading\">\ud83c\udfdb\ufe0f La libertad seg\u00fan Milei<\/h3>\n\n\n\n<p>El Presidente aprovech\u00f3 la ocasi\u00f3n para enumerar sus autodefinidos logros:<\/p>\n\n\n\n<ul class=\"wp-block-list\">\n<li>\u201cHicimos 2500 reformas estructurales\u201d, declar\u00f3.<\/li>\n\n\n\n<li>\u201cLogramos el super\u00e1vit sin Plan Bonex, sin expropiaciones, sin controles de precios\u201d.<\/li>\n\n\n\n<li>\u201cGracias a Sandra Pettovello, sacamos a 11 millones de personas de la pobreza\u201d.<\/li>\n\n\n\n<li>\u201cBullrich redujo de 8000 piquetes a cero\u201d.<\/li>\n<\/ul>\n\n\n\n<p>Todo esto, asegur\u00f3, con solo \u201c15% de la C\u00e1mara de Diputados, siete senadores y una traidora\u201d.<\/p>\n\n\n\n<p>Lo que queda claro es que Milei considera que <strong>la \u00fanica pol\u00edtica posible es la suya.<\/strong> El resto es traici\u00f3n, par\u00e1sitos, degeneraci\u00f3n o inutilidad.<\/p>\n\n\n\n<hr class=\"wp-block-separator has-alpha-channel-opacity\"\/>\n\n\n\n<h3 class=\"wp-block-heading\">\u23f3 Proyecciones, promesas\u2026 y m\u00e1s fuego<\/h3>\n\n\n\n<p>Seg\u00fan el plan presidencial:<\/p>\n\n\n\n<ul class=\"wp-block-list\">\n<li>En <strong>2031<\/strong>, si es reelecto, se devolver\u00e1n <strong>500.000 millones de d\u00f3lares<\/strong> a los \u201cargentinos de bien\u201d.<\/li>\n\n\n\n<li>La <strong>inflaci\u00f3n colapsar\u00e1 en 2026<\/strong> como resultado del ajuste monetario actual.<\/li>\n\n\n\n<li>A partir del <strong>11 de diciembre<\/strong>, se avanzar\u00e1 con la reforma laboral.<\/li>\n\n\n\n<li>Reci\u00e9n entonces \u2014no antes\u2014 podr\u00e1 debatirse \u201cuna reforma previsional seria\u201d.<\/li>\n<\/ul>\n\n\n\n<p>Todo lo dem\u00e1s, en sus palabras, es \u201cpuro humo\u201d.<\/p>\n\n\n\n<hr class=\"wp-block-separator has-alpha-channel-opacity\"\/>\n\n\n\n<h3 class=\"wp-block-heading\">\ud83e\udded \u00bfD\u00f3nde estamos parados?<\/h3>\n\n\n\n<p>Lo sucedido en el Senado fue una expresi\u00f3n clara del <strong>hartazgo pol\u00edtico con el verticalismo mile\u00edsta<\/strong>. Gobernadores, bloques provinciales, senadores radicales y hasta figuras del Pro votaron por fuera de la l\u00f3gica libertaria. Lo de anoche fue una rebeli\u00f3n parlamentaria, s\u00ed. Pero tambi\u00e9n una advertencia: <strong>el poder en Argentina es compartido, guste o no.<\/strong><\/p>\n\n\n\n<p>Lo de Milei en la Bolsa, en cambio, fue otra cosa: <strong>una declaraci\u00f3n de guerra total.<\/strong> No solo contra sus enemigos ideol\u00f3gicos. Tambi\u00e9n contra los procedimientos institucionales, la divisi\u00f3n de poderes, el federalismo y su propia vicepresidente.<\/p>\n\n\n\n<hr class=\"wp-block-separator has-alpha-channel-opacity\"\/>\n\n\n\n<h3 class=\"wp-block-heading\">\ud83c\udfad Cierre: entre el riesgo y la paranoia<\/h3>\n\n\n\n<p>Milei dijo que la vida tiene riesgos. Y \u00e9l se siente blindado, con su &#8220;chaleco macroecon\u00f3mico&#8221;. Lo que no dijo es que, si sigue disparando a todos lados, puede quedarse sin equipo, sin Congreso\u2026 y sin rep\u00fablica.<br \/><br \/><br \/><small>\u00a92025 Don Papel\u00f3n \u2013 All Rights Reserved &#8211; Copyright \u00a9 2025 ElCanillita.info \/ BlogDiario.info \/SalaStampa.eu, world press service &#8211; Guzzo Photos &amp; Graphic Publications \u2013 Registro Editori e Stampatori n. 1441 Turin, Italy<\/small><\/p>\n\n\n\n<hr class=\"wp-block-separator has-alpha-channel-opacity\"\/>\n\n\n<p>\u00bfQuer\u00e9s decir algo ?<\/p>\n<p>\ud83d\udcec Envi\u00e1 tu texto a elcanillita@yahoo.com o subite a la Caja de los oradores: SoapBoxOrators.org.<\/p>\n<p>\ud83c\udde6\ud83c\uddf7 CASTELLANO<\/p>\n<form action=\"https:\/\/formspree.io\/f\/mjkrjzed\" method=\"POST\"><label for=\"name\">Nombre o seud\u00f3nimo:<\/label><br \/><input id=\"name\" name=\"name\" required=\"\" type=\"text\" \/><\/p>\n<p><label for=\"title\">T\u00edtulo del discurso o editorial:<\/label><br \/><input id=\"title\" name=\"title\" required=\"\" type=\"text\" \/><\/p>\n<p><label for=\"message\">Texto (m\u00e1x. 3.000 caracteres):<\/label><br \/><textarea id=\"message\" maxlength=\"3000\" name=\"message\" required=\"\" rows=\"10\"><\/textarea><\/p>\n<p><label><br \/><input name=\"consent\" required=\"\" type=\"checkbox\" \/><br \/>Autorizo la publicaci\u00f3n de este texto en SoapboxOrators.org<br \/><\/label><\/p>\n<p><button type=\"submit\">Enviar<\/button><br \/><button type=\"reset\">Borrar<\/button><\/p>\n<\/form>","protected":false},"excerpt":{"rendered":"<p>\u201cPu\u00f1ales, chalecos y traiciones: Milei declara guerra total al Senado\u2026 y a Villarruel\u201d<\/p>\n","protected":false},"author":1,"featured_media":2054,"comment_status":"closed","ping_status":"closed","sticky":false,"template":"","format":"standard","meta":{"footnotes":"","_links_to":"","_links_to_target":""},"categories":[97,109,62,51,38,41,43],"tags":[23],"class_list":["post-2053","post","type-post","status-publish","format-standard","has-post-thumbnail","hentry","category-elcanillita","category-dc24","category-actualidad","category-america-del-sud","category-economia-esp","category-politica-esp","category-sociedad","tag-argentina","entry","rows"],"yoast_head":"<!-- This site is optimized with the Yoast SEO plugin v27.4 - https:\/\/yoast.com\/product\/yoast-seo-wordpress\/ -->\n<title>&quot;La traici\u00f3n seg\u00fan Milei: .. hasta la Vice Presidente es parte del enemigo&quot; - BlogDiario Magazine<\/title>\n<meta name=\"robots\" content=\"index, follow, max-snippet:-1, max-image-preview:large, max-video-preview:-1\" \/>\n<link rel=\"canonical\" href=\"https:\/\/blogdiario.info\/magazine\/2025\/07\/11\/la-traicion-segun-milei-hasta-la-vice-presidente-es-parte-del-enemigo\/\" \/>\n<meta property=\"og:locale\" content=\"es_ES\" \/>\n<meta property=\"og:type\" content=\"article\" \/>\n<meta property=\"og:title\" content=\"&quot;La traici\u00f3n seg\u00fan Milei: .. hasta la Vice Presidente es parte del enemigo&quot; - BlogDiario Magazine\" \/>\n<meta property=\"og:description\" content=\"\u201cPu\u00f1ales, chalecos y traiciones: Milei declara guerra total al Senado\u2026 y a Villarruel\u201d\" \/>\n<meta property=\"og:url\" content=\"https:\/\/blogdiario.info\/magazine\/2025\/07\/11\/la-traicion-segun-milei-hasta-la-vice-presidente-es-parte-del-enemigo\/\" \/>\n<meta property=\"og:site_name\" content=\"BlogDiario Magazine\" \/>\n<meta property=\"article:published_time\" content=\"2025-07-11T07:39:02+00:00\" \/>\n<meta property=\"article:modified_time\" content=\"2025-07-11T08:58:33+00:00\" \/>\n<meta property=\"og:image\" content=\"https:\/\/blogdiario.info\/magazine\/images\/2025\/07\/Villa_600_Pub.png\" \/>\n\t<meta property=\"og:image:width\" content=\"600\" \/>\n\t<meta property=\"og:image:height\" content=\"400\" \/>\n\t<meta property=\"og:image:type\" content=\"image\/png\" \/>\n<meta name=\"author\" content=\"World Press Service | Servicio de Prensa Mundial\" \/>\n<meta name=\"twitter:card\" content=\"summary_large_image\" \/>\n<meta name=\"twitter:label1\" content=\"Escrito por\" \/>\n\t<meta name=\"twitter:data1\" content=\"World Press Service | Servicio de Prensa Mundial\" \/>\n\t<meta name=\"twitter:label2\" content=\"Tiempo de lectura\" \/>\n\t<meta name=\"twitter:data2\" content=\"4 minutos\" \/>\n<script type=\"application\/ld+json\" class=\"yoast-schema-graph\">{\"@context\":\"https:\\\/\\\/schema.org\",\"@graph\":[{\"@type\":\"Article\",\"@id\":\"https:\\\/\\\/blogdiario.info\\\/magazine\\\/2025\\\/07\\\/11\\\/la-traicion-segun-milei-hasta-la-vice-presidente-es-parte-del-enemigo\\\/#article\",\"isPartOf\":{\"@id\":\"https:\\\/\\\/blogdiario.info\\\/magazine\\\/2025\\\/07\\\/11\\\/la-traicion-segun-milei-hasta-la-vice-presidente-es-parte-del-enemigo\\\/\"},\"author\":{\"name\":\"World Press Service | Servicio de Prensa Mundial\",\"@id\":\"https:\\\/\\\/blogdiario.info\\\/magazine\\\/#\\\/schema\\\/person\\\/b2422fe85574d945bad55513bb0c7354\"},\"headline\":\"&#8220;La traici\u00f3n seg\u00fan Milei: .. hasta la Vice Presidente es parte del enemigo&#8221;\",\"datePublished\":\"2025-07-11T07:39:02+00:00\",\"dateModified\":\"2025-07-11T08:58:33+00:00\",\"mainEntityOfPage\":{\"@id\":\"https:\\\/\\\/blogdiario.info\\\/magazine\\\/2025\\\/07\\\/11\\\/la-traicion-segun-milei-hasta-la-vice-presidente-es-parte-del-enemigo\\\/\"},\"wordCount\":795,\"publisher\":{\"@id\":\"https:\\\/\\\/blogdiario.info\\\/magazine\\\/#organization\"},\"image\":{\"@id\":\"https:\\\/\\\/blogdiario.info\\\/magazine\\\/2025\\\/07\\\/11\\\/la-traicion-segun-milei-hasta-la-vice-presidente-es-parte-del-enemigo\\\/#primaryimage\"},\"thumbnailUrl\":\"https:\\\/\\\/blogdiario.info\\\/magazine\\\/images\\\/2025\\\/07\\\/Villa_600_Pub.png\",\"keywords\":[\"Argentina\"],\"articleSection\":[\".\",\".\",\"Actualidad\",\"America del Sud\",\"Economia\",\"Politica\",\"Sociedad\"],\"inLanguage\":\"es-AR\"},{\"@type\":\"WebPage\",\"@id\":\"https:\\\/\\\/blogdiario.info\\\/magazine\\\/2025\\\/07\\\/11\\\/la-traicion-segun-milei-hasta-la-vice-presidente-es-parte-del-enemigo\\\/\",\"url\":\"https:\\\/\\\/blogdiario.info\\\/magazine\\\/2025\\\/07\\\/11\\\/la-traicion-segun-milei-hasta-la-vice-presidente-es-parte-del-enemigo\\\/\",\"name\":\"\\\"La traici\u00f3n seg\u00fan Milei: .. hasta la Vice Presidente es parte del enemigo\\\" - BlogDiario Magazine\",\"isPartOf\":{\"@id\":\"https:\\\/\\\/blogdiario.info\\\/magazine\\\/#website\"},\"primaryImageOfPage\":{\"@id\":\"https:\\\/\\\/blogdiario.info\\\/magazine\\\/2025\\\/07\\\/11\\\/la-traicion-segun-milei-hasta-la-vice-presidente-es-parte-del-enemigo\\\/#primaryimage\"},\"image\":{\"@id\":\"https:\\\/\\\/blogdiario.info\\\/magazine\\\/2025\\\/07\\\/11\\\/la-traicion-segun-milei-hasta-la-vice-presidente-es-parte-del-enemigo\\\/#primaryimage\"},\"thumbnailUrl\":\"https:\\\/\\\/blogdiario.info\\\/magazine\\\/images\\\/2025\\\/07\\\/Villa_600_Pub.png\",\"datePublished\":\"2025-07-11T07:39:02+00:00\",\"dateModified\":\"2025-07-11T08:58:33+00:00\",\"breadcrumb\":{\"@id\":\"https:\\\/\\\/blogdiario.info\\\/magazine\\\/2025\\\/07\\\/11\\\/la-traicion-segun-milei-hasta-la-vice-presidente-es-parte-del-enemigo\\\/#breadcrumb\"},\"inLanguage\":\"es-AR\",\"potentialAction\":[{\"@type\":\"ReadAction\",\"target\":[\"https:\\\/\\\/blogdiario.info\\\/magazine\\\/2025\\\/07\\\/11\\\/la-traicion-segun-milei-hasta-la-vice-presidente-es-parte-del-enemigo\\\/\"]}]},{\"@type\":\"ImageObject\",\"inLanguage\":\"es-AR\",\"@id\":\"https:\\\/\\\/blogdiario.info\\\/magazine\\\/2025\\\/07\\\/11\\\/la-traicion-segun-milei-hasta-la-vice-presidente-es-parte-del-enemigo\\\/#primaryimage\",\"url\":\"https:\\\/\\\/blogdiario.info\\\/magazine\\\/images\\\/2025\\\/07\\\/Villa_600_Pub.png\",\"contentUrl\":\"https:\\\/\\\/blogdiario.info\\\/magazine\\\/images\\\/2025\\\/07\\\/Villa_600_Pub.png\",\"width\":600,\"height\":400},{\"@type\":\"BreadcrumbList\",\"@id\":\"https:\\\/\\\/blogdiario.info\\\/magazine\\\/2025\\\/07\\\/11\\\/la-traicion-segun-milei-hasta-la-vice-presidente-es-parte-del-enemigo\\\/#breadcrumb\",\"itemListElement\":[{\"@type\":\"ListItem\",\"position\":1,\"name\":\"Home\",\"item\":\"https:\\\/\\\/blogdiario.info\\\/magazine\\\/\"},{\"@type\":\"ListItem\",\"position\":2,\"name\":\"&#8220;La traici\u00f3n seg\u00fan Milei: .. hasta la Vice Presidente es parte del enemigo&#8221;\"}]},{\"@type\":\"WebSite\",\"@id\":\"https:\\\/\\\/blogdiario.info\\\/magazine\\\/#website\",\"url\":\"https:\\\/\\\/blogdiario.info\\\/magazine\\\/\",\"name\":\"BlogDiario Magazine\",\"description\":\"Suplemento multiling\u00fce de ElCanillita.Info\",\"publisher\":{\"@id\":\"https:\\\/\\\/blogdiario.info\\\/magazine\\\/#organization\"},\"potentialAction\":[{\"@type\":\"SearchAction\",\"target\":{\"@type\":\"EntryPoint\",\"urlTemplate\":\"https:\\\/\\\/blogdiario.info\\\/magazine\\\/?s={search_term_string}\"},\"query-input\":{\"@type\":\"PropertyValueSpecification\",\"valueRequired\":true,\"valueName\":\"search_term_string\"}}],\"inLanguage\":\"es-AR\"},{\"@type\":\"Organization\",\"@id\":\"https:\\\/\\\/blogdiario.info\\\/magazine\\\/#organization\",\"name\":\"Guzzo Photos & Graphic Publications\",\"url\":\"https:\\\/\\\/blogdiario.info\\\/magazine\\\/\",\"logo\":{\"@type\":\"ImageObject\",\"inLanguage\":\"es-AR\",\"@id\":\"https:\\\/\\\/blogdiario.info\\\/magazine\\\/#\\\/schema\\\/logo\\\/image\\\/\",\"url\":\"https:\\\/\\\/blogdiario.info\\\/magazine\\\/images\\\/2020\\\/01\\\/cropped-blogdia_magazine.jpg\",\"contentUrl\":\"https:\\\/\\\/blogdiario.info\\\/magazine\\\/images\\\/2020\\\/01\\\/cropped-blogdia_magazine.jpg\",\"width\":589,\"height\":55,\"caption\":\"Guzzo Photos & Graphic Publications\"},\"image\":{\"@id\":\"https:\\\/\\\/blogdiario.info\\\/magazine\\\/#\\\/schema\\\/logo\\\/image\\\/\"}},{\"@type\":\"Person\",\"@id\":\"https:\\\/\\\/blogdiario.info\\\/magazine\\\/#\\\/schema\\\/person\\\/b2422fe85574d945bad55513bb0c7354\",\"name\":\"World Press Service | Servicio de Prensa Mundial\"}]}<\/script>\n<!-- \/ Yoast SEO plugin. -->","yoast_head_json":{"title":"\"La traici\u00f3n seg\u00fan Milei: .. hasta la Vice Presidente es parte del enemigo\" - BlogDiario Magazine","robots":{"index":"index","follow":"follow","max-snippet":"max-snippet:-1","max-image-preview":"max-image-preview:large","max-video-preview":"max-video-preview:-1"},"canonical":"https:\/\/blogdiario.info\/magazine\/2025\/07\/11\/la-traicion-segun-milei-hasta-la-vice-presidente-es-parte-del-enemigo\/","og_locale":"es_ES","og_type":"article","og_title":"\"La traici\u00f3n seg\u00fan Milei: .. hasta la Vice Presidente es parte del enemigo\" - BlogDiario Magazine","og_description":"\u201cPu\u00f1ales, chalecos y traiciones: Milei declara guerra total al Senado\u2026 y a Villarruel\u201d","og_url":"https:\/\/blogdiario.info\/magazine\/2025\/07\/11\/la-traicion-segun-milei-hasta-la-vice-presidente-es-parte-del-enemigo\/","og_site_name":"BlogDiario Magazine","article_published_time":"2025-07-11T07:39:02+00:00","article_modified_time":"2025-07-11T08:58:33+00:00","og_image":[{"width":600,"height":400,"url":"https:\/\/blogdiario.info\/magazine\/images\/2025\/07\/Villa_600_Pub.png","type":"image\/png"}],"author":"World Press Service | Servicio de Prensa Mundial","twitter_card":"summary_large_image","twitter_misc":{"Escrito por":"World Press Service | Servicio de Prensa Mundial","Tiempo de lectura":"4 minutos"},"schema":{"@context":"https:\/\/schema.org","@graph":[{"@type":"Article","@id":"https:\/\/blogdiario.info\/magazine\/2025\/07\/11\/la-traicion-segun-milei-hasta-la-vice-presidente-es-parte-del-enemigo\/#article","isPartOf":{"@id":"https:\/\/blogdiario.info\/magazine\/2025\/07\/11\/la-traicion-segun-milei-hasta-la-vice-presidente-es-parte-del-enemigo\/"},"author":{"name":"World Press Service | Servicio de Prensa Mundial","@id":"https:\/\/blogdiario.info\/magazine\/#\/schema\/person\/b2422fe85574d945bad55513bb0c7354"},"headline":"&#8220;La traici\u00f3n seg\u00fan Milei: .. hasta la Vice Presidente es parte del enemigo&#8221;","datePublished":"2025-07-11T07:39:02+00:00","dateModified":"2025-07-11T08:58:33+00:00","mainEntityOfPage":{"@id":"https:\/\/blogdiario.info\/magazine\/2025\/07\/11\/la-traicion-segun-milei-hasta-la-vice-presidente-es-parte-del-enemigo\/"},"wordCount":795,"publisher":{"@id":"https:\/\/blogdiario.info\/magazine\/#organization"},"image":{"@id":"https:\/\/blogdiario.info\/magazine\/2025\/07\/11\/la-traicion-segun-milei-hasta-la-vice-presidente-es-parte-del-enemigo\/#primaryimage"},"thumbnailUrl":"https:\/\/blogdiario.info\/magazine\/images\/2025\/07\/Villa_600_Pub.png","keywords":["Argentina"],"articleSection":[".",".","Actualidad","America del Sud","Economia","Politica","Sociedad"],"inLanguage":"es-AR"},{"@type":"WebPage","@id":"https:\/\/blogdiario.info\/magazine\/2025\/07\/11\/la-traicion-segun-milei-hasta-la-vice-presidente-es-parte-del-enemigo\/","url":"https:\/\/blogdiario.info\/magazine\/2025\/07\/11\/la-traicion-segun-milei-hasta-la-vice-presidente-es-parte-del-enemigo\/","name":"\"La traici\u00f3n seg\u00fan Milei: .. hasta la Vice Presidente es parte del enemigo\" - BlogDiario Magazine","isPartOf":{"@id":"https:\/\/blogdiario.info\/magazine\/#website"},"primaryImageOfPage":{"@id":"https:\/\/blogdiario.info\/magazine\/2025\/07\/11\/la-traicion-segun-milei-hasta-la-vice-presidente-es-parte-del-enemigo\/#primaryimage"},"image":{"@id":"https:\/\/blogdiario.info\/magazine\/2025\/07\/11\/la-traicion-segun-milei-hasta-la-vice-presidente-es-parte-del-enemigo\/#primaryimage"},"thumbnailUrl":"https:\/\/blogdiario.info\/magazine\/images\/2025\/07\/Villa_600_Pub.png","datePublished":"2025-07-11T07:39:02+00:00","dateModified":"2025-07-11T08:58:33+00:00","breadcrumb":{"@id":"https:\/\/blogdiario.info\/magazine\/2025\/07\/11\/la-traicion-segun-milei-hasta-la-vice-presidente-es-parte-del-enemigo\/#breadcrumb"},"inLanguage":"es-AR","potentialAction":[{"@type":"ReadAction","target":["https:\/\/blogdiario.info\/magazine\/2025\/07\/11\/la-traicion-segun-milei-hasta-la-vice-presidente-es-parte-del-enemigo\/"]}]},{"@type":"ImageObject","inLanguage":"es-AR","@id":"https:\/\/blogdiario.info\/magazine\/2025\/07\/11\/la-traicion-segun-milei-hasta-la-vice-presidente-es-parte-del-enemigo\/#primaryimage","url":"https:\/\/blogdiario.info\/magazine\/images\/2025\/07\/Villa_600_Pub.png","contentUrl":"https:\/\/blogdiario.info\/magazine\/images\/2025\/07\/Villa_600_Pub.png","width":600,"height":400},{"@type":"BreadcrumbList","@id":"https:\/\/blogdiario.info\/magazine\/2025\/07\/11\/la-traicion-segun-milei-hasta-la-vice-presidente-es-parte-del-enemigo\/#breadcrumb","itemListElement":[{"@type":"ListItem","position":1,"name":"Home","item":"https:\/\/blogdiario.info\/magazine\/"},{"@type":"ListItem","position":2,"name":"&#8220;La traici\u00f3n seg\u00fan Milei: .. hasta la Vice Presidente es parte del enemigo&#8221;"}]},{"@type":"WebSite","@id":"https:\/\/blogdiario.info\/magazine\/#website","url":"https:\/\/blogdiario.info\/magazine\/","name":"BlogDiario Magazine","description":"Suplemento multiling\u00fce de ElCanillita.Info","publisher":{"@id":"https:\/\/blogdiario.info\/magazine\/#organization"},"potentialAction":[{"@type":"SearchAction","target":{"@type":"EntryPoint","urlTemplate":"https:\/\/blogdiario.info\/magazine\/?s={search_term_string}"},"query-input":{"@type":"PropertyValueSpecification","valueRequired":true,"valueName":"search_term_string"}}],"inLanguage":"es-AR"},{"@type":"Organization","@id":"https:\/\/blogdiario.info\/magazine\/#organization","name":"Guzzo Photos & Graphic Publications","url":"https:\/\/blogdiario.info\/magazine\/","logo":{"@type":"ImageObject","inLanguage":"es-AR","@id":"https:\/\/blogdiario.info\/magazine\/#\/schema\/logo\/image\/","url":"https:\/\/blogdiario.info\/magazine\/images\/2020\/01\/cropped-blogdia_magazine.jpg","contentUrl":"https:\/\/blogdiario.info\/magazine\/images\/2020\/01\/cropped-blogdia_magazine.jpg","width":589,"height":55,"caption":"Guzzo Photos & Graphic Publications"},"image":{"@id":"https:\/\/blogdiario.info\/magazine\/#\/schema\/logo\/image\/"}},{"@type":"Person","@id":"https:\/\/blogdiario.info\/magazine\/#\/schema\/person\/b2422fe85574d945bad55513bb0c7354","name":"World Press Service | Servicio de Prensa Mundial"}]}},"views":365,"_links":{"self":[{"href":"https:\/\/blogdiario.info\/magazine\/wp-json\/wp\/v2\/posts\/2053","targetHints":{"allow":["GET"]}}],"collection":[{"href":"https:\/\/blogdiario.info\/magazine\/wp-json\/wp\/v2\/posts"}],"about":[{"href":"https:\/\/blogdiario.info\/magazine\/wp-json\/wp\/v2\/types\/post"}],"author":[{"embeddable":true,"href":"https:\/\/blogdiario.info\/magazine\/wp-json\/wp\/v2\/users\/1"}],"replies":[{"embeddable":true,"href":"https:\/\/blogdiario.info\/magazine\/wp-json\/wp\/v2\/comments?post=2053"}],"version-history":[{"count":0,"href":"https:\/\/blogdiario.info\/magazine\/wp-json\/wp\/v2\/posts\/2053\/revisions"}],"wp:featuredmedia":[{"embeddable":true,"href":"https:\/\/blogdiario.info\/magazine\/wp-json\/wp\/v2\/media\/2054"}],"wp:attachment":[{"href":"https:\/\/blogdiario.info\/magazine\/wp-json\/wp\/v2\/media?parent=2053"}],"wp:term":[{"taxonomy":"category","embeddable":true,"href":"https:\/\/blogdiario.info\/magazine\/wp-json\/wp\/v2\/categories?post=2053"},{"taxonomy":"post_tag","embeddable":true,"href":"https:\/\/blogdiario.info\/magazine\/wp-json\/wp\/v2\/tags?post=2053"}],"curies":[{"name":"wp","href":"https:\/\/api.w.org\/{rel}","templated":true}]}}