{"id":2043,"date":"2025-07-10T10:34:10","date_gmt":"2025-07-10T09:34:10","guid":{"rendered":"https:\/\/blogdiario.info\/magazine\/?p=2043"},"modified":"2025-08-21T13:29:39","modified_gmt":"2025-08-21T12:29:39","slug":"de-lair-frit","status":"publish","type":"post","link":"https:\/\/blogdiario.info\/magazine\/2025\/07\/10\/de-lair-frit\/","title":{"rendered":"\ud83c\uddeb\ud83c\uddf7 De l\u2019air frit ?"},"content":{"rendered":"<div class=\"wp-block-image\">\n<figure class=\"alignleft size-full is-resized\"><img loading=\"lazy\" decoding=\"async\" width=\"400\" height=\"600\" src=\"https:\/\/blogdiario.info\/magazine\/images\/2025\/07\/airefrito_400_Edit_PUB-1.png\" alt=\"\" class=\"wp-image-2044\" style=\"width:308px;height:auto\" srcset=\"https:\/\/blogdiario.info\/magazine\/images\/2025\/07\/airefrito_400_Edit_PUB-1.png 400w, https:\/\/blogdiario.info\/magazine\/images\/2025\/07\/airefrito_400_Edit_PUB-1-200x300.png 200w\" sizes=\"auto, (max-width: 400px) 100vw, 400px\" \/><\/figure><\/div>\n\n\n<p><strong>BlogDiario.info<\/strong><br>10\/07\/2025<br><br>Une croissance de 5,2 % en 2025 ? 4,3 % en 2026 ? Une inflation qui chute \u00e0 15 % ? Et les r\u00e9serves\u2026 sous assistance respiratoire gr\u00e2ce au FMI ?<br>Allons donc ! Si ce n\u2019est pas de l\u2019air frit, alors quoi ?<\/p>\n\n\n\n<p>Selon l\u2019OCDE, l\u2019Argentine passera des soins intensifs \u00e9conomiques \u00e0 une cure thermale fiscale, gr\u00e2ce \u00e0 une pr\u00e9vision qui, avec tout le respect, ressemble plus \u00e0 un v\u0153u pieux diplomatique qu\u2019\u00e0 une r\u00e9alit\u00e9 tangible. C\u2019est vrai : l\u2019\u00e9conomie s\u2019est contract\u00e9e de 6 % au premier semestre 2024. Une gifle qui r\u00e9sonne encore sur le march\u00e9 du travail, la consommation, l\u2019industrie, et l\u2019estomac du retrait\u00e9 moyen.<\/p>\n\n\n\n<p>Et soudain, tout s\u2019embellit ? Eh bien, cela d\u00e9pend du type de fumier utilis\u00e9.<\/p>\n\n\n\n<p>Les techniciens internationaux s\u2019enthousiasment de la baisse de l\u2019inflation. \u00c9videmment ! Si l\u2019on g\u00e8le la consommation, ass\u00e8che le cr\u00e9dit, augmente la pauvret\u00e9, et que les gens ne peuvent m\u00eame pas s\u2019acheter un oignon, <em>\u00e9videmment<\/em> que les prix ralentissent. Mais cela ne s\u2019appelle pas de la stabilit\u00e9 : c\u2019est une asphyxie organis\u00e9e.<\/p>\n\n\n\n<p>Les r\u00e9serves ont augment\u00e9\u2026 oui, mais gr\u00e2ce au FMI. Sur les 20 milliards du nouveau programme, 12 ont d\u00e9j\u00e0 \u00e9t\u00e9 vers\u00e9s. Avec \u00e7a, m\u00eame une tirelire cass\u00e9e semble pleine. Mais attention \u00e0 ne pas trop la secouer : elle sonne encore creux.<\/p>\n\n\n\n<p>L\u2019OCDE, comme d\u2019autres institutions, doit produire des rapports encourageants. Mais \u00e7a ne veut pas dire que l\u2019espoir devient r\u00e9alit\u00e9. Surtout si le mod\u00e8le \u00e9conomique repose plus sur la foi que sur les usines.<\/p>\n\n\n\n<p>Le peuple argentin sait d\u00e9j\u00e0 que les PowerPoint ne se mangent pas, et que les tableurs du FMI arrivent toujours trop tard par rapport au prix du kilo de tomates.<\/p>\n\n\n\n<p><strong>De l\u2019air frit ?<\/strong> Peut-\u00eatre. Mais servi avec du persil, des graphiques en couleur, et des promesses qui \u2013 si tout va bien, si personne ne touche \u00e0 rien, s\u2019il n\u2019y a ni s\u00e9cheresse, ni guerre, ni clash en direct \u00e0 la t\u00e9l\u00e9 \u2013 peuvent presque para\u00eetre cr\u00e9dibles.<\/p>\n\n\n\n<p>Mais ne nous trompons pas : sans un plan productif r\u00e9el, sans investissements solides, sans politique ext\u00e9rieure s\u00e9rieuse et sans un minimum de stabilit\u00e9 politique, ni l\u2019OCDE, ni le FMI, ni l\u2019astrologie chinoise ne nous sortiront du bourbier.<br><br><small>\u00a92025 Miss Penny Truth &#8211; All Rights Reserved \u2013 Copyright \u00a9 2025 ElCanillita.info \/ BlogDiario.info \/SalaStampa.eu, world press service \u2013 Guzzo Photos &amp; Graphic Publications \u2013 Registro Editori e Stampatori n. 1441 Turin, Italy<\/small><br><\/p>\n","protected":false},"excerpt":{"rendered":"<p>Selon l\u2019OCDE, l\u2019Argentine passera des soins intensifs \u00e9conomiques \u00e0 une cure thermale fiscale.<\/p>\n","protected":false},"author":1,"featured_media":2042,"comment_status":"closed","ping_status":"closed","sticky":false,"template":"","format":"standard","meta":{"footnotes":"","_links_to":"","_links_to_target":""},"categories":[65,51,26,29,31],"tags":[23],"class_list":["post-2043","post","type-post","status-publish","format-standard","has-post-thumbnail","hentry","category-actualite","category-america-del-sud","category-economia-sujets","category-politique","category-societe","tag-argentina","entry","rows"],"yoast_head":"<!-- This site is optimized with the Yoast SEO plugin v27.4 - https:\/\/yoast.com\/product\/yoast-seo-wordpress\/ -->\n<title>\ud83c\uddeb\ud83c\uddf7 De l\u2019air frit ? - BlogDiario Magazine<\/title>\n<meta name=\"robots\" content=\"index, follow, max-snippet:-1, max-image-preview:large, max-video-preview:-1\" \/>\n<link rel=\"canonical\" href=\"https:\/\/blogdiario.info\/magazine\/2025\/07\/10\/de-lair-frit\/\" \/>\n<meta property=\"og:locale\" content=\"es_ES\" \/>\n<meta property=\"og:type\" content=\"article\" \/>\n<meta property=\"og:title\" content=\"\ud83c\uddeb\ud83c\uddf7 De l\u2019air frit ? - BlogDiario Magazine\" \/>\n<meta property=\"og:description\" content=\"Selon l\u2019OCDE, l\u2019Argentine passera des soins intensifs \u00e9conomiques \u00e0 une cure thermale fiscale.\" \/>\n<meta property=\"og:url\" content=\"https:\/\/blogdiario.info\/magazine\/2025\/07\/10\/de-lair-frit\/\" \/>\n<meta property=\"og:site_name\" content=\"BlogDiario Magazine\" \/>\n<meta property=\"article:published_time\" content=\"2025-07-10T09:34:10+00:00\" \/>\n<meta property=\"article:modified_time\" content=\"2025-08-21T12:29:39+00:00\" \/>\n<meta property=\"og:image\" content=\"https:\/\/blogdiario.info\/magazine\/images\/2025\/07\/javier-HHEdit_PUB-1.png\" \/>\n\t<meta property=\"og:image:width\" content=\"400\" \/>\n\t<meta property=\"og:image:height\" content=\"267\" \/>\n\t<meta property=\"og:image:type\" content=\"image\/png\" \/>\n<meta name=\"author\" content=\"World Press Service | Servicio de Prensa Mundial\" \/>\n<meta name=\"twitter:card\" content=\"summary_large_image\" \/>\n<meta name=\"twitter:label1\" content=\"Escrito por\" \/>\n\t<meta name=\"twitter:data1\" content=\"World Press Service | Servicio de Prensa Mundial\" \/>\n\t<meta name=\"twitter:label2\" content=\"Tiempo de lectura\" \/>\n\t<meta name=\"twitter:data2\" content=\"3 minutos\" \/>\n<script type=\"application\/ld+json\" class=\"yoast-schema-graph\">{\"@context\":\"https:\\\/\\\/schema.org\",\"@graph\":[{\"@type\":\"Article\",\"@id\":\"https:\\\/\\\/blogdiario.info\\\/magazine\\\/2025\\\/07\\\/10\\\/de-lair-frit\\\/#article\",\"isPartOf\":{\"@id\":\"https:\\\/\\\/blogdiario.info\\\/magazine\\\/2025\\\/07\\\/10\\\/de-lair-frit\\\/\"},\"author\":{\"name\":\"World Press Service | Servicio de Prensa Mundial\",\"@id\":\"https:\\\/\\\/blogdiario.info\\\/magazine\\\/#\\\/schema\\\/person\\\/b2422fe85574d945bad55513bb0c7354\"},\"headline\":\"\ud83c\uddeb\ud83c\uddf7 De l\u2019air frit ?\",\"datePublished\":\"2025-07-10T09:34:10+00:00\",\"dateModified\":\"2025-08-21T12:29:39+00:00\",\"mainEntityOfPage\":{\"@id\":\"https:\\\/\\\/blogdiario.info\\\/magazine\\\/2025\\\/07\\\/10\\\/de-lair-frit\\\/\"},\"wordCount\":419,\"publisher\":{\"@id\":\"https:\\\/\\\/blogdiario.info\\\/magazine\\\/#organization\"},\"image\":{\"@id\":\"https:\\\/\\\/blogdiario.info\\\/magazine\\\/2025\\\/07\\\/10\\\/de-lair-frit\\\/#primaryimage\"},\"thumbnailUrl\":\"https:\\\/\\\/blogdiario.info\\\/magazine\\\/images\\\/2025\\\/07\\\/javier-HHEdit_PUB-1.png\",\"keywords\":[\"Argentina\"],\"articleSection\":[\"Actualit\u00e9\",\"America del Sud\",\"\u00c9conomie\",\"Politique\",\"Soci\u00e9t\u00e9\"],\"inLanguage\":\"es-AR\"},{\"@type\":\"WebPage\",\"@id\":\"https:\\\/\\\/blogdiario.info\\\/magazine\\\/2025\\\/07\\\/10\\\/de-lair-frit\\\/\",\"url\":\"https:\\\/\\\/blogdiario.info\\\/magazine\\\/2025\\\/07\\\/10\\\/de-lair-frit\\\/\",\"name\":\"\ud83c\uddeb\ud83c\uddf7 De l\u2019air frit ? - BlogDiario Magazine\",\"isPartOf\":{\"@id\":\"https:\\\/\\\/blogdiario.info\\\/magazine\\\/#website\"},\"primaryImageOfPage\":{\"@id\":\"https:\\\/\\\/blogdiario.info\\\/magazine\\\/2025\\\/07\\\/10\\\/de-lair-frit\\\/#primaryimage\"},\"image\":{\"@id\":\"https:\\\/\\\/blogdiario.info\\\/magazine\\\/2025\\\/07\\\/10\\\/de-lair-frit\\\/#primaryimage\"},\"thumbnailUrl\":\"https:\\\/\\\/blogdiario.info\\\/magazine\\\/images\\\/2025\\\/07\\\/javier-HHEdit_PUB-1.png\",\"datePublished\":\"2025-07-10T09:34:10+00:00\",\"dateModified\":\"2025-08-21T12:29:39+00:00\",\"breadcrumb\":{\"@id\":\"https:\\\/\\\/blogdiario.info\\\/magazine\\\/2025\\\/07\\\/10\\\/de-lair-frit\\\/#breadcrumb\"},\"inLanguage\":\"es-AR\",\"potentialAction\":[{\"@type\":\"ReadAction\",\"target\":[\"https:\\\/\\\/blogdiario.info\\\/magazine\\\/2025\\\/07\\\/10\\\/de-lair-frit\\\/\"]}]},{\"@type\":\"ImageObject\",\"inLanguage\":\"es-AR\",\"@id\":\"https:\\\/\\\/blogdiario.info\\\/magazine\\\/2025\\\/07\\\/10\\\/de-lair-frit\\\/#primaryimage\",\"url\":\"https:\\\/\\\/blogdiario.info\\\/magazine\\\/images\\\/2025\\\/07\\\/javier-HHEdit_PUB-1.png\",\"contentUrl\":\"https:\\\/\\\/blogdiario.info\\\/magazine\\\/images\\\/2025\\\/07\\\/javier-HHEdit_PUB-1.png\",\"width\":400,\"height\":267},{\"@type\":\"BreadcrumbList\",\"@id\":\"https:\\\/\\\/blogdiario.info\\\/magazine\\\/2025\\\/07\\\/10\\\/de-lair-frit\\\/#breadcrumb\",\"itemListElement\":[{\"@type\":\"ListItem\",\"position\":1,\"name\":\"Home\",\"item\":\"https:\\\/\\\/blogdiario.info\\\/magazine\\\/\"},{\"@type\":\"ListItem\",\"position\":2,\"name\":\"\ud83c\uddeb\ud83c\uddf7 De l\u2019air frit ?\"}]},{\"@type\":\"WebSite\",\"@id\":\"https:\\\/\\\/blogdiario.info\\\/magazine\\\/#website\",\"url\":\"https:\\\/\\\/blogdiario.info\\\/magazine\\\/\",\"name\":\"BlogDiario Magazine\",\"description\":\"Suplemento multiling\u00fce de ElCanillita.Info\",\"publisher\":{\"@id\":\"https:\\\/\\\/blogdiario.info\\\/magazine\\\/#organization\"},\"potentialAction\":[{\"@type\":\"SearchAction\",\"target\":{\"@type\":\"EntryPoint\",\"urlTemplate\":\"https:\\\/\\\/blogdiario.info\\\/magazine\\\/?s={search_term_string}\"},\"query-input\":{\"@type\":\"PropertyValueSpecification\",\"valueRequired\":true,\"valueName\":\"search_term_string\"}}],\"inLanguage\":\"es-AR\"},{\"@type\":\"Organization\",\"@id\":\"https:\\\/\\\/blogdiario.info\\\/magazine\\\/#organization\",\"name\":\"Guzzo Photos & Graphic Publications\",\"url\":\"https:\\\/\\\/blogdiario.info\\\/magazine\\\/\",\"logo\":{\"@type\":\"ImageObject\",\"inLanguage\":\"es-AR\",\"@id\":\"https:\\\/\\\/blogdiario.info\\\/magazine\\\/#\\\/schema\\\/logo\\\/image\\\/\",\"url\":\"https:\\\/\\\/blogdiario.info\\\/magazine\\\/images\\\/2020\\\/01\\\/cropped-blogdia_magazine.jpg\",\"contentUrl\":\"https:\\\/\\\/blogdiario.info\\\/magazine\\\/images\\\/2020\\\/01\\\/cropped-blogdia_magazine.jpg\",\"width\":589,\"height\":55,\"caption\":\"Guzzo Photos & Graphic Publications\"},\"image\":{\"@id\":\"https:\\\/\\\/blogdiario.info\\\/magazine\\\/#\\\/schema\\\/logo\\\/image\\\/\"}},{\"@type\":\"Person\",\"@id\":\"https:\\\/\\\/blogdiario.info\\\/magazine\\\/#\\\/schema\\\/person\\\/b2422fe85574d945bad55513bb0c7354\",\"name\":\"World Press Service | Servicio de Prensa Mundial\"}]}<\/script>\n<!-- \/ Yoast SEO plugin. -->","yoast_head_json":{"title":"\ud83c\uddeb\ud83c\uddf7 De l\u2019air frit ? - BlogDiario Magazine","robots":{"index":"index","follow":"follow","max-snippet":"max-snippet:-1","max-image-preview":"max-image-preview:large","max-video-preview":"max-video-preview:-1"},"canonical":"https:\/\/blogdiario.info\/magazine\/2025\/07\/10\/de-lair-frit\/","og_locale":"es_ES","og_type":"article","og_title":"\ud83c\uddeb\ud83c\uddf7 De l\u2019air frit ? - BlogDiario Magazine","og_description":"Selon l\u2019OCDE, l\u2019Argentine passera des soins intensifs \u00e9conomiques \u00e0 une cure thermale fiscale.","og_url":"https:\/\/blogdiario.info\/magazine\/2025\/07\/10\/de-lair-frit\/","og_site_name":"BlogDiario Magazine","article_published_time":"2025-07-10T09:34:10+00:00","article_modified_time":"2025-08-21T12:29:39+00:00","og_image":[{"width":400,"height":267,"url":"https:\/\/blogdiario.info\/magazine\/images\/2025\/07\/javier-HHEdit_PUB-1.png","type":"image\/png"}],"author":"World Press Service | Servicio de Prensa Mundial","twitter_card":"summary_large_image","twitter_misc":{"Escrito por":"World Press Service | Servicio de Prensa Mundial","Tiempo de lectura":"3 minutos"},"schema":{"@context":"https:\/\/schema.org","@graph":[{"@type":"Article","@id":"https:\/\/blogdiario.info\/magazine\/2025\/07\/10\/de-lair-frit\/#article","isPartOf":{"@id":"https:\/\/blogdiario.info\/magazine\/2025\/07\/10\/de-lair-frit\/"},"author":{"name":"World Press Service | Servicio de Prensa Mundial","@id":"https:\/\/blogdiario.info\/magazine\/#\/schema\/person\/b2422fe85574d945bad55513bb0c7354"},"headline":"\ud83c\uddeb\ud83c\uddf7 De l\u2019air frit ?","datePublished":"2025-07-10T09:34:10+00:00","dateModified":"2025-08-21T12:29:39+00:00","mainEntityOfPage":{"@id":"https:\/\/blogdiario.info\/magazine\/2025\/07\/10\/de-lair-frit\/"},"wordCount":419,"publisher":{"@id":"https:\/\/blogdiario.info\/magazine\/#organization"},"image":{"@id":"https:\/\/blogdiario.info\/magazine\/2025\/07\/10\/de-lair-frit\/#primaryimage"},"thumbnailUrl":"https:\/\/blogdiario.info\/magazine\/images\/2025\/07\/javier-HHEdit_PUB-1.png","keywords":["Argentina"],"articleSection":["Actualit\u00e9","America del Sud","\u00c9conomie","Politique","Soci\u00e9t\u00e9"],"inLanguage":"es-AR"},{"@type":"WebPage","@id":"https:\/\/blogdiario.info\/magazine\/2025\/07\/10\/de-lair-frit\/","url":"https:\/\/blogdiario.info\/magazine\/2025\/07\/10\/de-lair-frit\/","name":"\ud83c\uddeb\ud83c\uddf7 De l\u2019air frit ? - BlogDiario Magazine","isPartOf":{"@id":"https:\/\/blogdiario.info\/magazine\/#website"},"primaryImageOfPage":{"@id":"https:\/\/blogdiario.info\/magazine\/2025\/07\/10\/de-lair-frit\/#primaryimage"},"image":{"@id":"https:\/\/blogdiario.info\/magazine\/2025\/07\/10\/de-lair-frit\/#primaryimage"},"thumbnailUrl":"https:\/\/blogdiario.info\/magazine\/images\/2025\/07\/javier-HHEdit_PUB-1.png","datePublished":"2025-07-10T09:34:10+00:00","dateModified":"2025-08-21T12:29:39+00:00","breadcrumb":{"@id":"https:\/\/blogdiario.info\/magazine\/2025\/07\/10\/de-lair-frit\/#breadcrumb"},"inLanguage":"es-AR","potentialAction":[{"@type":"ReadAction","target":["https:\/\/blogdiario.info\/magazine\/2025\/07\/10\/de-lair-frit\/"]}]},{"@type":"ImageObject","inLanguage":"es-AR","@id":"https:\/\/blogdiario.info\/magazine\/2025\/07\/10\/de-lair-frit\/#primaryimage","url":"https:\/\/blogdiario.info\/magazine\/images\/2025\/07\/javier-HHEdit_PUB-1.png","contentUrl":"https:\/\/blogdiario.info\/magazine\/images\/2025\/07\/javier-HHEdit_PUB-1.png","width":400,"height":267},{"@type":"BreadcrumbList","@id":"https:\/\/blogdiario.info\/magazine\/2025\/07\/10\/de-lair-frit\/#breadcrumb","itemListElement":[{"@type":"ListItem","position":1,"name":"Home","item":"https:\/\/blogdiario.info\/magazine\/"},{"@type":"ListItem","position":2,"name":"\ud83c\uddeb\ud83c\uddf7 De l\u2019air frit ?"}]},{"@type":"WebSite","@id":"https:\/\/blogdiario.info\/magazine\/#website","url":"https:\/\/blogdiario.info\/magazine\/","name":"BlogDiario Magazine","description":"Suplemento multiling\u00fce de ElCanillita.Info","publisher":{"@id":"https:\/\/blogdiario.info\/magazine\/#organization"},"potentialAction":[{"@type":"SearchAction","target":{"@type":"EntryPoint","urlTemplate":"https:\/\/blogdiario.info\/magazine\/?s={search_term_string}"},"query-input":{"@type":"PropertyValueSpecification","valueRequired":true,"valueName":"search_term_string"}}],"inLanguage":"es-AR"},{"@type":"Organization","@id":"https:\/\/blogdiario.info\/magazine\/#organization","name":"Guzzo Photos & Graphic Publications","url":"https:\/\/blogdiario.info\/magazine\/","logo":{"@type":"ImageObject","inLanguage":"es-AR","@id":"https:\/\/blogdiario.info\/magazine\/#\/schema\/logo\/image\/","url":"https:\/\/blogdiario.info\/magazine\/images\/2020\/01\/cropped-blogdia_magazine.jpg","contentUrl":"https:\/\/blogdiario.info\/magazine\/images\/2020\/01\/cropped-blogdia_magazine.jpg","width":589,"height":55,"caption":"Guzzo Photos & Graphic Publications"},"image":{"@id":"https:\/\/blogdiario.info\/magazine\/#\/schema\/logo\/image\/"}},{"@type":"Person","@id":"https:\/\/blogdiario.info\/magazine\/#\/schema\/person\/b2422fe85574d945bad55513bb0c7354","name":"World Press Service | Servicio de Prensa Mundial"}]}},"views":420,"_links":{"self":[{"href":"https:\/\/blogdiario.info\/magazine\/wp-json\/wp\/v2\/posts\/2043","targetHints":{"allow":["GET"]}}],"collection":[{"href":"https:\/\/blogdiario.info\/magazine\/wp-json\/wp\/v2\/posts"}],"about":[{"href":"https:\/\/blogdiario.info\/magazine\/wp-json\/wp\/v2\/types\/post"}],"author":[{"embeddable":true,"href":"https:\/\/blogdiario.info\/magazine\/wp-json\/wp\/v2\/users\/1"}],"replies":[{"embeddable":true,"href":"https:\/\/blogdiario.info\/magazine\/wp-json\/wp\/v2\/comments?post=2043"}],"version-history":[{"count":0,"href":"https:\/\/blogdiario.info\/magazine\/wp-json\/wp\/v2\/posts\/2043\/revisions"}],"wp:featuredmedia":[{"embeddable":true,"href":"https:\/\/blogdiario.info\/magazine\/wp-json\/wp\/v2\/media\/2042"}],"wp:attachment":[{"href":"https:\/\/blogdiario.info\/magazine\/wp-json\/wp\/v2\/media?parent=2043"}],"wp:term":[{"taxonomy":"category","embeddable":true,"href":"https:\/\/blogdiario.info\/magazine\/wp-json\/wp\/v2\/categories?post=2043"},{"taxonomy":"post_tag","embeddable":true,"href":"https:\/\/blogdiario.info\/magazine\/wp-json\/wp\/v2\/tags?post=2043"}],"curies":[{"name":"wp","href":"https:\/\/api.w.org\/{rel}","templated":true}]}}