{"id":2035,"date":"2025-07-05T21:55:39","date_gmt":"2025-07-05T20:55:39","guid":{"rendered":"https:\/\/blogdiario.info\/magazine\/?p=2035"},"modified":"2025-07-05T21:56:40","modified_gmt":"2025-07-05T20:56:40","slug":"%f0%9f%87%ab%f0%9f%87%b7-la-venganza-del-papillon-francia-volvera-a-encerrar-a-sus-demonios-en-la-selva","status":"publish","type":"post","link":"https:\/\/blogdiario.info\/magazine\/2025\/07\/05\/%f0%9f%87%ab%f0%9f%87%b7-la-venganza-del-papillon-francia-volvera-a-encerrar-a-sus-demonios-en-la-selva\/","title":{"rendered":"\ud83c\uddeb\ud83c\uddf7  La venganza del Papillon: Francia volver\u00e1 a encerrar a sus demonios en la selva"},"content":{"rendered":"<div class=\"wp-block-image\">\n<figure class=\"alignleft size-full is-resized\"><img loading=\"lazy\" decoding=\"async\" width=\"400\" height=\"600\" src=\"https:\/\/blogdiario.info\/magazine\/images\/2025\/07\/papillon_400_600.Pub_.png\" alt=\"\" class=\"wp-image-2036\" style=\"width:307px;height:auto\" srcset=\"https:\/\/blogdiario.info\/magazine\/images\/2025\/07\/papillon_400_600.Pub_.png 400w, https:\/\/blogdiario.info\/magazine\/images\/2025\/07\/papillon_400_600.Pub_-200x300.png 200w\" sizes=\"auto, (max-width: 400px) 100vw, 400px\" \/><\/figure><\/div>\n\n\n<p><strong>BlogDiario.info<\/strong><br>Francia, 06\/07\/2025<br><br>Redacci\u00f3n internacional, con asistencia de Prison Press<br><br>\u201cLa civilizaci\u00f3n es una delgada capa de barniz. Basta con rascarla\u2026 y aparece la selva\u201d.<br>(an\u00f3nimo franc\u00e9s, siglo XIX)<\/p>\n\n\n\n<p>Francia ha decidido que el futuro de su lucha contra el narcotr\u00e1fico&#8230; es un salto hacia el pasado. En una decisi\u00f3n que mezcla historia carcelaria, geopol\u00edtica postcolonial y una pizca de marketing punitivista al estilo Hollywood, el ministro de Justicia G\u00e9rald Darmanin ha anunciado la construcci\u00f3n de una prisi\u00f3n \u201csuperm\u00e1xima\u201d en la Guayana Francesa, justo donde antes funcion\u00f3 la infame Isla del Diablo, escenario del Papillon original.<\/p>\n\n\n\n<p>Presupuesto: 400 millones de euros. Ubicaci\u00f3n: Saint Laurent du Maroni, en plena selva amaz\u00f3nica. Objetivo declarado: encerrar a capos de la droga y yihadistas en condiciones extremas de aislamiento. Objetivo oculto: advertir que la mexicanizaci\u00f3n del crimen no ser\u00e1 tolerada en la Rep\u00fablica.<\/p>\n\n\n\n<p>La vieja colonia penal, cerrada en 1953, albergaba delincuentes comunes y opositores pol\u00edticos en condiciones que hoy rozar\u00edan lo inhumano incluso para los est\u00e1ndares carcelarios m\u00e1s duros. Sin embargo, su simbolog\u00eda sobrevive: aislamiento, distancia, silencio&#8230; y desaparici\u00f3n del mapa.<\/p>\n\n\n\n<p><strong>\u00bfNueva estrategia o teatro penal?<\/strong><\/p>\n\n\n\n<p>Francia no est\u00e1 sola en este viraje al encierro selv\u00e1tico. El modelo proviene directamente de las supermax estadounidenses, donde el confinamiento 23 horas al d\u00eda, sin contacto humano y con vigilancia digital total, promete seguridad&#8230; al costo de la cordura.<\/p>\n\n\n\n<p>Pero el anuncio tambi\u00e9n evidencia una peligrosa renuncia al principio rehabilitador de la justicia. Convertir la selva en c\u00e1rcel no desmantela redes criminales: apenas las muda de coordenadas. Y si bien Darmanin lo presenta como una soluci\u00f3n a la fuga de narcos y al control de celulares en prisi\u00f3n, el verdadero riesgo es instalar la idea de que cuanto m\u00e1s lejos, mejor. Como si la marginalidad pudiera borrarse por geolocalizaci\u00f3n.<\/p>\n\n\n\n<p><strong>El fantasma latinoamericano<\/strong><\/p>\n\n\n\n<p>La palabra clave del discurso de Darmanin no fue \u201cseguridad\u201d, sino \u201cmexicanizaci\u00f3n\u201d. Un t\u00e9rmino que estigmatiza el conflicto narco como si fuera un virus tropical, ajeno a las estructuras sociales francesas. Pero el crimen organizado no llega por contagio; florece donde hay connivencia, desigualdad y corrupci\u00f3n institucional.<\/p>\n\n\n\n<p>En efecto, los recientes secuestros a empresarios cripto, las guerras entre bandas con Kalashnikov en Marsella, y la fuga del presunto capo Mohamed Amra, han puesto en evidencia que el problema no est\u00e1 en la selva, sino en el hex\u00e1gono.<\/p>\n\n\n\n<p>Reubicar el castigo fuera de la metr\u00f3poli no es nuevo. Lo que s\u00ed sorprende es el retorno tan literal a un imaginario colonial, donde la justicia se administra lejos del ciudadano, en islas simb\u00f3licas que purgan lo que la Rep\u00fablica no quiere ver.<\/p>\n\n\n\n<p>\ud83d\udccc Moraleja editorial:<br>Cuando una democracia \u201cmoderna\u201d decide combatir la violencia imitando c\u00e1rceles norteamericanas en territorios sudamericanos, y lo hace evocando el infierno de Papillon\u2026 quiz\u00e1s no estamos ante una pol\u00edtica de seguridad, sino ante una puesta en escena. Y los actores secundarios, otra vez, son los de siempre: pobres, extranjeros, rebeldes, o simplemente molestos.<br><br><small>\u00a9 2025 BlogDiario.info \/ Prison Press &#8211; All Rights Reserved &#8211; SalaStampa.eu, world press service<\/small> &#8211; <small> Guzzo Photos &amp; Graphic Publications \u2013 Registro Editori e Stampatori n. 1441 Turin, Italy<\/small><\/p>\n","protected":false},"excerpt":{"rendered":"<p>\u201cLa civilizaci\u00f3n es una delgada capa de barniz. Basta con rascarla\u2026 y aparece la selva\u201d.<br \/>\n(an\u00f3nimo franc\u00e9s, siglo XIX)<\/p>\n","protected":false},"author":1,"featured_media":2037,"comment_status":"closed","ping_status":"closed","sticky":false,"template":"","format":"standard","meta":{"footnotes":"","_links_to":"","_links_to_target":""},"categories":[97,109,62,46,40,134,60],"tags":[],"class_list":["post-2035","post","type-post","status-publish","format-standard","has-post-thumbnail","hentry","category-elcanillita","category-dc24","category-actualidad","category-europa","category-justicia","category-politicas-globales","category-prison-press","entry","rows"],"yoast_head":"<!-- This site is optimized with the Yoast SEO plugin v27.4 - https:\/\/yoast.com\/product\/yoast-seo-wordpress\/ -->\n<title>\ud83c\uddeb\ud83c\uddf7 La venganza del Papillon: Francia volver\u00e1 a encerrar a sus demonios en la selva - BlogDiario Magazine<\/title>\n<meta name=\"robots\" content=\"index, follow, max-snippet:-1, max-image-preview:large, max-video-preview:-1\" \/>\n<link rel=\"canonical\" href=\"https:\/\/blogdiario.info\/magazine\/2025\/07\/05\/\ud83c\uddeb\ud83c\uddf7-la-venganza-del-papillon-francia-volvera-a-encerrar-a-sus-demonios-en-la-selva\/\" \/>\n<meta property=\"og:locale\" content=\"es_ES\" \/>\n<meta property=\"og:type\" content=\"article\" \/>\n<meta property=\"og:title\" content=\"\ud83c\uddeb\ud83c\uddf7 La venganza del Papillon: Francia volver\u00e1 a encerrar a sus demonios en la selva - BlogDiario Magazine\" \/>\n<meta property=\"og:description\" content=\"\u201cLa civilizaci\u00f3n es una delgada capa de barniz. Basta con rascarla\u2026 y aparece la selva\u201d. (an\u00f3nimo franc\u00e9s, siglo XIX)\" \/>\n<meta property=\"og:url\" content=\"https:\/\/blogdiario.info\/magazine\/2025\/07\/05\/\ud83c\uddeb\ud83c\uddf7-la-venganza-del-papillon-francia-volvera-a-encerrar-a-sus-demonios-en-la-selva\/\" \/>\n<meta property=\"og:site_name\" content=\"BlogDiario Magazine\" \/>\n<meta property=\"article:published_time\" content=\"2025-07-05T20:55:39+00:00\" \/>\n<meta property=\"article:modified_time\" content=\"2025-07-05T20:56:40+00:00\" \/>\n<meta property=\"og:image\" content=\"https:\/\/blogdiario.info\/magazine\/images\/2025\/07\/papi_550_HH.Cv_.png\" \/>\n\t<meta property=\"og:image:width\" content=\"550\" \/>\n\t<meta property=\"og:image:height\" content=\"367\" \/>\n\t<meta property=\"og:image:type\" content=\"image\/png\" \/>\n<meta name=\"author\" content=\"World Press Service | Servicio de Prensa Mundial\" \/>\n<meta name=\"twitter:card\" content=\"summary_large_image\" \/>\n<meta name=\"twitter:label1\" content=\"Escrito por\" \/>\n\t<meta name=\"twitter:data1\" content=\"World Press Service | Servicio de Prensa Mundial\" \/>\n\t<meta name=\"twitter:label2\" content=\"Tiempo de lectura\" \/>\n\t<meta name=\"twitter:data2\" content=\"3 minutos\" \/>\n<script type=\"application\/ld+json\" class=\"yoast-schema-graph\">{\"@context\":\"https:\\\/\\\/schema.org\",\"@graph\":[{\"@type\":\"Article\",\"@id\":\"https:\\\/\\\/blogdiario.info\\\/magazine\\\/2025\\\/07\\\/05\\\/%f0%9f%87%ab%f0%9f%87%b7-la-venganza-del-papillon-francia-volvera-a-encerrar-a-sus-demonios-en-la-selva\\\/#article\",\"isPartOf\":{\"@id\":\"https:\\\/\\\/blogdiario.info\\\/magazine\\\/2025\\\/07\\\/05\\\/%f0%9f%87%ab%f0%9f%87%b7-la-venganza-del-papillon-francia-volvera-a-encerrar-a-sus-demonios-en-la-selva\\\/\"},\"author\":{\"name\":\"World Press Service | Servicio de Prensa Mundial\",\"@id\":\"https:\\\/\\\/blogdiario.info\\\/magazine\\\/#\\\/schema\\\/person\\\/b2422fe85574d945bad55513bb0c7354\"},\"headline\":\"\ud83c\uddeb\ud83c\uddf7 La venganza del Papillon: Francia volver\u00e1 a encerrar a sus demonios en la selva\",\"datePublished\":\"2025-07-05T20:55:39+00:00\",\"dateModified\":\"2025-07-05T20:56:40+00:00\",\"mainEntityOfPage\":{\"@id\":\"https:\\\/\\\/blogdiario.info\\\/magazine\\\/2025\\\/07\\\/05\\\/%f0%9f%87%ab%f0%9f%87%b7-la-venganza-del-papillon-francia-volvera-a-encerrar-a-sus-demonios-en-la-selva\\\/\"},\"wordCount\":557,\"publisher\":{\"@id\":\"https:\\\/\\\/blogdiario.info\\\/magazine\\\/#organization\"},\"image\":{\"@id\":\"https:\\\/\\\/blogdiario.info\\\/magazine\\\/2025\\\/07\\\/05\\\/%f0%9f%87%ab%f0%9f%87%b7-la-venganza-del-papillon-francia-volvera-a-encerrar-a-sus-demonios-en-la-selva\\\/#primaryimage\"},\"thumbnailUrl\":\"https:\\\/\\\/blogdiario.info\\\/magazine\\\/images\\\/2025\\\/07\\\/papi_550_HH.Cv_.png\",\"articleSection\":[\".\",\".\",\"Actualidad\",\"Europa\",\"Justicia\",\"Pol\u00edticas globales\",\"Prison Press\"],\"inLanguage\":\"es-AR\"},{\"@type\":\"WebPage\",\"@id\":\"https:\\\/\\\/blogdiario.info\\\/magazine\\\/2025\\\/07\\\/05\\\/%f0%9f%87%ab%f0%9f%87%b7-la-venganza-del-papillon-francia-volvera-a-encerrar-a-sus-demonios-en-la-selva\\\/\",\"url\":\"https:\\\/\\\/blogdiario.info\\\/magazine\\\/2025\\\/07\\\/05\\\/%f0%9f%87%ab%f0%9f%87%b7-la-venganza-del-papillon-francia-volvera-a-encerrar-a-sus-demonios-en-la-selva\\\/\",\"name\":\"\ud83c\uddeb\ud83c\uddf7 La venganza del Papillon: Francia volver\u00e1 a encerrar a sus demonios en la selva - BlogDiario Magazine\",\"isPartOf\":{\"@id\":\"https:\\\/\\\/blogdiario.info\\\/magazine\\\/#website\"},\"primaryImageOfPage\":{\"@id\":\"https:\\\/\\\/blogdiario.info\\\/magazine\\\/2025\\\/07\\\/05\\\/%f0%9f%87%ab%f0%9f%87%b7-la-venganza-del-papillon-francia-volvera-a-encerrar-a-sus-demonios-en-la-selva\\\/#primaryimage\"},\"image\":{\"@id\":\"https:\\\/\\\/blogdiario.info\\\/magazine\\\/2025\\\/07\\\/05\\\/%f0%9f%87%ab%f0%9f%87%b7-la-venganza-del-papillon-francia-volvera-a-encerrar-a-sus-demonios-en-la-selva\\\/#primaryimage\"},\"thumbnailUrl\":\"https:\\\/\\\/blogdiario.info\\\/magazine\\\/images\\\/2025\\\/07\\\/papi_550_HH.Cv_.png\",\"datePublished\":\"2025-07-05T20:55:39+00:00\",\"dateModified\":\"2025-07-05T20:56:40+00:00\",\"breadcrumb\":{\"@id\":\"https:\\\/\\\/blogdiario.info\\\/magazine\\\/2025\\\/07\\\/05\\\/%f0%9f%87%ab%f0%9f%87%b7-la-venganza-del-papillon-francia-volvera-a-encerrar-a-sus-demonios-en-la-selva\\\/#breadcrumb\"},\"inLanguage\":\"es-AR\",\"potentialAction\":[{\"@type\":\"ReadAction\",\"target\":[\"https:\\\/\\\/blogdiario.info\\\/magazine\\\/2025\\\/07\\\/05\\\/%f0%9f%87%ab%f0%9f%87%b7-la-venganza-del-papillon-francia-volvera-a-encerrar-a-sus-demonios-en-la-selva\\\/\"]}]},{\"@type\":\"ImageObject\",\"inLanguage\":\"es-AR\",\"@id\":\"https:\\\/\\\/blogdiario.info\\\/magazine\\\/2025\\\/07\\\/05\\\/%f0%9f%87%ab%f0%9f%87%b7-la-venganza-del-papillon-francia-volvera-a-encerrar-a-sus-demonios-en-la-selva\\\/#primaryimage\",\"url\":\"https:\\\/\\\/blogdiario.info\\\/magazine\\\/images\\\/2025\\\/07\\\/papi_550_HH.Cv_.png\",\"contentUrl\":\"https:\\\/\\\/blogdiario.info\\\/magazine\\\/images\\\/2025\\\/07\\\/papi_550_HH.Cv_.png\",\"width\":550,\"height\":367},{\"@type\":\"BreadcrumbList\",\"@id\":\"https:\\\/\\\/blogdiario.info\\\/magazine\\\/2025\\\/07\\\/05\\\/%f0%9f%87%ab%f0%9f%87%b7-la-venganza-del-papillon-francia-volvera-a-encerrar-a-sus-demonios-en-la-selva\\\/#breadcrumb\",\"itemListElement\":[{\"@type\":\"ListItem\",\"position\":1,\"name\":\"Home\",\"item\":\"https:\\\/\\\/blogdiario.info\\\/magazine\\\/\"},{\"@type\":\"ListItem\",\"position\":2,\"name\":\"\ud83c\uddeb\ud83c\uddf7 La venganza del Papillon: Francia volver\u00e1 a encerrar a sus demonios en la selva\"}]},{\"@type\":\"WebSite\",\"@id\":\"https:\\\/\\\/blogdiario.info\\\/magazine\\\/#website\",\"url\":\"https:\\\/\\\/blogdiario.info\\\/magazine\\\/\",\"name\":\"BlogDiario Magazine\",\"description\":\"Suplemento multiling\u00fce de ElCanillita.Info\",\"publisher\":{\"@id\":\"https:\\\/\\\/blogdiario.info\\\/magazine\\\/#organization\"},\"potentialAction\":[{\"@type\":\"SearchAction\",\"target\":{\"@type\":\"EntryPoint\",\"urlTemplate\":\"https:\\\/\\\/blogdiario.info\\\/magazine\\\/?s={search_term_string}\"},\"query-input\":{\"@type\":\"PropertyValueSpecification\",\"valueRequired\":true,\"valueName\":\"search_term_string\"}}],\"inLanguage\":\"es-AR\"},{\"@type\":\"Organization\",\"@id\":\"https:\\\/\\\/blogdiario.info\\\/magazine\\\/#organization\",\"name\":\"Guzzo Photos & Graphic Publications\",\"url\":\"https:\\\/\\\/blogdiario.info\\\/magazine\\\/\",\"logo\":{\"@type\":\"ImageObject\",\"inLanguage\":\"es-AR\",\"@id\":\"https:\\\/\\\/blogdiario.info\\\/magazine\\\/#\\\/schema\\\/logo\\\/image\\\/\",\"url\":\"https:\\\/\\\/blogdiario.info\\\/magazine\\\/images\\\/2020\\\/01\\\/cropped-blogdia_magazine.jpg\",\"contentUrl\":\"https:\\\/\\\/blogdiario.info\\\/magazine\\\/images\\\/2020\\\/01\\\/cropped-blogdia_magazine.jpg\",\"width\":589,\"height\":55,\"caption\":\"Guzzo Photos & Graphic Publications\"},\"image\":{\"@id\":\"https:\\\/\\\/blogdiario.info\\\/magazine\\\/#\\\/schema\\\/logo\\\/image\\\/\"}},{\"@type\":\"Person\",\"@id\":\"https:\\\/\\\/blogdiario.info\\\/magazine\\\/#\\\/schema\\\/person\\\/b2422fe85574d945bad55513bb0c7354\",\"name\":\"World Press Service | Servicio de Prensa Mundial\"}]}<\/script>\n<!-- \/ Yoast SEO plugin. -->","yoast_head_json":{"title":"\ud83c\uddeb\ud83c\uddf7 La venganza del Papillon: Francia volver\u00e1 a encerrar a sus demonios en la selva - BlogDiario Magazine","robots":{"index":"index","follow":"follow","max-snippet":"max-snippet:-1","max-image-preview":"max-image-preview:large","max-video-preview":"max-video-preview:-1"},"canonical":"https:\/\/blogdiario.info\/magazine\/2025\/07\/05\/\ud83c\uddeb\ud83c\uddf7-la-venganza-del-papillon-francia-volvera-a-encerrar-a-sus-demonios-en-la-selva\/","og_locale":"es_ES","og_type":"article","og_title":"\ud83c\uddeb\ud83c\uddf7 La venganza del Papillon: Francia volver\u00e1 a encerrar a sus demonios en la selva - BlogDiario Magazine","og_description":"\u201cLa civilizaci\u00f3n es una delgada capa de barniz. Basta con rascarla\u2026 y aparece la selva\u201d. (an\u00f3nimo franc\u00e9s, siglo XIX)","og_url":"https:\/\/blogdiario.info\/magazine\/2025\/07\/05\/\ud83c\uddeb\ud83c\uddf7-la-venganza-del-papillon-francia-volvera-a-encerrar-a-sus-demonios-en-la-selva\/","og_site_name":"BlogDiario Magazine","article_published_time":"2025-07-05T20:55:39+00:00","article_modified_time":"2025-07-05T20:56:40+00:00","og_image":[{"width":550,"height":367,"url":"https:\/\/blogdiario.info\/magazine\/images\/2025\/07\/papi_550_HH.Cv_.png","type":"image\/png"}],"author":"World Press Service | Servicio de Prensa Mundial","twitter_card":"summary_large_image","twitter_misc":{"Escrito por":"World Press Service | Servicio de Prensa Mundial","Tiempo de lectura":"3 minutos"},"schema":{"@context":"https:\/\/schema.org","@graph":[{"@type":"Article","@id":"https:\/\/blogdiario.info\/magazine\/2025\/07\/05\/%f0%9f%87%ab%f0%9f%87%b7-la-venganza-del-papillon-francia-volvera-a-encerrar-a-sus-demonios-en-la-selva\/#article","isPartOf":{"@id":"https:\/\/blogdiario.info\/magazine\/2025\/07\/05\/%f0%9f%87%ab%f0%9f%87%b7-la-venganza-del-papillon-francia-volvera-a-encerrar-a-sus-demonios-en-la-selva\/"},"author":{"name":"World Press Service | Servicio de Prensa Mundial","@id":"https:\/\/blogdiario.info\/magazine\/#\/schema\/person\/b2422fe85574d945bad55513bb0c7354"},"headline":"\ud83c\uddeb\ud83c\uddf7 La venganza del Papillon: Francia volver\u00e1 a encerrar a sus demonios en la selva","datePublished":"2025-07-05T20:55:39+00:00","dateModified":"2025-07-05T20:56:40+00:00","mainEntityOfPage":{"@id":"https:\/\/blogdiario.info\/magazine\/2025\/07\/05\/%f0%9f%87%ab%f0%9f%87%b7-la-venganza-del-papillon-francia-volvera-a-encerrar-a-sus-demonios-en-la-selva\/"},"wordCount":557,"publisher":{"@id":"https:\/\/blogdiario.info\/magazine\/#organization"},"image":{"@id":"https:\/\/blogdiario.info\/magazine\/2025\/07\/05\/%f0%9f%87%ab%f0%9f%87%b7-la-venganza-del-papillon-francia-volvera-a-encerrar-a-sus-demonios-en-la-selva\/#primaryimage"},"thumbnailUrl":"https:\/\/blogdiario.info\/magazine\/images\/2025\/07\/papi_550_HH.Cv_.png","articleSection":[".",".","Actualidad","Europa","Justicia","Pol\u00edticas globales","Prison Press"],"inLanguage":"es-AR"},{"@type":"WebPage","@id":"https:\/\/blogdiario.info\/magazine\/2025\/07\/05\/%f0%9f%87%ab%f0%9f%87%b7-la-venganza-del-papillon-francia-volvera-a-encerrar-a-sus-demonios-en-la-selva\/","url":"https:\/\/blogdiario.info\/magazine\/2025\/07\/05\/%f0%9f%87%ab%f0%9f%87%b7-la-venganza-del-papillon-francia-volvera-a-encerrar-a-sus-demonios-en-la-selva\/","name":"\ud83c\uddeb\ud83c\uddf7 La venganza del Papillon: Francia volver\u00e1 a encerrar a sus demonios en la selva - BlogDiario Magazine","isPartOf":{"@id":"https:\/\/blogdiario.info\/magazine\/#website"},"primaryImageOfPage":{"@id":"https:\/\/blogdiario.info\/magazine\/2025\/07\/05\/%f0%9f%87%ab%f0%9f%87%b7-la-venganza-del-papillon-francia-volvera-a-encerrar-a-sus-demonios-en-la-selva\/#primaryimage"},"image":{"@id":"https:\/\/blogdiario.info\/magazine\/2025\/07\/05\/%f0%9f%87%ab%f0%9f%87%b7-la-venganza-del-papillon-francia-volvera-a-encerrar-a-sus-demonios-en-la-selva\/#primaryimage"},"thumbnailUrl":"https:\/\/blogdiario.info\/magazine\/images\/2025\/07\/papi_550_HH.Cv_.png","datePublished":"2025-07-05T20:55:39+00:00","dateModified":"2025-07-05T20:56:40+00:00","breadcrumb":{"@id":"https:\/\/blogdiario.info\/magazine\/2025\/07\/05\/%f0%9f%87%ab%f0%9f%87%b7-la-venganza-del-papillon-francia-volvera-a-encerrar-a-sus-demonios-en-la-selva\/#breadcrumb"},"inLanguage":"es-AR","potentialAction":[{"@type":"ReadAction","target":["https:\/\/blogdiario.info\/magazine\/2025\/07\/05\/%f0%9f%87%ab%f0%9f%87%b7-la-venganza-del-papillon-francia-volvera-a-encerrar-a-sus-demonios-en-la-selva\/"]}]},{"@type":"ImageObject","inLanguage":"es-AR","@id":"https:\/\/blogdiario.info\/magazine\/2025\/07\/05\/%f0%9f%87%ab%f0%9f%87%b7-la-venganza-del-papillon-francia-volvera-a-encerrar-a-sus-demonios-en-la-selva\/#primaryimage","url":"https:\/\/blogdiario.info\/magazine\/images\/2025\/07\/papi_550_HH.Cv_.png","contentUrl":"https:\/\/blogdiario.info\/magazine\/images\/2025\/07\/papi_550_HH.Cv_.png","width":550,"height":367},{"@type":"BreadcrumbList","@id":"https:\/\/blogdiario.info\/magazine\/2025\/07\/05\/%f0%9f%87%ab%f0%9f%87%b7-la-venganza-del-papillon-francia-volvera-a-encerrar-a-sus-demonios-en-la-selva\/#breadcrumb","itemListElement":[{"@type":"ListItem","position":1,"name":"Home","item":"https:\/\/blogdiario.info\/magazine\/"},{"@type":"ListItem","position":2,"name":"\ud83c\uddeb\ud83c\uddf7 La venganza del Papillon: Francia volver\u00e1 a encerrar a sus demonios en la selva"}]},{"@type":"WebSite","@id":"https:\/\/blogdiario.info\/magazine\/#website","url":"https:\/\/blogdiario.info\/magazine\/","name":"BlogDiario Magazine","description":"Suplemento multiling\u00fce de ElCanillita.Info","publisher":{"@id":"https:\/\/blogdiario.info\/magazine\/#organization"},"potentialAction":[{"@type":"SearchAction","target":{"@type":"EntryPoint","urlTemplate":"https:\/\/blogdiario.info\/magazine\/?s={search_term_string}"},"query-input":{"@type":"PropertyValueSpecification","valueRequired":true,"valueName":"search_term_string"}}],"inLanguage":"es-AR"},{"@type":"Organization","@id":"https:\/\/blogdiario.info\/magazine\/#organization","name":"Guzzo Photos & Graphic Publications","url":"https:\/\/blogdiario.info\/magazine\/","logo":{"@type":"ImageObject","inLanguage":"es-AR","@id":"https:\/\/blogdiario.info\/magazine\/#\/schema\/logo\/image\/","url":"https:\/\/blogdiario.info\/magazine\/images\/2020\/01\/cropped-blogdia_magazine.jpg","contentUrl":"https:\/\/blogdiario.info\/magazine\/images\/2020\/01\/cropped-blogdia_magazine.jpg","width":589,"height":55,"caption":"Guzzo Photos & Graphic Publications"},"image":{"@id":"https:\/\/blogdiario.info\/magazine\/#\/schema\/logo\/image\/"}},{"@type":"Person","@id":"https:\/\/blogdiario.info\/magazine\/#\/schema\/person\/b2422fe85574d945bad55513bb0c7354","name":"World Press Service | Servicio de Prensa Mundial"}]}},"views":1312,"_links":{"self":[{"href":"https:\/\/blogdiario.info\/magazine\/wp-json\/wp\/v2\/posts\/2035","targetHints":{"allow":["GET"]}}],"collection":[{"href":"https:\/\/blogdiario.info\/magazine\/wp-json\/wp\/v2\/posts"}],"about":[{"href":"https:\/\/blogdiario.info\/magazine\/wp-json\/wp\/v2\/types\/post"}],"author":[{"embeddable":true,"href":"https:\/\/blogdiario.info\/magazine\/wp-json\/wp\/v2\/users\/1"}],"replies":[{"embeddable":true,"href":"https:\/\/blogdiario.info\/magazine\/wp-json\/wp\/v2\/comments?post=2035"}],"version-history":[{"count":0,"href":"https:\/\/blogdiario.info\/magazine\/wp-json\/wp\/v2\/posts\/2035\/revisions"}],"wp:featuredmedia":[{"embeddable":true,"href":"https:\/\/blogdiario.info\/magazine\/wp-json\/wp\/v2\/media\/2037"}],"wp:attachment":[{"href":"https:\/\/blogdiario.info\/magazine\/wp-json\/wp\/v2\/media?parent=2035"}],"wp:term":[{"taxonomy":"category","embeddable":true,"href":"https:\/\/blogdiario.info\/magazine\/wp-json\/wp\/v2\/categories?post=2035"},{"taxonomy":"post_tag","embeddable":true,"href":"https:\/\/blogdiario.info\/magazine\/wp-json\/wp\/v2\/tags?post=2035"}],"curies":[{"name":"wp","href":"https:\/\/api.w.org\/{rel}","templated":true}]}}